{"id":7079,"date":"2025-02-03T08:16:52","date_gmt":"2025-02-03T08:16:52","guid":{"rendered":"https:\/\/www.amanien.info\/news\/?p=7079"},"modified":"2025-02-03T08:16:52","modified_gmt":"2025-02-03T08:16:52","slug":"election-presidentielle-apaisee-dialogue-constructif-la-premiere-edition-des-rencontres-citoyennes-dabidjan-lancee","status":"publish","type":"post","link":"https:\/\/www.amanien.info\/news\/election-presidentielle-apaisee-dialogue-constructif-la-premiere-edition-des-rencontres-citoyennes-dabidjan-lancee\/","title":{"rendered":"\u00c9lection pr\u00e9sidentielle apais\u00e9e, dialogue constructif : La premi\u00e8re \u00e9dition\u00a0 des Rencontres Citoyennes d&rsquo;Abidjan lanc\u00e9e\u00a0"},"content":{"rendered":"<div><span style=\"text-transform: initial;\">La premi\u00e8re \u00e9dition du colloque d\u00e9nomm\u00e9 \u00ab\u00a0Les Rencontres Citoyennes d&rsquo;Abidjan se d\u00e9roulera les 21 et 22 f\u00e9vrier prochain \u00e0 AZALA\u00cf\u00a0 H\u00f4tel de Marcory (Abidjan), autour du th\u00e8me central : &lt;&lt;C\u00f4te d&rsquo;Ivoire : quelle communication pour\u00a0 une \u00e9lection pr\u00e9sidentielle apais\u00e9e en 2025? &gt;&gt; .\u00a0<\/span><\/div>\n<div><\/div>\n<div>L&rsquo;information a \u00e9t\u00e9 livr\u00e9e\u00a0 le vendredi 31 janvier 2025 \u00e0 Abidjan-Cocody, au cours d&rsquo;une conf\u00e9rence de presse anim\u00e9e par le Directeur G\u00e9n\u00e9ral de Mayak Dream, Yacouba Barrow.<\/div>\n<div><\/div>\n<div><\/div>\n<div>Initi\u00e9es par Yacouba Barrow, ces rencontres citoyennes visent \u00e0 analyser l&rsquo;impact de la communication en p\u00e9riode \u00e9lectorale. Elles sont \u00e9galement un espace d&rsquo;\u00e9changes pour une communication responsable.<\/div>\n<div><\/div>\n<div>L&rsquo;objectif de cet important colloque est est de fournir aux hommes de m\u00e9dias, influenceurs, experts en droit num\u00e9rique et sp\u00e9cialistes du fact-checking, les outils n\u00e9cessaires pour pr\u00e9venir les d\u00e9rives susceptibles d&rsquo;attiser les tensions lors de la pr\u00e9sidentielle d&rsquo;octobre prochain.\u00a0 &lt;&lt;Beaucoup d&rsquo;utilisateurs des r\u00e9seaux sociaux, par ignorance, enfreignent la loi, cherchant avant tout, \u00e0 g\u00e9n\u00e9rer des vues. Ils n\u00e9gligent souvent les implications juridiques de leurs publications. Il est donc essentiel de sensibiliser et renforcer la formation sur la d\u00e9ontologie journalistique \u00ab\u00a0, a fait savoir l&rsquo;initiateur du colloque, Yacouba Barrow.<\/div>\n<div><\/div>\n<div>Avant d&rsquo;insister sur l&rsquo;importance de la communication \u00e9thique et orient\u00e9e vers la paix : \u00ab\u00a0En tant qu&rsquo;acteur de m\u00e9dias, nous avons une responsabilit\u00e9 majeure dans la pr\u00e9servation de la paix sociale et le renforcement de la d\u00e9mocratie\u00a0\u00bb, a-t-il soulign\u00e9.<\/div>\n<div><\/div>\n<div>\u00a0A l&rsquo;en croire, la communication doit \u00eatre un \u00ab\u00a0levier pour favoriser la coh\u00e9sion sociale et b\u00e2tir un avenir serein\u00a0\u00bb, a-t-il indiqu\u00e9.<\/div>\n<div><\/div>\n<div>Yacouba Barrow a, par ailleurs, invit\u00e9 l&rsquo;ensemble des journalistes \u00e0 prendre part \u00e0 ces rencontres qui permettront d&rsquo;\u00e9tablir les bases d&rsquo;une communication \u00e9lectorale responsable et essentielle pour garantir des \u00e9lections transparentes et cr\u00e9dibles en 2025.<\/div>\n<div><\/div>\n<div><\/div>\n<div>Plusieurs sous-th\u00e8mes seront abord\u00e9s au cours dudit colloque. A savoir, le fact-checking, la r\u00e9gulation des contenus num\u00e9riques, la ma\u00eetrise du cadres juridique de l&rsquo;information ainsi que le r\u00f4le des m\u00e9dias traditionnels dans la consolidation de la paix.<\/div>\n<div><\/div>\n<div>Des panels, des d\u00e9bats, des tables rondes et ateliers favorisant l&rsquo;\u00e9change et la transmission de connaissances, meubleront ces deux jours.<\/div>\n<div><\/div>\n<div><\/div>\n<div>Notons que l&rsquo;exp\u00e9rience du S\u00e9n\u00e9gal en mati\u00e8re de gestion des \u00e9lections sera partag\u00e9e \u00e0 cette occasion.<\/div>\n<div><\/div>\n<div><\/div>\n<div><b>S.A.<\/b><\/div>\n","protected":false},"excerpt":{"rendered":"<p>La premi\u00e8re \u00e9dition du colloque d\u00e9nomm\u00e9 \u00ab\u00a0Les Rencontres Citoyennes d&rsquo;Abidjan se d\u00e9roulera les 21 et 22 f\u00e9vrier prochain \u00e0 AZALA\u00cf\u00a0 H\u00f4tel de Marcory (Abidjan), autour du th\u00e8me central : &lt;&lt;C\u00f4te d&rsquo;Ivoire : quelle communication pour\u00a0 une \u00e9lection pr\u00e9sidentielle apais\u00e9e en 2025? &gt;&gt; .\u00a0 L&rsquo;information a \u00e9t\u00e9 livr\u00e9e\u00a0 le vendredi 31 janvier 2025 \u00e0 Abidjan-Cocody, au [&hellip;]<\/p>\n","protected":false},"author":2,"featured_media":7080,"comment_status":"closed","ping_status":"closed","sticky":false,"template":"","format":"standard","meta":{"_acf_changed":false,"footnotes":""},"categories":[],"tags":[],"class_list":["post-7079","post","type-post","status-publish","format-standard","has-post-thumbnail","hentry"],"acf":[],"yoast_head":"<!-- This site is optimized with the Yoast SEO plugin v27.5 - https:\/\/yoast.com\/product\/yoast-seo-wordpress\/ -->\n<title>\u00c9lection pr\u00e9sidentielle apais\u00e9e, dialogue constructif : La premi\u00e8re \u00e9dition\u00a0 des Rencontres Citoyennes d&#039;Abidjan lanc\u00e9e\u00a0 - Amanien| L&#039;actualit\u00e9 Ivoirienne et Internationale<\/title>\n<meta name=\"robots\" content=\"index, follow, max-snippet:-1, max-image-preview:large, max-video-preview:-1\" \/>\n<link rel=\"canonical\" href=\"https:\/\/www.amanien.info\/news\/election-presidentielle-apaisee-dialogue-constructif-la-premiere-edition-des-rencontres-citoyennes-dabidjan-lancee\/\" \/>\n<meta property=\"og:locale\" content=\"fr_FR\" \/>\n<meta property=\"og:type\" content=\"article\" \/>\n<meta property=\"og:title\" content=\"\u00c9lection pr\u00e9sidentielle apais\u00e9e, dialogue constructif : La premi\u00e8re \u00e9dition\u00a0 des Rencontres Citoyennes d&#039;Abidjan lanc\u00e9e\u00a0 - Amanien| L&#039;actualit\u00e9 Ivoirienne et Internationale\" \/>\n<meta property=\"og:description\" content=\"La premi\u00e8re \u00e9dition du colloque d\u00e9nomm\u00e9 \u00ab\u00a0Les Rencontres Citoyennes d&rsquo;Abidjan se d\u00e9roulera les 21 et 22 f\u00e9vrier prochain \u00e0 AZALA\u00cf\u00a0 H\u00f4tel de Marcory (Abidjan), autour du th\u00e8me central : &lt;&lt;C\u00f4te d&rsquo;Ivoire : quelle communication pour\u00a0 une \u00e9lection pr\u00e9sidentielle apais\u00e9e en 2025? &gt;&gt; .\u00a0 L&rsquo;information a \u00e9t\u00e9 livr\u00e9e\u00a0 le vendredi 31 janvier 2025 \u00e0 Abidjan-Cocody, au [&hellip;]\" \/>\n<meta property=\"og:url\" content=\"https:\/\/www.amanien.info\/news\/election-presidentielle-apaisee-dialogue-constructif-la-premiere-edition-des-rencontres-citoyennes-dabidjan-lancee\/\" \/>\n<meta property=\"og:site_name\" content=\"Amanien| L&#039;actualit\u00e9 Ivoirienne et Internationale\" \/>\n<meta property=\"article:published_time\" content=\"2025-02-03T08:16:52+00:00\" \/>\n<meta property=\"og:image\" content=\"https:\/\/www.amanien.info\/news\/wp-content\/uploads\/2025\/02\/IMG-20250201-WA0036.jpg\" \/>\n\t<meta property=\"og:image:width\" content=\"2560\" \/>\n\t<meta property=\"og:image:height\" content=\"1770\" \/>\n\t<meta property=\"og:image:type\" content=\"image\/jpeg\" \/>\n<meta name=\"author\" content=\"Germain Ndri\" \/>\n<meta name=\"twitter:card\" content=\"summary_large_image\" \/>\n<meta name=\"twitter:label1\" content=\"\u00c9crit par\" \/>\n\t<meta name=\"twitter:data1\" content=\"Germain Ndri\" \/>\n\t<meta name=\"twitter:label2\" content=\"Dur\u00e9e de lecture estim\u00e9e\" \/>\n\t<meta name=\"twitter:data2\" content=\"2 minutes\" \/>\n<script type=\"application\/ld+json\" class=\"yoast-schema-graph\">{\"@context\":\"https:\\\/\\\/schema.org\",\"@graph\":[{\"@type\":\"Article\",\"@id\":\"https:\\\/\\\/www.amanien.info\\\/news\\\/election-presidentielle-apaisee-dialogue-constructif-la-premiere-edition-des-rencontres-citoyennes-dabidjan-lancee\\\/#article\",\"isPartOf\":{\"@id\":\"https:\\\/\\\/www.amanien.info\\\/news\\\/election-presidentielle-apaisee-dialogue-constructif-la-premiere-edition-des-rencontres-citoyennes-dabidjan-lancee\\\/\"},\"author\":{\"name\":\"Germain Ndri\",\"@id\":\"https:\\\/\\\/www.amanien.info\\\/news\\\/#\\\/schema\\\/person\\\/b21093345753a1a98242d505bd894f42\"},\"headline\":\"\u00c9lection pr\u00e9sidentielle apais\u00e9e, dialogue constructif : La premi\u00e8re \u00e9dition\u00a0 des Rencontres Citoyennes d&rsquo;Abidjan lanc\u00e9e\u00a0\",\"datePublished\":\"2025-02-03T08:16:52+00:00\",\"mainEntityOfPage\":{\"@id\":\"https:\\\/\\\/www.amanien.info\\\/news\\\/election-presidentielle-apaisee-dialogue-constructif-la-premiere-edition-des-rencontres-citoyennes-dabidjan-lancee\\\/\"},\"wordCount\":429,\"image\":{\"@id\":\"https:\\\/\\\/www.amanien.info\\\/news\\\/election-presidentielle-apaisee-dialogue-constructif-la-premiere-edition-des-rencontres-citoyennes-dabidjan-lancee\\\/#primaryimage\"},\"thumbnailUrl\":\"https:\\\/\\\/www.amanien.info\\\/news\\\/wp-content\\\/uploads\\\/2025\\\/02\\\/IMG-20250201-WA0036.jpg\",\"inLanguage\":\"fr-FR\"},{\"@type\":\"WebPage\",\"@id\":\"https:\\\/\\\/www.amanien.info\\\/news\\\/election-presidentielle-apaisee-dialogue-constructif-la-premiere-edition-des-rencontres-citoyennes-dabidjan-lancee\\\/\",\"url\":\"https:\\\/\\\/www.amanien.info\\\/news\\\/election-presidentielle-apaisee-dialogue-constructif-la-premiere-edition-des-rencontres-citoyennes-dabidjan-lancee\\\/\",\"name\":\"\u00c9lection pr\u00e9sidentielle apais\u00e9e, dialogue constructif : La premi\u00e8re \u00e9dition\u00a0 des Rencontres Citoyennes d'Abidjan lanc\u00e9e\u00a0 - Amanien| L&#039;actualit\u00e9 Ivoirienne et Internationale\",\"isPartOf\":{\"@id\":\"https:\\\/\\\/www.amanien.info\\\/news\\\/#website\"},\"primaryImageOfPage\":{\"@id\":\"https:\\\/\\\/www.amanien.info\\\/news\\\/election-presidentielle-apaisee-dialogue-constructif-la-premiere-edition-des-rencontres-citoyennes-dabidjan-lancee\\\/#primaryimage\"},\"image\":{\"@id\":\"https:\\\/\\\/www.amanien.info\\\/news\\\/election-presidentielle-apaisee-dialogue-constructif-la-premiere-edition-des-rencontres-citoyennes-dabidjan-lancee\\\/#primaryimage\"},\"thumbnailUrl\":\"https:\\\/\\\/www.amanien.info\\\/news\\\/wp-content\\\/uploads\\\/2025\\\/02\\\/IMG-20250201-WA0036.jpg\",\"datePublished\":\"2025-02-03T08:16:52+00:00\",\"author\":{\"@id\":\"https:\\\/\\\/www.amanien.info\\\/news\\\/#\\\/schema\\\/person\\\/b21093345753a1a98242d505bd894f42\"},\"breadcrumb\":{\"@id\":\"https:\\\/\\\/www.amanien.info\\\/news\\\/election-presidentielle-apaisee-dialogue-constructif-la-premiere-edition-des-rencontres-citoyennes-dabidjan-lancee\\\/#breadcrumb\"},\"inLanguage\":\"fr-FR\",\"potentialAction\":[{\"@type\":\"ReadAction\",\"target\":[\"https:\\\/\\\/www.amanien.info\\\/news\\\/election-presidentielle-apaisee-dialogue-constructif-la-premiere-edition-des-rencontres-citoyennes-dabidjan-lancee\\\/\"]}]},{\"@type\":\"ImageObject\",\"inLanguage\":\"fr-FR\",\"@id\":\"https:\\\/\\\/www.amanien.info\\\/news\\\/election-presidentielle-apaisee-dialogue-constructif-la-premiere-edition-des-rencontres-citoyennes-dabidjan-lancee\\\/#primaryimage\",\"url\":\"https:\\\/\\\/www.amanien.info\\\/news\\\/wp-content\\\/uploads\\\/2025\\\/02\\\/IMG-20250201-WA0036.jpg\",\"contentUrl\":\"https:\\\/\\\/www.amanien.info\\\/news\\\/wp-content\\\/uploads\\\/2025\\\/02\\\/IMG-20250201-WA0036.jpg\",\"width\":2560,\"height\":1770},{\"@type\":\"BreadcrumbList\",\"@id\":\"https:\\\/\\\/www.amanien.info\\\/news\\\/election-presidentielle-apaisee-dialogue-constructif-la-premiere-edition-des-rencontres-citoyennes-dabidjan-lancee\\\/#breadcrumb\",\"itemListElement\":[{\"@type\":\"ListItem\",\"position\":1,\"name\":\"Accueil\",\"item\":\"https:\\\/\\\/www.amanien.info\\\/news\\\/\"},{\"@type\":\"ListItem\",\"position\":2,\"name\":\"\u00c9lection pr\u00e9sidentielle apais\u00e9e, dialogue constructif : La premi\u00e8re \u00e9dition\u00a0 des Rencontres Citoyennes d&rsquo;Abidjan lanc\u00e9e\u00a0\"}]},{\"@type\":\"WebSite\",\"@id\":\"https:\\\/\\\/www.amanien.info\\\/news\\\/#website\",\"url\":\"https:\\\/\\\/www.amanien.info\\\/news\\\/\",\"name\":\"Amanien| L&#039;actualit\u00e9 Ivoirienne et Internationale\",\"description\":\"L&#039;actualit\u00e9 Ivoirienne et Internationale\",\"potentialAction\":[{\"@type\":\"SearchAction\",\"target\":{\"@type\":\"EntryPoint\",\"urlTemplate\":\"https:\\\/\\\/www.amanien.info\\\/news\\\/?s={search_term_string}\"},\"query-input\":{\"@type\":\"PropertyValueSpecification\",\"valueRequired\":true,\"valueName\":\"search_term_string\"}}],\"inLanguage\":\"fr-FR\"},{\"@type\":\"Person\",\"@id\":\"https:\\\/\\\/www.amanien.info\\\/news\\\/#\\\/schema\\\/person\\\/b21093345753a1a98242d505bd894f42\",\"name\":\"Germain Ndri\",\"url\":\"https:\\\/\\\/www.amanien.info\\\/news\\\/author\\\/amanien-infos\\\/\"}]}<\/script>\n<!-- \/ Yoast SEO plugin. -->","yoast_head_json":{"title":"\u00c9lection pr\u00e9sidentielle apais\u00e9e, dialogue constructif : La premi\u00e8re \u00e9dition\u00a0 des Rencontres Citoyennes d'Abidjan lanc\u00e9e\u00a0 - Amanien| L&#039;actualit\u00e9 Ivoirienne et Internationale","robots":{"index":"index","follow":"follow","max-snippet":"max-snippet:-1","max-image-preview":"max-image-preview:large","max-video-preview":"max-video-preview:-1"},"canonical":"https:\/\/www.amanien.info\/news\/election-presidentielle-apaisee-dialogue-constructif-la-premiere-edition-des-rencontres-citoyennes-dabidjan-lancee\/","og_locale":"fr_FR","og_type":"article","og_title":"\u00c9lection pr\u00e9sidentielle apais\u00e9e, dialogue constructif : La premi\u00e8re \u00e9dition\u00a0 des Rencontres Citoyennes d'Abidjan lanc\u00e9e\u00a0 - Amanien| L&#039;actualit\u00e9 Ivoirienne et Internationale","og_description":"La premi\u00e8re \u00e9dition du colloque d\u00e9nomm\u00e9 \u00ab\u00a0Les Rencontres Citoyennes d&rsquo;Abidjan se d\u00e9roulera les 21 et 22 f\u00e9vrier prochain \u00e0 AZALA\u00cf\u00a0 H\u00f4tel de Marcory (Abidjan), autour du th\u00e8me central : &lt;&lt;C\u00f4te d&rsquo;Ivoire : quelle communication pour\u00a0 une \u00e9lection pr\u00e9sidentielle apais\u00e9e en 2025? &gt;&gt; .\u00a0 L&rsquo;information a \u00e9t\u00e9 livr\u00e9e\u00a0 le vendredi 31 janvier 2025 \u00e0 Abidjan-Cocody, au [&hellip;]","og_url":"https:\/\/www.amanien.info\/news\/election-presidentielle-apaisee-dialogue-constructif-la-premiere-edition-des-rencontres-citoyennes-dabidjan-lancee\/","og_site_name":"Amanien| L&#039;actualit\u00e9 Ivoirienne et Internationale","article_published_time":"2025-02-03T08:16:52+00:00","og_image":[{"width":2560,"height":1770,"url":"https:\/\/www.amanien.info\/news\/wp-content\/uploads\/2025\/02\/IMG-20250201-WA0036.jpg","type":"image\/jpeg"}],"author":"Germain Ndri","twitter_card":"summary_large_image","twitter_misc":{"\u00c9crit par":"Germain Ndri","Dur\u00e9e de lecture estim\u00e9e":"2 minutes"},"schema":{"@context":"https:\/\/schema.org","@graph":[{"@type":"Article","@id":"https:\/\/www.amanien.info\/news\/election-presidentielle-apaisee-dialogue-constructif-la-premiere-edition-des-rencontres-citoyennes-dabidjan-lancee\/#article","isPartOf":{"@id":"https:\/\/www.amanien.info\/news\/election-presidentielle-apaisee-dialogue-constructif-la-premiere-edition-des-rencontres-citoyennes-dabidjan-lancee\/"},"author":{"name":"Germain Ndri","@id":"https:\/\/www.amanien.info\/news\/#\/schema\/person\/b21093345753a1a98242d505bd894f42"},"headline":"\u00c9lection pr\u00e9sidentielle apais\u00e9e, dialogue constructif : La premi\u00e8re \u00e9dition\u00a0 des Rencontres Citoyennes d&rsquo;Abidjan lanc\u00e9e\u00a0","datePublished":"2025-02-03T08:16:52+00:00","mainEntityOfPage":{"@id":"https:\/\/www.amanien.info\/news\/election-presidentielle-apaisee-dialogue-constructif-la-premiere-edition-des-rencontres-citoyennes-dabidjan-lancee\/"},"wordCount":429,"image":{"@id":"https:\/\/www.amanien.info\/news\/election-presidentielle-apaisee-dialogue-constructif-la-premiere-edition-des-rencontres-citoyennes-dabidjan-lancee\/#primaryimage"},"thumbnailUrl":"https:\/\/www.amanien.info\/news\/wp-content\/uploads\/2025\/02\/IMG-20250201-WA0036.jpg","inLanguage":"fr-FR"},{"@type":"WebPage","@id":"https:\/\/www.amanien.info\/news\/election-presidentielle-apaisee-dialogue-constructif-la-premiere-edition-des-rencontres-citoyennes-dabidjan-lancee\/","url":"https:\/\/www.amanien.info\/news\/election-presidentielle-apaisee-dialogue-constructif-la-premiere-edition-des-rencontres-citoyennes-dabidjan-lancee\/","name":"\u00c9lection pr\u00e9sidentielle apais\u00e9e, dialogue constructif : La premi\u00e8re \u00e9dition\u00a0 des Rencontres Citoyennes d'Abidjan lanc\u00e9e\u00a0 - Amanien| L&#039;actualit\u00e9 Ivoirienne et Internationale","isPartOf":{"@id":"https:\/\/www.amanien.info\/news\/#website"},"primaryImageOfPage":{"@id":"https:\/\/www.amanien.info\/news\/election-presidentielle-apaisee-dialogue-constructif-la-premiere-edition-des-rencontres-citoyennes-dabidjan-lancee\/#primaryimage"},"image":{"@id":"https:\/\/www.amanien.info\/news\/election-presidentielle-apaisee-dialogue-constructif-la-premiere-edition-des-rencontres-citoyennes-dabidjan-lancee\/#primaryimage"},"thumbnailUrl":"https:\/\/www.amanien.info\/news\/wp-content\/uploads\/2025\/02\/IMG-20250201-WA0036.jpg","datePublished":"2025-02-03T08:16:52+00:00","author":{"@id":"https:\/\/www.amanien.info\/news\/#\/schema\/person\/b21093345753a1a98242d505bd894f42"},"breadcrumb":{"@id":"https:\/\/www.amanien.info\/news\/election-presidentielle-apaisee-dialogue-constructif-la-premiere-edition-des-rencontres-citoyennes-dabidjan-lancee\/#breadcrumb"},"inLanguage":"fr-FR","potentialAction":[{"@type":"ReadAction","target":["https:\/\/www.amanien.info\/news\/election-presidentielle-apaisee-dialogue-constructif-la-premiere-edition-des-rencontres-citoyennes-dabidjan-lancee\/"]}]},{"@type":"ImageObject","inLanguage":"fr-FR","@id":"https:\/\/www.amanien.info\/news\/election-presidentielle-apaisee-dialogue-constructif-la-premiere-edition-des-rencontres-citoyennes-dabidjan-lancee\/#primaryimage","url":"https:\/\/www.amanien.info\/news\/wp-content\/uploads\/2025\/02\/IMG-20250201-WA0036.jpg","contentUrl":"https:\/\/www.amanien.info\/news\/wp-content\/uploads\/2025\/02\/IMG-20250201-WA0036.jpg","width":2560,"height":1770},{"@type":"BreadcrumbList","@id":"https:\/\/www.amanien.info\/news\/election-presidentielle-apaisee-dialogue-constructif-la-premiere-edition-des-rencontres-citoyennes-dabidjan-lancee\/#breadcrumb","itemListElement":[{"@type":"ListItem","position":1,"name":"Accueil","item":"https:\/\/www.amanien.info\/news\/"},{"@type":"ListItem","position":2,"name":"\u00c9lection pr\u00e9sidentielle apais\u00e9e, dialogue constructif : La premi\u00e8re \u00e9dition\u00a0 des Rencontres Citoyennes d&rsquo;Abidjan lanc\u00e9e\u00a0"}]},{"@type":"WebSite","@id":"https:\/\/www.amanien.info\/news\/#website","url":"https:\/\/www.amanien.info\/news\/","name":"Amanien| L&#039;actualit\u00e9 Ivoirienne et Internationale","description":"L&#039;actualit\u00e9 Ivoirienne et Internationale","potentialAction":[{"@type":"SearchAction","target":{"@type":"EntryPoint","urlTemplate":"https:\/\/www.amanien.info\/news\/?s={search_term_string}"},"query-input":{"@type":"PropertyValueSpecification","valueRequired":true,"valueName":"search_term_string"}}],"inLanguage":"fr-FR"},{"@type":"Person","@id":"https:\/\/www.amanien.info\/news\/#\/schema\/person\/b21093345753a1a98242d505bd894f42","name":"Germain Ndri","url":"https:\/\/www.amanien.info\/news\/author\/amanien-infos\/"}]}},"_links":{"self":[{"href":"https:\/\/www.amanien.info\/news\/wp-json\/wp\/v2\/posts\/7079","targetHints":{"allow":["GET"]}}],"collection":[{"href":"https:\/\/www.amanien.info\/news\/wp-json\/wp\/v2\/posts"}],"about":[{"href":"https:\/\/www.amanien.info\/news\/wp-json\/wp\/v2\/types\/post"}],"author":[{"embeddable":true,"href":"https:\/\/www.amanien.info\/news\/wp-json\/wp\/v2\/users\/2"}],"replies":[{"embeddable":true,"href":"https:\/\/www.amanien.info\/news\/wp-json\/wp\/v2\/comments?post=7079"}],"version-history":[{"count":1,"href":"https:\/\/www.amanien.info\/news\/wp-json\/wp\/v2\/posts\/7079\/revisions"}],"predecessor-version":[{"id":7081,"href":"https:\/\/www.amanien.info\/news\/wp-json\/wp\/v2\/posts\/7079\/revisions\/7081"}],"wp:featuredmedia":[{"embeddable":true,"href":"https:\/\/www.amanien.info\/news\/wp-json\/wp\/v2\/media\/7080"}],"wp:attachment":[{"href":"https:\/\/www.amanien.info\/news\/wp-json\/wp\/v2\/media?parent=7079"}],"wp:term":[{"taxonomy":"category","embeddable":true,"href":"https:\/\/www.amanien.info\/news\/wp-json\/wp\/v2\/categories?post=7079"},{"taxonomy":"post_tag","embeddable":true,"href":"https:\/\/www.amanien.info\/news\/wp-json\/wp\/v2\/tags?post=7079"}],"curies":[{"name":"wp","href":"https:\/\/api.w.org\/{rel}","templated":true}]}}