{"id":7071,"date":"2025-02-01T20:23:27","date_gmt":"2025-02-01T20:23:27","guid":{"rendered":"https:\/\/www.amanien.info\/news\/?p=7071"},"modified":"2025-02-01T20:42:09","modified_gmt":"2025-02-01T20:42:09","slug":"presidentielles-2025-affi-nguessan-interpelle-laurent-gbagbo-sur-sa-responsabilite-a-unir-lopposition-election-presidentielle-de-2025-affi-nguessan-interpelle-laurent-gbagbo-sur-sa-respon","status":"publish","type":"post","link":"https:\/\/www.amanien.info\/news\/presidentielles-2025-affi-nguessan-interpelle-laurent-gbagbo-sur-sa-responsabilite-a-unir-lopposition-election-presidentielle-de-2025-affi-nguessan-interpelle-laurent-gbagbo-sur-sa-respon\/","title":{"rendered":"Pr\u00e9sidentielle de 2025: Affi N&rsquo;Guessan interpelle Laurent Gbagbo sur sa responsabilit\u00e9 \u00e0 unir l&rsquo;opposition\u00a0"},"content":{"rendered":"<p>&nbsp;<\/p>\n<div><span style=\"text-transform: initial;\">Le pr\u00e9sident du front populaire ivoirien (FPI), le premier ministre pascal Affi N&rsquo;Guessan, s&rsquo;est exprim\u00e9 ce samedi 01 f\u00e9vrier \u00e0 sa r\u00e9sidence sise \u00e0 M&rsquo;Bandon, \u00e0 l&rsquo;occasion de la traditionnelle c\u00e9r\u00e9monie de pr\u00e9sentation de v\u0153ux au pr\u00e9sident du parti.<\/span><\/div>\n<div><\/div>\n<div>Les militants et sympathisants du FPI ne se sont pas faits prier pour venir pr\u00e9senter leurs v\u0153ux de nouvel an \u00e0 leur pr\u00e9sident, malgr\u00e9 la pluie qui s&rsquo;est m\u00eal\u00e9e \u00e0 cette manifestation.<\/div>\n<div>Ainsi, selon l&rsquo;ordre protocolaire \u00e9tabli par le comit\u00e9 d&rsquo;organisation, les membres du secr\u00e9tariat ex\u00e9cutif, les secr\u00e9taires g\u00e9n\u00e9raux adjoints(SGA), les membres du comit\u00e9 de contr\u00f4le, les premiers responsables de l&rsquo;organisation des femmes du front populaire ivoirien (OFFPI), de la jeunesse du front populaire ivoirien (JFPI), de la Cellule des enseignants du secondaire du front populaire ivoirien(CES-FPI)et de la cellule des enseignants du primaire (CEP-FPI) se sont pr\u00e9sent\u00e9s devant le premier responsable du parti pour lui adresser les v\u0153ux les meilleurs pour l&rsquo;ann\u00e9e 2025.<\/div>\n<div><\/div>\n<div>Dans son adresse \u00e0 ses militants et sympathisants, le candidat du FPI \u00e0 l&rsquo;\u00e9lection pr\u00e9sidentielle d&rsquo;octobre 2025 Affi N&rsquo;Guessan pascal a d\u00e9nonc\u00e9 les tares de la gouvernance du pr\u00e9sident de la R\u00e9publique Allassane Ouattara et du RHDP, bas\u00e9 sur : &lt;&lt; quinze(15)ans d&rsquo;\u00e9touffement, d&rsquo;agression, d&rsquo;exclusion, de corruption, d&rsquo;agitation et de tintamarre&gt;&gt;, a t&rsquo;il dit.<\/div>\n<div>Puis d&rsquo;affirmer que l&rsquo;\u00e9lection pr\u00e9sidentielle de 2025 sera\u00a0 l&rsquo;ann\u00e9e pour&lt;&lt; mettre fin \u00e0 quinze (15)ans de pouvoir sans partage d&rsquo;Alassane Ouattara et du RHDP&gt;&gt;.<\/div>\n<div><\/div>\n<div>Et s&rsquo;est sans doute en cons\u00e9quence de cause que le pr\u00e9sident du FPI interpelle tous les leaders de l&rsquo;opposition \u00e0 l&rsquo;unit\u00e9 pour qu&rsquo;ensemble ils obtiennent du Pr\u00e9sident de la R\u00e9publique et de son parti le dialogue politique, la r\u00e9conciliation nationale, des \u00e9lections libres et transparentes.<\/div>\n<div>Ce message d&rsquo;Affi N&rsquo;Guessan s&rsquo;adresse principalement au pr\u00e9sident Laurent Gbagbo car selon lui:&lt;&lt; il est le plus ancien dans le grade et le plus \u00e9lev\u00e9 ; il a une responsabilit\u00e9 particuli\u00e8re pour favoriser ce rassemblement de l&rsquo;opposition. Hier le pr\u00e9sident feu Henry Konan B\u00e9di\u00e9 l&rsquo;a fait contre le troisi\u00e8me mandat ill\u00e9gal de Allassane Ouattara.<\/div>\n<div>\u00c0 la suite de l&rsquo;appel de Bonoua, le pr\u00e9sident Laurent Gbagbo doit maintenant oeuvrer au rassemblement de toute l&rsquo;opposition autour de l&rsquo;essentiel : cr\u00e9er les conditions d&rsquo;\u00e9lections inclusives.&gt;&gt;<\/div>\n<div><\/div>\n<div>Notons que cette c\u00e9r\u00e9monie a vu la participation de plusieurs artistes et la pr\u00e9sence des repr\u00e9sentants de l&rsquo;AFD et MGC de Simone Gbagbo.<\/div>\n<div><\/div>\n<div>ST\u00c8VE GUEDE<\/div>\n","protected":false},"excerpt":{"rendered":"<p>&nbsp; Le pr\u00e9sident du front populaire ivoirien (FPI), le premier ministre pascal Affi N&rsquo;Guessan, s&rsquo;est exprim\u00e9 ce samedi 01 f\u00e9vrier \u00e0 sa r\u00e9sidence sise \u00e0 M&rsquo;Bandon, \u00e0 l&rsquo;occasion de la traditionnelle c\u00e9r\u00e9monie de pr\u00e9sentation de v\u0153ux au pr\u00e9sident du parti. Les militants et sympathisants du FPI ne se sont pas faits prier pour venir pr\u00e9senter [&hellip;]<\/p>\n","protected":false},"author":2,"featured_media":7072,"comment_status":"closed","ping_status":"closed","sticky":false,"template":"","format":"standard","meta":{"_acf_changed":false,"footnotes":""},"categories":[1],"tags":[],"class_list":["post-7071","post","type-post","status-publish","format-standard","has-post-thumbnail","hentry","category-national"],"acf":[],"yoast_head":"<!-- This site is optimized with the Yoast SEO plugin v27.5 - https:\/\/yoast.com\/product\/yoast-seo-wordpress\/ -->\n<title>Pr\u00e9sidentielle de 2025: Affi N&#039;Guessan interpelle Laurent Gbagbo sur sa responsabilit\u00e9 \u00e0 unir l&#039;opposition\u00a0 - Amanien| L&#039;actualit\u00e9 Ivoirienne et Internationale<\/title>\n<meta name=\"robots\" content=\"index, follow, max-snippet:-1, max-image-preview:large, max-video-preview:-1\" \/>\n<link rel=\"canonical\" href=\"https:\/\/www.amanien.info\/news\/presidentielles-2025-affi-nguessan-interpelle-laurent-gbagbo-sur-sa-responsabilite-a-unir-lopposition-election-presidentielle-de-2025-affi-nguessan-interpelle-laurent-gbagbo-sur-sa-respon\/\" \/>\n<meta property=\"og:locale\" content=\"fr_FR\" \/>\n<meta property=\"og:type\" content=\"article\" \/>\n<meta property=\"og:title\" content=\"Pr\u00e9sidentielle de 2025: Affi N&#039;Guessan interpelle Laurent Gbagbo sur sa responsabilit\u00e9 \u00e0 unir l&#039;opposition\u00a0 - Amanien| L&#039;actualit\u00e9 Ivoirienne et Internationale\" \/>\n<meta property=\"og:description\" content=\"&nbsp; Le pr\u00e9sident du front populaire ivoirien (FPI), le premier ministre pascal Affi N&rsquo;Guessan, s&rsquo;est exprim\u00e9 ce samedi 01 f\u00e9vrier \u00e0 sa r\u00e9sidence sise \u00e0 M&rsquo;Bandon, \u00e0 l&rsquo;occasion de la traditionnelle c\u00e9r\u00e9monie de pr\u00e9sentation de v\u0153ux au pr\u00e9sident du parti. Les militants et sympathisants du FPI ne se sont pas faits prier pour venir pr\u00e9senter [&hellip;]\" \/>\n<meta property=\"og:url\" content=\"https:\/\/www.amanien.info\/news\/presidentielles-2025-affi-nguessan-interpelle-laurent-gbagbo-sur-sa-responsabilite-a-unir-lopposition-election-presidentielle-de-2025-affi-nguessan-interpelle-laurent-gbagbo-sur-sa-respon\/\" \/>\n<meta property=\"og:site_name\" content=\"Amanien| L&#039;actualit\u00e9 Ivoirienne et Internationale\" \/>\n<meta property=\"article:published_time\" content=\"2025-02-01T20:23:27+00:00\" \/>\n<meta property=\"article:modified_time\" content=\"2025-02-01T20:42:09+00:00\" \/>\n<meta property=\"og:image\" content=\"https:\/\/www.amanien.info\/news\/wp-content\/uploads\/2025\/02\/1738438872142-1.jpg\" \/>\n\t<meta property=\"og:image:width\" content=\"720\" \/>\n\t<meta property=\"og:image:height\" content=\"480\" \/>\n\t<meta property=\"og:image:type\" content=\"image\/jpeg\" \/>\n<meta name=\"author\" content=\"Germain Ndri\" \/>\n<meta name=\"twitter:card\" content=\"summary_large_image\" \/>\n<meta name=\"twitter:label1\" content=\"\u00c9crit par\" \/>\n\t<meta name=\"twitter:data1\" content=\"Germain Ndri\" \/>\n\t<meta name=\"twitter:label2\" content=\"Dur\u00e9e de lecture estim\u00e9e\" \/>\n\t<meta name=\"twitter:data2\" content=\"2 minutes\" \/>\n<script type=\"application\/ld+json\" class=\"yoast-schema-graph\">{\"@context\":\"https:\\\/\\\/schema.org\",\"@graph\":[{\"@type\":\"Article\",\"@id\":\"https:\\\/\\\/www.amanien.info\\\/news\\\/presidentielles-2025-affi-nguessan-interpelle-laurent-gbagbo-sur-sa-responsabilite-a-unir-lopposition-election-presidentielle-de-2025-affi-nguessan-interpelle-laurent-gbagbo-sur-sa-respon\\\/#article\",\"isPartOf\":{\"@id\":\"https:\\\/\\\/www.amanien.info\\\/news\\\/presidentielles-2025-affi-nguessan-interpelle-laurent-gbagbo-sur-sa-responsabilite-a-unir-lopposition-election-presidentielle-de-2025-affi-nguessan-interpelle-laurent-gbagbo-sur-sa-respon\\\/\"},\"author\":{\"name\":\"Germain Ndri\",\"@id\":\"https:\\\/\\\/www.amanien.info\\\/news\\\/#\\\/schema\\\/person\\\/b21093345753a1a98242d505bd894f42\"},\"headline\":\"Pr\u00e9sidentielle de 2025: Affi N&rsquo;Guessan interpelle Laurent Gbagbo sur sa responsabilit\u00e9 \u00e0 unir l&rsquo;opposition\u00a0\",\"datePublished\":\"2025-02-01T20:23:27+00:00\",\"dateModified\":\"2025-02-01T20:42:09+00:00\",\"mainEntityOfPage\":{\"@id\":\"https:\\\/\\\/www.amanien.info\\\/news\\\/presidentielles-2025-affi-nguessan-interpelle-laurent-gbagbo-sur-sa-responsabilite-a-unir-lopposition-election-presidentielle-de-2025-affi-nguessan-interpelle-laurent-gbagbo-sur-sa-respon\\\/\"},\"wordCount\":479,\"image\":{\"@id\":\"https:\\\/\\\/www.amanien.info\\\/news\\\/presidentielles-2025-affi-nguessan-interpelle-laurent-gbagbo-sur-sa-responsabilite-a-unir-lopposition-election-presidentielle-de-2025-affi-nguessan-interpelle-laurent-gbagbo-sur-sa-respon\\\/#primaryimage\"},\"thumbnailUrl\":\"https:\\\/\\\/www.amanien.info\\\/news\\\/wp-content\\\/uploads\\\/2025\\\/02\\\/1738438872142-1.jpg\",\"articleSection\":[\"National\"],\"inLanguage\":\"fr-FR\"},{\"@type\":\"WebPage\",\"@id\":\"https:\\\/\\\/www.amanien.info\\\/news\\\/presidentielles-2025-affi-nguessan-interpelle-laurent-gbagbo-sur-sa-responsabilite-a-unir-lopposition-election-presidentielle-de-2025-affi-nguessan-interpelle-laurent-gbagbo-sur-sa-respon\\\/\",\"url\":\"https:\\\/\\\/www.amanien.info\\\/news\\\/presidentielles-2025-affi-nguessan-interpelle-laurent-gbagbo-sur-sa-responsabilite-a-unir-lopposition-election-presidentielle-de-2025-affi-nguessan-interpelle-laurent-gbagbo-sur-sa-respon\\\/\",\"name\":\"Pr\u00e9sidentielle de 2025: Affi N'Guessan interpelle Laurent Gbagbo sur sa responsabilit\u00e9 \u00e0 unir l'opposition\u00a0 - Amanien| L&#039;actualit\u00e9 Ivoirienne et Internationale\",\"isPartOf\":{\"@id\":\"https:\\\/\\\/www.amanien.info\\\/news\\\/#website\"},\"primaryImageOfPage\":{\"@id\":\"https:\\\/\\\/www.amanien.info\\\/news\\\/presidentielles-2025-affi-nguessan-interpelle-laurent-gbagbo-sur-sa-responsabilite-a-unir-lopposition-election-presidentielle-de-2025-affi-nguessan-interpelle-laurent-gbagbo-sur-sa-respon\\\/#primaryimage\"},\"image\":{\"@id\":\"https:\\\/\\\/www.amanien.info\\\/news\\\/presidentielles-2025-affi-nguessan-interpelle-laurent-gbagbo-sur-sa-responsabilite-a-unir-lopposition-election-presidentielle-de-2025-affi-nguessan-interpelle-laurent-gbagbo-sur-sa-respon\\\/#primaryimage\"},\"thumbnailUrl\":\"https:\\\/\\\/www.amanien.info\\\/news\\\/wp-content\\\/uploads\\\/2025\\\/02\\\/1738438872142-1.jpg\",\"datePublished\":\"2025-02-01T20:23:27+00:00\",\"dateModified\":\"2025-02-01T20:42:09+00:00\",\"author\":{\"@id\":\"https:\\\/\\\/www.amanien.info\\\/news\\\/#\\\/schema\\\/person\\\/b21093345753a1a98242d505bd894f42\"},\"breadcrumb\":{\"@id\":\"https:\\\/\\\/www.amanien.info\\\/news\\\/presidentielles-2025-affi-nguessan-interpelle-laurent-gbagbo-sur-sa-responsabilite-a-unir-lopposition-election-presidentielle-de-2025-affi-nguessan-interpelle-laurent-gbagbo-sur-sa-respon\\\/#breadcrumb\"},\"inLanguage\":\"fr-FR\",\"potentialAction\":[{\"@type\":\"ReadAction\",\"target\":[\"https:\\\/\\\/www.amanien.info\\\/news\\\/presidentielles-2025-affi-nguessan-interpelle-laurent-gbagbo-sur-sa-responsabilite-a-unir-lopposition-election-presidentielle-de-2025-affi-nguessan-interpelle-laurent-gbagbo-sur-sa-respon\\\/\"]}]},{\"@type\":\"ImageObject\",\"inLanguage\":\"fr-FR\",\"@id\":\"https:\\\/\\\/www.amanien.info\\\/news\\\/presidentielles-2025-affi-nguessan-interpelle-laurent-gbagbo-sur-sa-responsabilite-a-unir-lopposition-election-presidentielle-de-2025-affi-nguessan-interpelle-laurent-gbagbo-sur-sa-respon\\\/#primaryimage\",\"url\":\"https:\\\/\\\/www.amanien.info\\\/news\\\/wp-content\\\/uploads\\\/2025\\\/02\\\/1738438872142-1.jpg\",\"contentUrl\":\"https:\\\/\\\/www.amanien.info\\\/news\\\/wp-content\\\/uploads\\\/2025\\\/02\\\/1738438872142-1.jpg\",\"width\":720,\"height\":480},{\"@type\":\"BreadcrumbList\",\"@id\":\"https:\\\/\\\/www.amanien.info\\\/news\\\/presidentielles-2025-affi-nguessan-interpelle-laurent-gbagbo-sur-sa-responsabilite-a-unir-lopposition-election-presidentielle-de-2025-affi-nguessan-interpelle-laurent-gbagbo-sur-sa-respon\\\/#breadcrumb\",\"itemListElement\":[{\"@type\":\"ListItem\",\"position\":1,\"name\":\"Accueil\",\"item\":\"https:\\\/\\\/www.amanien.info\\\/news\\\/\"},{\"@type\":\"ListItem\",\"position\":2,\"name\":\"Pr\u00e9sidentielle de 2025: Affi N&rsquo;Guessan interpelle Laurent Gbagbo sur sa responsabilit\u00e9 \u00e0 unir l&rsquo;opposition\u00a0\"}]},{\"@type\":\"WebSite\",\"@id\":\"https:\\\/\\\/www.amanien.info\\\/news\\\/#website\",\"url\":\"https:\\\/\\\/www.amanien.info\\\/news\\\/\",\"name\":\"Amanien| L&#039;actualit\u00e9 Ivoirienne et Internationale\",\"description\":\"L&#039;actualit\u00e9 Ivoirienne et Internationale\",\"potentialAction\":[{\"@type\":\"SearchAction\",\"target\":{\"@type\":\"EntryPoint\",\"urlTemplate\":\"https:\\\/\\\/www.amanien.info\\\/news\\\/?s={search_term_string}\"},\"query-input\":{\"@type\":\"PropertyValueSpecification\",\"valueRequired\":true,\"valueName\":\"search_term_string\"}}],\"inLanguage\":\"fr-FR\"},{\"@type\":\"Person\",\"@id\":\"https:\\\/\\\/www.amanien.info\\\/news\\\/#\\\/schema\\\/person\\\/b21093345753a1a98242d505bd894f42\",\"name\":\"Germain Ndri\",\"url\":\"https:\\\/\\\/www.amanien.info\\\/news\\\/author\\\/amanien-infos\\\/\"}]}<\/script>\n<!-- \/ Yoast SEO plugin. -->","yoast_head_json":{"title":"Pr\u00e9sidentielle de 2025: Affi N'Guessan interpelle Laurent Gbagbo sur sa responsabilit\u00e9 \u00e0 unir l'opposition\u00a0 - Amanien| L&#039;actualit\u00e9 Ivoirienne et Internationale","robots":{"index":"index","follow":"follow","max-snippet":"max-snippet:-1","max-image-preview":"max-image-preview:large","max-video-preview":"max-video-preview:-1"},"canonical":"https:\/\/www.amanien.info\/news\/presidentielles-2025-affi-nguessan-interpelle-laurent-gbagbo-sur-sa-responsabilite-a-unir-lopposition-election-presidentielle-de-2025-affi-nguessan-interpelle-laurent-gbagbo-sur-sa-respon\/","og_locale":"fr_FR","og_type":"article","og_title":"Pr\u00e9sidentielle de 2025: Affi N'Guessan interpelle Laurent Gbagbo sur sa responsabilit\u00e9 \u00e0 unir l'opposition\u00a0 - Amanien| L&#039;actualit\u00e9 Ivoirienne et Internationale","og_description":"&nbsp; Le pr\u00e9sident du front populaire ivoirien (FPI), le premier ministre pascal Affi N&rsquo;Guessan, s&rsquo;est exprim\u00e9 ce samedi 01 f\u00e9vrier \u00e0 sa r\u00e9sidence sise \u00e0 M&rsquo;Bandon, \u00e0 l&rsquo;occasion de la traditionnelle c\u00e9r\u00e9monie de pr\u00e9sentation de v\u0153ux au pr\u00e9sident du parti. Les militants et sympathisants du FPI ne se sont pas faits prier pour venir pr\u00e9senter [&hellip;]","og_url":"https:\/\/www.amanien.info\/news\/presidentielles-2025-affi-nguessan-interpelle-laurent-gbagbo-sur-sa-responsabilite-a-unir-lopposition-election-presidentielle-de-2025-affi-nguessan-interpelle-laurent-gbagbo-sur-sa-respon\/","og_site_name":"Amanien| L&#039;actualit\u00e9 Ivoirienne et Internationale","article_published_time":"2025-02-01T20:23:27+00:00","article_modified_time":"2025-02-01T20:42:09+00:00","og_image":[{"width":720,"height":480,"url":"https:\/\/www.amanien.info\/news\/wp-content\/uploads\/2025\/02\/1738438872142-1.jpg","type":"image\/jpeg"}],"author":"Germain Ndri","twitter_card":"summary_large_image","twitter_misc":{"\u00c9crit par":"Germain Ndri","Dur\u00e9e de lecture estim\u00e9e":"2 minutes"},"schema":{"@context":"https:\/\/schema.org","@graph":[{"@type":"Article","@id":"https:\/\/www.amanien.info\/news\/presidentielles-2025-affi-nguessan-interpelle-laurent-gbagbo-sur-sa-responsabilite-a-unir-lopposition-election-presidentielle-de-2025-affi-nguessan-interpelle-laurent-gbagbo-sur-sa-respon\/#article","isPartOf":{"@id":"https:\/\/www.amanien.info\/news\/presidentielles-2025-affi-nguessan-interpelle-laurent-gbagbo-sur-sa-responsabilite-a-unir-lopposition-election-presidentielle-de-2025-affi-nguessan-interpelle-laurent-gbagbo-sur-sa-respon\/"},"author":{"name":"Germain Ndri","@id":"https:\/\/www.amanien.info\/news\/#\/schema\/person\/b21093345753a1a98242d505bd894f42"},"headline":"Pr\u00e9sidentielle de 2025: Affi N&rsquo;Guessan interpelle Laurent Gbagbo sur sa responsabilit\u00e9 \u00e0 unir l&rsquo;opposition\u00a0","datePublished":"2025-02-01T20:23:27+00:00","dateModified":"2025-02-01T20:42:09+00:00","mainEntityOfPage":{"@id":"https:\/\/www.amanien.info\/news\/presidentielles-2025-affi-nguessan-interpelle-laurent-gbagbo-sur-sa-responsabilite-a-unir-lopposition-election-presidentielle-de-2025-affi-nguessan-interpelle-laurent-gbagbo-sur-sa-respon\/"},"wordCount":479,"image":{"@id":"https:\/\/www.amanien.info\/news\/presidentielles-2025-affi-nguessan-interpelle-laurent-gbagbo-sur-sa-responsabilite-a-unir-lopposition-election-presidentielle-de-2025-affi-nguessan-interpelle-laurent-gbagbo-sur-sa-respon\/#primaryimage"},"thumbnailUrl":"https:\/\/www.amanien.info\/news\/wp-content\/uploads\/2025\/02\/1738438872142-1.jpg","articleSection":["National"],"inLanguage":"fr-FR"},{"@type":"WebPage","@id":"https:\/\/www.amanien.info\/news\/presidentielles-2025-affi-nguessan-interpelle-laurent-gbagbo-sur-sa-responsabilite-a-unir-lopposition-election-presidentielle-de-2025-affi-nguessan-interpelle-laurent-gbagbo-sur-sa-respon\/","url":"https:\/\/www.amanien.info\/news\/presidentielles-2025-affi-nguessan-interpelle-laurent-gbagbo-sur-sa-responsabilite-a-unir-lopposition-election-presidentielle-de-2025-affi-nguessan-interpelle-laurent-gbagbo-sur-sa-respon\/","name":"Pr\u00e9sidentielle de 2025: Affi N'Guessan interpelle Laurent Gbagbo sur sa responsabilit\u00e9 \u00e0 unir l'opposition\u00a0 - Amanien| L&#039;actualit\u00e9 Ivoirienne et Internationale","isPartOf":{"@id":"https:\/\/www.amanien.info\/news\/#website"},"primaryImageOfPage":{"@id":"https:\/\/www.amanien.info\/news\/presidentielles-2025-affi-nguessan-interpelle-laurent-gbagbo-sur-sa-responsabilite-a-unir-lopposition-election-presidentielle-de-2025-affi-nguessan-interpelle-laurent-gbagbo-sur-sa-respon\/#primaryimage"},"image":{"@id":"https:\/\/www.amanien.info\/news\/presidentielles-2025-affi-nguessan-interpelle-laurent-gbagbo-sur-sa-responsabilite-a-unir-lopposition-election-presidentielle-de-2025-affi-nguessan-interpelle-laurent-gbagbo-sur-sa-respon\/#primaryimage"},"thumbnailUrl":"https:\/\/www.amanien.info\/news\/wp-content\/uploads\/2025\/02\/1738438872142-1.jpg","datePublished":"2025-02-01T20:23:27+00:00","dateModified":"2025-02-01T20:42:09+00:00","author":{"@id":"https:\/\/www.amanien.info\/news\/#\/schema\/person\/b21093345753a1a98242d505bd894f42"},"breadcrumb":{"@id":"https:\/\/www.amanien.info\/news\/presidentielles-2025-affi-nguessan-interpelle-laurent-gbagbo-sur-sa-responsabilite-a-unir-lopposition-election-presidentielle-de-2025-affi-nguessan-interpelle-laurent-gbagbo-sur-sa-respon\/#breadcrumb"},"inLanguage":"fr-FR","potentialAction":[{"@type":"ReadAction","target":["https:\/\/www.amanien.info\/news\/presidentielles-2025-affi-nguessan-interpelle-laurent-gbagbo-sur-sa-responsabilite-a-unir-lopposition-election-presidentielle-de-2025-affi-nguessan-interpelle-laurent-gbagbo-sur-sa-respon\/"]}]},{"@type":"ImageObject","inLanguage":"fr-FR","@id":"https:\/\/www.amanien.info\/news\/presidentielles-2025-affi-nguessan-interpelle-laurent-gbagbo-sur-sa-responsabilite-a-unir-lopposition-election-presidentielle-de-2025-affi-nguessan-interpelle-laurent-gbagbo-sur-sa-respon\/#primaryimage","url":"https:\/\/www.amanien.info\/news\/wp-content\/uploads\/2025\/02\/1738438872142-1.jpg","contentUrl":"https:\/\/www.amanien.info\/news\/wp-content\/uploads\/2025\/02\/1738438872142-1.jpg","width":720,"height":480},{"@type":"BreadcrumbList","@id":"https:\/\/www.amanien.info\/news\/presidentielles-2025-affi-nguessan-interpelle-laurent-gbagbo-sur-sa-responsabilite-a-unir-lopposition-election-presidentielle-de-2025-affi-nguessan-interpelle-laurent-gbagbo-sur-sa-respon\/#breadcrumb","itemListElement":[{"@type":"ListItem","position":1,"name":"Accueil","item":"https:\/\/www.amanien.info\/news\/"},{"@type":"ListItem","position":2,"name":"Pr\u00e9sidentielle de 2025: Affi N&rsquo;Guessan interpelle Laurent Gbagbo sur sa responsabilit\u00e9 \u00e0 unir l&rsquo;opposition\u00a0"}]},{"@type":"WebSite","@id":"https:\/\/www.amanien.info\/news\/#website","url":"https:\/\/www.amanien.info\/news\/","name":"Amanien| L&#039;actualit\u00e9 Ivoirienne et Internationale","description":"L&#039;actualit\u00e9 Ivoirienne et Internationale","potentialAction":[{"@type":"SearchAction","target":{"@type":"EntryPoint","urlTemplate":"https:\/\/www.amanien.info\/news\/?s={search_term_string}"},"query-input":{"@type":"PropertyValueSpecification","valueRequired":true,"valueName":"search_term_string"}}],"inLanguage":"fr-FR"},{"@type":"Person","@id":"https:\/\/www.amanien.info\/news\/#\/schema\/person\/b21093345753a1a98242d505bd894f42","name":"Germain Ndri","url":"https:\/\/www.amanien.info\/news\/author\/amanien-infos\/"}]}},"_links":{"self":[{"href":"https:\/\/www.amanien.info\/news\/wp-json\/wp\/v2\/posts\/7071","targetHints":{"allow":["GET"]}}],"collection":[{"href":"https:\/\/www.amanien.info\/news\/wp-json\/wp\/v2\/posts"}],"about":[{"href":"https:\/\/www.amanien.info\/news\/wp-json\/wp\/v2\/types\/post"}],"author":[{"embeddable":true,"href":"https:\/\/www.amanien.info\/news\/wp-json\/wp\/v2\/users\/2"}],"replies":[{"embeddable":true,"href":"https:\/\/www.amanien.info\/news\/wp-json\/wp\/v2\/comments?post=7071"}],"version-history":[{"count":3,"href":"https:\/\/www.amanien.info\/news\/wp-json\/wp\/v2\/posts\/7071\/revisions"}],"predecessor-version":[{"id":7075,"href":"https:\/\/www.amanien.info\/news\/wp-json\/wp\/v2\/posts\/7071\/revisions\/7075"}],"wp:featuredmedia":[{"embeddable":true,"href":"https:\/\/www.amanien.info\/news\/wp-json\/wp\/v2\/media\/7072"}],"wp:attachment":[{"href":"https:\/\/www.amanien.info\/news\/wp-json\/wp\/v2\/media?parent=7071"}],"wp:term":[{"taxonomy":"category","embeddable":true,"href":"https:\/\/www.amanien.info\/news\/wp-json\/wp\/v2\/categories?post=7071"},{"taxonomy":"post_tag","embeddable":true,"href":"https:\/\/www.amanien.info\/news\/wp-json\/wp\/v2\/tags?post=7071"}],"curies":[{"name":"wp","href":"https:\/\/api.w.org\/{rel}","templated":true}]}}