{"id":7068,"date":"2025-01-31T19:17:01","date_gmt":"2025-01-31T19:17:01","guid":{"rendered":"https:\/\/www.amanien.info\/news\/?p=7068"},"modified":"2025-01-31T19:17:01","modified_gmt":"2025-01-31T19:17:01","slug":"3e-promotion-des-administrateurs-de-linad-ci-15-diplomes-recoivent-leurs-certificats-du-programme-de-certification-des-administrateurs-de-societes-cas-de-luemoa","status":"publish","type":"post","link":"https:\/\/www.amanien.info\/news\/3e-promotion-des-administrateurs-de-linad-ci-15-diplomes-recoivent-leurs-certificats-du-programme-de-certification-des-administrateurs-de-societes-cas-de-luemoa\/","title":{"rendered":"3\u00e8 promotion des administrateurs de l&rsquo;INAD-CI : 15 dipl\u00f4m\u00e9s re\u00e7oivent leurs certificats du programme de Certification des Administrateurs de Soci\u00e9t\u00e9s (CAS) de l&rsquo;UEMOA"},"content":{"rendered":"<div><span style=\"text-transform: initial;\">Quinze (15) administrateurs de la troisi\u00e8me promotion de l&rsquo;Institut National des Administrateurs de C\u00f4te d&rsquo;Ivoire (INAD-CI) ont \u00e9t\u00e9 certifi\u00e9s CAS de l&rsquo;espace UEMOA, au cours de la c\u00e9r\u00e9monie de cl\u00f4ture du CAS UEMOA qui s&rsquo;est tenue, le jeudi 30 janvier 2025, \u00e0 Abidjan-Plateau.\u00a0<\/span><\/div>\n<div><\/div>\n<div><\/div>\n<div>Repr\u00e9sentant le Vice-pr\u00e9sident de la R\u00e9publique, Emmanuel AHOUTOU, a invit\u00e9 les r\u00e9cipiendaires \u00e0 incarner des valeurs d&rsquo;excellence, d&rsquo;\u00e9quit\u00e9 constante et \u00e0 \u00eatre des garants d&rsquo;une gouvernance exemplaire. \u00ab\u00a0Vous devez, en toute circonstance, veiller \u00e0 lutter contre la corruption et les d\u00e9rives et \u00e0 \u0153uvrer \u00e0 l&rsquo;am\u00e9lioration continue des performances de l&rsquo;entreprise\u00a0\u00bb, a-t-il recommand\u00e9.<\/div>\n<div><\/div>\n<div>Puis d&rsquo;ajouter :\u00a0\u00bbIl vous appartient d\u00e9sormais \u00e0 mettre en place des strat\u00e9gies constructives, \u00e0 renforcer la comp\u00e9titivit\u00e9 de nos entreprises et \u00e0 favoriser leur croissance en vue d&rsquo;assurer leur p\u00e9rennit\u00e9 \u00ab\u00a0, a d\u00e9clar\u00e9 le Directeur de cabinet du Vice-pr\u00e9sident de la R\u00e9publique.<\/div>\n<div><\/div>\n<div><\/div>\n<div>Pour sa part, le parrain de la promotion, par ailleurs Ministre de la communication et des m\u00e9dias, Amadou Coulibaly, a exhort\u00e9 ses filleuls \u00e0 \u00eatre des \u00ab\u00a0sanctuaires de la bonne gouvernance\u00a0\u00bb, en mettant un point d&rsquo;honneur \u00e0 la transparence et \u00e0 la lutte contre la corruption. \u00ab\u00a0Vous devez \u00eatre des remparts contre ces fl\u00e9aux. D\u00e9sormais outill\u00e9s, vous pouvez pleinement contribuer au d\u00e9veloppement de notre \u00e9conomie\u00a0\u00bb, a-t-il affirm\u00e9.<\/div>\n<div><\/div>\n<div>Assurant qu&rsquo;il suivrait de pr\u00e8s le parcours de ses filleuls dans la gestion des affaires publiques.<\/div>\n<div><\/div>\n<div><\/div>\n<div>Quant \u00e0 elle, la Pr\u00e9sidente de l&rsquo;INAD-CI, Mme Viviane ZUNON-KIPRE, a invit\u00e9 les administrateurs \u00e0 optimiser leur pr\u00e9sence au sein des conseils d&rsquo;administration, \u00e0 \u0153uvrer \u00e0 la p\u00e9rennit\u00e9 des entreprises et \u00e0 contribuer, par leurs comp\u00e9tences, \u00e0 la consolidation de la performance des organisations.<\/div>\n<div><\/div>\n<div>Elle a \u00e9galement exhort\u00e9 \u00e0 \u00ab\u00a0continuer sur la voie de l&rsquo;excellence, \u00e0 \u00eatre les architectes d&rsquo;une gouvernance d&rsquo;entreprise plus efficace, plus juste, et r\u00e9solument tourn\u00e9e vers l&rsquo;avenir.<\/div>\n<div><\/div>\n<div><\/div>\n<div>La Premi\u00e8re responsable de l&rsquo;INAD-CI n&rsquo;a pas manqu\u00e9 de r\u00e9affirmer son engagement total \u00e0 fournir aux administrateurs de la C\u00f4te d&rsquo;Ivoire et de l&rsquo;espace UEMOA, des formations d&rsquo;une \u00ab\u00a0qualit\u00e9 irr\u00e9prochable\u00a0\u00bb, anim\u00e9es par des experts alliant excellence acad\u00e9mique et expertise professionnelle.<\/div>\n<div><\/div>\n<div>Bien avant, la Porte-parole des r\u00e9cipiendaires, Mme Georgina CODO ADJA, a exprim\u00e9 sa gratitude \u00e0 tous ceux qui les ont accompagn\u00e9s tout au long de leur formation. \u00ab\u00a0Nous, dipl\u00f4m\u00e9s de cette cohorte de l&rsquo;INAD-CI, sommes pleinement conscients des enjeux de la gouvernance. Nous repr\u00e9sentons un vivier de comp\u00e9tences \u00e0 la disposition des entreprises. Utilisez-nous!\u00a0\u00bb, a-t-elle dit, tout en exhortant ses camarades \u00e0 \u00eatre \u00ab\u00a0exemplaires, des leaders responsables et \u00e0 utiliser leur pouvoir avec sagesse \u00ab\u00a0.<\/div>\n<div><\/div>\n<div>Notons que cette belle c\u00e9r\u00e9monie a \u00e9t\u00e9 marqu\u00e9e par la passation de flambeau \u00e0 la nouvelle promotion, la remise de certificats aux administrateurs ainsi que la remise d&rsquo;un pr\u00e9sent au repr\u00e9sentant du vice-pr\u00e9sident de la R\u00e9publique, Emmanuel AHOUTOU.<\/div>\n<div><\/div>\n<div>Cr\u00e9\u00e9e le 09 avril 2013, l&rsquo;INAD-CI, association \u00e0 but non lucratif, est l&rsquo;organe de r\u00e9f\u00e9rence sp\u00e9cialis\u00e9 dans la professionnalisation du m\u00e9tier d&rsquo;administrateur.<\/div>\n<div><\/div>\n<div>Elle a, depuis sa cr\u00e9ation, form\u00e9 483 administrateurs de soci\u00e9t\u00e9s publiques form\u00e9s, dont 40 femmes (CASP), 50 Directeurs G\u00e9n\u00e9raux certifi\u00e9s au\u00a0 \u00ab\u00a0Public Executive Certificate\u00a0\u00bb(PEC), dont 08 femmes, 51 administrateurs et organisations de l&rsquo;espace UEMOA.<\/div>\n<div><\/div>\n<div><\/div>\n<div><b>S.A.<\/b><\/div>\n","protected":false},"excerpt":{"rendered":"<p>Quinze (15) administrateurs de la troisi\u00e8me promotion de l&rsquo;Institut National des Administrateurs de C\u00f4te d&rsquo;Ivoire (INAD-CI) ont \u00e9t\u00e9 certifi\u00e9s CAS de l&rsquo;espace UEMOA, au cours de la c\u00e9r\u00e9monie de cl\u00f4ture du CAS UEMOA qui s&rsquo;est tenue, le jeudi 30 janvier 2025, \u00e0 Abidjan-Plateau.\u00a0 Repr\u00e9sentant le Vice-pr\u00e9sident de la R\u00e9publique, Emmanuel AHOUTOU, a invit\u00e9 les r\u00e9cipiendaires [&hellip;]<\/p>\n","protected":false},"author":2,"featured_media":7069,"comment_status":"closed","ping_status":"closed","sticky":false,"template":"","format":"standard","meta":{"_acf_changed":false,"footnotes":""},"categories":[],"tags":[],"class_list":["post-7068","post","type-post","status-publish","format-standard","has-post-thumbnail","hentry"],"acf":[],"yoast_head":"<!-- This site is optimized with the Yoast SEO plugin v27.5 - https:\/\/yoast.com\/product\/yoast-seo-wordpress\/ -->\n<title>3\u00e8 promotion des administrateurs de l&#039;INAD-CI : 15 dipl\u00f4m\u00e9s re\u00e7oivent leurs certificats du programme de Certification des Administrateurs de Soci\u00e9t\u00e9s (CAS) de l&#039;UEMOA - Amanien| L&#039;actualit\u00e9 Ivoirienne et Internationale<\/title>\n<meta name=\"robots\" content=\"index, follow, max-snippet:-1, max-image-preview:large, max-video-preview:-1\" \/>\n<link rel=\"canonical\" href=\"https:\/\/www.amanien.info\/news\/3e-promotion-des-administrateurs-de-linad-ci-15-diplomes-recoivent-leurs-certificats-du-programme-de-certification-des-administrateurs-de-societes-cas-de-luemoa\/\" \/>\n<meta property=\"og:locale\" content=\"fr_FR\" \/>\n<meta property=\"og:type\" content=\"article\" \/>\n<meta property=\"og:title\" content=\"3\u00e8 promotion des administrateurs de l&#039;INAD-CI : 15 dipl\u00f4m\u00e9s re\u00e7oivent leurs certificats du programme de Certification des Administrateurs de Soci\u00e9t\u00e9s (CAS) de l&#039;UEMOA - Amanien| L&#039;actualit\u00e9 Ivoirienne et Internationale\" \/>\n<meta property=\"og:description\" content=\"Quinze (15) administrateurs de la troisi\u00e8me promotion de l&rsquo;Institut National des Administrateurs de C\u00f4te d&rsquo;Ivoire (INAD-CI) ont \u00e9t\u00e9 certifi\u00e9s CAS de l&rsquo;espace UEMOA, au cours de la c\u00e9r\u00e9monie de cl\u00f4ture du CAS UEMOA qui s&rsquo;est tenue, le jeudi 30 janvier 2025, \u00e0 Abidjan-Plateau.\u00a0 Repr\u00e9sentant le Vice-pr\u00e9sident de la R\u00e9publique, Emmanuel AHOUTOU, a invit\u00e9 les r\u00e9cipiendaires [&hellip;]\" \/>\n<meta property=\"og:url\" content=\"https:\/\/www.amanien.info\/news\/3e-promotion-des-administrateurs-de-linad-ci-15-diplomes-recoivent-leurs-certificats-du-programme-de-certification-des-administrateurs-de-societes-cas-de-luemoa\/\" \/>\n<meta property=\"og:site_name\" content=\"Amanien| L&#039;actualit\u00e9 Ivoirienne et Internationale\" \/>\n<meta property=\"article:published_time\" content=\"2025-01-31T19:17:01+00:00\" \/>\n<meta property=\"og:image\" content=\"https:\/\/www.amanien.info\/news\/wp-content\/uploads\/2025\/01\/IMG-20250131-WA0098-1.jpg\" \/>\n\t<meta property=\"og:image:width\" content=\"1600\" \/>\n\t<meta property=\"og:image:height\" content=\"1066\" \/>\n\t<meta property=\"og:image:type\" content=\"image\/jpeg\" \/>\n<meta name=\"author\" content=\"Germain Ndri\" \/>\n<meta name=\"twitter:card\" content=\"summary_large_image\" \/>\n<meta name=\"twitter:label1\" content=\"\u00c9crit par\" \/>\n\t<meta name=\"twitter:data1\" content=\"Germain Ndri\" \/>\n\t<meta name=\"twitter:label2\" content=\"Dur\u00e9e de lecture estim\u00e9e\" \/>\n\t<meta name=\"twitter:data2\" content=\"3 minutes\" \/>\n<script type=\"application\/ld+json\" class=\"yoast-schema-graph\">{\"@context\":\"https:\\\/\\\/schema.org\",\"@graph\":[{\"@type\":\"Article\",\"@id\":\"https:\\\/\\\/www.amanien.info\\\/news\\\/3e-promotion-des-administrateurs-de-linad-ci-15-diplomes-recoivent-leurs-certificats-du-programme-de-certification-des-administrateurs-de-societes-cas-de-luemoa\\\/#article\",\"isPartOf\":{\"@id\":\"https:\\\/\\\/www.amanien.info\\\/news\\\/3e-promotion-des-administrateurs-de-linad-ci-15-diplomes-recoivent-leurs-certificats-du-programme-de-certification-des-administrateurs-de-societes-cas-de-luemoa\\\/\"},\"author\":{\"name\":\"Germain Ndri\",\"@id\":\"https:\\\/\\\/www.amanien.info\\\/news\\\/#\\\/schema\\\/person\\\/b21093345753a1a98242d505bd894f42\"},\"headline\":\"3\u00e8 promotion des administrateurs de l&rsquo;INAD-CI : 15 dipl\u00f4m\u00e9s re\u00e7oivent leurs certificats du programme de Certification des Administrateurs de Soci\u00e9t\u00e9s (CAS) de l&rsquo;UEMOA\",\"datePublished\":\"2025-01-31T19:17:01+00:00\",\"mainEntityOfPage\":{\"@id\":\"https:\\\/\\\/www.amanien.info\\\/news\\\/3e-promotion-des-administrateurs-de-linad-ci-15-diplomes-recoivent-leurs-certificats-du-programme-de-certification-des-administrateurs-de-societes-cas-de-luemoa\\\/\"},\"wordCount\":584,\"image\":{\"@id\":\"https:\\\/\\\/www.amanien.info\\\/news\\\/3e-promotion-des-administrateurs-de-linad-ci-15-diplomes-recoivent-leurs-certificats-du-programme-de-certification-des-administrateurs-de-societes-cas-de-luemoa\\\/#primaryimage\"},\"thumbnailUrl\":\"https:\\\/\\\/www.amanien.info\\\/news\\\/wp-content\\\/uploads\\\/2025\\\/01\\\/IMG-20250131-WA0098-1.jpg\",\"inLanguage\":\"fr-FR\"},{\"@type\":\"WebPage\",\"@id\":\"https:\\\/\\\/www.amanien.info\\\/news\\\/3e-promotion-des-administrateurs-de-linad-ci-15-diplomes-recoivent-leurs-certificats-du-programme-de-certification-des-administrateurs-de-societes-cas-de-luemoa\\\/\",\"url\":\"https:\\\/\\\/www.amanien.info\\\/news\\\/3e-promotion-des-administrateurs-de-linad-ci-15-diplomes-recoivent-leurs-certificats-du-programme-de-certification-des-administrateurs-de-societes-cas-de-luemoa\\\/\",\"name\":\"3\u00e8 promotion des administrateurs de l'INAD-CI : 15 dipl\u00f4m\u00e9s re\u00e7oivent leurs certificats du programme de Certification des Administrateurs de Soci\u00e9t\u00e9s (CAS) de l'UEMOA - Amanien| L&#039;actualit\u00e9 Ivoirienne et Internationale\",\"isPartOf\":{\"@id\":\"https:\\\/\\\/www.amanien.info\\\/news\\\/#website\"},\"primaryImageOfPage\":{\"@id\":\"https:\\\/\\\/www.amanien.info\\\/news\\\/3e-promotion-des-administrateurs-de-linad-ci-15-diplomes-recoivent-leurs-certificats-du-programme-de-certification-des-administrateurs-de-societes-cas-de-luemoa\\\/#primaryimage\"},\"image\":{\"@id\":\"https:\\\/\\\/www.amanien.info\\\/news\\\/3e-promotion-des-administrateurs-de-linad-ci-15-diplomes-recoivent-leurs-certificats-du-programme-de-certification-des-administrateurs-de-societes-cas-de-luemoa\\\/#primaryimage\"},\"thumbnailUrl\":\"https:\\\/\\\/www.amanien.info\\\/news\\\/wp-content\\\/uploads\\\/2025\\\/01\\\/IMG-20250131-WA0098-1.jpg\",\"datePublished\":\"2025-01-31T19:17:01+00:00\",\"author\":{\"@id\":\"https:\\\/\\\/www.amanien.info\\\/news\\\/#\\\/schema\\\/person\\\/b21093345753a1a98242d505bd894f42\"},\"breadcrumb\":{\"@id\":\"https:\\\/\\\/www.amanien.info\\\/news\\\/3e-promotion-des-administrateurs-de-linad-ci-15-diplomes-recoivent-leurs-certificats-du-programme-de-certification-des-administrateurs-de-societes-cas-de-luemoa\\\/#breadcrumb\"},\"inLanguage\":\"fr-FR\",\"potentialAction\":[{\"@type\":\"ReadAction\",\"target\":[\"https:\\\/\\\/www.amanien.info\\\/news\\\/3e-promotion-des-administrateurs-de-linad-ci-15-diplomes-recoivent-leurs-certificats-du-programme-de-certification-des-administrateurs-de-societes-cas-de-luemoa\\\/\"]}]},{\"@type\":\"ImageObject\",\"inLanguage\":\"fr-FR\",\"@id\":\"https:\\\/\\\/www.amanien.info\\\/news\\\/3e-promotion-des-administrateurs-de-linad-ci-15-diplomes-recoivent-leurs-certificats-du-programme-de-certification-des-administrateurs-de-societes-cas-de-luemoa\\\/#primaryimage\",\"url\":\"https:\\\/\\\/www.amanien.info\\\/news\\\/wp-content\\\/uploads\\\/2025\\\/01\\\/IMG-20250131-WA0098-1.jpg\",\"contentUrl\":\"https:\\\/\\\/www.amanien.info\\\/news\\\/wp-content\\\/uploads\\\/2025\\\/01\\\/IMG-20250131-WA0098-1.jpg\",\"width\":1600,\"height\":1066},{\"@type\":\"BreadcrumbList\",\"@id\":\"https:\\\/\\\/www.amanien.info\\\/news\\\/3e-promotion-des-administrateurs-de-linad-ci-15-diplomes-recoivent-leurs-certificats-du-programme-de-certification-des-administrateurs-de-societes-cas-de-luemoa\\\/#breadcrumb\",\"itemListElement\":[{\"@type\":\"ListItem\",\"position\":1,\"name\":\"Accueil\",\"item\":\"https:\\\/\\\/www.amanien.info\\\/news\\\/\"},{\"@type\":\"ListItem\",\"position\":2,\"name\":\"3\u00e8 promotion des administrateurs de l&rsquo;INAD-CI : 15 dipl\u00f4m\u00e9s re\u00e7oivent leurs certificats du programme de Certification des Administrateurs de Soci\u00e9t\u00e9s (CAS) de l&rsquo;UEMOA\"}]},{\"@type\":\"WebSite\",\"@id\":\"https:\\\/\\\/www.amanien.info\\\/news\\\/#website\",\"url\":\"https:\\\/\\\/www.amanien.info\\\/news\\\/\",\"name\":\"Amanien| L&#039;actualit\u00e9 Ivoirienne et Internationale\",\"description\":\"L&#039;actualit\u00e9 Ivoirienne et Internationale\",\"potentialAction\":[{\"@type\":\"SearchAction\",\"target\":{\"@type\":\"EntryPoint\",\"urlTemplate\":\"https:\\\/\\\/www.amanien.info\\\/news\\\/?s={search_term_string}\"},\"query-input\":{\"@type\":\"PropertyValueSpecification\",\"valueRequired\":true,\"valueName\":\"search_term_string\"}}],\"inLanguage\":\"fr-FR\"},{\"@type\":\"Person\",\"@id\":\"https:\\\/\\\/www.amanien.info\\\/news\\\/#\\\/schema\\\/person\\\/b21093345753a1a98242d505bd894f42\",\"name\":\"Germain Ndri\",\"url\":\"https:\\\/\\\/www.amanien.info\\\/news\\\/author\\\/amanien-infos\\\/\"}]}<\/script>\n<!-- \/ Yoast SEO plugin. -->","yoast_head_json":{"title":"3\u00e8 promotion des administrateurs de l'INAD-CI : 15 dipl\u00f4m\u00e9s re\u00e7oivent leurs certificats du programme de Certification des Administrateurs de Soci\u00e9t\u00e9s (CAS) de l'UEMOA - Amanien| L&#039;actualit\u00e9 Ivoirienne et Internationale","robots":{"index":"index","follow":"follow","max-snippet":"max-snippet:-1","max-image-preview":"max-image-preview:large","max-video-preview":"max-video-preview:-1"},"canonical":"https:\/\/www.amanien.info\/news\/3e-promotion-des-administrateurs-de-linad-ci-15-diplomes-recoivent-leurs-certificats-du-programme-de-certification-des-administrateurs-de-societes-cas-de-luemoa\/","og_locale":"fr_FR","og_type":"article","og_title":"3\u00e8 promotion des administrateurs de l'INAD-CI : 15 dipl\u00f4m\u00e9s re\u00e7oivent leurs certificats du programme de Certification des Administrateurs de Soci\u00e9t\u00e9s (CAS) de l'UEMOA - Amanien| L&#039;actualit\u00e9 Ivoirienne et Internationale","og_description":"Quinze (15) administrateurs de la troisi\u00e8me promotion de l&rsquo;Institut National des Administrateurs de C\u00f4te d&rsquo;Ivoire (INAD-CI) ont \u00e9t\u00e9 certifi\u00e9s CAS de l&rsquo;espace UEMOA, au cours de la c\u00e9r\u00e9monie de cl\u00f4ture du CAS UEMOA qui s&rsquo;est tenue, le jeudi 30 janvier 2025, \u00e0 Abidjan-Plateau.\u00a0 Repr\u00e9sentant le Vice-pr\u00e9sident de la R\u00e9publique, Emmanuel AHOUTOU, a invit\u00e9 les r\u00e9cipiendaires [&hellip;]","og_url":"https:\/\/www.amanien.info\/news\/3e-promotion-des-administrateurs-de-linad-ci-15-diplomes-recoivent-leurs-certificats-du-programme-de-certification-des-administrateurs-de-societes-cas-de-luemoa\/","og_site_name":"Amanien| L&#039;actualit\u00e9 Ivoirienne et Internationale","article_published_time":"2025-01-31T19:17:01+00:00","og_image":[{"width":1600,"height":1066,"url":"https:\/\/www.amanien.info\/news\/wp-content\/uploads\/2025\/01\/IMG-20250131-WA0098-1.jpg","type":"image\/jpeg"}],"author":"Germain Ndri","twitter_card":"summary_large_image","twitter_misc":{"\u00c9crit par":"Germain Ndri","Dur\u00e9e de lecture estim\u00e9e":"3 minutes"},"schema":{"@context":"https:\/\/schema.org","@graph":[{"@type":"Article","@id":"https:\/\/www.amanien.info\/news\/3e-promotion-des-administrateurs-de-linad-ci-15-diplomes-recoivent-leurs-certificats-du-programme-de-certification-des-administrateurs-de-societes-cas-de-luemoa\/#article","isPartOf":{"@id":"https:\/\/www.amanien.info\/news\/3e-promotion-des-administrateurs-de-linad-ci-15-diplomes-recoivent-leurs-certificats-du-programme-de-certification-des-administrateurs-de-societes-cas-de-luemoa\/"},"author":{"name":"Germain Ndri","@id":"https:\/\/www.amanien.info\/news\/#\/schema\/person\/b21093345753a1a98242d505bd894f42"},"headline":"3\u00e8 promotion des administrateurs de l&rsquo;INAD-CI : 15 dipl\u00f4m\u00e9s re\u00e7oivent leurs certificats du programme de Certification des Administrateurs de Soci\u00e9t\u00e9s (CAS) de l&rsquo;UEMOA","datePublished":"2025-01-31T19:17:01+00:00","mainEntityOfPage":{"@id":"https:\/\/www.amanien.info\/news\/3e-promotion-des-administrateurs-de-linad-ci-15-diplomes-recoivent-leurs-certificats-du-programme-de-certification-des-administrateurs-de-societes-cas-de-luemoa\/"},"wordCount":584,"image":{"@id":"https:\/\/www.amanien.info\/news\/3e-promotion-des-administrateurs-de-linad-ci-15-diplomes-recoivent-leurs-certificats-du-programme-de-certification-des-administrateurs-de-societes-cas-de-luemoa\/#primaryimage"},"thumbnailUrl":"https:\/\/www.amanien.info\/news\/wp-content\/uploads\/2025\/01\/IMG-20250131-WA0098-1.jpg","inLanguage":"fr-FR"},{"@type":"WebPage","@id":"https:\/\/www.amanien.info\/news\/3e-promotion-des-administrateurs-de-linad-ci-15-diplomes-recoivent-leurs-certificats-du-programme-de-certification-des-administrateurs-de-societes-cas-de-luemoa\/","url":"https:\/\/www.amanien.info\/news\/3e-promotion-des-administrateurs-de-linad-ci-15-diplomes-recoivent-leurs-certificats-du-programme-de-certification-des-administrateurs-de-societes-cas-de-luemoa\/","name":"3\u00e8 promotion des administrateurs de l'INAD-CI : 15 dipl\u00f4m\u00e9s re\u00e7oivent leurs certificats du programme de Certification des Administrateurs de Soci\u00e9t\u00e9s (CAS) de l'UEMOA - Amanien| L&#039;actualit\u00e9 Ivoirienne et Internationale","isPartOf":{"@id":"https:\/\/www.amanien.info\/news\/#website"},"primaryImageOfPage":{"@id":"https:\/\/www.amanien.info\/news\/3e-promotion-des-administrateurs-de-linad-ci-15-diplomes-recoivent-leurs-certificats-du-programme-de-certification-des-administrateurs-de-societes-cas-de-luemoa\/#primaryimage"},"image":{"@id":"https:\/\/www.amanien.info\/news\/3e-promotion-des-administrateurs-de-linad-ci-15-diplomes-recoivent-leurs-certificats-du-programme-de-certification-des-administrateurs-de-societes-cas-de-luemoa\/#primaryimage"},"thumbnailUrl":"https:\/\/www.amanien.info\/news\/wp-content\/uploads\/2025\/01\/IMG-20250131-WA0098-1.jpg","datePublished":"2025-01-31T19:17:01+00:00","author":{"@id":"https:\/\/www.amanien.info\/news\/#\/schema\/person\/b21093345753a1a98242d505bd894f42"},"breadcrumb":{"@id":"https:\/\/www.amanien.info\/news\/3e-promotion-des-administrateurs-de-linad-ci-15-diplomes-recoivent-leurs-certificats-du-programme-de-certification-des-administrateurs-de-societes-cas-de-luemoa\/#breadcrumb"},"inLanguage":"fr-FR","potentialAction":[{"@type":"ReadAction","target":["https:\/\/www.amanien.info\/news\/3e-promotion-des-administrateurs-de-linad-ci-15-diplomes-recoivent-leurs-certificats-du-programme-de-certification-des-administrateurs-de-societes-cas-de-luemoa\/"]}]},{"@type":"ImageObject","inLanguage":"fr-FR","@id":"https:\/\/www.amanien.info\/news\/3e-promotion-des-administrateurs-de-linad-ci-15-diplomes-recoivent-leurs-certificats-du-programme-de-certification-des-administrateurs-de-societes-cas-de-luemoa\/#primaryimage","url":"https:\/\/www.amanien.info\/news\/wp-content\/uploads\/2025\/01\/IMG-20250131-WA0098-1.jpg","contentUrl":"https:\/\/www.amanien.info\/news\/wp-content\/uploads\/2025\/01\/IMG-20250131-WA0098-1.jpg","width":1600,"height":1066},{"@type":"BreadcrumbList","@id":"https:\/\/www.amanien.info\/news\/3e-promotion-des-administrateurs-de-linad-ci-15-diplomes-recoivent-leurs-certificats-du-programme-de-certification-des-administrateurs-de-societes-cas-de-luemoa\/#breadcrumb","itemListElement":[{"@type":"ListItem","position":1,"name":"Accueil","item":"https:\/\/www.amanien.info\/news\/"},{"@type":"ListItem","position":2,"name":"3\u00e8 promotion des administrateurs de l&rsquo;INAD-CI : 15 dipl\u00f4m\u00e9s re\u00e7oivent leurs certificats du programme de Certification des Administrateurs de Soci\u00e9t\u00e9s (CAS) de l&rsquo;UEMOA"}]},{"@type":"WebSite","@id":"https:\/\/www.amanien.info\/news\/#website","url":"https:\/\/www.amanien.info\/news\/","name":"Amanien| L&#039;actualit\u00e9 Ivoirienne et Internationale","description":"L&#039;actualit\u00e9 Ivoirienne et Internationale","potentialAction":[{"@type":"SearchAction","target":{"@type":"EntryPoint","urlTemplate":"https:\/\/www.amanien.info\/news\/?s={search_term_string}"},"query-input":{"@type":"PropertyValueSpecification","valueRequired":true,"valueName":"search_term_string"}}],"inLanguage":"fr-FR"},{"@type":"Person","@id":"https:\/\/www.amanien.info\/news\/#\/schema\/person\/b21093345753a1a98242d505bd894f42","name":"Germain Ndri","url":"https:\/\/www.amanien.info\/news\/author\/amanien-infos\/"}]}},"_links":{"self":[{"href":"https:\/\/www.amanien.info\/news\/wp-json\/wp\/v2\/posts\/7068","targetHints":{"allow":["GET"]}}],"collection":[{"href":"https:\/\/www.amanien.info\/news\/wp-json\/wp\/v2\/posts"}],"about":[{"href":"https:\/\/www.amanien.info\/news\/wp-json\/wp\/v2\/types\/post"}],"author":[{"embeddable":true,"href":"https:\/\/www.amanien.info\/news\/wp-json\/wp\/v2\/users\/2"}],"replies":[{"embeddable":true,"href":"https:\/\/www.amanien.info\/news\/wp-json\/wp\/v2\/comments?post=7068"}],"version-history":[{"count":1,"href":"https:\/\/www.amanien.info\/news\/wp-json\/wp\/v2\/posts\/7068\/revisions"}],"predecessor-version":[{"id":7070,"href":"https:\/\/www.amanien.info\/news\/wp-json\/wp\/v2\/posts\/7068\/revisions\/7070"}],"wp:featuredmedia":[{"embeddable":true,"href":"https:\/\/www.amanien.info\/news\/wp-json\/wp\/v2\/media\/7069"}],"wp:attachment":[{"href":"https:\/\/www.amanien.info\/news\/wp-json\/wp\/v2\/media?parent=7068"}],"wp:term":[{"taxonomy":"category","embeddable":true,"href":"https:\/\/www.amanien.info\/news\/wp-json\/wp\/v2\/categories?post=7068"},{"taxonomy":"post_tag","embeddable":true,"href":"https:\/\/www.amanien.info\/news\/wp-json\/wp\/v2\/tags?post=7068"}],"curies":[{"name":"wp","href":"https:\/\/api.w.org\/{rel}","templated":true}]}}