{"id":7063,"date":"2025-01-30T17:26:19","date_gmt":"2025-01-30T17:26:19","guid":{"rendered":"https:\/\/www.amanien.info\/news\/?p=7063"},"modified":"2025-01-30T18:28:01","modified_gmt":"2025-01-30T18:28:01","slug":"fpi-presentation-de-voeux-le-president-affi-nguessan-pascal-sadressera-aux-ivoiriens-et-a-la-communaute-internationale","status":"publish","type":"post","link":"https:\/\/www.amanien.info\/news\/fpi-presentation-de-voeux-le-president-affi-nguessan-pascal-sadressera-aux-ivoiriens-et-a-la-communaute-internationale\/","title":{"rendered":"FPI\/Pr\u00e9sentation de v\u0153ux : Le pr\u00e9sident AFFI N&rsquo;GUESSAN Pascal s&rsquo;adressera aux Ivoiriens et \u00e0 la communaut\u00e9 internationale samedi"},"content":{"rendered":"<p>&nbsp;<\/p>\n<div>Le pr\u00e9sident du front populaire ivoirien (fpi), le premier ministre Affi N&rsquo;Guessan pascal, recevra \u00e0 son domicile sis \u00e0 M&rsquo;Bandon(Cocody-Abidjan),le samedi 01 f\u00e9vrier \u00e0 partir de 08h, les v\u0153ux de nouvel an de la part des membres du secr\u00e9tariat g\u00e9n\u00e9ral et des structures sp\u00e9cialis\u00e9es. Il s&rsquo;agit de: l&rsquo;organisation des femmes du fpi (ofpi), la jeunesse du front populaire (jfpi), la cellule des enseignants du secondaire du front populaire ivoirien (CES-FPI), la cellule des enseignants du primaire du front populaire ivoirien (CEP-FPI ) et du comit\u00e9 de contr\u00f4le.<\/div>\n<div><\/div>\n<div>Selon nos sources, le premier ministre Affi N&rsquo;Guessan pascal, candidat du fpi \u00e0 la pr\u00e9sidentielle d&rsquo;octobre 2025 d\u00e9livrera un message important \u00e0 l&rsquo;endroit de tous les ivoiriens et de toute la communaut\u00e9 internationale sur :<\/div>\n<div>-Le dialogue politique ;<\/div>\n<div>-l&rsquo;\u00e9lection pr\u00e9sidentielle d&rsquo;octobre 2025;<\/div>\n<div>&#8211; la r\u00e9vision de la liste \u00e9lectorale ;<\/div>\n<div>et l&rsquo;\u00e9ventuelle candidature du pr\u00e9sident de la R\u00e9publique Allassane Ouattara \u00e0 l&rsquo;\u00e9lection pr\u00e9sidentielle d&rsquo;octobre 2025.<\/div>\n<div><\/div>\n<div>ST\u00c8VE GUEDE<\/div>\n","protected":false},"excerpt":{"rendered":"<p>&nbsp; Le pr\u00e9sident du front populaire ivoirien (fpi), le premier ministre Affi N&rsquo;Guessan pascal, recevra \u00e0 son domicile sis \u00e0 M&rsquo;Bandon(Cocody-Abidjan),le samedi 01 f\u00e9vrier \u00e0 partir de 08h, les v\u0153ux de nouvel an de la part des membres du secr\u00e9tariat g\u00e9n\u00e9ral et des structures sp\u00e9cialis\u00e9es. Il s&rsquo;agit de: l&rsquo;organisation des femmes du fpi (ofpi), la [&hellip;]<\/p>\n","protected":false},"author":2,"featured_media":7064,"comment_status":"closed","ping_status":"closed","sticky":false,"template":"","format":"standard","meta":{"_acf_changed":false,"footnotes":""},"categories":[1],"tags":[],"class_list":["post-7063","post","type-post","status-publish","format-standard","has-post-thumbnail","hentry","category-national"],"acf":[],"yoast_head":"<!-- This site is optimized with the Yoast SEO plugin v27.5 - https:\/\/yoast.com\/product\/yoast-seo-wordpress\/ -->\n<title>FPI\/Pr\u00e9sentation de v\u0153ux : Le pr\u00e9sident AFFI N&#039;GUESSAN Pascal s&#039;adressera aux Ivoiriens et \u00e0 la communaut\u00e9 internationale samedi - Amanien| L&#039;actualit\u00e9 Ivoirienne et Internationale<\/title>\n<meta name=\"robots\" content=\"index, follow, max-snippet:-1, max-image-preview:large, max-video-preview:-1\" \/>\n<link rel=\"canonical\" href=\"https:\/\/www.amanien.info\/news\/fpi-presentation-de-voeux-le-president-affi-nguessan-pascal-sadressera-aux-ivoiriens-et-a-la-communaute-internationale\/\" \/>\n<meta property=\"og:locale\" content=\"fr_FR\" \/>\n<meta property=\"og:type\" content=\"article\" \/>\n<meta property=\"og:title\" content=\"FPI\/Pr\u00e9sentation de v\u0153ux : Le pr\u00e9sident AFFI N&#039;GUESSAN Pascal s&#039;adressera aux Ivoiriens et \u00e0 la communaut\u00e9 internationale samedi - Amanien| L&#039;actualit\u00e9 Ivoirienne et Internationale\" \/>\n<meta property=\"og:description\" content=\"&nbsp; Le pr\u00e9sident du front populaire ivoirien (fpi), le premier ministre Affi N&rsquo;Guessan pascal, recevra \u00e0 son domicile sis \u00e0 M&rsquo;Bandon(Cocody-Abidjan),le samedi 01 f\u00e9vrier \u00e0 partir de 08h, les v\u0153ux de nouvel an de la part des membres du secr\u00e9tariat g\u00e9n\u00e9ral et des structures sp\u00e9cialis\u00e9es. Il s&rsquo;agit de: l&rsquo;organisation des femmes du fpi (ofpi), la [&hellip;]\" \/>\n<meta property=\"og:url\" content=\"https:\/\/www.amanien.info\/news\/fpi-presentation-de-voeux-le-president-affi-nguessan-pascal-sadressera-aux-ivoiriens-et-a-la-communaute-internationale\/\" \/>\n<meta property=\"og:site_name\" content=\"Amanien| L&#039;actualit\u00e9 Ivoirienne et Internationale\" \/>\n<meta property=\"article:published_time\" content=\"2025-01-30T17:26:19+00:00\" \/>\n<meta property=\"article:modified_time\" content=\"2025-01-30T18:28:01+00:00\" \/>\n<meta property=\"og:image\" content=\"https:\/\/www.amanien.info\/news\/wp-content\/uploads\/2025\/01\/1738255889733-1.jpg\" \/>\n\t<meta property=\"og:image:width\" content=\"719\" \/>\n\t<meta property=\"og:image:height\" content=\"405\" \/>\n\t<meta property=\"og:image:type\" content=\"image\/jpeg\" \/>\n<meta name=\"author\" content=\"Germain Ndri\" \/>\n<meta name=\"twitter:card\" content=\"summary_large_image\" \/>\n<meta name=\"twitter:label1\" content=\"\u00c9crit par\" \/>\n\t<meta name=\"twitter:data1\" content=\"Germain Ndri\" \/>\n\t<meta name=\"twitter:label2\" content=\"Dur\u00e9e de lecture estim\u00e9e\" \/>\n\t<meta name=\"twitter:data2\" content=\"1 minute\" \/>\n<script type=\"application\/ld+json\" class=\"yoast-schema-graph\">{\"@context\":\"https:\\\/\\\/schema.org\",\"@graph\":[{\"@type\":\"Article\",\"@id\":\"https:\\\/\\\/www.amanien.info\\\/news\\\/fpi-presentation-de-voeux-le-president-affi-nguessan-pascal-sadressera-aux-ivoiriens-et-a-la-communaute-internationale\\\/#article\",\"isPartOf\":{\"@id\":\"https:\\\/\\\/www.amanien.info\\\/news\\\/fpi-presentation-de-voeux-le-president-affi-nguessan-pascal-sadressera-aux-ivoiriens-et-a-la-communaute-internationale\\\/\"},\"author\":{\"name\":\"Germain Ndri\",\"@id\":\"https:\\\/\\\/www.amanien.info\\\/news\\\/#\\\/schema\\\/person\\\/b21093345753a1a98242d505bd894f42\"},\"headline\":\"FPI\\\/Pr\u00e9sentation de v\u0153ux : Le pr\u00e9sident AFFI N&rsquo;GUESSAN Pascal s&rsquo;adressera aux Ivoiriens et \u00e0 la communaut\u00e9 internationale samedi\",\"datePublished\":\"2025-01-30T17:26:19+00:00\",\"dateModified\":\"2025-01-30T18:28:01+00:00\",\"mainEntityOfPage\":{\"@id\":\"https:\\\/\\\/www.amanien.info\\\/news\\\/fpi-presentation-de-voeux-le-president-affi-nguessan-pascal-sadressera-aux-ivoiriens-et-a-la-communaute-internationale\\\/\"},\"wordCount\":195,\"image\":{\"@id\":\"https:\\\/\\\/www.amanien.info\\\/news\\\/fpi-presentation-de-voeux-le-president-affi-nguessan-pascal-sadressera-aux-ivoiriens-et-a-la-communaute-internationale\\\/#primaryimage\"},\"thumbnailUrl\":\"https:\\\/\\\/www.amanien.info\\\/news\\\/wp-content\\\/uploads\\\/2025\\\/01\\\/1738255889733-1.jpg\",\"articleSection\":[\"National\"],\"inLanguage\":\"fr-FR\"},{\"@type\":\"WebPage\",\"@id\":\"https:\\\/\\\/www.amanien.info\\\/news\\\/fpi-presentation-de-voeux-le-president-affi-nguessan-pascal-sadressera-aux-ivoiriens-et-a-la-communaute-internationale\\\/\",\"url\":\"https:\\\/\\\/www.amanien.info\\\/news\\\/fpi-presentation-de-voeux-le-president-affi-nguessan-pascal-sadressera-aux-ivoiriens-et-a-la-communaute-internationale\\\/\",\"name\":\"FPI\\\/Pr\u00e9sentation de v\u0153ux : Le pr\u00e9sident AFFI N'GUESSAN Pascal s'adressera aux Ivoiriens et \u00e0 la communaut\u00e9 internationale samedi - Amanien| L&#039;actualit\u00e9 Ivoirienne et Internationale\",\"isPartOf\":{\"@id\":\"https:\\\/\\\/www.amanien.info\\\/news\\\/#website\"},\"primaryImageOfPage\":{\"@id\":\"https:\\\/\\\/www.amanien.info\\\/news\\\/fpi-presentation-de-voeux-le-president-affi-nguessan-pascal-sadressera-aux-ivoiriens-et-a-la-communaute-internationale\\\/#primaryimage\"},\"image\":{\"@id\":\"https:\\\/\\\/www.amanien.info\\\/news\\\/fpi-presentation-de-voeux-le-president-affi-nguessan-pascal-sadressera-aux-ivoiriens-et-a-la-communaute-internationale\\\/#primaryimage\"},\"thumbnailUrl\":\"https:\\\/\\\/www.amanien.info\\\/news\\\/wp-content\\\/uploads\\\/2025\\\/01\\\/1738255889733-1.jpg\",\"datePublished\":\"2025-01-30T17:26:19+00:00\",\"dateModified\":\"2025-01-30T18:28:01+00:00\",\"author\":{\"@id\":\"https:\\\/\\\/www.amanien.info\\\/news\\\/#\\\/schema\\\/person\\\/b21093345753a1a98242d505bd894f42\"},\"breadcrumb\":{\"@id\":\"https:\\\/\\\/www.amanien.info\\\/news\\\/fpi-presentation-de-voeux-le-president-affi-nguessan-pascal-sadressera-aux-ivoiriens-et-a-la-communaute-internationale\\\/#breadcrumb\"},\"inLanguage\":\"fr-FR\",\"potentialAction\":[{\"@type\":\"ReadAction\",\"target\":[\"https:\\\/\\\/www.amanien.info\\\/news\\\/fpi-presentation-de-voeux-le-president-affi-nguessan-pascal-sadressera-aux-ivoiriens-et-a-la-communaute-internationale\\\/\"]}]},{\"@type\":\"ImageObject\",\"inLanguage\":\"fr-FR\",\"@id\":\"https:\\\/\\\/www.amanien.info\\\/news\\\/fpi-presentation-de-voeux-le-president-affi-nguessan-pascal-sadressera-aux-ivoiriens-et-a-la-communaute-internationale\\\/#primaryimage\",\"url\":\"https:\\\/\\\/www.amanien.info\\\/news\\\/wp-content\\\/uploads\\\/2025\\\/01\\\/1738255889733-1.jpg\",\"contentUrl\":\"https:\\\/\\\/www.amanien.info\\\/news\\\/wp-content\\\/uploads\\\/2025\\\/01\\\/1738255889733-1.jpg\",\"width\":719,\"height\":405},{\"@type\":\"BreadcrumbList\",\"@id\":\"https:\\\/\\\/www.amanien.info\\\/news\\\/fpi-presentation-de-voeux-le-president-affi-nguessan-pascal-sadressera-aux-ivoiriens-et-a-la-communaute-internationale\\\/#breadcrumb\",\"itemListElement\":[{\"@type\":\"ListItem\",\"position\":1,\"name\":\"Accueil\",\"item\":\"https:\\\/\\\/www.amanien.info\\\/news\\\/\"},{\"@type\":\"ListItem\",\"position\":2,\"name\":\"FPI\\\/Pr\u00e9sentation de v\u0153ux : Le pr\u00e9sident AFFI N&rsquo;GUESSAN Pascal s&rsquo;adressera aux Ivoiriens et \u00e0 la communaut\u00e9 internationale samedi\"}]},{\"@type\":\"WebSite\",\"@id\":\"https:\\\/\\\/www.amanien.info\\\/news\\\/#website\",\"url\":\"https:\\\/\\\/www.amanien.info\\\/news\\\/\",\"name\":\"Amanien| L&#039;actualit\u00e9 Ivoirienne et Internationale\",\"description\":\"L&#039;actualit\u00e9 Ivoirienne et Internationale\",\"potentialAction\":[{\"@type\":\"SearchAction\",\"target\":{\"@type\":\"EntryPoint\",\"urlTemplate\":\"https:\\\/\\\/www.amanien.info\\\/news\\\/?s={search_term_string}\"},\"query-input\":{\"@type\":\"PropertyValueSpecification\",\"valueRequired\":true,\"valueName\":\"search_term_string\"}}],\"inLanguage\":\"fr-FR\"},{\"@type\":\"Person\",\"@id\":\"https:\\\/\\\/www.amanien.info\\\/news\\\/#\\\/schema\\\/person\\\/b21093345753a1a98242d505bd894f42\",\"name\":\"Germain Ndri\",\"url\":\"https:\\\/\\\/www.amanien.info\\\/news\\\/author\\\/amanien-infos\\\/\"}]}<\/script>\n<!-- \/ Yoast SEO plugin. -->","yoast_head_json":{"title":"FPI\/Pr\u00e9sentation de v\u0153ux : Le pr\u00e9sident AFFI N'GUESSAN Pascal s'adressera aux Ivoiriens et \u00e0 la communaut\u00e9 internationale samedi - Amanien| L&#039;actualit\u00e9 Ivoirienne et Internationale","robots":{"index":"index","follow":"follow","max-snippet":"max-snippet:-1","max-image-preview":"max-image-preview:large","max-video-preview":"max-video-preview:-1"},"canonical":"https:\/\/www.amanien.info\/news\/fpi-presentation-de-voeux-le-president-affi-nguessan-pascal-sadressera-aux-ivoiriens-et-a-la-communaute-internationale\/","og_locale":"fr_FR","og_type":"article","og_title":"FPI\/Pr\u00e9sentation de v\u0153ux : Le pr\u00e9sident AFFI N'GUESSAN Pascal s'adressera aux Ivoiriens et \u00e0 la communaut\u00e9 internationale samedi - Amanien| L&#039;actualit\u00e9 Ivoirienne et Internationale","og_description":"&nbsp; Le pr\u00e9sident du front populaire ivoirien (fpi), le premier ministre Affi N&rsquo;Guessan pascal, recevra \u00e0 son domicile sis \u00e0 M&rsquo;Bandon(Cocody-Abidjan),le samedi 01 f\u00e9vrier \u00e0 partir de 08h, les v\u0153ux de nouvel an de la part des membres du secr\u00e9tariat g\u00e9n\u00e9ral et des structures sp\u00e9cialis\u00e9es. Il s&rsquo;agit de: l&rsquo;organisation des femmes du fpi (ofpi), la [&hellip;]","og_url":"https:\/\/www.amanien.info\/news\/fpi-presentation-de-voeux-le-president-affi-nguessan-pascal-sadressera-aux-ivoiriens-et-a-la-communaute-internationale\/","og_site_name":"Amanien| L&#039;actualit\u00e9 Ivoirienne et Internationale","article_published_time":"2025-01-30T17:26:19+00:00","article_modified_time":"2025-01-30T18:28:01+00:00","og_image":[{"width":719,"height":405,"url":"https:\/\/www.amanien.info\/news\/wp-content\/uploads\/2025\/01\/1738255889733-1.jpg","type":"image\/jpeg"}],"author":"Germain Ndri","twitter_card":"summary_large_image","twitter_misc":{"\u00c9crit par":"Germain Ndri","Dur\u00e9e de lecture estim\u00e9e":"1 minute"},"schema":{"@context":"https:\/\/schema.org","@graph":[{"@type":"Article","@id":"https:\/\/www.amanien.info\/news\/fpi-presentation-de-voeux-le-president-affi-nguessan-pascal-sadressera-aux-ivoiriens-et-a-la-communaute-internationale\/#article","isPartOf":{"@id":"https:\/\/www.amanien.info\/news\/fpi-presentation-de-voeux-le-president-affi-nguessan-pascal-sadressera-aux-ivoiriens-et-a-la-communaute-internationale\/"},"author":{"name":"Germain Ndri","@id":"https:\/\/www.amanien.info\/news\/#\/schema\/person\/b21093345753a1a98242d505bd894f42"},"headline":"FPI\/Pr\u00e9sentation de v\u0153ux : Le pr\u00e9sident AFFI N&rsquo;GUESSAN Pascal s&rsquo;adressera aux Ivoiriens et \u00e0 la communaut\u00e9 internationale samedi","datePublished":"2025-01-30T17:26:19+00:00","dateModified":"2025-01-30T18:28:01+00:00","mainEntityOfPage":{"@id":"https:\/\/www.amanien.info\/news\/fpi-presentation-de-voeux-le-president-affi-nguessan-pascal-sadressera-aux-ivoiriens-et-a-la-communaute-internationale\/"},"wordCount":195,"image":{"@id":"https:\/\/www.amanien.info\/news\/fpi-presentation-de-voeux-le-president-affi-nguessan-pascal-sadressera-aux-ivoiriens-et-a-la-communaute-internationale\/#primaryimage"},"thumbnailUrl":"https:\/\/www.amanien.info\/news\/wp-content\/uploads\/2025\/01\/1738255889733-1.jpg","articleSection":["National"],"inLanguage":"fr-FR"},{"@type":"WebPage","@id":"https:\/\/www.amanien.info\/news\/fpi-presentation-de-voeux-le-president-affi-nguessan-pascal-sadressera-aux-ivoiriens-et-a-la-communaute-internationale\/","url":"https:\/\/www.amanien.info\/news\/fpi-presentation-de-voeux-le-president-affi-nguessan-pascal-sadressera-aux-ivoiriens-et-a-la-communaute-internationale\/","name":"FPI\/Pr\u00e9sentation de v\u0153ux : Le pr\u00e9sident AFFI N'GUESSAN Pascal s'adressera aux Ivoiriens et \u00e0 la communaut\u00e9 internationale samedi - Amanien| L&#039;actualit\u00e9 Ivoirienne et Internationale","isPartOf":{"@id":"https:\/\/www.amanien.info\/news\/#website"},"primaryImageOfPage":{"@id":"https:\/\/www.amanien.info\/news\/fpi-presentation-de-voeux-le-president-affi-nguessan-pascal-sadressera-aux-ivoiriens-et-a-la-communaute-internationale\/#primaryimage"},"image":{"@id":"https:\/\/www.amanien.info\/news\/fpi-presentation-de-voeux-le-president-affi-nguessan-pascal-sadressera-aux-ivoiriens-et-a-la-communaute-internationale\/#primaryimage"},"thumbnailUrl":"https:\/\/www.amanien.info\/news\/wp-content\/uploads\/2025\/01\/1738255889733-1.jpg","datePublished":"2025-01-30T17:26:19+00:00","dateModified":"2025-01-30T18:28:01+00:00","author":{"@id":"https:\/\/www.amanien.info\/news\/#\/schema\/person\/b21093345753a1a98242d505bd894f42"},"breadcrumb":{"@id":"https:\/\/www.amanien.info\/news\/fpi-presentation-de-voeux-le-president-affi-nguessan-pascal-sadressera-aux-ivoiriens-et-a-la-communaute-internationale\/#breadcrumb"},"inLanguage":"fr-FR","potentialAction":[{"@type":"ReadAction","target":["https:\/\/www.amanien.info\/news\/fpi-presentation-de-voeux-le-president-affi-nguessan-pascal-sadressera-aux-ivoiriens-et-a-la-communaute-internationale\/"]}]},{"@type":"ImageObject","inLanguage":"fr-FR","@id":"https:\/\/www.amanien.info\/news\/fpi-presentation-de-voeux-le-president-affi-nguessan-pascal-sadressera-aux-ivoiriens-et-a-la-communaute-internationale\/#primaryimage","url":"https:\/\/www.amanien.info\/news\/wp-content\/uploads\/2025\/01\/1738255889733-1.jpg","contentUrl":"https:\/\/www.amanien.info\/news\/wp-content\/uploads\/2025\/01\/1738255889733-1.jpg","width":719,"height":405},{"@type":"BreadcrumbList","@id":"https:\/\/www.amanien.info\/news\/fpi-presentation-de-voeux-le-president-affi-nguessan-pascal-sadressera-aux-ivoiriens-et-a-la-communaute-internationale\/#breadcrumb","itemListElement":[{"@type":"ListItem","position":1,"name":"Accueil","item":"https:\/\/www.amanien.info\/news\/"},{"@type":"ListItem","position":2,"name":"FPI\/Pr\u00e9sentation de v\u0153ux : Le pr\u00e9sident AFFI N&rsquo;GUESSAN Pascal s&rsquo;adressera aux Ivoiriens et \u00e0 la communaut\u00e9 internationale samedi"}]},{"@type":"WebSite","@id":"https:\/\/www.amanien.info\/news\/#website","url":"https:\/\/www.amanien.info\/news\/","name":"Amanien| L&#039;actualit\u00e9 Ivoirienne et Internationale","description":"L&#039;actualit\u00e9 Ivoirienne et Internationale","potentialAction":[{"@type":"SearchAction","target":{"@type":"EntryPoint","urlTemplate":"https:\/\/www.amanien.info\/news\/?s={search_term_string}"},"query-input":{"@type":"PropertyValueSpecification","valueRequired":true,"valueName":"search_term_string"}}],"inLanguage":"fr-FR"},{"@type":"Person","@id":"https:\/\/www.amanien.info\/news\/#\/schema\/person\/b21093345753a1a98242d505bd894f42","name":"Germain Ndri","url":"https:\/\/www.amanien.info\/news\/author\/amanien-infos\/"}]}},"_links":{"self":[{"href":"https:\/\/www.amanien.info\/news\/wp-json\/wp\/v2\/posts\/7063","targetHints":{"allow":["GET"]}}],"collection":[{"href":"https:\/\/www.amanien.info\/news\/wp-json\/wp\/v2\/posts"}],"about":[{"href":"https:\/\/www.amanien.info\/news\/wp-json\/wp\/v2\/types\/post"}],"author":[{"embeddable":true,"href":"https:\/\/www.amanien.info\/news\/wp-json\/wp\/v2\/users\/2"}],"replies":[{"embeddable":true,"href":"https:\/\/www.amanien.info\/news\/wp-json\/wp\/v2\/comments?post=7063"}],"version-history":[{"count":2,"href":"https:\/\/www.amanien.info\/news\/wp-json\/wp\/v2\/posts\/7063\/revisions"}],"predecessor-version":[{"id":7067,"href":"https:\/\/www.amanien.info\/news\/wp-json\/wp\/v2\/posts\/7063\/revisions\/7067"}],"wp:featuredmedia":[{"embeddable":true,"href":"https:\/\/www.amanien.info\/news\/wp-json\/wp\/v2\/media\/7064"}],"wp:attachment":[{"href":"https:\/\/www.amanien.info\/news\/wp-json\/wp\/v2\/media?parent=7063"}],"wp:term":[{"taxonomy":"category","embeddable":true,"href":"https:\/\/www.amanien.info\/news\/wp-json\/wp\/v2\/categories?post=7063"},{"taxonomy":"post_tag","embeddable":true,"href":"https:\/\/www.amanien.info\/news\/wp-json\/wp\/v2\/tags?post=7063"}],"curies":[{"name":"wp","href":"https:\/\/api.w.org\/{rel}","templated":true}]}}