{"id":7057,"date":"2025-01-28T08:30:08","date_gmt":"2025-01-28T08:30:08","guid":{"rendered":"https:\/\/www.amanien.info\/news\/?p=7057"},"modified":"2025-01-28T08:30:08","modified_gmt":"2025-01-28T08:30:08","slug":"presidentielle-2025-paix-et-cohesion-sociale-en-cote-divoiree-les-recommandations-dalcide-djedje-a-la-communaute-bhete","status":"publish","type":"post","link":"https:\/\/www.amanien.info\/news\/presidentielle-2025-paix-et-cohesion-sociale-en-cote-divoiree-les-recommandations-dalcide-djedje-a-la-communaute-bhete\/","title":{"rendered":"Pr\u00e9sidentielle 2025 \/ Paix et coh\u00e9sion sociale en C\u00f4te d\u2019Ivoiree: les recommandations d\u2019Alcide Dj\u00e9dj\u00e9 \u00e0 la communaut\u00e9 Bh\u00e9t\u00e9"},"content":{"rendered":"<p class=\"yiv4089831076MsoNormal\">\n<p class=\"yiv4089831076MsoNormal\">\n<p class=\"yiv4089831076MsoNormal\"><span style=\"text-transform: initial;\">A<\/span><i style=\"text-transform: initial;\"> l\u2019occasion d\u2019un repas de nouvel an qu\u2019il a partag\u00e9 avec les leaders de la communaut\u00e9 Bh\u00e9t\u00e9 du District Autonome d\u2019Abidjan et de la Diaspora, samedi 25 Janvier 2025, au domicile de son Chef supr\u00eame, l\u2019Honorable Gbo Djinan D\u00e9coster, par ailleurs chef central des Bh\u00e9t\u00e9s de la Commune de Yopougon, le Ministre Alcide Dj\u00e9dj\u00e9 a fait des recommandations relativement \u00e0 l\u2019\u00e9lection pr\u00e9sidentielle d\u2019Octobre prochain.<\/i><\/p>\n<p class=\"yiv4089831076MsoNormal\">\n<p class=\"yiv4089831076MsoNormal\">\u2018\u2019<i>2025 est une ann\u00e9e \u00e0 risques. Il faut que nous autres, ressortissants du Centre-ouest, nous pr\u00e9servions la paix. Cette ann\u00e9e, les choses sont plus tendues que les autres ann\u00e9es\u2019\u2019<\/i>, a recommand\u00e9 le Ministre Alcide Dj\u00e9dj\u00e9, pr\u00e9sident d\u2019honneur de la chefferie Bh\u00e9t\u00e9 du District Autonome d\u2019Abidjan et de la Diaspora, allusion faite \u00e0 la pr\u00e9sidentielle d\u2019Octobre 2025. Il a expliqu\u00e9 que ce faisant, le peuple Bh\u00e9t\u00e9 devrait cr\u00e9er les conditions d\u2019une vraie paix aux fins d\u2019une coh\u00e9sion parfaite entre ses membres, et entre lui et les autres communaut\u00e9s qu\u2019il a re\u00e7ues sur son sol. Notamment dans les r\u00e9gions du Haut-Sassandra, du G\u00f4h et de la Nawa, les trois r\u00e9gions d\u2019origine de la communaut\u00e9 Bh\u00e9t\u00e9. La plateforme cr\u00e9\u00e9e est \u2018<i>\u2019une plateforme culturelle, une plateforme de solidarit\u00e9, mais peut aussi devenir une plateforme politique plus tard<\/i>\u2019\u2019, selon le Ministre Alcide Dj\u00e9dj\u00e9, entour\u00e9 pour la circonstance de plusieurs cadres Bh\u00e9t\u00e9, au nombre desquels Rapha\u00ebl Or\u00e9 Lakp\u00e9, l\u2019Honorable S\u00e9ri D\u00e9houa, ex-D\u00e9put\u00e9 d\u2019Issia, Mimi Olivier, My Kpazahi Yves, et Idriss Boukary, de nationalit\u00e9 B\u00e9ninoise r\u00e9sidant en France, ami personnel du Ministre, de passage \u00e0 Abidjan.<\/p>\n<p class=\"yiv4089831076MsoNormal\">\n<p class=\"yiv4089831076MsoNormal\">Ce partage de repas a \u00e9t\u00e9 l\u2019occasion pour l\u2019Honorable Gbo Djinan D\u00e9coster de s\u2019adresser aux chefs centraux des 13 Communes du District Autonome d\u2019Abidjan, \u00e0 la pr\u00e9sidente centrale des femmes, au pr\u00e9sident central des jeunes, au Coordonnateur g\u00e9n\u00e9ral et \u00e0 ses adjoints charg\u00e9s des trois r\u00e9gions, etc., et aux chefs centraux des communaut\u00e9s soeurs N\u00e9o et Godi\u00e9 de la r\u00e9fion de Gbokl\u00ea, Gnanboua, Sokwua, Gn\u00e9d\u00e9boa, Gouro, etc., invit\u00a0\u00bbs sp\u00e9ciaux. La t\u00eate couronn\u00e9e a appel\u00e9 ses ouailles \u00e0 r\u00e9pandre la joie de vivre ensemble, aussi bien au sein de la communaut\u00e9 dans les 13 Communes d\u2019Abidjan et des autres villes de l\u2019int\u00e9rieur du pays et \u00e0 l\u2019ext\u00e9rieur, mais aussi et surtout autour d\u2019eux, avec tous.<\/p>\n<p class=\"yiv4089831076MsoNormal\">\n<p class=\"yiv4089831076MsoNormal\">Par Laurent Nahounou<\/p>\n<p class=\"yiv4089831076MsoNormal\">\n","protected":false},"excerpt":{"rendered":"<p>A l\u2019occasion d\u2019un repas de nouvel an qu\u2019il a partag\u00e9 avec les leaders de la communaut\u00e9 Bh\u00e9t\u00e9 du District Autonome d\u2019Abidjan et de la Diaspora, samedi 25 Janvier 2025, au domicile de son Chef supr\u00eame, l\u2019Honorable Gbo Djinan D\u00e9coster, par ailleurs chef central des Bh\u00e9t\u00e9s de la Commune de Yopougon, le Ministre Alcide Dj\u00e9dj\u00e9 a [&hellip;]<\/p>\n","protected":false},"author":2,"featured_media":7058,"comment_status":"closed","ping_status":"closed","sticky":false,"template":"","format":"standard","meta":{"_acf_changed":false,"footnotes":""},"categories":[],"tags":[],"class_list":["post-7057","post","type-post","status-publish","format-standard","has-post-thumbnail","hentry"],"acf":[],"yoast_head":"<!-- This site is optimized with the Yoast SEO plugin v27.5 - https:\/\/yoast.com\/product\/yoast-seo-wordpress\/ -->\n<title>Pr\u00e9sidentielle 2025 \/ Paix et coh\u00e9sion sociale en C\u00f4te d\u2019Ivoiree: les recommandations d\u2019Alcide Dj\u00e9dj\u00e9 \u00e0 la communaut\u00e9 Bh\u00e9t\u00e9 - Amanien| L&#039;actualit\u00e9 Ivoirienne et Internationale<\/title>\n<meta name=\"robots\" content=\"index, follow, max-snippet:-1, max-image-preview:large, max-video-preview:-1\" \/>\n<link rel=\"canonical\" href=\"https:\/\/www.amanien.info\/news\/presidentielle-2025-paix-et-cohesion-sociale-en-cote-divoiree-les-recommandations-dalcide-djedje-a-la-communaute-bhete\/\" \/>\n<meta property=\"og:locale\" content=\"fr_FR\" \/>\n<meta property=\"og:type\" content=\"article\" \/>\n<meta property=\"og:title\" content=\"Pr\u00e9sidentielle 2025 \/ Paix et coh\u00e9sion sociale en C\u00f4te d\u2019Ivoiree: les recommandations d\u2019Alcide Dj\u00e9dj\u00e9 \u00e0 la communaut\u00e9 Bh\u00e9t\u00e9 - Amanien| L&#039;actualit\u00e9 Ivoirienne et Internationale\" \/>\n<meta property=\"og:description\" content=\"A l\u2019occasion d\u2019un repas de nouvel an qu\u2019il a partag\u00e9 avec les leaders de la communaut\u00e9 Bh\u00e9t\u00e9 du District Autonome d\u2019Abidjan et de la Diaspora, samedi 25 Janvier 2025, au domicile de son Chef supr\u00eame, l\u2019Honorable Gbo Djinan D\u00e9coster, par ailleurs chef central des Bh\u00e9t\u00e9s de la Commune de Yopougon, le Ministre Alcide Dj\u00e9dj\u00e9 a [&hellip;]\" \/>\n<meta property=\"og:url\" content=\"https:\/\/www.amanien.info\/news\/presidentielle-2025-paix-et-cohesion-sociale-en-cote-divoiree-les-recommandations-dalcide-djedje-a-la-communaute-bhete\/\" \/>\n<meta property=\"og:site_name\" content=\"Amanien| L&#039;actualit\u00e9 Ivoirienne et Internationale\" \/>\n<meta property=\"article:published_time\" content=\"2025-01-28T08:30:08+00:00\" \/>\n<meta property=\"og:image\" content=\"https:\/\/www.amanien.info\/news\/wp-content\/uploads\/2025\/01\/27-janvier-2025-Alcide-Djedje-1-scaled.jpg\" \/>\n\t<meta property=\"og:image:width\" content=\"2560\" \/>\n\t<meta property=\"og:image:height\" content=\"2560\" \/>\n\t<meta property=\"og:image:type\" content=\"image\/jpeg\" \/>\n<meta name=\"author\" content=\"Germain Ndri\" \/>\n<meta name=\"twitter:card\" content=\"summary_large_image\" \/>\n<meta name=\"twitter:label1\" content=\"\u00c9crit par\" \/>\n\t<meta name=\"twitter:data1\" content=\"Germain Ndri\" \/>\n\t<meta name=\"twitter:label2\" content=\"Dur\u00e9e de lecture estim\u00e9e\" \/>\n\t<meta name=\"twitter:data2\" content=\"2 minutes\" \/>\n<script type=\"application\/ld+json\" class=\"yoast-schema-graph\">{\"@context\":\"https:\\\/\\\/schema.org\",\"@graph\":[{\"@type\":\"Article\",\"@id\":\"https:\\\/\\\/www.amanien.info\\\/news\\\/presidentielle-2025-paix-et-cohesion-sociale-en-cote-divoiree-les-recommandations-dalcide-djedje-a-la-communaute-bhete\\\/#article\",\"isPartOf\":{\"@id\":\"https:\\\/\\\/www.amanien.info\\\/news\\\/presidentielle-2025-paix-et-cohesion-sociale-en-cote-divoiree-les-recommandations-dalcide-djedje-a-la-communaute-bhete\\\/\"},\"author\":{\"name\":\"Germain Ndri\",\"@id\":\"https:\\\/\\\/www.amanien.info\\\/news\\\/#\\\/schema\\\/person\\\/b21093345753a1a98242d505bd894f42\"},\"headline\":\"Pr\u00e9sidentielle 2025 \\\/ Paix et coh\u00e9sion sociale en C\u00f4te d\u2019Ivoiree: les recommandations d\u2019Alcide Dj\u00e9dj\u00e9 \u00e0 la communaut\u00e9 Bh\u00e9t\u00e9\",\"datePublished\":\"2025-01-28T08:30:08+00:00\",\"mainEntityOfPage\":{\"@id\":\"https:\\\/\\\/www.amanien.info\\\/news\\\/presidentielle-2025-paix-et-cohesion-sociale-en-cote-divoiree-les-recommandations-dalcide-djedje-a-la-communaute-bhete\\\/\"},\"wordCount\":444,\"image\":{\"@id\":\"https:\\\/\\\/www.amanien.info\\\/news\\\/presidentielle-2025-paix-et-cohesion-sociale-en-cote-divoiree-les-recommandations-dalcide-djedje-a-la-communaute-bhete\\\/#primaryimage\"},\"thumbnailUrl\":\"https:\\\/\\\/www.amanien.info\\\/news\\\/wp-content\\\/uploads\\\/2025\\\/01\\\/27-janvier-2025-Alcide-Djedje-1-scaled.jpg\",\"inLanguage\":\"fr-FR\"},{\"@type\":\"WebPage\",\"@id\":\"https:\\\/\\\/www.amanien.info\\\/news\\\/presidentielle-2025-paix-et-cohesion-sociale-en-cote-divoiree-les-recommandations-dalcide-djedje-a-la-communaute-bhete\\\/\",\"url\":\"https:\\\/\\\/www.amanien.info\\\/news\\\/presidentielle-2025-paix-et-cohesion-sociale-en-cote-divoiree-les-recommandations-dalcide-djedje-a-la-communaute-bhete\\\/\",\"name\":\"Pr\u00e9sidentielle 2025 \\\/ Paix et coh\u00e9sion sociale en C\u00f4te d\u2019Ivoiree: les recommandations d\u2019Alcide Dj\u00e9dj\u00e9 \u00e0 la communaut\u00e9 Bh\u00e9t\u00e9 - Amanien| L&#039;actualit\u00e9 Ivoirienne et Internationale\",\"isPartOf\":{\"@id\":\"https:\\\/\\\/www.amanien.info\\\/news\\\/#website\"},\"primaryImageOfPage\":{\"@id\":\"https:\\\/\\\/www.amanien.info\\\/news\\\/presidentielle-2025-paix-et-cohesion-sociale-en-cote-divoiree-les-recommandations-dalcide-djedje-a-la-communaute-bhete\\\/#primaryimage\"},\"image\":{\"@id\":\"https:\\\/\\\/www.amanien.info\\\/news\\\/presidentielle-2025-paix-et-cohesion-sociale-en-cote-divoiree-les-recommandations-dalcide-djedje-a-la-communaute-bhete\\\/#primaryimage\"},\"thumbnailUrl\":\"https:\\\/\\\/www.amanien.info\\\/news\\\/wp-content\\\/uploads\\\/2025\\\/01\\\/27-janvier-2025-Alcide-Djedje-1-scaled.jpg\",\"datePublished\":\"2025-01-28T08:30:08+00:00\",\"author\":{\"@id\":\"https:\\\/\\\/www.amanien.info\\\/news\\\/#\\\/schema\\\/person\\\/b21093345753a1a98242d505bd894f42\"},\"breadcrumb\":{\"@id\":\"https:\\\/\\\/www.amanien.info\\\/news\\\/presidentielle-2025-paix-et-cohesion-sociale-en-cote-divoiree-les-recommandations-dalcide-djedje-a-la-communaute-bhete\\\/#breadcrumb\"},\"inLanguage\":\"fr-FR\",\"potentialAction\":[{\"@type\":\"ReadAction\",\"target\":[\"https:\\\/\\\/www.amanien.info\\\/news\\\/presidentielle-2025-paix-et-cohesion-sociale-en-cote-divoiree-les-recommandations-dalcide-djedje-a-la-communaute-bhete\\\/\"]}]},{\"@type\":\"ImageObject\",\"inLanguage\":\"fr-FR\",\"@id\":\"https:\\\/\\\/www.amanien.info\\\/news\\\/presidentielle-2025-paix-et-cohesion-sociale-en-cote-divoiree-les-recommandations-dalcide-djedje-a-la-communaute-bhete\\\/#primaryimage\",\"url\":\"https:\\\/\\\/www.amanien.info\\\/news\\\/wp-content\\\/uploads\\\/2025\\\/01\\\/27-janvier-2025-Alcide-Djedje-1-scaled.jpg\",\"contentUrl\":\"https:\\\/\\\/www.amanien.info\\\/news\\\/wp-content\\\/uploads\\\/2025\\\/01\\\/27-janvier-2025-Alcide-Djedje-1-scaled.jpg\",\"width\":2560,\"height\":2560},{\"@type\":\"BreadcrumbList\",\"@id\":\"https:\\\/\\\/www.amanien.info\\\/news\\\/presidentielle-2025-paix-et-cohesion-sociale-en-cote-divoiree-les-recommandations-dalcide-djedje-a-la-communaute-bhete\\\/#breadcrumb\",\"itemListElement\":[{\"@type\":\"ListItem\",\"position\":1,\"name\":\"Accueil\",\"item\":\"https:\\\/\\\/www.amanien.info\\\/news\\\/\"},{\"@type\":\"ListItem\",\"position\":2,\"name\":\"Pr\u00e9sidentielle 2025 \\\/ Paix et coh\u00e9sion sociale en C\u00f4te d\u2019Ivoiree: les recommandations d\u2019Alcide Dj\u00e9dj\u00e9 \u00e0 la communaut\u00e9 Bh\u00e9t\u00e9\"}]},{\"@type\":\"WebSite\",\"@id\":\"https:\\\/\\\/www.amanien.info\\\/news\\\/#website\",\"url\":\"https:\\\/\\\/www.amanien.info\\\/news\\\/\",\"name\":\"Amanien| L&#039;actualit\u00e9 Ivoirienne et Internationale\",\"description\":\"L&#039;actualit\u00e9 Ivoirienne et Internationale\",\"potentialAction\":[{\"@type\":\"SearchAction\",\"target\":{\"@type\":\"EntryPoint\",\"urlTemplate\":\"https:\\\/\\\/www.amanien.info\\\/news\\\/?s={search_term_string}\"},\"query-input\":{\"@type\":\"PropertyValueSpecification\",\"valueRequired\":true,\"valueName\":\"search_term_string\"}}],\"inLanguage\":\"fr-FR\"},{\"@type\":\"Person\",\"@id\":\"https:\\\/\\\/www.amanien.info\\\/news\\\/#\\\/schema\\\/person\\\/b21093345753a1a98242d505bd894f42\",\"name\":\"Germain Ndri\",\"url\":\"https:\\\/\\\/www.amanien.info\\\/news\\\/author\\\/amanien-infos\\\/\"}]}<\/script>\n<!-- \/ Yoast SEO plugin. -->","yoast_head_json":{"title":"Pr\u00e9sidentielle 2025 \/ Paix et coh\u00e9sion sociale en C\u00f4te d\u2019Ivoiree: les recommandations d\u2019Alcide Dj\u00e9dj\u00e9 \u00e0 la communaut\u00e9 Bh\u00e9t\u00e9 - Amanien| L&#039;actualit\u00e9 Ivoirienne et Internationale","robots":{"index":"index","follow":"follow","max-snippet":"max-snippet:-1","max-image-preview":"max-image-preview:large","max-video-preview":"max-video-preview:-1"},"canonical":"https:\/\/www.amanien.info\/news\/presidentielle-2025-paix-et-cohesion-sociale-en-cote-divoiree-les-recommandations-dalcide-djedje-a-la-communaute-bhete\/","og_locale":"fr_FR","og_type":"article","og_title":"Pr\u00e9sidentielle 2025 \/ Paix et coh\u00e9sion sociale en C\u00f4te d\u2019Ivoiree: les recommandations d\u2019Alcide Dj\u00e9dj\u00e9 \u00e0 la communaut\u00e9 Bh\u00e9t\u00e9 - Amanien| L&#039;actualit\u00e9 Ivoirienne et Internationale","og_description":"A l\u2019occasion d\u2019un repas de nouvel an qu\u2019il a partag\u00e9 avec les leaders de la communaut\u00e9 Bh\u00e9t\u00e9 du District Autonome d\u2019Abidjan et de la Diaspora, samedi 25 Janvier 2025, au domicile de son Chef supr\u00eame, l\u2019Honorable Gbo Djinan D\u00e9coster, par ailleurs chef central des Bh\u00e9t\u00e9s de la Commune de Yopougon, le Ministre Alcide Dj\u00e9dj\u00e9 a [&hellip;]","og_url":"https:\/\/www.amanien.info\/news\/presidentielle-2025-paix-et-cohesion-sociale-en-cote-divoiree-les-recommandations-dalcide-djedje-a-la-communaute-bhete\/","og_site_name":"Amanien| L&#039;actualit\u00e9 Ivoirienne et Internationale","article_published_time":"2025-01-28T08:30:08+00:00","og_image":[{"width":2560,"height":2560,"url":"https:\/\/www.amanien.info\/news\/wp-content\/uploads\/2025\/01\/27-janvier-2025-Alcide-Djedje-1-scaled.jpg","type":"image\/jpeg"}],"author":"Germain Ndri","twitter_card":"summary_large_image","twitter_misc":{"\u00c9crit par":"Germain Ndri","Dur\u00e9e de lecture estim\u00e9e":"2 minutes"},"schema":{"@context":"https:\/\/schema.org","@graph":[{"@type":"Article","@id":"https:\/\/www.amanien.info\/news\/presidentielle-2025-paix-et-cohesion-sociale-en-cote-divoiree-les-recommandations-dalcide-djedje-a-la-communaute-bhete\/#article","isPartOf":{"@id":"https:\/\/www.amanien.info\/news\/presidentielle-2025-paix-et-cohesion-sociale-en-cote-divoiree-les-recommandations-dalcide-djedje-a-la-communaute-bhete\/"},"author":{"name":"Germain Ndri","@id":"https:\/\/www.amanien.info\/news\/#\/schema\/person\/b21093345753a1a98242d505bd894f42"},"headline":"Pr\u00e9sidentielle 2025 \/ Paix et coh\u00e9sion sociale en C\u00f4te d\u2019Ivoiree: les recommandations d\u2019Alcide Dj\u00e9dj\u00e9 \u00e0 la communaut\u00e9 Bh\u00e9t\u00e9","datePublished":"2025-01-28T08:30:08+00:00","mainEntityOfPage":{"@id":"https:\/\/www.amanien.info\/news\/presidentielle-2025-paix-et-cohesion-sociale-en-cote-divoiree-les-recommandations-dalcide-djedje-a-la-communaute-bhete\/"},"wordCount":444,"image":{"@id":"https:\/\/www.amanien.info\/news\/presidentielle-2025-paix-et-cohesion-sociale-en-cote-divoiree-les-recommandations-dalcide-djedje-a-la-communaute-bhete\/#primaryimage"},"thumbnailUrl":"https:\/\/www.amanien.info\/news\/wp-content\/uploads\/2025\/01\/27-janvier-2025-Alcide-Djedje-1-scaled.jpg","inLanguage":"fr-FR"},{"@type":"WebPage","@id":"https:\/\/www.amanien.info\/news\/presidentielle-2025-paix-et-cohesion-sociale-en-cote-divoiree-les-recommandations-dalcide-djedje-a-la-communaute-bhete\/","url":"https:\/\/www.amanien.info\/news\/presidentielle-2025-paix-et-cohesion-sociale-en-cote-divoiree-les-recommandations-dalcide-djedje-a-la-communaute-bhete\/","name":"Pr\u00e9sidentielle 2025 \/ Paix et coh\u00e9sion sociale en C\u00f4te d\u2019Ivoiree: les recommandations d\u2019Alcide Dj\u00e9dj\u00e9 \u00e0 la communaut\u00e9 Bh\u00e9t\u00e9 - Amanien| L&#039;actualit\u00e9 Ivoirienne et Internationale","isPartOf":{"@id":"https:\/\/www.amanien.info\/news\/#website"},"primaryImageOfPage":{"@id":"https:\/\/www.amanien.info\/news\/presidentielle-2025-paix-et-cohesion-sociale-en-cote-divoiree-les-recommandations-dalcide-djedje-a-la-communaute-bhete\/#primaryimage"},"image":{"@id":"https:\/\/www.amanien.info\/news\/presidentielle-2025-paix-et-cohesion-sociale-en-cote-divoiree-les-recommandations-dalcide-djedje-a-la-communaute-bhete\/#primaryimage"},"thumbnailUrl":"https:\/\/www.amanien.info\/news\/wp-content\/uploads\/2025\/01\/27-janvier-2025-Alcide-Djedje-1-scaled.jpg","datePublished":"2025-01-28T08:30:08+00:00","author":{"@id":"https:\/\/www.amanien.info\/news\/#\/schema\/person\/b21093345753a1a98242d505bd894f42"},"breadcrumb":{"@id":"https:\/\/www.amanien.info\/news\/presidentielle-2025-paix-et-cohesion-sociale-en-cote-divoiree-les-recommandations-dalcide-djedje-a-la-communaute-bhete\/#breadcrumb"},"inLanguage":"fr-FR","potentialAction":[{"@type":"ReadAction","target":["https:\/\/www.amanien.info\/news\/presidentielle-2025-paix-et-cohesion-sociale-en-cote-divoiree-les-recommandations-dalcide-djedje-a-la-communaute-bhete\/"]}]},{"@type":"ImageObject","inLanguage":"fr-FR","@id":"https:\/\/www.amanien.info\/news\/presidentielle-2025-paix-et-cohesion-sociale-en-cote-divoiree-les-recommandations-dalcide-djedje-a-la-communaute-bhete\/#primaryimage","url":"https:\/\/www.amanien.info\/news\/wp-content\/uploads\/2025\/01\/27-janvier-2025-Alcide-Djedje-1-scaled.jpg","contentUrl":"https:\/\/www.amanien.info\/news\/wp-content\/uploads\/2025\/01\/27-janvier-2025-Alcide-Djedje-1-scaled.jpg","width":2560,"height":2560},{"@type":"BreadcrumbList","@id":"https:\/\/www.amanien.info\/news\/presidentielle-2025-paix-et-cohesion-sociale-en-cote-divoiree-les-recommandations-dalcide-djedje-a-la-communaute-bhete\/#breadcrumb","itemListElement":[{"@type":"ListItem","position":1,"name":"Accueil","item":"https:\/\/www.amanien.info\/news\/"},{"@type":"ListItem","position":2,"name":"Pr\u00e9sidentielle 2025 \/ Paix et coh\u00e9sion sociale en C\u00f4te d\u2019Ivoiree: les recommandations d\u2019Alcide Dj\u00e9dj\u00e9 \u00e0 la communaut\u00e9 Bh\u00e9t\u00e9"}]},{"@type":"WebSite","@id":"https:\/\/www.amanien.info\/news\/#website","url":"https:\/\/www.amanien.info\/news\/","name":"Amanien| L&#039;actualit\u00e9 Ivoirienne et Internationale","description":"L&#039;actualit\u00e9 Ivoirienne et Internationale","potentialAction":[{"@type":"SearchAction","target":{"@type":"EntryPoint","urlTemplate":"https:\/\/www.amanien.info\/news\/?s={search_term_string}"},"query-input":{"@type":"PropertyValueSpecification","valueRequired":true,"valueName":"search_term_string"}}],"inLanguage":"fr-FR"},{"@type":"Person","@id":"https:\/\/www.amanien.info\/news\/#\/schema\/person\/b21093345753a1a98242d505bd894f42","name":"Germain Ndri","url":"https:\/\/www.amanien.info\/news\/author\/amanien-infos\/"}]}},"_links":{"self":[{"href":"https:\/\/www.amanien.info\/news\/wp-json\/wp\/v2\/posts\/7057","targetHints":{"allow":["GET"]}}],"collection":[{"href":"https:\/\/www.amanien.info\/news\/wp-json\/wp\/v2\/posts"}],"about":[{"href":"https:\/\/www.amanien.info\/news\/wp-json\/wp\/v2\/types\/post"}],"author":[{"embeddable":true,"href":"https:\/\/www.amanien.info\/news\/wp-json\/wp\/v2\/users\/2"}],"replies":[{"embeddable":true,"href":"https:\/\/www.amanien.info\/news\/wp-json\/wp\/v2\/comments?post=7057"}],"version-history":[{"count":1,"href":"https:\/\/www.amanien.info\/news\/wp-json\/wp\/v2\/posts\/7057\/revisions"}],"predecessor-version":[{"id":7059,"href":"https:\/\/www.amanien.info\/news\/wp-json\/wp\/v2\/posts\/7057\/revisions\/7059"}],"wp:featuredmedia":[{"embeddable":true,"href":"https:\/\/www.amanien.info\/news\/wp-json\/wp\/v2\/media\/7058"}],"wp:attachment":[{"href":"https:\/\/www.amanien.info\/news\/wp-json\/wp\/v2\/media?parent=7057"}],"wp:term":[{"taxonomy":"category","embeddable":true,"href":"https:\/\/www.amanien.info\/news\/wp-json\/wp\/v2\/categories?post=7057"},{"taxonomy":"post_tag","embeddable":true,"href":"https:\/\/www.amanien.info\/news\/wp-json\/wp\/v2\/tags?post=7057"}],"curies":[{"name":"wp","href":"https:\/\/api.w.org\/{rel}","templated":true}]}}