{"id":7052,"date":"2025-01-28T08:20:56","date_gmt":"2025-01-28T08:20:56","guid":{"rendered":"https:\/\/www.amanien.info\/news\/?p=7052"},"modified":"2025-01-28T08:20:56","modified_gmt":"2025-01-28T08:20:56","slug":"presentation-de-voeux-de-nouvel-an-le-ministre-laurent-tchagba-a-ses-collaborateurs-les-defis-a-relever-sont-immenses-et-exigent-des-reponses-collectives-innovantes-et-determinees","status":"publish","type":"post","link":"https:\/\/www.amanien.info\/news\/presentation-de-voeux-de-nouvel-an-le-ministre-laurent-tchagba-a-ses-collaborateurs-les-defis-a-relever-sont-immenses-et-exigent-des-reponses-collectives-innovantes-et-determinees\/","title":{"rendered":"Pr\u00e9sentation de v\u0153ux de nouvel an : Le Ministre Laurent Tchagba \u00e0 ses collaborateurs :\u00a0\u00bbles d\u00e9fis \u00e0 relever sont immenses et exigent des r\u00e9ponses collectives, innovantes et d\u00e9termin\u00e9es\u00a0\u00bb"},"content":{"rendered":"<p>&nbsp;<\/p>\n<div><span style=\"text-transform: initial;\">La c\u00e9r\u00e9monie de pr\u00e9sentation de v\u0153ux de nouvel du personnel du Minist\u00e8re des Eaux et For\u00eats (MEF) au Ministre Laurent Tchagba a eu lieu, le lundi 27 janvier 2025, au si\u00e8ge de la SODEFOR sis \u00e0 Abidjan-Cocody.\u00a0<\/span><\/div>\n<div><\/div>\n<div><\/div>\n<div>Dans sa brillante allocation, le Ministre des Eaux et For\u00eats, Laurent Tchagba a rappel\u00e9 sa vision, qui est celle de faire de ce d\u00e9partement minist\u00e9riel,\u00a0 \u00ab\u00a0une famille constitu\u00e9e d&rsquo;hommes et de femmes qui\u00a0 travaillent avec acharnement pour la gestion durable de la for\u00eat, la faune et des ressources en eaux. Une famille dans laquelle r\u00e8gne solidarit\u00e9 et entraide, de sorte que, main dans la main, le travail soit fait en synergie avec patriotisme, rigueur et discipline pour relever les grands d\u00e9fis du secteur \u00ab\u00a0, a-t-il d\u00e9clar\u00e9.<\/div>\n<div><\/div>\n<div><\/div>\n<div>Pour le Ministre Laurent Tchagba, les d\u00e9fis \u00e0 relever sont immenses et exigent des r\u00e9ponses collectives, innovantes et d\u00e9termin\u00e9es. C&rsquo;est pourquoi, il a invit\u00e9 tous les cadres, agents et partenaires de son d\u00e9partement minist\u00e9riel \u00e0 avoir des \u00ab\u00a0comportements \u00e9cocitoyens\u00a0\u00bb, permettant d&rsquo;atteindre l&rsquo;objectif 2030 qui est de couvrir 20% du territoire national en for\u00eat, de r\u00e9ussir la gestion int\u00e9gr\u00e9e des ressources en eaux ainsi que la protection de notre faune.<\/div>\n<div><\/div>\n<div><\/div>\n<div>Il a \u00e9galement exhort\u00e9 ses collaborateurs \u00e0 maintenir le cap \u00e0 \u00e0 s&rsquo;engager \u00e0 traduire en actes les attentes, \u00e0 aller encore plus loin dans les projets, \u00e0 innover, \u00e0 apprendre les uns des autres et \u00e0 contribuer au succ\u00e8s collectif. \u00ab\u00a0Il y a encore beaucoup \u00e0 accomplir et je suis convaincu que nous saurons surmonter tous les obstacles qui se pr\u00e9senteront avec la solidarit\u00e9 et la d\u00e9termination\u00a0\u00bb, a-t-il dit.<\/div>\n<div><\/div>\n<div>Laurent Tchagba a, par ailleurs, invit\u00e9 tous les agents qui ne sont pas encore adh\u00e9rents du Fonds de Pr\u00e9voyance du MEF,\u00a0 \u00e0 le faire. Ledit fonds qui comprend aujourd&rsquo;hui 3800 agents des eaux et for\u00eats, 250 agents conventionnels de la SODEFOR et 70 agents interminist\u00e9riels.<\/div>\n<div><\/div>\n<div><\/div>\n<div>Bien avant, la Porte-parole du personnel du MEF, Mme Zouzou Mahi Edwige, a rappel\u00e9 les nombreuses actions entreprises par le Ministre Laurent Tchagba depuis son arriv\u00e9e \u00e0 t\u00eate de ce Minist\u00e8re. Il s&rsquo;agit, entre autres, de l&rsquo;adoption du code de l&rsquo;eau, de trois (3) lois relatives \u00e0 la faune, de la mise en place d&rsquo;une Inspection G\u00e9n\u00e9rale Forte et d&rsquo;un Commandement fort, de la signature de l&rsquo;Accord de partenariat volontaire sur l&rsquo;application des r\u00e9glementations foresti\u00e8res, de la gouvernance et des \u00e9changes commerciaux, de l&rsquo;appui du conseil national de s\u00e9curit\u00e9 pour l&rsquo;op\u00e9rationnalisation de l&rsquo;Ecole Nationale des Eaux et For\u00eats, de la r\u00e9alisation d&rsquo;un audit genre et de l&rsquo;\u00e9laboration d&rsquo;une strat\u00e9gie genre en vue de rendre plus visible les efforts de promotion du genre, etc.<\/div>\n<div><\/div>\n<div>Aussi a-t-elle r\u00e9affirm\u00e9 l&rsquo;engagement du personnel \u00e0 d\u00e9fendre les valeurs telles que la ponctualit\u00e9, l&rsquo;assiduit\u00e9 au travail et la conscience professionnelle, afin de r\u00e9pondre aux exigences de qualit\u00e9, de c\u00e9l\u00e9rit\u00e9 et de transparence pour relever tous les d\u00e9fis.<\/div>\n<div><\/div>\n<div><\/div>\n<div>Notons qu&rsquo;un atelier-bilan 2024 du MEF se tiendra le 04 f\u00e9vrier prochain \u00e0 San-P\u00e9dro.<\/div>\n<div><\/div>\n<div><b>S.A.\u00a0<\/b><\/div>\n","protected":false},"excerpt":{"rendered":"<p>&nbsp; La c\u00e9r\u00e9monie de pr\u00e9sentation de v\u0153ux de nouvel du personnel du Minist\u00e8re des Eaux et For\u00eats (MEF) au Ministre Laurent Tchagba a eu lieu, le lundi 27 janvier 2025, au si\u00e8ge de la SODEFOR sis \u00e0 Abidjan-Cocody.\u00a0 Dans sa brillante allocation, le Ministre des Eaux et For\u00eats, Laurent Tchagba a rappel\u00e9 sa vision, qui [&hellip;]<\/p>\n","protected":false},"author":2,"featured_media":7054,"comment_status":"closed","ping_status":"closed","sticky":false,"template":"","format":"standard","meta":{"_acf_changed":false,"footnotes":""},"categories":[],"tags":[],"class_list":["post-7052","post","type-post","status-publish","format-standard","has-post-thumbnail","hentry"],"acf":[],"yoast_head":"<!-- This site is optimized with the Yoast SEO plugin v27.5 - https:\/\/yoast.com\/product\/yoast-seo-wordpress\/ -->\n<title>Pr\u00e9sentation de v\u0153ux de nouvel an : Le Ministre Laurent Tchagba \u00e0 ses collaborateurs :&quot;les d\u00e9fis \u00e0 relever sont immenses et exigent des r\u00e9ponses collectives, innovantes et d\u00e9termin\u00e9es&quot; - Amanien| L&#039;actualit\u00e9 Ivoirienne et Internationale<\/title>\n<meta name=\"robots\" content=\"index, follow, max-snippet:-1, max-image-preview:large, max-video-preview:-1\" \/>\n<link rel=\"canonical\" href=\"https:\/\/www.amanien.info\/news\/presentation-de-voeux-de-nouvel-an-le-ministre-laurent-tchagba-a-ses-collaborateurs-les-defis-a-relever-sont-immenses-et-exigent-des-reponses-collectives-innovantes-et-determinees\/\" \/>\n<meta property=\"og:locale\" content=\"fr_FR\" \/>\n<meta property=\"og:type\" content=\"article\" \/>\n<meta property=\"og:title\" content=\"Pr\u00e9sentation de v\u0153ux de nouvel an : Le Ministre Laurent Tchagba \u00e0 ses collaborateurs :&quot;les d\u00e9fis \u00e0 relever sont immenses et exigent des r\u00e9ponses collectives, innovantes et d\u00e9termin\u00e9es&quot; - Amanien| L&#039;actualit\u00e9 Ivoirienne et Internationale\" \/>\n<meta property=\"og:description\" content=\"&nbsp; La c\u00e9r\u00e9monie de pr\u00e9sentation de v\u0153ux de nouvel du personnel du Minist\u00e8re des Eaux et For\u00eats (MEF) au Ministre Laurent Tchagba a eu lieu, le lundi 27 janvier 2025, au si\u00e8ge de la SODEFOR sis \u00e0 Abidjan-Cocody.\u00a0 Dans sa brillante allocation, le Ministre des Eaux et For\u00eats, Laurent Tchagba a rappel\u00e9 sa vision, qui [&hellip;]\" \/>\n<meta property=\"og:url\" content=\"https:\/\/www.amanien.info\/news\/presentation-de-voeux-de-nouvel-an-le-ministre-laurent-tchagba-a-ses-collaborateurs-les-defis-a-relever-sont-immenses-et-exigent-des-reponses-collectives-innovantes-et-determinees\/\" \/>\n<meta property=\"og:site_name\" content=\"Amanien| L&#039;actualit\u00e9 Ivoirienne et Internationale\" \/>\n<meta property=\"article:published_time\" content=\"2025-01-28T08:20:56+00:00\" \/>\n<meta property=\"og:image\" content=\"https:\/\/www.amanien.info\/news\/wp-content\/uploads\/2025\/01\/IMG-20250127-WA0140.jpg\" \/>\n\t<meta property=\"og:image:width\" content=\"1600\" \/>\n\t<meta property=\"og:image:height\" content=\"967\" \/>\n\t<meta property=\"og:image:type\" content=\"image\/jpeg\" \/>\n<meta name=\"author\" content=\"Germain Ndri\" \/>\n<meta name=\"twitter:card\" content=\"summary_large_image\" \/>\n<meta name=\"twitter:label1\" content=\"\u00c9crit par\" \/>\n\t<meta name=\"twitter:data1\" content=\"Germain Ndri\" \/>\n\t<meta name=\"twitter:label2\" content=\"Dur\u00e9e de lecture estim\u00e9e\" \/>\n\t<meta name=\"twitter:data2\" content=\"3 minutes\" \/>\n<script type=\"application\/ld+json\" class=\"yoast-schema-graph\">{\"@context\":\"https:\\\/\\\/schema.org\",\"@graph\":[{\"@type\":\"Article\",\"@id\":\"https:\\\/\\\/www.amanien.info\\\/news\\\/presentation-de-voeux-de-nouvel-an-le-ministre-laurent-tchagba-a-ses-collaborateurs-les-defis-a-relever-sont-immenses-et-exigent-des-reponses-collectives-innovantes-et-determinees\\\/#article\",\"isPartOf\":{\"@id\":\"https:\\\/\\\/www.amanien.info\\\/news\\\/presentation-de-voeux-de-nouvel-an-le-ministre-laurent-tchagba-a-ses-collaborateurs-les-defis-a-relever-sont-immenses-et-exigent-des-reponses-collectives-innovantes-et-determinees\\\/\"},\"author\":{\"name\":\"Germain Ndri\",\"@id\":\"https:\\\/\\\/www.amanien.info\\\/news\\\/#\\\/schema\\\/person\\\/b21093345753a1a98242d505bd894f42\"},\"headline\":\"Pr\u00e9sentation de v\u0153ux de nouvel an : Le Ministre Laurent Tchagba \u00e0 ses collaborateurs :\u00a0\u00bbles d\u00e9fis \u00e0 relever sont immenses et exigent des r\u00e9ponses collectives, innovantes et d\u00e9termin\u00e9es\u00a0\u00bb\",\"datePublished\":\"2025-01-28T08:20:56+00:00\",\"mainEntityOfPage\":{\"@id\":\"https:\\\/\\\/www.amanien.info\\\/news\\\/presentation-de-voeux-de-nouvel-an-le-ministre-laurent-tchagba-a-ses-collaborateurs-les-defis-a-relever-sont-immenses-et-exigent-des-reponses-collectives-innovantes-et-determinees\\\/\"},\"wordCount\":562,\"image\":{\"@id\":\"https:\\\/\\\/www.amanien.info\\\/news\\\/presentation-de-voeux-de-nouvel-an-le-ministre-laurent-tchagba-a-ses-collaborateurs-les-defis-a-relever-sont-immenses-et-exigent-des-reponses-collectives-innovantes-et-determinees\\\/#primaryimage\"},\"thumbnailUrl\":\"https:\\\/\\\/www.amanien.info\\\/news\\\/wp-content\\\/uploads\\\/2025\\\/01\\\/IMG-20250127-WA0140.jpg\",\"inLanguage\":\"fr-FR\"},{\"@type\":\"WebPage\",\"@id\":\"https:\\\/\\\/www.amanien.info\\\/news\\\/presentation-de-voeux-de-nouvel-an-le-ministre-laurent-tchagba-a-ses-collaborateurs-les-defis-a-relever-sont-immenses-et-exigent-des-reponses-collectives-innovantes-et-determinees\\\/\",\"url\":\"https:\\\/\\\/www.amanien.info\\\/news\\\/presentation-de-voeux-de-nouvel-an-le-ministre-laurent-tchagba-a-ses-collaborateurs-les-defis-a-relever-sont-immenses-et-exigent-des-reponses-collectives-innovantes-et-determinees\\\/\",\"name\":\"Pr\u00e9sentation de v\u0153ux de nouvel an : Le Ministre Laurent Tchagba \u00e0 ses collaborateurs :\\\"les d\u00e9fis \u00e0 relever sont immenses et exigent des r\u00e9ponses collectives, innovantes et d\u00e9termin\u00e9es\\\" - Amanien| L&#039;actualit\u00e9 Ivoirienne et Internationale\",\"isPartOf\":{\"@id\":\"https:\\\/\\\/www.amanien.info\\\/news\\\/#website\"},\"primaryImageOfPage\":{\"@id\":\"https:\\\/\\\/www.amanien.info\\\/news\\\/presentation-de-voeux-de-nouvel-an-le-ministre-laurent-tchagba-a-ses-collaborateurs-les-defis-a-relever-sont-immenses-et-exigent-des-reponses-collectives-innovantes-et-determinees\\\/#primaryimage\"},\"image\":{\"@id\":\"https:\\\/\\\/www.amanien.info\\\/news\\\/presentation-de-voeux-de-nouvel-an-le-ministre-laurent-tchagba-a-ses-collaborateurs-les-defis-a-relever-sont-immenses-et-exigent-des-reponses-collectives-innovantes-et-determinees\\\/#primaryimage\"},\"thumbnailUrl\":\"https:\\\/\\\/www.amanien.info\\\/news\\\/wp-content\\\/uploads\\\/2025\\\/01\\\/IMG-20250127-WA0140.jpg\",\"datePublished\":\"2025-01-28T08:20:56+00:00\",\"author\":{\"@id\":\"https:\\\/\\\/www.amanien.info\\\/news\\\/#\\\/schema\\\/person\\\/b21093345753a1a98242d505bd894f42\"},\"breadcrumb\":{\"@id\":\"https:\\\/\\\/www.amanien.info\\\/news\\\/presentation-de-voeux-de-nouvel-an-le-ministre-laurent-tchagba-a-ses-collaborateurs-les-defis-a-relever-sont-immenses-et-exigent-des-reponses-collectives-innovantes-et-determinees\\\/#breadcrumb\"},\"inLanguage\":\"fr-FR\",\"potentialAction\":[{\"@type\":\"ReadAction\",\"target\":[\"https:\\\/\\\/www.amanien.info\\\/news\\\/presentation-de-voeux-de-nouvel-an-le-ministre-laurent-tchagba-a-ses-collaborateurs-les-defis-a-relever-sont-immenses-et-exigent-des-reponses-collectives-innovantes-et-determinees\\\/\"]}]},{\"@type\":\"ImageObject\",\"inLanguage\":\"fr-FR\",\"@id\":\"https:\\\/\\\/www.amanien.info\\\/news\\\/presentation-de-voeux-de-nouvel-an-le-ministre-laurent-tchagba-a-ses-collaborateurs-les-defis-a-relever-sont-immenses-et-exigent-des-reponses-collectives-innovantes-et-determinees\\\/#primaryimage\",\"url\":\"https:\\\/\\\/www.amanien.info\\\/news\\\/wp-content\\\/uploads\\\/2025\\\/01\\\/IMG-20250127-WA0140.jpg\",\"contentUrl\":\"https:\\\/\\\/www.amanien.info\\\/news\\\/wp-content\\\/uploads\\\/2025\\\/01\\\/IMG-20250127-WA0140.jpg\",\"width\":1600,\"height\":967},{\"@type\":\"BreadcrumbList\",\"@id\":\"https:\\\/\\\/www.amanien.info\\\/news\\\/presentation-de-voeux-de-nouvel-an-le-ministre-laurent-tchagba-a-ses-collaborateurs-les-defis-a-relever-sont-immenses-et-exigent-des-reponses-collectives-innovantes-et-determinees\\\/#breadcrumb\",\"itemListElement\":[{\"@type\":\"ListItem\",\"position\":1,\"name\":\"Accueil\",\"item\":\"https:\\\/\\\/www.amanien.info\\\/news\\\/\"},{\"@type\":\"ListItem\",\"position\":2,\"name\":\"Pr\u00e9sentation de v\u0153ux de nouvel an : Le Ministre Laurent Tchagba \u00e0 ses collaborateurs :\u00a0\u00bbles d\u00e9fis \u00e0 relever sont immenses et exigent des r\u00e9ponses collectives, innovantes et d\u00e9termin\u00e9es\u00a0\u00bb\"}]},{\"@type\":\"WebSite\",\"@id\":\"https:\\\/\\\/www.amanien.info\\\/news\\\/#website\",\"url\":\"https:\\\/\\\/www.amanien.info\\\/news\\\/\",\"name\":\"Amanien| L&#039;actualit\u00e9 Ivoirienne et Internationale\",\"description\":\"L&#039;actualit\u00e9 Ivoirienne et Internationale\",\"potentialAction\":[{\"@type\":\"SearchAction\",\"target\":{\"@type\":\"EntryPoint\",\"urlTemplate\":\"https:\\\/\\\/www.amanien.info\\\/news\\\/?s={search_term_string}\"},\"query-input\":{\"@type\":\"PropertyValueSpecification\",\"valueRequired\":true,\"valueName\":\"search_term_string\"}}],\"inLanguage\":\"fr-FR\"},{\"@type\":\"Person\",\"@id\":\"https:\\\/\\\/www.amanien.info\\\/news\\\/#\\\/schema\\\/person\\\/b21093345753a1a98242d505bd894f42\",\"name\":\"Germain Ndri\",\"url\":\"https:\\\/\\\/www.amanien.info\\\/news\\\/author\\\/amanien-infos\\\/\"}]}<\/script>\n<!-- \/ Yoast SEO plugin. -->","yoast_head_json":{"title":"Pr\u00e9sentation de v\u0153ux de nouvel an : Le Ministre Laurent Tchagba \u00e0 ses collaborateurs :\"les d\u00e9fis \u00e0 relever sont immenses et exigent des r\u00e9ponses collectives, innovantes et d\u00e9termin\u00e9es\" - Amanien| L&#039;actualit\u00e9 Ivoirienne et Internationale","robots":{"index":"index","follow":"follow","max-snippet":"max-snippet:-1","max-image-preview":"max-image-preview:large","max-video-preview":"max-video-preview:-1"},"canonical":"https:\/\/www.amanien.info\/news\/presentation-de-voeux-de-nouvel-an-le-ministre-laurent-tchagba-a-ses-collaborateurs-les-defis-a-relever-sont-immenses-et-exigent-des-reponses-collectives-innovantes-et-determinees\/","og_locale":"fr_FR","og_type":"article","og_title":"Pr\u00e9sentation de v\u0153ux de nouvel an : Le Ministre Laurent Tchagba \u00e0 ses collaborateurs :\"les d\u00e9fis \u00e0 relever sont immenses et exigent des r\u00e9ponses collectives, innovantes et d\u00e9termin\u00e9es\" - Amanien| L&#039;actualit\u00e9 Ivoirienne et Internationale","og_description":"&nbsp; La c\u00e9r\u00e9monie de pr\u00e9sentation de v\u0153ux de nouvel du personnel du Minist\u00e8re des Eaux et For\u00eats (MEF) au Ministre Laurent Tchagba a eu lieu, le lundi 27 janvier 2025, au si\u00e8ge de la SODEFOR sis \u00e0 Abidjan-Cocody.\u00a0 Dans sa brillante allocation, le Ministre des Eaux et For\u00eats, Laurent Tchagba a rappel\u00e9 sa vision, qui [&hellip;]","og_url":"https:\/\/www.amanien.info\/news\/presentation-de-voeux-de-nouvel-an-le-ministre-laurent-tchagba-a-ses-collaborateurs-les-defis-a-relever-sont-immenses-et-exigent-des-reponses-collectives-innovantes-et-determinees\/","og_site_name":"Amanien| L&#039;actualit\u00e9 Ivoirienne et Internationale","article_published_time":"2025-01-28T08:20:56+00:00","og_image":[{"width":1600,"height":967,"url":"https:\/\/www.amanien.info\/news\/wp-content\/uploads\/2025\/01\/IMG-20250127-WA0140.jpg","type":"image\/jpeg"}],"author":"Germain Ndri","twitter_card":"summary_large_image","twitter_misc":{"\u00c9crit par":"Germain Ndri","Dur\u00e9e de lecture estim\u00e9e":"3 minutes"},"schema":{"@context":"https:\/\/schema.org","@graph":[{"@type":"Article","@id":"https:\/\/www.amanien.info\/news\/presentation-de-voeux-de-nouvel-an-le-ministre-laurent-tchagba-a-ses-collaborateurs-les-defis-a-relever-sont-immenses-et-exigent-des-reponses-collectives-innovantes-et-determinees\/#article","isPartOf":{"@id":"https:\/\/www.amanien.info\/news\/presentation-de-voeux-de-nouvel-an-le-ministre-laurent-tchagba-a-ses-collaborateurs-les-defis-a-relever-sont-immenses-et-exigent-des-reponses-collectives-innovantes-et-determinees\/"},"author":{"name":"Germain Ndri","@id":"https:\/\/www.amanien.info\/news\/#\/schema\/person\/b21093345753a1a98242d505bd894f42"},"headline":"Pr\u00e9sentation de v\u0153ux de nouvel an : Le Ministre Laurent Tchagba \u00e0 ses collaborateurs :\u00a0\u00bbles d\u00e9fis \u00e0 relever sont immenses et exigent des r\u00e9ponses collectives, innovantes et d\u00e9termin\u00e9es\u00a0\u00bb","datePublished":"2025-01-28T08:20:56+00:00","mainEntityOfPage":{"@id":"https:\/\/www.amanien.info\/news\/presentation-de-voeux-de-nouvel-an-le-ministre-laurent-tchagba-a-ses-collaborateurs-les-defis-a-relever-sont-immenses-et-exigent-des-reponses-collectives-innovantes-et-determinees\/"},"wordCount":562,"image":{"@id":"https:\/\/www.amanien.info\/news\/presentation-de-voeux-de-nouvel-an-le-ministre-laurent-tchagba-a-ses-collaborateurs-les-defis-a-relever-sont-immenses-et-exigent-des-reponses-collectives-innovantes-et-determinees\/#primaryimage"},"thumbnailUrl":"https:\/\/www.amanien.info\/news\/wp-content\/uploads\/2025\/01\/IMG-20250127-WA0140.jpg","inLanguage":"fr-FR"},{"@type":"WebPage","@id":"https:\/\/www.amanien.info\/news\/presentation-de-voeux-de-nouvel-an-le-ministre-laurent-tchagba-a-ses-collaborateurs-les-defis-a-relever-sont-immenses-et-exigent-des-reponses-collectives-innovantes-et-determinees\/","url":"https:\/\/www.amanien.info\/news\/presentation-de-voeux-de-nouvel-an-le-ministre-laurent-tchagba-a-ses-collaborateurs-les-defis-a-relever-sont-immenses-et-exigent-des-reponses-collectives-innovantes-et-determinees\/","name":"Pr\u00e9sentation de v\u0153ux de nouvel an : Le Ministre Laurent Tchagba \u00e0 ses collaborateurs :\"les d\u00e9fis \u00e0 relever sont immenses et exigent des r\u00e9ponses collectives, innovantes et d\u00e9termin\u00e9es\" - Amanien| L&#039;actualit\u00e9 Ivoirienne et Internationale","isPartOf":{"@id":"https:\/\/www.amanien.info\/news\/#website"},"primaryImageOfPage":{"@id":"https:\/\/www.amanien.info\/news\/presentation-de-voeux-de-nouvel-an-le-ministre-laurent-tchagba-a-ses-collaborateurs-les-defis-a-relever-sont-immenses-et-exigent-des-reponses-collectives-innovantes-et-determinees\/#primaryimage"},"image":{"@id":"https:\/\/www.amanien.info\/news\/presentation-de-voeux-de-nouvel-an-le-ministre-laurent-tchagba-a-ses-collaborateurs-les-defis-a-relever-sont-immenses-et-exigent-des-reponses-collectives-innovantes-et-determinees\/#primaryimage"},"thumbnailUrl":"https:\/\/www.amanien.info\/news\/wp-content\/uploads\/2025\/01\/IMG-20250127-WA0140.jpg","datePublished":"2025-01-28T08:20:56+00:00","author":{"@id":"https:\/\/www.amanien.info\/news\/#\/schema\/person\/b21093345753a1a98242d505bd894f42"},"breadcrumb":{"@id":"https:\/\/www.amanien.info\/news\/presentation-de-voeux-de-nouvel-an-le-ministre-laurent-tchagba-a-ses-collaborateurs-les-defis-a-relever-sont-immenses-et-exigent-des-reponses-collectives-innovantes-et-determinees\/#breadcrumb"},"inLanguage":"fr-FR","potentialAction":[{"@type":"ReadAction","target":["https:\/\/www.amanien.info\/news\/presentation-de-voeux-de-nouvel-an-le-ministre-laurent-tchagba-a-ses-collaborateurs-les-defis-a-relever-sont-immenses-et-exigent-des-reponses-collectives-innovantes-et-determinees\/"]}]},{"@type":"ImageObject","inLanguage":"fr-FR","@id":"https:\/\/www.amanien.info\/news\/presentation-de-voeux-de-nouvel-an-le-ministre-laurent-tchagba-a-ses-collaborateurs-les-defis-a-relever-sont-immenses-et-exigent-des-reponses-collectives-innovantes-et-determinees\/#primaryimage","url":"https:\/\/www.amanien.info\/news\/wp-content\/uploads\/2025\/01\/IMG-20250127-WA0140.jpg","contentUrl":"https:\/\/www.amanien.info\/news\/wp-content\/uploads\/2025\/01\/IMG-20250127-WA0140.jpg","width":1600,"height":967},{"@type":"BreadcrumbList","@id":"https:\/\/www.amanien.info\/news\/presentation-de-voeux-de-nouvel-an-le-ministre-laurent-tchagba-a-ses-collaborateurs-les-defis-a-relever-sont-immenses-et-exigent-des-reponses-collectives-innovantes-et-determinees\/#breadcrumb","itemListElement":[{"@type":"ListItem","position":1,"name":"Accueil","item":"https:\/\/www.amanien.info\/news\/"},{"@type":"ListItem","position":2,"name":"Pr\u00e9sentation de v\u0153ux de nouvel an : Le Ministre Laurent Tchagba \u00e0 ses collaborateurs :\u00a0\u00bbles d\u00e9fis \u00e0 relever sont immenses et exigent des r\u00e9ponses collectives, innovantes et d\u00e9termin\u00e9es\u00a0\u00bb"}]},{"@type":"WebSite","@id":"https:\/\/www.amanien.info\/news\/#website","url":"https:\/\/www.amanien.info\/news\/","name":"Amanien| L&#039;actualit\u00e9 Ivoirienne et Internationale","description":"L&#039;actualit\u00e9 Ivoirienne et Internationale","potentialAction":[{"@type":"SearchAction","target":{"@type":"EntryPoint","urlTemplate":"https:\/\/www.amanien.info\/news\/?s={search_term_string}"},"query-input":{"@type":"PropertyValueSpecification","valueRequired":true,"valueName":"search_term_string"}}],"inLanguage":"fr-FR"},{"@type":"Person","@id":"https:\/\/www.amanien.info\/news\/#\/schema\/person\/b21093345753a1a98242d505bd894f42","name":"Germain Ndri","url":"https:\/\/www.amanien.info\/news\/author\/amanien-infos\/"}]}},"_links":{"self":[{"href":"https:\/\/www.amanien.info\/news\/wp-json\/wp\/v2\/posts\/7052","targetHints":{"allow":["GET"]}}],"collection":[{"href":"https:\/\/www.amanien.info\/news\/wp-json\/wp\/v2\/posts"}],"about":[{"href":"https:\/\/www.amanien.info\/news\/wp-json\/wp\/v2\/types\/post"}],"author":[{"embeddable":true,"href":"https:\/\/www.amanien.info\/news\/wp-json\/wp\/v2\/users\/2"}],"replies":[{"embeddable":true,"href":"https:\/\/www.amanien.info\/news\/wp-json\/wp\/v2\/comments?post=7052"}],"version-history":[{"count":1,"href":"https:\/\/www.amanien.info\/news\/wp-json\/wp\/v2\/posts\/7052\/revisions"}],"predecessor-version":[{"id":7055,"href":"https:\/\/www.amanien.info\/news\/wp-json\/wp\/v2\/posts\/7052\/revisions\/7055"}],"wp:featuredmedia":[{"embeddable":true,"href":"https:\/\/www.amanien.info\/news\/wp-json\/wp\/v2\/media\/7054"}],"wp:attachment":[{"href":"https:\/\/www.amanien.info\/news\/wp-json\/wp\/v2\/media?parent=7052"}],"wp:term":[{"taxonomy":"category","embeddable":true,"href":"https:\/\/www.amanien.info\/news\/wp-json\/wp\/v2\/categories?post=7052"},{"taxonomy":"post_tag","embeddable":true,"href":"https:\/\/www.amanien.info\/news\/wp-json\/wp\/v2\/tags?post=7052"}],"curies":[{"name":"wp","href":"https:\/\/api.w.org\/{rel}","templated":true}]}}