{"id":7046,"date":"2025-01-22T19:23:51","date_gmt":"2025-01-22T19:23:51","guid":{"rendered":"https:\/\/www.amanien.info\/news\/?p=7046"},"modified":"2025-01-22T19:23:51","modified_gmt":"2025-01-22T19:23:51","slug":"presentation-de-voeux-de-nouvel-an-le-president-du-pdci-rda-tidjane-thiam-nous-voulons-remporter-cette-presidentielle-pour-apporter-aux-ivoiriens-bien-etre-paix-prosperite-et-securite","status":"publish","type":"post","link":"https:\/\/www.amanien.info\/news\/presentation-de-voeux-de-nouvel-an-le-president-du-pdci-rda-tidjane-thiam-nous-voulons-remporter-cette-presidentielle-pour-apporter-aux-ivoiriens-bien-etre-paix-prosperite-et-securite\/","title":{"rendered":"Pr\u00e9sentation de v\u0153ux de nouvel an : Le Pr\u00e9sident du PDCI-RDA, Tidjane Thiam :\u00a0\u00bbNous voulons remporter cette pr\u00e9sidentielle pour apporter aux ivoiriens bien-\u00eatre, paix, prosp\u00e9rit\u00e9 et s\u00e9curit\u00e9 \u00ab\u00a0"},"content":{"rendered":"<div><span style=\"text-transform: initial;\">Le Pr\u00e9sident du PDCI-RDA, Tidjane Thiam a, \u00e0 l&rsquo;occasion de la c\u00e9r\u00e9monie de pr\u00e9sentation de v\u0153ux de nouvel an organis\u00e9e par son parti, PDCI-RDA, tenue le mardi 21 janvier 2025, \u00e0 la maison du parti sise \u00e0 Cocody(Abidjan),\u00a0 r\u00e9affirm\u00e9 sa volont\u00e9 de remporter la pr\u00e9sidentielle d&rsquo;octobre prochain en vue d&rsquo;apporter le bonheur aux ivoiriens. \u00ab\u00a0Nous voulons remporter cette \u00e9lection pr\u00e9sidentielle d&rsquo;octobre pour apporter aux ivoiriens bien-\u00eatre,, paix, prosp\u00e9rit\u00e9 et s\u00e9curit\u00e9\u00a0\u00bb, a d\u00e9clar\u00e9 le Pr\u00e9sident du PDCI-RDA, Tidjane Thiam, face \u00e0 des milliers de militants.\u00a0<\/span><\/div>\n<div><\/div>\n<div><\/div>\n<div>Pour le Pr\u00e9sident Tidjane Thiam, l&rsquo;objectif n&rsquo;est pas la reconqu\u00eate du pouvoir mais le bonheur des ivoiriens. \u00ab\u00a0Il ne faut pas confondre la fin, l&rsquo;objectif et les moyens. La reconqu\u00eate du pouvoir est le moyen qui nous permettra d&rsquo;arriver \u00e0 nos fins-le progr\u00e8s pour\u00a0 tous et le bonheur pour chacun\u00a0\u00bb, a-t-il expliqu\u00e9.<\/div>\n<div><\/div>\n<div><\/div>\n<div>Pour r\u00e9aliser cette noble mission, poursuit-il,\u00a0 \u00ab\u00a0le rassemblement des militants autour d&rsquo;objectifs communs et partag\u00e9s est indispensable\u00a0\u00bb.<\/div>\n<div><\/div>\n<div>A l&rsquo;en croire, son projet s&rsquo;articule autour de six(06) axes fondamentaux. A savoir, la paix et la s\u00e9curit\u00e9, le capital humain, l&rsquo;\u00e9conomie et l&rsquo;\u00e9quit\u00e9, une soci\u00e9t\u00e9 diverse et inclusive, les nouvelles technologies ainsi que le d\u00e9veloppement durable.<\/div>\n<div><\/div>\n<div><\/div>\n<div>Le Pr\u00e9sident du parti septuag\u00e9naire, PDCI-RDA a, par ailleurs, appel\u00e9 \u00e0 une \u00e9lection pr\u00e9sidentielle transparente, cr\u00e9dible et inclusive. \u00ab\u00a0Une \u00e9lection pr\u00e9sidentielle qui se d\u00e9roulera sans incident, sans violence, sans accusation de fraude, sans l&rsquo;\u0153il bienveillant mais exigeant de la communaut\u00e9 internationale et dont les r\u00e9sultats ne souffriront d&rsquo;aucune contestation\u00a0\u00bb a-t-il souhait\u00e9, tout en invitant ses militants \u00e0 \u00ab\u00a0s&rsquo;armer de courage\u00a0\u00bb pour faire face \u00e0 toutes sortes d&rsquo;injustice, aux menaces et aux intimidations.<\/div>\n<div><\/div>\n<div><\/div>\n<div><b>S.A.<\/b><\/div>\n","protected":false},"excerpt":{"rendered":"<p>Le Pr\u00e9sident du PDCI-RDA, Tidjane Thiam a, \u00e0 l&rsquo;occasion de la c\u00e9r\u00e9monie de pr\u00e9sentation de v\u0153ux de nouvel an organis\u00e9e par son parti, PDCI-RDA, tenue le mardi 21 janvier 2025, \u00e0 la maison du parti sise \u00e0 Cocody(Abidjan),\u00a0 r\u00e9affirm\u00e9 sa volont\u00e9 de remporter la pr\u00e9sidentielle d&rsquo;octobre prochain en vue d&rsquo;apporter le bonheur aux ivoiriens. \u00ab\u00a0Nous [&hellip;]<\/p>\n","protected":false},"author":2,"featured_media":7047,"comment_status":"closed","ping_status":"closed","sticky":false,"template":"","format":"standard","meta":{"_acf_changed":false,"footnotes":""},"categories":[],"tags":[],"class_list":["post-7046","post","type-post","status-publish","format-standard","has-post-thumbnail","hentry"],"acf":[],"yoast_head":"<!-- This site is optimized with the Yoast SEO plugin v27.5 - https:\/\/yoast.com\/product\/yoast-seo-wordpress\/ -->\n<title>Pr\u00e9sentation de v\u0153ux de nouvel an : Le Pr\u00e9sident du PDCI-RDA, Tidjane Thiam :&quot;Nous voulons remporter cette pr\u00e9sidentielle pour apporter aux ivoiriens bien-\u00eatre, paix, prosp\u00e9rit\u00e9 et s\u00e9curit\u00e9 &quot; - Amanien| L&#039;actualit\u00e9 Ivoirienne et Internationale<\/title>\n<meta name=\"robots\" content=\"index, follow, max-snippet:-1, max-image-preview:large, max-video-preview:-1\" \/>\n<link rel=\"canonical\" href=\"https:\/\/www.amanien.info\/news\/presentation-de-voeux-de-nouvel-an-le-president-du-pdci-rda-tidjane-thiam-nous-voulons-remporter-cette-presidentielle-pour-apporter-aux-ivoiriens-bien-etre-paix-prosperite-et-securite\/\" \/>\n<meta property=\"og:locale\" content=\"fr_FR\" \/>\n<meta property=\"og:type\" content=\"article\" \/>\n<meta property=\"og:title\" content=\"Pr\u00e9sentation de v\u0153ux de nouvel an : Le Pr\u00e9sident du PDCI-RDA, Tidjane Thiam :&quot;Nous voulons remporter cette pr\u00e9sidentielle pour apporter aux ivoiriens bien-\u00eatre, paix, prosp\u00e9rit\u00e9 et s\u00e9curit\u00e9 &quot; - Amanien| L&#039;actualit\u00e9 Ivoirienne et Internationale\" \/>\n<meta property=\"og:description\" content=\"Le Pr\u00e9sident du PDCI-RDA, Tidjane Thiam a, \u00e0 l&rsquo;occasion de la c\u00e9r\u00e9monie de pr\u00e9sentation de v\u0153ux de nouvel an organis\u00e9e par son parti, PDCI-RDA, tenue le mardi 21 janvier 2025, \u00e0 la maison du parti sise \u00e0 Cocody(Abidjan),\u00a0 r\u00e9affirm\u00e9 sa volont\u00e9 de remporter la pr\u00e9sidentielle d&rsquo;octobre prochain en vue d&rsquo;apporter le bonheur aux ivoiriens. \u00ab\u00a0Nous [&hellip;]\" \/>\n<meta property=\"og:url\" content=\"https:\/\/www.amanien.info\/news\/presentation-de-voeux-de-nouvel-an-le-president-du-pdci-rda-tidjane-thiam-nous-voulons-remporter-cette-presidentielle-pour-apporter-aux-ivoiriens-bien-etre-paix-prosperite-et-securite\/\" \/>\n<meta property=\"og:site_name\" content=\"Amanien| L&#039;actualit\u00e9 Ivoirienne et Internationale\" \/>\n<meta property=\"article:published_time\" content=\"2025-01-22T19:23:51+00:00\" \/>\n<meta property=\"og:image\" content=\"https:\/\/www.amanien.info\/news\/wp-content\/uploads\/2025\/01\/image_870x_6790f915dcc9e.jpg\" \/>\n\t<meta property=\"og:image:width\" content=\"870\" \/>\n\t<meta property=\"og:image:height\" content=\"629\" \/>\n\t<meta property=\"og:image:type\" content=\"image\/jpeg\" \/>\n<meta name=\"author\" content=\"Germain Ndri\" \/>\n<meta name=\"twitter:card\" content=\"summary_large_image\" \/>\n<meta name=\"twitter:label1\" content=\"\u00c9crit par\" \/>\n\t<meta name=\"twitter:data1\" content=\"Germain Ndri\" \/>\n\t<meta name=\"twitter:label2\" content=\"Dur\u00e9e de lecture estim\u00e9e\" \/>\n\t<meta name=\"twitter:data2\" content=\"2 minutes\" \/>\n<script type=\"application\/ld+json\" class=\"yoast-schema-graph\">{\"@context\":\"https:\\\/\\\/schema.org\",\"@graph\":[{\"@type\":\"Article\",\"@id\":\"https:\\\/\\\/www.amanien.info\\\/news\\\/presentation-de-voeux-de-nouvel-an-le-president-du-pdci-rda-tidjane-thiam-nous-voulons-remporter-cette-presidentielle-pour-apporter-aux-ivoiriens-bien-etre-paix-prosperite-et-securite\\\/#article\",\"isPartOf\":{\"@id\":\"https:\\\/\\\/www.amanien.info\\\/news\\\/presentation-de-voeux-de-nouvel-an-le-president-du-pdci-rda-tidjane-thiam-nous-voulons-remporter-cette-presidentielle-pour-apporter-aux-ivoiriens-bien-etre-paix-prosperite-et-securite\\\/\"},\"author\":{\"name\":\"Germain Ndri\",\"@id\":\"https:\\\/\\\/www.amanien.info\\\/news\\\/#\\\/schema\\\/person\\\/b21093345753a1a98242d505bd894f42\"},\"headline\":\"Pr\u00e9sentation de v\u0153ux de nouvel an : Le Pr\u00e9sident du PDCI-RDA, Tidjane Thiam :\u00a0\u00bbNous voulons remporter cette pr\u00e9sidentielle pour apporter aux ivoiriens bien-\u00eatre, paix, prosp\u00e9rit\u00e9 et s\u00e9curit\u00e9 \u00ab\u00a0\",\"datePublished\":\"2025-01-22T19:23:51+00:00\",\"mainEntityOfPage\":{\"@id\":\"https:\\\/\\\/www.amanien.info\\\/news\\\/presentation-de-voeux-de-nouvel-an-le-president-du-pdci-rda-tidjane-thiam-nous-voulons-remporter-cette-presidentielle-pour-apporter-aux-ivoiriens-bien-etre-paix-prosperite-et-securite\\\/\"},\"wordCount\":335,\"image\":{\"@id\":\"https:\\\/\\\/www.amanien.info\\\/news\\\/presentation-de-voeux-de-nouvel-an-le-president-du-pdci-rda-tidjane-thiam-nous-voulons-remporter-cette-presidentielle-pour-apporter-aux-ivoiriens-bien-etre-paix-prosperite-et-securite\\\/#primaryimage\"},\"thumbnailUrl\":\"https:\\\/\\\/www.amanien.info\\\/news\\\/wp-content\\\/uploads\\\/2025\\\/01\\\/image_870x_6790f915dcc9e.jpg\",\"inLanguage\":\"fr-FR\"},{\"@type\":\"WebPage\",\"@id\":\"https:\\\/\\\/www.amanien.info\\\/news\\\/presentation-de-voeux-de-nouvel-an-le-president-du-pdci-rda-tidjane-thiam-nous-voulons-remporter-cette-presidentielle-pour-apporter-aux-ivoiriens-bien-etre-paix-prosperite-et-securite\\\/\",\"url\":\"https:\\\/\\\/www.amanien.info\\\/news\\\/presentation-de-voeux-de-nouvel-an-le-president-du-pdci-rda-tidjane-thiam-nous-voulons-remporter-cette-presidentielle-pour-apporter-aux-ivoiriens-bien-etre-paix-prosperite-et-securite\\\/\",\"name\":\"Pr\u00e9sentation de v\u0153ux de nouvel an : Le Pr\u00e9sident du PDCI-RDA, Tidjane Thiam :\\\"Nous voulons remporter cette pr\u00e9sidentielle pour apporter aux ivoiriens bien-\u00eatre, paix, prosp\u00e9rit\u00e9 et s\u00e9curit\u00e9 \\\" - Amanien| L&#039;actualit\u00e9 Ivoirienne et Internationale\",\"isPartOf\":{\"@id\":\"https:\\\/\\\/www.amanien.info\\\/news\\\/#website\"},\"primaryImageOfPage\":{\"@id\":\"https:\\\/\\\/www.amanien.info\\\/news\\\/presentation-de-voeux-de-nouvel-an-le-president-du-pdci-rda-tidjane-thiam-nous-voulons-remporter-cette-presidentielle-pour-apporter-aux-ivoiriens-bien-etre-paix-prosperite-et-securite\\\/#primaryimage\"},\"image\":{\"@id\":\"https:\\\/\\\/www.amanien.info\\\/news\\\/presentation-de-voeux-de-nouvel-an-le-president-du-pdci-rda-tidjane-thiam-nous-voulons-remporter-cette-presidentielle-pour-apporter-aux-ivoiriens-bien-etre-paix-prosperite-et-securite\\\/#primaryimage\"},\"thumbnailUrl\":\"https:\\\/\\\/www.amanien.info\\\/news\\\/wp-content\\\/uploads\\\/2025\\\/01\\\/image_870x_6790f915dcc9e.jpg\",\"datePublished\":\"2025-01-22T19:23:51+00:00\",\"author\":{\"@id\":\"https:\\\/\\\/www.amanien.info\\\/news\\\/#\\\/schema\\\/person\\\/b21093345753a1a98242d505bd894f42\"},\"breadcrumb\":{\"@id\":\"https:\\\/\\\/www.amanien.info\\\/news\\\/presentation-de-voeux-de-nouvel-an-le-president-du-pdci-rda-tidjane-thiam-nous-voulons-remporter-cette-presidentielle-pour-apporter-aux-ivoiriens-bien-etre-paix-prosperite-et-securite\\\/#breadcrumb\"},\"inLanguage\":\"fr-FR\",\"potentialAction\":[{\"@type\":\"ReadAction\",\"target\":[\"https:\\\/\\\/www.amanien.info\\\/news\\\/presentation-de-voeux-de-nouvel-an-le-president-du-pdci-rda-tidjane-thiam-nous-voulons-remporter-cette-presidentielle-pour-apporter-aux-ivoiriens-bien-etre-paix-prosperite-et-securite\\\/\"]}]},{\"@type\":\"ImageObject\",\"inLanguage\":\"fr-FR\",\"@id\":\"https:\\\/\\\/www.amanien.info\\\/news\\\/presentation-de-voeux-de-nouvel-an-le-president-du-pdci-rda-tidjane-thiam-nous-voulons-remporter-cette-presidentielle-pour-apporter-aux-ivoiriens-bien-etre-paix-prosperite-et-securite\\\/#primaryimage\",\"url\":\"https:\\\/\\\/www.amanien.info\\\/news\\\/wp-content\\\/uploads\\\/2025\\\/01\\\/image_870x_6790f915dcc9e.jpg\",\"contentUrl\":\"https:\\\/\\\/www.amanien.info\\\/news\\\/wp-content\\\/uploads\\\/2025\\\/01\\\/image_870x_6790f915dcc9e.jpg\",\"width\":870,\"height\":629},{\"@type\":\"BreadcrumbList\",\"@id\":\"https:\\\/\\\/www.amanien.info\\\/news\\\/presentation-de-voeux-de-nouvel-an-le-president-du-pdci-rda-tidjane-thiam-nous-voulons-remporter-cette-presidentielle-pour-apporter-aux-ivoiriens-bien-etre-paix-prosperite-et-securite\\\/#breadcrumb\",\"itemListElement\":[{\"@type\":\"ListItem\",\"position\":1,\"name\":\"Accueil\",\"item\":\"https:\\\/\\\/www.amanien.info\\\/news\\\/\"},{\"@type\":\"ListItem\",\"position\":2,\"name\":\"Pr\u00e9sentation de v\u0153ux de nouvel an : Le Pr\u00e9sident du PDCI-RDA, Tidjane Thiam :\u00a0\u00bbNous voulons remporter cette pr\u00e9sidentielle pour apporter aux ivoiriens bien-\u00eatre, paix, prosp\u00e9rit\u00e9 et s\u00e9curit\u00e9 \u00ab\u00a0\"}]},{\"@type\":\"WebSite\",\"@id\":\"https:\\\/\\\/www.amanien.info\\\/news\\\/#website\",\"url\":\"https:\\\/\\\/www.amanien.info\\\/news\\\/\",\"name\":\"Amanien| L&#039;actualit\u00e9 Ivoirienne et Internationale\",\"description\":\"L&#039;actualit\u00e9 Ivoirienne et Internationale\",\"potentialAction\":[{\"@type\":\"SearchAction\",\"target\":{\"@type\":\"EntryPoint\",\"urlTemplate\":\"https:\\\/\\\/www.amanien.info\\\/news\\\/?s={search_term_string}\"},\"query-input\":{\"@type\":\"PropertyValueSpecification\",\"valueRequired\":true,\"valueName\":\"search_term_string\"}}],\"inLanguage\":\"fr-FR\"},{\"@type\":\"Person\",\"@id\":\"https:\\\/\\\/www.amanien.info\\\/news\\\/#\\\/schema\\\/person\\\/b21093345753a1a98242d505bd894f42\",\"name\":\"Germain Ndri\",\"url\":\"https:\\\/\\\/www.amanien.info\\\/news\\\/author\\\/amanien-infos\\\/\"}]}<\/script>\n<!-- \/ Yoast SEO plugin. -->","yoast_head_json":{"title":"Pr\u00e9sentation de v\u0153ux de nouvel an : Le Pr\u00e9sident du PDCI-RDA, Tidjane Thiam :\"Nous voulons remporter cette pr\u00e9sidentielle pour apporter aux ivoiriens bien-\u00eatre, paix, prosp\u00e9rit\u00e9 et s\u00e9curit\u00e9 \" - Amanien| L&#039;actualit\u00e9 Ivoirienne et Internationale","robots":{"index":"index","follow":"follow","max-snippet":"max-snippet:-1","max-image-preview":"max-image-preview:large","max-video-preview":"max-video-preview:-1"},"canonical":"https:\/\/www.amanien.info\/news\/presentation-de-voeux-de-nouvel-an-le-president-du-pdci-rda-tidjane-thiam-nous-voulons-remporter-cette-presidentielle-pour-apporter-aux-ivoiriens-bien-etre-paix-prosperite-et-securite\/","og_locale":"fr_FR","og_type":"article","og_title":"Pr\u00e9sentation de v\u0153ux de nouvel an : Le Pr\u00e9sident du PDCI-RDA, Tidjane Thiam :\"Nous voulons remporter cette pr\u00e9sidentielle pour apporter aux ivoiriens bien-\u00eatre, paix, prosp\u00e9rit\u00e9 et s\u00e9curit\u00e9 \" - Amanien| L&#039;actualit\u00e9 Ivoirienne et Internationale","og_description":"Le Pr\u00e9sident du PDCI-RDA, Tidjane Thiam a, \u00e0 l&rsquo;occasion de la c\u00e9r\u00e9monie de pr\u00e9sentation de v\u0153ux de nouvel an organis\u00e9e par son parti, PDCI-RDA, tenue le mardi 21 janvier 2025, \u00e0 la maison du parti sise \u00e0 Cocody(Abidjan),\u00a0 r\u00e9affirm\u00e9 sa volont\u00e9 de remporter la pr\u00e9sidentielle d&rsquo;octobre prochain en vue d&rsquo;apporter le bonheur aux ivoiriens. \u00ab\u00a0Nous [&hellip;]","og_url":"https:\/\/www.amanien.info\/news\/presentation-de-voeux-de-nouvel-an-le-president-du-pdci-rda-tidjane-thiam-nous-voulons-remporter-cette-presidentielle-pour-apporter-aux-ivoiriens-bien-etre-paix-prosperite-et-securite\/","og_site_name":"Amanien| L&#039;actualit\u00e9 Ivoirienne et Internationale","article_published_time":"2025-01-22T19:23:51+00:00","og_image":[{"width":870,"height":629,"url":"https:\/\/www.amanien.info\/news\/wp-content\/uploads\/2025\/01\/image_870x_6790f915dcc9e.jpg","type":"image\/jpeg"}],"author":"Germain Ndri","twitter_card":"summary_large_image","twitter_misc":{"\u00c9crit par":"Germain Ndri","Dur\u00e9e de lecture estim\u00e9e":"2 minutes"},"schema":{"@context":"https:\/\/schema.org","@graph":[{"@type":"Article","@id":"https:\/\/www.amanien.info\/news\/presentation-de-voeux-de-nouvel-an-le-president-du-pdci-rda-tidjane-thiam-nous-voulons-remporter-cette-presidentielle-pour-apporter-aux-ivoiriens-bien-etre-paix-prosperite-et-securite\/#article","isPartOf":{"@id":"https:\/\/www.amanien.info\/news\/presentation-de-voeux-de-nouvel-an-le-president-du-pdci-rda-tidjane-thiam-nous-voulons-remporter-cette-presidentielle-pour-apporter-aux-ivoiriens-bien-etre-paix-prosperite-et-securite\/"},"author":{"name":"Germain Ndri","@id":"https:\/\/www.amanien.info\/news\/#\/schema\/person\/b21093345753a1a98242d505bd894f42"},"headline":"Pr\u00e9sentation de v\u0153ux de nouvel an : Le Pr\u00e9sident du PDCI-RDA, Tidjane Thiam :\u00a0\u00bbNous voulons remporter cette pr\u00e9sidentielle pour apporter aux ivoiriens bien-\u00eatre, paix, prosp\u00e9rit\u00e9 et s\u00e9curit\u00e9 \u00ab\u00a0","datePublished":"2025-01-22T19:23:51+00:00","mainEntityOfPage":{"@id":"https:\/\/www.amanien.info\/news\/presentation-de-voeux-de-nouvel-an-le-president-du-pdci-rda-tidjane-thiam-nous-voulons-remporter-cette-presidentielle-pour-apporter-aux-ivoiriens-bien-etre-paix-prosperite-et-securite\/"},"wordCount":335,"image":{"@id":"https:\/\/www.amanien.info\/news\/presentation-de-voeux-de-nouvel-an-le-president-du-pdci-rda-tidjane-thiam-nous-voulons-remporter-cette-presidentielle-pour-apporter-aux-ivoiriens-bien-etre-paix-prosperite-et-securite\/#primaryimage"},"thumbnailUrl":"https:\/\/www.amanien.info\/news\/wp-content\/uploads\/2025\/01\/image_870x_6790f915dcc9e.jpg","inLanguage":"fr-FR"},{"@type":"WebPage","@id":"https:\/\/www.amanien.info\/news\/presentation-de-voeux-de-nouvel-an-le-president-du-pdci-rda-tidjane-thiam-nous-voulons-remporter-cette-presidentielle-pour-apporter-aux-ivoiriens-bien-etre-paix-prosperite-et-securite\/","url":"https:\/\/www.amanien.info\/news\/presentation-de-voeux-de-nouvel-an-le-president-du-pdci-rda-tidjane-thiam-nous-voulons-remporter-cette-presidentielle-pour-apporter-aux-ivoiriens-bien-etre-paix-prosperite-et-securite\/","name":"Pr\u00e9sentation de v\u0153ux de nouvel an : Le Pr\u00e9sident du PDCI-RDA, Tidjane Thiam :\"Nous voulons remporter cette pr\u00e9sidentielle pour apporter aux ivoiriens bien-\u00eatre, paix, prosp\u00e9rit\u00e9 et s\u00e9curit\u00e9 \" - Amanien| L&#039;actualit\u00e9 Ivoirienne et Internationale","isPartOf":{"@id":"https:\/\/www.amanien.info\/news\/#website"},"primaryImageOfPage":{"@id":"https:\/\/www.amanien.info\/news\/presentation-de-voeux-de-nouvel-an-le-president-du-pdci-rda-tidjane-thiam-nous-voulons-remporter-cette-presidentielle-pour-apporter-aux-ivoiriens-bien-etre-paix-prosperite-et-securite\/#primaryimage"},"image":{"@id":"https:\/\/www.amanien.info\/news\/presentation-de-voeux-de-nouvel-an-le-president-du-pdci-rda-tidjane-thiam-nous-voulons-remporter-cette-presidentielle-pour-apporter-aux-ivoiriens-bien-etre-paix-prosperite-et-securite\/#primaryimage"},"thumbnailUrl":"https:\/\/www.amanien.info\/news\/wp-content\/uploads\/2025\/01\/image_870x_6790f915dcc9e.jpg","datePublished":"2025-01-22T19:23:51+00:00","author":{"@id":"https:\/\/www.amanien.info\/news\/#\/schema\/person\/b21093345753a1a98242d505bd894f42"},"breadcrumb":{"@id":"https:\/\/www.amanien.info\/news\/presentation-de-voeux-de-nouvel-an-le-president-du-pdci-rda-tidjane-thiam-nous-voulons-remporter-cette-presidentielle-pour-apporter-aux-ivoiriens-bien-etre-paix-prosperite-et-securite\/#breadcrumb"},"inLanguage":"fr-FR","potentialAction":[{"@type":"ReadAction","target":["https:\/\/www.amanien.info\/news\/presentation-de-voeux-de-nouvel-an-le-president-du-pdci-rda-tidjane-thiam-nous-voulons-remporter-cette-presidentielle-pour-apporter-aux-ivoiriens-bien-etre-paix-prosperite-et-securite\/"]}]},{"@type":"ImageObject","inLanguage":"fr-FR","@id":"https:\/\/www.amanien.info\/news\/presentation-de-voeux-de-nouvel-an-le-president-du-pdci-rda-tidjane-thiam-nous-voulons-remporter-cette-presidentielle-pour-apporter-aux-ivoiriens-bien-etre-paix-prosperite-et-securite\/#primaryimage","url":"https:\/\/www.amanien.info\/news\/wp-content\/uploads\/2025\/01\/image_870x_6790f915dcc9e.jpg","contentUrl":"https:\/\/www.amanien.info\/news\/wp-content\/uploads\/2025\/01\/image_870x_6790f915dcc9e.jpg","width":870,"height":629},{"@type":"BreadcrumbList","@id":"https:\/\/www.amanien.info\/news\/presentation-de-voeux-de-nouvel-an-le-president-du-pdci-rda-tidjane-thiam-nous-voulons-remporter-cette-presidentielle-pour-apporter-aux-ivoiriens-bien-etre-paix-prosperite-et-securite\/#breadcrumb","itemListElement":[{"@type":"ListItem","position":1,"name":"Accueil","item":"https:\/\/www.amanien.info\/news\/"},{"@type":"ListItem","position":2,"name":"Pr\u00e9sentation de v\u0153ux de nouvel an : Le Pr\u00e9sident du PDCI-RDA, Tidjane Thiam :\u00a0\u00bbNous voulons remporter cette pr\u00e9sidentielle pour apporter aux ivoiriens bien-\u00eatre, paix, prosp\u00e9rit\u00e9 et s\u00e9curit\u00e9 \u00ab\u00a0"}]},{"@type":"WebSite","@id":"https:\/\/www.amanien.info\/news\/#website","url":"https:\/\/www.amanien.info\/news\/","name":"Amanien| L&#039;actualit\u00e9 Ivoirienne et Internationale","description":"L&#039;actualit\u00e9 Ivoirienne et Internationale","potentialAction":[{"@type":"SearchAction","target":{"@type":"EntryPoint","urlTemplate":"https:\/\/www.amanien.info\/news\/?s={search_term_string}"},"query-input":{"@type":"PropertyValueSpecification","valueRequired":true,"valueName":"search_term_string"}}],"inLanguage":"fr-FR"},{"@type":"Person","@id":"https:\/\/www.amanien.info\/news\/#\/schema\/person\/b21093345753a1a98242d505bd894f42","name":"Germain Ndri","url":"https:\/\/www.amanien.info\/news\/author\/amanien-infos\/"}]}},"_links":{"self":[{"href":"https:\/\/www.amanien.info\/news\/wp-json\/wp\/v2\/posts\/7046","targetHints":{"allow":["GET"]}}],"collection":[{"href":"https:\/\/www.amanien.info\/news\/wp-json\/wp\/v2\/posts"}],"about":[{"href":"https:\/\/www.amanien.info\/news\/wp-json\/wp\/v2\/types\/post"}],"author":[{"embeddable":true,"href":"https:\/\/www.amanien.info\/news\/wp-json\/wp\/v2\/users\/2"}],"replies":[{"embeddable":true,"href":"https:\/\/www.amanien.info\/news\/wp-json\/wp\/v2\/comments?post=7046"}],"version-history":[{"count":1,"href":"https:\/\/www.amanien.info\/news\/wp-json\/wp\/v2\/posts\/7046\/revisions"}],"predecessor-version":[{"id":7048,"href":"https:\/\/www.amanien.info\/news\/wp-json\/wp\/v2\/posts\/7046\/revisions\/7048"}],"wp:featuredmedia":[{"embeddable":true,"href":"https:\/\/www.amanien.info\/news\/wp-json\/wp\/v2\/media\/7047"}],"wp:attachment":[{"href":"https:\/\/www.amanien.info\/news\/wp-json\/wp\/v2\/media?parent=7046"}],"wp:term":[{"taxonomy":"category","embeddable":true,"href":"https:\/\/www.amanien.info\/news\/wp-json\/wp\/v2\/categories?post=7046"},{"taxonomy":"post_tag","embeddable":true,"href":"https:\/\/www.amanien.info\/news\/wp-json\/wp\/v2\/tags?post=7046"}],"curies":[{"name":"wp","href":"https:\/\/api.w.org\/{rel}","templated":true}]}}