{"id":6949,"date":"2024-12-11T19:38:00","date_gmt":"2024-12-11T19:38:00","guid":{"rendered":"https:\/\/www.amanien.info\/news\/?p=6949"},"modified":"2024-12-11T19:38:00","modified_gmt":"2024-12-11T19:38:00","slug":"27-ans-apres-son-rappel-a-dieu-un-festival-en-lhonneur-de-francois-lougah","status":"publish","type":"post","link":"https:\/\/www.amanien.info\/news\/27-ans-apres-son-rappel-a-dieu-un-festival-en-lhonneur-de-francois-lougah\/","title":{"rendered":"27 ans apr\u00e8s son rappel \u00e0 Dieu, un festival en l\u2019honneur de Fran\u00e7ois Lougah"},"content":{"rendered":"<p class=\"yiv0724256670MsoNormal\">\n<p class=\"yiv0724256670MsoNormal\"><i>L\u2019espace \u00e9v\u00e8nementiel \u2018\u2019Le Palais du G\u00f4h-Djiboua\u2019\u2019 de Yopougon, \u00e0 quelques encablures des feux tricolores dits \u2018\u2019feux 40\u2019\u2019, a abrit\u00e9, samedi 07 D\u00e9cembre 2024, une conf\u00e9rence de presse de pr\u00e9sentation du \u2018\u2019Festival Fran\u00e7ois Lougah\u2019\u2019 en pr\u00e9paration. Selon Franck Bawa, Commissaire g\u00e9n\u00e9ral de cet hommage \u00e0 l\u2019artiste surnomm\u00e9 \u2018\u2019le Papa national\u2019\u2019 par les Ivoiriens, c\u2019est la ville de Lakota, dans la r\u00e9gion du L\u00f4h-Djiboua, \u00e0 un peu plus de 200 bornes \u00e0 l\u2019Ouest d\u2019Abidjan, qui accueillera la premi\u00e8re \u00e9dition de l\u2019\u00e9v\u00e8nement les 18, 19 et 20 Avril 2025.<\/i><\/p>\n<p class=\"yiv0724256670MsoNormal\">\n<p class=\"yiv0724256670MsoNormal\">Un festival qui se veut \u00e0 la dimension de l\u2019illustre disparu, tel est le v\u0153u du conf\u00e9rencier et de ses amis et fr\u00e8res. Selon Franck Bawa, entour\u00e9 de Emile Lali\u00e9 Tr\u00e9sor, Gnahoua Michel, Mme Kapi Danielle et bien d\u2019autres, tous membres du comit\u00e9 d\u2019organisation chapeaut\u00e9 par le premier cit\u00e9, \u2018<i>\u2019il n\u2019est jamais trop tard pour bien faire<\/i>\u2019\u2019. Ainsi, a-t-il soutenu, \u2018<i>\u2019organiser un festival en l\u2019honneur de notre p\u00e8re, Fran\u00e7ois Lougah 27 ans apr\u00e8s sa disparition, nous pouvons dire que c\u2019est le d\u00e9but d\u2019un bail que nous entendons signer avec la nation ivoirienne toute enti\u00e8re, mais aussi avec toute l\u2019opinion internationale, en ce que Fran\u00e7ois Lougah \u00e9tait un artiste qui a port\u00e9 la voix de la C\u00f4te d\u2019Ivoire \u00e0 travers le monde entier<\/i>\u2019\u2019.<\/p>\n<p class=\"yiv0724256670MsoNormal\">\n<p class=\"yiv0724256670MsoNormal\">Ce festival verra, outre les hommages \u00e0 l\u2019artiste, la pr\u00e9sentation de la culture Dida (langue des autochtones de la r\u00e9gion) dans toute sa richesse. Notamment les danses, la chanson, la cuisine, etc. Toute la cr\u00e8me des artisans de l\u2019art et de la culture ivoiriens sera pr\u00e9sente \u00e0 ce rendez-vous comm\u00e9moratif. Les souvenirs, il y en aura \u00e9galement, avec des t\u00e9moignages de grands hommes de l\u2019\u00e9poque du d\u00e9funt, personnalit\u00e9s et autres b\u00e9n\u00e9ficiaires de la g\u00e9n\u00e9rosit\u00e9 l\u00e9gendaire de Fran\u00e7ois Lougah, qui fait dire \u00e0 certaines langues fourchus, pour ironiser sur le sort qui a \u00e9t\u00e9 le sien au soir de sa vie \u2018<i>\u2019mener la vie de Lougah<\/i>\u2019\u2019. Tous les invit\u00e9s et participants d\u00e9couvriront la vraie personnalit\u00e9 de Fran\u00e7ois Lougah de son vivant. \u2018<i>\u2019Fran\u00e7ois Lougah \u00e9tait un homme g\u00e9n\u00e9reux, si g\u00e9n\u00e9reux qu\u2019il se vidait les poches pour satisfaire aux besoins de tous ceux qui le sollicitaient. Et Dieu seul sait combien ils \u00e9taient<\/i>\u2019\u2019, a-t-il dit.<\/p>\n<p class=\"yiv0724256670MsoNormal\">\n<p class=\"yiv0724256670MsoNormal\">La Mairie de Lakota n\u2019est pas en reste de l\u2019organisation de ce festival, \u00e0 travers le premier Magistrat de la Commune, Arthur Dalli qui a parrain\u00e9 la c\u00e9r\u00e9monie de pr\u00e9sentation et d\u2019avant-go\u00fbt de l\u2019\u00e9v\u00e8nement, avec un concert qui a \u00e9t\u00e9 organis\u00e9 le soir m\u00eame de la conf\u00e9rence de presse, au m\u00eame lieu. Plusieurs artistes originaires de la r\u00e9gion ont montr\u00e9, \u00e0 l\u2019occasion, leur savoir-faire cette nuit du samedi 07 D\u00e9cembre 2024, dont \u2018<i>\u2019les enfants de Lougah\u2019\u2019<\/i>, la chantre Djatchi Nad\u00e8ge, Adj\u00e9 Kadja In\u00e8s qui a parfaitement mim\u00e9 le d\u00e9funt artiste, aussi bien dans son look, ses tenues vestimentaires et ses d\u00e9hanchements sc\u00e9niques, rappelant aux souvenirs de l\u2019artiste sur sc\u00e8ne. Rendez-vous est, donc, pris pour Avril 2025.<\/p>\n","protected":false},"excerpt":{"rendered":"<p>L\u2019espace \u00e9v\u00e8nementiel \u2018\u2019Le Palais du G\u00f4h-Djiboua\u2019\u2019 de Yopougon, \u00e0 quelques encablures des feux tricolores dits \u2018\u2019feux 40\u2019\u2019, a abrit\u00e9, samedi 07 D\u00e9cembre 2024, une conf\u00e9rence de presse de pr\u00e9sentation du \u2018\u2019Festival Fran\u00e7ois Lougah\u2019\u2019 en pr\u00e9paration. Selon Franck Bawa, Commissaire g\u00e9n\u00e9ral de cet hommage \u00e0 l\u2019artiste surnomm\u00e9 \u2018\u2019le Papa national\u2019\u2019 par les Ivoiriens, c\u2019est la ville [&hellip;]<\/p>\n","protected":false},"author":2,"featured_media":6950,"comment_status":"closed","ping_status":"closed","sticky":false,"template":"","format":"standard","meta":{"_acf_changed":false,"footnotes":""},"categories":[3],"tags":[],"class_list":["post-6949","post","type-post","status-publish","format-standard","has-post-thumbnail","hentry","category-culture"],"acf":[],"yoast_head":"<!-- This site is optimized with the Yoast SEO plugin v27.5 - https:\/\/yoast.com\/product\/yoast-seo-wordpress\/ -->\n<title>27 ans apr\u00e8s son rappel \u00e0 Dieu, un festival en l\u2019honneur de Fran\u00e7ois Lougah - Amanien| L&#039;actualit\u00e9 Ivoirienne et Internationale<\/title>\n<meta name=\"robots\" content=\"index, follow, max-snippet:-1, max-image-preview:large, max-video-preview:-1\" \/>\n<link rel=\"canonical\" href=\"https:\/\/www.amanien.info\/news\/27-ans-apres-son-rappel-a-dieu-un-festival-en-lhonneur-de-francois-lougah\/\" \/>\n<meta property=\"og:locale\" content=\"fr_FR\" \/>\n<meta property=\"og:type\" content=\"article\" \/>\n<meta property=\"og:title\" content=\"27 ans apr\u00e8s son rappel \u00e0 Dieu, un festival en l\u2019honneur de Fran\u00e7ois Lougah - Amanien| L&#039;actualit\u00e9 Ivoirienne et Internationale\" \/>\n<meta property=\"og:description\" content=\"L\u2019espace \u00e9v\u00e8nementiel \u2018\u2019Le Palais du G\u00f4h-Djiboua\u2019\u2019 de Yopougon, \u00e0 quelques encablures des feux tricolores dits \u2018\u2019feux 40\u2019\u2019, a abrit\u00e9, samedi 07 D\u00e9cembre 2024, une conf\u00e9rence de presse de pr\u00e9sentation du \u2018\u2019Festival Fran\u00e7ois Lougah\u2019\u2019 en pr\u00e9paration. Selon Franck Bawa, Commissaire g\u00e9n\u00e9ral de cet hommage \u00e0 l\u2019artiste surnomm\u00e9 \u2018\u2019le Papa national\u2019\u2019 par les Ivoiriens, c\u2019est la ville [&hellip;]\" \/>\n<meta property=\"og:url\" content=\"https:\/\/www.amanien.info\/news\/27-ans-apres-son-rappel-a-dieu-un-festival-en-lhonneur-de-francois-lougah\/\" \/>\n<meta property=\"og:site_name\" content=\"Amanien| L&#039;actualit\u00e9 Ivoirienne et Internationale\" \/>\n<meta property=\"article:published_time\" content=\"2024-12-11T19:38:00+00:00\" \/>\n<meta property=\"og:image\" content=\"https:\/\/www.amanien.info\/news\/wp-content\/uploads\/2024\/12\/11-decembre-23024-Bawa-et-comite-dorganisation.jpg\" \/>\n\t<meta property=\"og:image:width\" content=\"1080\" \/>\n\t<meta property=\"og:image:height\" content=\"809\" \/>\n\t<meta property=\"og:image:type\" content=\"image\/jpeg\" \/>\n<meta name=\"author\" content=\"Germain Ndri\" \/>\n<meta name=\"twitter:card\" content=\"summary_large_image\" \/>\n<meta name=\"twitter:label1\" content=\"\u00c9crit par\" \/>\n\t<meta name=\"twitter:data1\" content=\"Germain Ndri\" \/>\n\t<meta name=\"twitter:label2\" content=\"Dur\u00e9e de lecture estim\u00e9e\" \/>\n\t<meta name=\"twitter:data2\" content=\"3 minutes\" \/>\n<script type=\"application\/ld+json\" class=\"yoast-schema-graph\">{\"@context\":\"https:\\\/\\\/schema.org\",\"@graph\":[{\"@type\":\"Article\",\"@id\":\"https:\\\/\\\/www.amanien.info\\\/news\\\/27-ans-apres-son-rappel-a-dieu-un-festival-en-lhonneur-de-francois-lougah\\\/#article\",\"isPartOf\":{\"@id\":\"https:\\\/\\\/www.amanien.info\\\/news\\\/27-ans-apres-son-rappel-a-dieu-un-festival-en-lhonneur-de-francois-lougah\\\/\"},\"author\":{\"name\":\"Germain Ndri\",\"@id\":\"https:\\\/\\\/www.amanien.info\\\/news\\\/#\\\/schema\\\/person\\\/b21093345753a1a98242d505bd894f42\"},\"headline\":\"27 ans apr\u00e8s son rappel \u00e0 Dieu, un festival en l\u2019honneur de Fran\u00e7ois Lougah\",\"datePublished\":\"2024-12-11T19:38:00+00:00\",\"mainEntityOfPage\":{\"@id\":\"https:\\\/\\\/www.amanien.info\\\/news\\\/27-ans-apres-son-rappel-a-dieu-un-festival-en-lhonneur-de-francois-lougah\\\/\"},\"wordCount\":555,\"image\":{\"@id\":\"https:\\\/\\\/www.amanien.info\\\/news\\\/27-ans-apres-son-rappel-a-dieu-un-festival-en-lhonneur-de-francois-lougah\\\/#primaryimage\"},\"thumbnailUrl\":\"https:\\\/\\\/www.amanien.info\\\/news\\\/wp-content\\\/uploads\\\/2024\\\/12\\\/11-decembre-23024-Bawa-et-comite-dorganisation.jpg\",\"articleSection\":[\"Culture\"],\"inLanguage\":\"fr-FR\"},{\"@type\":\"WebPage\",\"@id\":\"https:\\\/\\\/www.amanien.info\\\/news\\\/27-ans-apres-son-rappel-a-dieu-un-festival-en-lhonneur-de-francois-lougah\\\/\",\"url\":\"https:\\\/\\\/www.amanien.info\\\/news\\\/27-ans-apres-son-rappel-a-dieu-un-festival-en-lhonneur-de-francois-lougah\\\/\",\"name\":\"27 ans apr\u00e8s son rappel \u00e0 Dieu, un festival en l\u2019honneur de Fran\u00e7ois Lougah - Amanien| L&#039;actualit\u00e9 Ivoirienne et Internationale\",\"isPartOf\":{\"@id\":\"https:\\\/\\\/www.amanien.info\\\/news\\\/#website\"},\"primaryImageOfPage\":{\"@id\":\"https:\\\/\\\/www.amanien.info\\\/news\\\/27-ans-apres-son-rappel-a-dieu-un-festival-en-lhonneur-de-francois-lougah\\\/#primaryimage\"},\"image\":{\"@id\":\"https:\\\/\\\/www.amanien.info\\\/news\\\/27-ans-apres-son-rappel-a-dieu-un-festival-en-lhonneur-de-francois-lougah\\\/#primaryimage\"},\"thumbnailUrl\":\"https:\\\/\\\/www.amanien.info\\\/news\\\/wp-content\\\/uploads\\\/2024\\\/12\\\/11-decembre-23024-Bawa-et-comite-dorganisation.jpg\",\"datePublished\":\"2024-12-11T19:38:00+00:00\",\"author\":{\"@id\":\"https:\\\/\\\/www.amanien.info\\\/news\\\/#\\\/schema\\\/person\\\/b21093345753a1a98242d505bd894f42\"},\"breadcrumb\":{\"@id\":\"https:\\\/\\\/www.amanien.info\\\/news\\\/27-ans-apres-son-rappel-a-dieu-un-festival-en-lhonneur-de-francois-lougah\\\/#breadcrumb\"},\"inLanguage\":\"fr-FR\",\"potentialAction\":[{\"@type\":\"ReadAction\",\"target\":[\"https:\\\/\\\/www.amanien.info\\\/news\\\/27-ans-apres-son-rappel-a-dieu-un-festival-en-lhonneur-de-francois-lougah\\\/\"]}]},{\"@type\":\"ImageObject\",\"inLanguage\":\"fr-FR\",\"@id\":\"https:\\\/\\\/www.amanien.info\\\/news\\\/27-ans-apres-son-rappel-a-dieu-un-festival-en-lhonneur-de-francois-lougah\\\/#primaryimage\",\"url\":\"https:\\\/\\\/www.amanien.info\\\/news\\\/wp-content\\\/uploads\\\/2024\\\/12\\\/11-decembre-23024-Bawa-et-comite-dorganisation.jpg\",\"contentUrl\":\"https:\\\/\\\/www.amanien.info\\\/news\\\/wp-content\\\/uploads\\\/2024\\\/12\\\/11-decembre-23024-Bawa-et-comite-dorganisation.jpg\",\"width\":1080,\"height\":809},{\"@type\":\"BreadcrumbList\",\"@id\":\"https:\\\/\\\/www.amanien.info\\\/news\\\/27-ans-apres-son-rappel-a-dieu-un-festival-en-lhonneur-de-francois-lougah\\\/#breadcrumb\",\"itemListElement\":[{\"@type\":\"ListItem\",\"position\":1,\"name\":\"Accueil\",\"item\":\"https:\\\/\\\/www.amanien.info\\\/news\\\/\"},{\"@type\":\"ListItem\",\"position\":2,\"name\":\"27 ans apr\u00e8s son rappel \u00e0 Dieu, un festival en l\u2019honneur de Fran\u00e7ois Lougah\"}]},{\"@type\":\"WebSite\",\"@id\":\"https:\\\/\\\/www.amanien.info\\\/news\\\/#website\",\"url\":\"https:\\\/\\\/www.amanien.info\\\/news\\\/\",\"name\":\"Amanien| L&#039;actualit\u00e9 Ivoirienne et Internationale\",\"description\":\"L&#039;actualit\u00e9 Ivoirienne et Internationale\",\"potentialAction\":[{\"@type\":\"SearchAction\",\"target\":{\"@type\":\"EntryPoint\",\"urlTemplate\":\"https:\\\/\\\/www.amanien.info\\\/news\\\/?s={search_term_string}\"},\"query-input\":{\"@type\":\"PropertyValueSpecification\",\"valueRequired\":true,\"valueName\":\"search_term_string\"}}],\"inLanguage\":\"fr-FR\"},{\"@type\":\"Person\",\"@id\":\"https:\\\/\\\/www.amanien.info\\\/news\\\/#\\\/schema\\\/person\\\/b21093345753a1a98242d505bd894f42\",\"name\":\"Germain Ndri\",\"url\":\"https:\\\/\\\/www.amanien.info\\\/news\\\/author\\\/amanien-infos\\\/\"}]}<\/script>\n<!-- \/ Yoast SEO plugin. -->","yoast_head_json":{"title":"27 ans apr\u00e8s son rappel \u00e0 Dieu, un festival en l\u2019honneur de Fran\u00e7ois Lougah - Amanien| L&#039;actualit\u00e9 Ivoirienne et Internationale","robots":{"index":"index","follow":"follow","max-snippet":"max-snippet:-1","max-image-preview":"max-image-preview:large","max-video-preview":"max-video-preview:-1"},"canonical":"https:\/\/www.amanien.info\/news\/27-ans-apres-son-rappel-a-dieu-un-festival-en-lhonneur-de-francois-lougah\/","og_locale":"fr_FR","og_type":"article","og_title":"27 ans apr\u00e8s son rappel \u00e0 Dieu, un festival en l\u2019honneur de Fran\u00e7ois Lougah - Amanien| L&#039;actualit\u00e9 Ivoirienne et Internationale","og_description":"L\u2019espace \u00e9v\u00e8nementiel \u2018\u2019Le Palais du G\u00f4h-Djiboua\u2019\u2019 de Yopougon, \u00e0 quelques encablures des feux tricolores dits \u2018\u2019feux 40\u2019\u2019, a abrit\u00e9, samedi 07 D\u00e9cembre 2024, une conf\u00e9rence de presse de pr\u00e9sentation du \u2018\u2019Festival Fran\u00e7ois Lougah\u2019\u2019 en pr\u00e9paration. Selon Franck Bawa, Commissaire g\u00e9n\u00e9ral de cet hommage \u00e0 l\u2019artiste surnomm\u00e9 \u2018\u2019le Papa national\u2019\u2019 par les Ivoiriens, c\u2019est la ville [&hellip;]","og_url":"https:\/\/www.amanien.info\/news\/27-ans-apres-son-rappel-a-dieu-un-festival-en-lhonneur-de-francois-lougah\/","og_site_name":"Amanien| L&#039;actualit\u00e9 Ivoirienne et Internationale","article_published_time":"2024-12-11T19:38:00+00:00","og_image":[{"width":1080,"height":809,"url":"https:\/\/www.amanien.info\/news\/wp-content\/uploads\/2024\/12\/11-decembre-23024-Bawa-et-comite-dorganisation.jpg","type":"image\/jpeg"}],"author":"Germain Ndri","twitter_card":"summary_large_image","twitter_misc":{"\u00c9crit par":"Germain Ndri","Dur\u00e9e de lecture estim\u00e9e":"3 minutes"},"schema":{"@context":"https:\/\/schema.org","@graph":[{"@type":"Article","@id":"https:\/\/www.amanien.info\/news\/27-ans-apres-son-rappel-a-dieu-un-festival-en-lhonneur-de-francois-lougah\/#article","isPartOf":{"@id":"https:\/\/www.amanien.info\/news\/27-ans-apres-son-rappel-a-dieu-un-festival-en-lhonneur-de-francois-lougah\/"},"author":{"name":"Germain Ndri","@id":"https:\/\/www.amanien.info\/news\/#\/schema\/person\/b21093345753a1a98242d505bd894f42"},"headline":"27 ans apr\u00e8s son rappel \u00e0 Dieu, un festival en l\u2019honneur de Fran\u00e7ois Lougah","datePublished":"2024-12-11T19:38:00+00:00","mainEntityOfPage":{"@id":"https:\/\/www.amanien.info\/news\/27-ans-apres-son-rappel-a-dieu-un-festival-en-lhonneur-de-francois-lougah\/"},"wordCount":555,"image":{"@id":"https:\/\/www.amanien.info\/news\/27-ans-apres-son-rappel-a-dieu-un-festival-en-lhonneur-de-francois-lougah\/#primaryimage"},"thumbnailUrl":"https:\/\/www.amanien.info\/news\/wp-content\/uploads\/2024\/12\/11-decembre-23024-Bawa-et-comite-dorganisation.jpg","articleSection":["Culture"],"inLanguage":"fr-FR"},{"@type":"WebPage","@id":"https:\/\/www.amanien.info\/news\/27-ans-apres-son-rappel-a-dieu-un-festival-en-lhonneur-de-francois-lougah\/","url":"https:\/\/www.amanien.info\/news\/27-ans-apres-son-rappel-a-dieu-un-festival-en-lhonneur-de-francois-lougah\/","name":"27 ans apr\u00e8s son rappel \u00e0 Dieu, un festival en l\u2019honneur de Fran\u00e7ois Lougah - Amanien| L&#039;actualit\u00e9 Ivoirienne et Internationale","isPartOf":{"@id":"https:\/\/www.amanien.info\/news\/#website"},"primaryImageOfPage":{"@id":"https:\/\/www.amanien.info\/news\/27-ans-apres-son-rappel-a-dieu-un-festival-en-lhonneur-de-francois-lougah\/#primaryimage"},"image":{"@id":"https:\/\/www.amanien.info\/news\/27-ans-apres-son-rappel-a-dieu-un-festival-en-lhonneur-de-francois-lougah\/#primaryimage"},"thumbnailUrl":"https:\/\/www.amanien.info\/news\/wp-content\/uploads\/2024\/12\/11-decembre-23024-Bawa-et-comite-dorganisation.jpg","datePublished":"2024-12-11T19:38:00+00:00","author":{"@id":"https:\/\/www.amanien.info\/news\/#\/schema\/person\/b21093345753a1a98242d505bd894f42"},"breadcrumb":{"@id":"https:\/\/www.amanien.info\/news\/27-ans-apres-son-rappel-a-dieu-un-festival-en-lhonneur-de-francois-lougah\/#breadcrumb"},"inLanguage":"fr-FR","potentialAction":[{"@type":"ReadAction","target":["https:\/\/www.amanien.info\/news\/27-ans-apres-son-rappel-a-dieu-un-festival-en-lhonneur-de-francois-lougah\/"]}]},{"@type":"ImageObject","inLanguage":"fr-FR","@id":"https:\/\/www.amanien.info\/news\/27-ans-apres-son-rappel-a-dieu-un-festival-en-lhonneur-de-francois-lougah\/#primaryimage","url":"https:\/\/www.amanien.info\/news\/wp-content\/uploads\/2024\/12\/11-decembre-23024-Bawa-et-comite-dorganisation.jpg","contentUrl":"https:\/\/www.amanien.info\/news\/wp-content\/uploads\/2024\/12\/11-decembre-23024-Bawa-et-comite-dorganisation.jpg","width":1080,"height":809},{"@type":"BreadcrumbList","@id":"https:\/\/www.amanien.info\/news\/27-ans-apres-son-rappel-a-dieu-un-festival-en-lhonneur-de-francois-lougah\/#breadcrumb","itemListElement":[{"@type":"ListItem","position":1,"name":"Accueil","item":"https:\/\/www.amanien.info\/news\/"},{"@type":"ListItem","position":2,"name":"27 ans apr\u00e8s son rappel \u00e0 Dieu, un festival en l\u2019honneur de Fran\u00e7ois Lougah"}]},{"@type":"WebSite","@id":"https:\/\/www.amanien.info\/news\/#website","url":"https:\/\/www.amanien.info\/news\/","name":"Amanien| L&#039;actualit\u00e9 Ivoirienne et Internationale","description":"L&#039;actualit\u00e9 Ivoirienne et Internationale","potentialAction":[{"@type":"SearchAction","target":{"@type":"EntryPoint","urlTemplate":"https:\/\/www.amanien.info\/news\/?s={search_term_string}"},"query-input":{"@type":"PropertyValueSpecification","valueRequired":true,"valueName":"search_term_string"}}],"inLanguage":"fr-FR"},{"@type":"Person","@id":"https:\/\/www.amanien.info\/news\/#\/schema\/person\/b21093345753a1a98242d505bd894f42","name":"Germain Ndri","url":"https:\/\/www.amanien.info\/news\/author\/amanien-infos\/"}]}},"_links":{"self":[{"href":"https:\/\/www.amanien.info\/news\/wp-json\/wp\/v2\/posts\/6949","targetHints":{"allow":["GET"]}}],"collection":[{"href":"https:\/\/www.amanien.info\/news\/wp-json\/wp\/v2\/posts"}],"about":[{"href":"https:\/\/www.amanien.info\/news\/wp-json\/wp\/v2\/types\/post"}],"author":[{"embeddable":true,"href":"https:\/\/www.amanien.info\/news\/wp-json\/wp\/v2\/users\/2"}],"replies":[{"embeddable":true,"href":"https:\/\/www.amanien.info\/news\/wp-json\/wp\/v2\/comments?post=6949"}],"version-history":[{"count":1,"href":"https:\/\/www.amanien.info\/news\/wp-json\/wp\/v2\/posts\/6949\/revisions"}],"predecessor-version":[{"id":6951,"href":"https:\/\/www.amanien.info\/news\/wp-json\/wp\/v2\/posts\/6949\/revisions\/6951"}],"wp:featuredmedia":[{"embeddable":true,"href":"https:\/\/www.amanien.info\/news\/wp-json\/wp\/v2\/media\/6950"}],"wp:attachment":[{"href":"https:\/\/www.amanien.info\/news\/wp-json\/wp\/v2\/media?parent=6949"}],"wp:term":[{"taxonomy":"category","embeddable":true,"href":"https:\/\/www.amanien.info\/news\/wp-json\/wp\/v2\/categories?post=6949"},{"taxonomy":"post_tag","embeddable":true,"href":"https:\/\/www.amanien.info\/news\/wp-json\/wp\/v2\/tags?post=6949"}],"curies":[{"name":"wp","href":"https:\/\/api.w.org\/{rel}","templated":true}]}}