{"id":6884,"date":"2024-11-14T07:28:19","date_gmt":"2024-11-14T07:28:19","guid":{"rendered":"https:\/\/www.amanien.info\/news\/?p=6884"},"modified":"2024-11-14T07:28:19","modified_gmt":"2024-11-14T07:28:19","slug":"can-maroc-2025-la-cote-divoire-qualifiee-apres-le-nul-entre-la-sierra-leone-et-le-tchad","status":"publish","type":"post","link":"https:\/\/www.amanien.info\/news\/can-maroc-2025-la-cote-divoire-qualifiee-apres-le-nul-entre-la-sierra-leone-et-le-tchad\/","title":{"rendered":"CAN Maroc 2025 : la C\u00f4te d&rsquo;Ivoire qualifi\u00e9e apr\u00e8s le nul entre la Sierra Leone et le Tchad\u00a0"},"content":{"rendered":"<p>&nbsp;<\/p>\n<div><span style=\"text-transform: initial;\">Les \u00e9l\u00e9phants de C\u00f4te d&rsquo;Ivoire, champions d&rsquo;Afrique en titre, sont d\u00e9finitivement qualifi\u00e9s pour la prochaine Coupe d&rsquo;Afrique des Nations (CAN) qui se d\u00e9roulera du 21 d\u00e9cembre 2025 au 18 janvier 2026 au Maroc.\u00a0<\/span><\/div>\n<div><\/div>\n<div>Et pour cause, la Sierra Leone et le Tchad, log\u00e9s dans le m\u00eame groupe que la C\u00f4te d&rsquo;Ivoire en l&rsquo;occurrence le groupe G, se sont neutralis\u00e9s(1-1), ce mercredi 13 novembre 2025, au stade Alassane Ouattara d&rsquo;Ebimp\u00e9, apr\u00e8s une rencontre \u00e2prement disput\u00e9e.<\/div>\n<div><\/div>\n<div>\n<div>Le score final de 1 but partout n&rsquo;arrange aucun des deux adversaires de ce soir et fait qualifier ainsi la C\u00f4te d&rsquo;Ivoire pour la CAN Maroc 2025 sans que les \u00e9l\u00e9phants ne disputent les cinqui\u00e8me et sixi\u00e8me journ\u00e9es de ces \u00e9liminatoires de la CAN 2025, pr\u00e9vues respectivement les 15 et 19 novembre prochain.<\/div>\n<div><\/div>\n<div>Au classement provisoire, la C\u00f4te d&rsquo;Ivoire est en t\u00eate du groupe G avec 9 points, suivie de la Zambie(deuxi\u00e8me) qui totalise 7 points. La Sierra Leone, qui a encore un mince espoir de se qualifier (si la Zambie gagne la C\u00f4te d&rsquo;Ivoire), est troisi\u00e8me avec 5 points. Le Tchad est quatri\u00e8me avec 3 petits points en 5 rencontres et est d\u00e9finitivement \u00e9limin\u00e9.<\/div>\n<div><\/div>\n<div>Pour rappel, les \u00e9l\u00e9phants de C\u00f4te d&rsquo;Ivoire sont en d\u00e9placement \u00e0 Ndola pour affronter la Zambie ce vendredi \u00e0 16h00 avant de recevoir le Tchad le mardi prochain au stade FHB (Felicia) d&rsquo;Abidjan-Plateau lors de la derni\u00e8re et sixi\u00e8me journ\u00e9e de ces \u00e9liminatoires de la CAN Maroc 2025.<\/div>\n<div><\/div>\n<div><\/div>\n<div><\/div>\n<div><b>Sunday Alain\u00a0<\/b><\/div>\n<\/div>\n","protected":false},"excerpt":{"rendered":"<p>&nbsp; Les \u00e9l\u00e9phants de C\u00f4te d&rsquo;Ivoire, champions d&rsquo;Afrique en titre, sont d\u00e9finitivement qualifi\u00e9s pour la prochaine Coupe d&rsquo;Afrique des Nations (CAN) qui se d\u00e9roulera du 21 d\u00e9cembre 2025 au 18 janvier 2026 au Maroc.\u00a0 Et pour cause, la Sierra Leone et le Tchad, log\u00e9s dans le m\u00eame groupe que la C\u00f4te d&rsquo;Ivoire en l&rsquo;occurrence le [&hellip;]<\/p>\n","protected":false},"author":2,"featured_media":6885,"comment_status":"closed","ping_status":"closed","sticky":false,"template":"","format":"standard","meta":{"_acf_changed":false,"footnotes":""},"categories":[4],"tags":[],"class_list":["post-6884","post","type-post","status-publish","format-standard","has-post-thumbnail","hentry","category-sport"],"acf":[],"yoast_head":"<!-- This site is optimized with the Yoast SEO plugin v27.5 - https:\/\/yoast.com\/product\/yoast-seo-wordpress\/ -->\n<title>CAN Maroc 2025 : la C\u00f4te d&#039;Ivoire qualifi\u00e9e apr\u00e8s le nul entre la Sierra Leone et le Tchad\u00a0 - Amanien| L&#039;actualit\u00e9 Ivoirienne et Internationale<\/title>\n<meta name=\"robots\" content=\"index, follow, max-snippet:-1, max-image-preview:large, max-video-preview:-1\" \/>\n<link rel=\"canonical\" href=\"https:\/\/www.amanien.info\/news\/can-maroc-2025-la-cote-divoire-qualifiee-apres-le-nul-entre-la-sierra-leone-et-le-tchad\/\" \/>\n<meta property=\"og:locale\" content=\"fr_FR\" \/>\n<meta property=\"og:type\" content=\"article\" \/>\n<meta property=\"og:title\" content=\"CAN Maroc 2025 : la C\u00f4te d&#039;Ivoire qualifi\u00e9e apr\u00e8s le nul entre la Sierra Leone et le Tchad\u00a0 - Amanien| L&#039;actualit\u00e9 Ivoirienne et Internationale\" \/>\n<meta property=\"og:description\" content=\"&nbsp; Les \u00e9l\u00e9phants de C\u00f4te d&rsquo;Ivoire, champions d&rsquo;Afrique en titre, sont d\u00e9finitivement qualifi\u00e9s pour la prochaine Coupe d&rsquo;Afrique des Nations (CAN) qui se d\u00e9roulera du 21 d\u00e9cembre 2025 au 18 janvier 2026 au Maroc.\u00a0 Et pour cause, la Sierra Leone et le Tchad, log\u00e9s dans le m\u00eame groupe que la C\u00f4te d&rsquo;Ivoire en l&rsquo;occurrence le [&hellip;]\" \/>\n<meta property=\"og:url\" content=\"https:\/\/www.amanien.info\/news\/can-maroc-2025-la-cote-divoire-qualifiee-apres-le-nul-entre-la-sierra-leone-et-le-tchad\/\" \/>\n<meta property=\"og:site_name\" content=\"Amanien| L&#039;actualit\u00e9 Ivoirienne et Internationale\" \/>\n<meta property=\"article:published_time\" content=\"2024-11-14T07:28:19+00:00\" \/>\n<meta property=\"og:image\" content=\"https:\/\/www.amanien.info\/news\/wp-content\/uploads\/2024\/11\/l-equipe-nationale-de-la-cote-d-ivoire_msadx0dowe-1-scaled.jpg\" \/>\n\t<meta property=\"og:image:width\" content=\"2560\" \/>\n\t<meta property=\"og:image:height\" content=\"1706\" \/>\n\t<meta property=\"og:image:type\" content=\"image\/jpeg\" \/>\n<meta name=\"author\" content=\"Germain Ndri\" \/>\n<meta name=\"twitter:card\" content=\"summary_large_image\" \/>\n<meta name=\"twitter:label1\" content=\"\u00c9crit par\" \/>\n\t<meta name=\"twitter:data1\" content=\"Germain Ndri\" \/>\n\t<meta name=\"twitter:label2\" content=\"Dur\u00e9e de lecture estim\u00e9e\" \/>\n\t<meta name=\"twitter:data2\" content=\"2 minutes\" \/>\n<script type=\"application\/ld+json\" class=\"yoast-schema-graph\">{\"@context\":\"https:\\\/\\\/schema.org\",\"@graph\":[{\"@type\":\"Article\",\"@id\":\"https:\\\/\\\/www.amanien.info\\\/news\\\/can-maroc-2025-la-cote-divoire-qualifiee-apres-le-nul-entre-la-sierra-leone-et-le-tchad\\\/#article\",\"isPartOf\":{\"@id\":\"https:\\\/\\\/www.amanien.info\\\/news\\\/can-maroc-2025-la-cote-divoire-qualifiee-apres-le-nul-entre-la-sierra-leone-et-le-tchad\\\/\"},\"author\":{\"name\":\"Germain Ndri\",\"@id\":\"https:\\\/\\\/www.amanien.info\\\/news\\\/#\\\/schema\\\/person\\\/b21093345753a1a98242d505bd894f42\"},\"headline\":\"CAN Maroc 2025 : la C\u00f4te d&rsquo;Ivoire qualifi\u00e9e apr\u00e8s le nul entre la Sierra Leone et le Tchad\u00a0\",\"datePublished\":\"2024-11-14T07:28:19+00:00\",\"mainEntityOfPage\":{\"@id\":\"https:\\\/\\\/www.amanien.info\\\/news\\\/can-maroc-2025-la-cote-divoire-qualifiee-apres-le-nul-entre-la-sierra-leone-et-le-tchad\\\/\"},\"wordCount\":286,\"image\":{\"@id\":\"https:\\\/\\\/www.amanien.info\\\/news\\\/can-maroc-2025-la-cote-divoire-qualifiee-apres-le-nul-entre-la-sierra-leone-et-le-tchad\\\/#primaryimage\"},\"thumbnailUrl\":\"https:\\\/\\\/www.amanien.info\\\/news\\\/wp-content\\\/uploads\\\/2024\\\/11\\\/l-equipe-nationale-de-la-cote-d-ivoire_msadx0dowe-1-scaled.jpg\",\"articleSection\":[\"Sport\"],\"inLanguage\":\"fr-FR\"},{\"@type\":\"WebPage\",\"@id\":\"https:\\\/\\\/www.amanien.info\\\/news\\\/can-maroc-2025-la-cote-divoire-qualifiee-apres-le-nul-entre-la-sierra-leone-et-le-tchad\\\/\",\"url\":\"https:\\\/\\\/www.amanien.info\\\/news\\\/can-maroc-2025-la-cote-divoire-qualifiee-apres-le-nul-entre-la-sierra-leone-et-le-tchad\\\/\",\"name\":\"CAN Maroc 2025 : la C\u00f4te d'Ivoire qualifi\u00e9e apr\u00e8s le nul entre la Sierra Leone et le Tchad\u00a0 - Amanien| L&#039;actualit\u00e9 Ivoirienne et Internationale\",\"isPartOf\":{\"@id\":\"https:\\\/\\\/www.amanien.info\\\/news\\\/#website\"},\"primaryImageOfPage\":{\"@id\":\"https:\\\/\\\/www.amanien.info\\\/news\\\/can-maroc-2025-la-cote-divoire-qualifiee-apres-le-nul-entre-la-sierra-leone-et-le-tchad\\\/#primaryimage\"},\"image\":{\"@id\":\"https:\\\/\\\/www.amanien.info\\\/news\\\/can-maroc-2025-la-cote-divoire-qualifiee-apres-le-nul-entre-la-sierra-leone-et-le-tchad\\\/#primaryimage\"},\"thumbnailUrl\":\"https:\\\/\\\/www.amanien.info\\\/news\\\/wp-content\\\/uploads\\\/2024\\\/11\\\/l-equipe-nationale-de-la-cote-d-ivoire_msadx0dowe-1-scaled.jpg\",\"datePublished\":\"2024-11-14T07:28:19+00:00\",\"author\":{\"@id\":\"https:\\\/\\\/www.amanien.info\\\/news\\\/#\\\/schema\\\/person\\\/b21093345753a1a98242d505bd894f42\"},\"breadcrumb\":{\"@id\":\"https:\\\/\\\/www.amanien.info\\\/news\\\/can-maroc-2025-la-cote-divoire-qualifiee-apres-le-nul-entre-la-sierra-leone-et-le-tchad\\\/#breadcrumb\"},\"inLanguage\":\"fr-FR\",\"potentialAction\":[{\"@type\":\"ReadAction\",\"target\":[\"https:\\\/\\\/www.amanien.info\\\/news\\\/can-maroc-2025-la-cote-divoire-qualifiee-apres-le-nul-entre-la-sierra-leone-et-le-tchad\\\/\"]}]},{\"@type\":\"ImageObject\",\"inLanguage\":\"fr-FR\",\"@id\":\"https:\\\/\\\/www.amanien.info\\\/news\\\/can-maroc-2025-la-cote-divoire-qualifiee-apres-le-nul-entre-la-sierra-leone-et-le-tchad\\\/#primaryimage\",\"url\":\"https:\\\/\\\/www.amanien.info\\\/news\\\/wp-content\\\/uploads\\\/2024\\\/11\\\/l-equipe-nationale-de-la-cote-d-ivoire_msadx0dowe-1-scaled.jpg\",\"contentUrl\":\"https:\\\/\\\/www.amanien.info\\\/news\\\/wp-content\\\/uploads\\\/2024\\\/11\\\/l-equipe-nationale-de-la-cote-d-ivoire_msadx0dowe-1-scaled.jpg\",\"width\":2560,\"height\":1706,\"caption\":\"Ivory Coast players pose for a team photo during the FIFA World Cup 2026 Africa qualifiers group F football match between Ivory Coast and Gabon at the Amadou Gon Coulibaly stadium in Korhogo on June 7, 2024. (Photo by Issouf SANOGO \\\/ AFP)\"},{\"@type\":\"BreadcrumbList\",\"@id\":\"https:\\\/\\\/www.amanien.info\\\/news\\\/can-maroc-2025-la-cote-divoire-qualifiee-apres-le-nul-entre-la-sierra-leone-et-le-tchad\\\/#breadcrumb\",\"itemListElement\":[{\"@type\":\"ListItem\",\"position\":1,\"name\":\"Accueil\",\"item\":\"https:\\\/\\\/www.amanien.info\\\/news\\\/\"},{\"@type\":\"ListItem\",\"position\":2,\"name\":\"CAN Maroc 2025 : la C\u00f4te d&rsquo;Ivoire qualifi\u00e9e apr\u00e8s le nul entre la Sierra Leone et le Tchad\u00a0\"}]},{\"@type\":\"WebSite\",\"@id\":\"https:\\\/\\\/www.amanien.info\\\/news\\\/#website\",\"url\":\"https:\\\/\\\/www.amanien.info\\\/news\\\/\",\"name\":\"Amanien| L&#039;actualit\u00e9 Ivoirienne et Internationale\",\"description\":\"L&#039;actualit\u00e9 Ivoirienne et Internationale\",\"potentialAction\":[{\"@type\":\"SearchAction\",\"target\":{\"@type\":\"EntryPoint\",\"urlTemplate\":\"https:\\\/\\\/www.amanien.info\\\/news\\\/?s={search_term_string}\"},\"query-input\":{\"@type\":\"PropertyValueSpecification\",\"valueRequired\":true,\"valueName\":\"search_term_string\"}}],\"inLanguage\":\"fr-FR\"},{\"@type\":\"Person\",\"@id\":\"https:\\\/\\\/www.amanien.info\\\/news\\\/#\\\/schema\\\/person\\\/b21093345753a1a98242d505bd894f42\",\"name\":\"Germain Ndri\",\"url\":\"https:\\\/\\\/www.amanien.info\\\/news\\\/author\\\/amanien-infos\\\/\"}]}<\/script>\n<!-- \/ Yoast SEO plugin. -->","yoast_head_json":{"title":"CAN Maroc 2025 : la C\u00f4te d'Ivoire qualifi\u00e9e apr\u00e8s le nul entre la Sierra Leone et le Tchad\u00a0 - Amanien| L&#039;actualit\u00e9 Ivoirienne et Internationale","robots":{"index":"index","follow":"follow","max-snippet":"max-snippet:-1","max-image-preview":"max-image-preview:large","max-video-preview":"max-video-preview:-1"},"canonical":"https:\/\/www.amanien.info\/news\/can-maroc-2025-la-cote-divoire-qualifiee-apres-le-nul-entre-la-sierra-leone-et-le-tchad\/","og_locale":"fr_FR","og_type":"article","og_title":"CAN Maroc 2025 : la C\u00f4te d'Ivoire qualifi\u00e9e apr\u00e8s le nul entre la Sierra Leone et le Tchad\u00a0 - Amanien| L&#039;actualit\u00e9 Ivoirienne et Internationale","og_description":"&nbsp; Les \u00e9l\u00e9phants de C\u00f4te d&rsquo;Ivoire, champions d&rsquo;Afrique en titre, sont d\u00e9finitivement qualifi\u00e9s pour la prochaine Coupe d&rsquo;Afrique des Nations (CAN) qui se d\u00e9roulera du 21 d\u00e9cembre 2025 au 18 janvier 2026 au Maroc.\u00a0 Et pour cause, la Sierra Leone et le Tchad, log\u00e9s dans le m\u00eame groupe que la C\u00f4te d&rsquo;Ivoire en l&rsquo;occurrence le [&hellip;]","og_url":"https:\/\/www.amanien.info\/news\/can-maroc-2025-la-cote-divoire-qualifiee-apres-le-nul-entre-la-sierra-leone-et-le-tchad\/","og_site_name":"Amanien| L&#039;actualit\u00e9 Ivoirienne et Internationale","article_published_time":"2024-11-14T07:28:19+00:00","og_image":[{"width":2560,"height":1706,"url":"https:\/\/www.amanien.info\/news\/wp-content\/uploads\/2024\/11\/l-equipe-nationale-de-la-cote-d-ivoire_msadx0dowe-1-scaled.jpg","type":"image\/jpeg"}],"author":"Germain Ndri","twitter_card":"summary_large_image","twitter_misc":{"\u00c9crit par":"Germain Ndri","Dur\u00e9e de lecture estim\u00e9e":"2 minutes"},"schema":{"@context":"https:\/\/schema.org","@graph":[{"@type":"Article","@id":"https:\/\/www.amanien.info\/news\/can-maroc-2025-la-cote-divoire-qualifiee-apres-le-nul-entre-la-sierra-leone-et-le-tchad\/#article","isPartOf":{"@id":"https:\/\/www.amanien.info\/news\/can-maroc-2025-la-cote-divoire-qualifiee-apres-le-nul-entre-la-sierra-leone-et-le-tchad\/"},"author":{"name":"Germain Ndri","@id":"https:\/\/www.amanien.info\/news\/#\/schema\/person\/b21093345753a1a98242d505bd894f42"},"headline":"CAN Maroc 2025 : la C\u00f4te d&rsquo;Ivoire qualifi\u00e9e apr\u00e8s le nul entre la Sierra Leone et le Tchad\u00a0","datePublished":"2024-11-14T07:28:19+00:00","mainEntityOfPage":{"@id":"https:\/\/www.amanien.info\/news\/can-maroc-2025-la-cote-divoire-qualifiee-apres-le-nul-entre-la-sierra-leone-et-le-tchad\/"},"wordCount":286,"image":{"@id":"https:\/\/www.amanien.info\/news\/can-maroc-2025-la-cote-divoire-qualifiee-apres-le-nul-entre-la-sierra-leone-et-le-tchad\/#primaryimage"},"thumbnailUrl":"https:\/\/www.amanien.info\/news\/wp-content\/uploads\/2024\/11\/l-equipe-nationale-de-la-cote-d-ivoire_msadx0dowe-1-scaled.jpg","articleSection":["Sport"],"inLanguage":"fr-FR"},{"@type":"WebPage","@id":"https:\/\/www.amanien.info\/news\/can-maroc-2025-la-cote-divoire-qualifiee-apres-le-nul-entre-la-sierra-leone-et-le-tchad\/","url":"https:\/\/www.amanien.info\/news\/can-maroc-2025-la-cote-divoire-qualifiee-apres-le-nul-entre-la-sierra-leone-et-le-tchad\/","name":"CAN Maroc 2025 : la C\u00f4te d'Ivoire qualifi\u00e9e apr\u00e8s le nul entre la Sierra Leone et le Tchad\u00a0 - Amanien| L&#039;actualit\u00e9 Ivoirienne et Internationale","isPartOf":{"@id":"https:\/\/www.amanien.info\/news\/#website"},"primaryImageOfPage":{"@id":"https:\/\/www.amanien.info\/news\/can-maroc-2025-la-cote-divoire-qualifiee-apres-le-nul-entre-la-sierra-leone-et-le-tchad\/#primaryimage"},"image":{"@id":"https:\/\/www.amanien.info\/news\/can-maroc-2025-la-cote-divoire-qualifiee-apres-le-nul-entre-la-sierra-leone-et-le-tchad\/#primaryimage"},"thumbnailUrl":"https:\/\/www.amanien.info\/news\/wp-content\/uploads\/2024\/11\/l-equipe-nationale-de-la-cote-d-ivoire_msadx0dowe-1-scaled.jpg","datePublished":"2024-11-14T07:28:19+00:00","author":{"@id":"https:\/\/www.amanien.info\/news\/#\/schema\/person\/b21093345753a1a98242d505bd894f42"},"breadcrumb":{"@id":"https:\/\/www.amanien.info\/news\/can-maroc-2025-la-cote-divoire-qualifiee-apres-le-nul-entre-la-sierra-leone-et-le-tchad\/#breadcrumb"},"inLanguage":"fr-FR","potentialAction":[{"@type":"ReadAction","target":["https:\/\/www.amanien.info\/news\/can-maroc-2025-la-cote-divoire-qualifiee-apres-le-nul-entre-la-sierra-leone-et-le-tchad\/"]}]},{"@type":"ImageObject","inLanguage":"fr-FR","@id":"https:\/\/www.amanien.info\/news\/can-maroc-2025-la-cote-divoire-qualifiee-apres-le-nul-entre-la-sierra-leone-et-le-tchad\/#primaryimage","url":"https:\/\/www.amanien.info\/news\/wp-content\/uploads\/2024\/11\/l-equipe-nationale-de-la-cote-d-ivoire_msadx0dowe-1-scaled.jpg","contentUrl":"https:\/\/www.amanien.info\/news\/wp-content\/uploads\/2024\/11\/l-equipe-nationale-de-la-cote-d-ivoire_msadx0dowe-1-scaled.jpg","width":2560,"height":1706,"caption":"Ivory Coast players pose for a team photo during the FIFA World Cup 2026 Africa qualifiers group F football match between Ivory Coast and Gabon at the Amadou Gon Coulibaly stadium in Korhogo on June 7, 2024. (Photo by Issouf SANOGO \/ AFP)"},{"@type":"BreadcrumbList","@id":"https:\/\/www.amanien.info\/news\/can-maroc-2025-la-cote-divoire-qualifiee-apres-le-nul-entre-la-sierra-leone-et-le-tchad\/#breadcrumb","itemListElement":[{"@type":"ListItem","position":1,"name":"Accueil","item":"https:\/\/www.amanien.info\/news\/"},{"@type":"ListItem","position":2,"name":"CAN Maroc 2025 : la C\u00f4te d&rsquo;Ivoire qualifi\u00e9e apr\u00e8s le nul entre la Sierra Leone et le Tchad\u00a0"}]},{"@type":"WebSite","@id":"https:\/\/www.amanien.info\/news\/#website","url":"https:\/\/www.amanien.info\/news\/","name":"Amanien| L&#039;actualit\u00e9 Ivoirienne et Internationale","description":"L&#039;actualit\u00e9 Ivoirienne et Internationale","potentialAction":[{"@type":"SearchAction","target":{"@type":"EntryPoint","urlTemplate":"https:\/\/www.amanien.info\/news\/?s={search_term_string}"},"query-input":{"@type":"PropertyValueSpecification","valueRequired":true,"valueName":"search_term_string"}}],"inLanguage":"fr-FR"},{"@type":"Person","@id":"https:\/\/www.amanien.info\/news\/#\/schema\/person\/b21093345753a1a98242d505bd894f42","name":"Germain Ndri","url":"https:\/\/www.amanien.info\/news\/author\/amanien-infos\/"}]}},"_links":{"self":[{"href":"https:\/\/www.amanien.info\/news\/wp-json\/wp\/v2\/posts\/6884","targetHints":{"allow":["GET"]}}],"collection":[{"href":"https:\/\/www.amanien.info\/news\/wp-json\/wp\/v2\/posts"}],"about":[{"href":"https:\/\/www.amanien.info\/news\/wp-json\/wp\/v2\/types\/post"}],"author":[{"embeddable":true,"href":"https:\/\/www.amanien.info\/news\/wp-json\/wp\/v2\/users\/2"}],"replies":[{"embeddable":true,"href":"https:\/\/www.amanien.info\/news\/wp-json\/wp\/v2\/comments?post=6884"}],"version-history":[{"count":1,"href":"https:\/\/www.amanien.info\/news\/wp-json\/wp\/v2\/posts\/6884\/revisions"}],"predecessor-version":[{"id":6886,"href":"https:\/\/www.amanien.info\/news\/wp-json\/wp\/v2\/posts\/6884\/revisions\/6886"}],"wp:featuredmedia":[{"embeddable":true,"href":"https:\/\/www.amanien.info\/news\/wp-json\/wp\/v2\/media\/6885"}],"wp:attachment":[{"href":"https:\/\/www.amanien.info\/news\/wp-json\/wp\/v2\/media?parent=6884"}],"wp:term":[{"taxonomy":"category","embeddable":true,"href":"https:\/\/www.amanien.info\/news\/wp-json\/wp\/v2\/categories?post=6884"},{"taxonomy":"post_tag","embeddable":true,"href":"https:\/\/www.amanien.info\/news\/wp-json\/wp\/v2\/tags?post=6884"}],"curies":[{"name":"wp","href":"https:\/\/api.w.org\/{rel}","templated":true}]}}