{"id":6831,"date":"2024-11-06T19:09:02","date_gmt":"2024-11-06T19:09:02","guid":{"rendered":"https:\/\/www.amanien.info\/news\/?p=6831"},"modified":"2024-11-06T19:09:02","modified_gmt":"2024-11-06T19:09:02","slug":"revision-de-la-liste-electorale-le-ppa-ci-exige-la-prorogation-de-la-periode-denrolement-dau-moins-3-mois","status":"publish","type":"post","link":"https:\/\/www.amanien.info\/news\/revision-de-la-liste-electorale-le-ppa-ci-exige-la-prorogation-de-la-periode-denrolement-dau-moins-3-mois\/","title":{"rendered":"R\u00e9vision de la Liste Electorale : le PPA-CI exige la prorogation de la p\u00e9riode d&rsquo;enr\u00f4lement d&rsquo;au moins 3 mois\u00a0"},"content":{"rendered":"<p>&nbsp;<\/p>\n<div><span style=\"text-transform: initial;\">Le<\/span><b style=\"text-transform: initial;\">\u00a0<\/b><span style=\"text-transform: initial;\">Pr\u00e9sident<\/span><b style=\"text-transform: initial;\">\u00a0<\/b><span style=\"text-transform: initial;\">Ex\u00e9cutif<\/span><b style=\"text-transform: initial;\">\u00a0<\/b><span style=\"text-transform: initial;\">du<\/span><b style=\"text-transform: initial;\">\u00a0<\/b><span style=\"text-transform: initial;\">Parti des Peuples Africains &#8211; C\u00f4te d&rsquo;Ivoire (PPA-CI), Pr S\u00e9bastien Danon Dj\u00e9dj\u00e9, a anim\u00e9, le mardi 05 novembre 2024, au si\u00e8ge du PPA-CI sis \u00e0 Abidjan-Cocody, une conf\u00e9rence de presse relative aux nombreuses anomalies li\u00e9es \u00e0 l&rsquo;op\u00e9ration d&rsquo;enr\u00f4lement en cours et les poursuites judiciaires contre le deuxi\u00e8me vice-pr\u00e9sident du Conseil Strat\u00e9gique et politique du PPA-CI, Damana Adia Pickass.<\/span><\/div>\n<div><\/div>\n<div>Dans ses propos luminaires, le Pr\u00e9sident Ex\u00e9cutif du PPA-CI, Pr S\u00e9bastien Danon Dj\u00e9dj\u00e9, a, d\u00e9nonc\u00e9 le manque d&rsquo;affluence dans les centres, la lenteur, les difficult\u00e9s li\u00e9es aux documents administratifs, etc, dans l&rsquo;op\u00e9ration d&rsquo;enr\u00f4lement.<\/div>\n<div><\/div>\n<div><\/div>\n<div>Devant cet \u00ab\u00a0\u00e9chec in\u00e9vitable\u00a0\u00bb de l&rsquo;op\u00e9ration d&rsquo;enr\u00f4lement, le PPA-CI exige la prorogation de la p\u00e9riode d&rsquo;enr\u00f4lement d&rsquo;au moins 3 mois, a propos\u00e9\u00a0 Pr S\u00e9bastien Danon Dj\u00e9dj\u00e9.<\/div>\n<div><\/div>\n<div>\u00ab\u00a0Le PPA-CI exige la programmation d&rsquo;un nouvel enr\u00f4lement en 2025 conform\u00e9ment \u00e0 la loi\u00a0\u00bb, a-t-il ajout\u00e9.<\/div>\n<div><\/div>\n<div>Le Pr\u00e9sident Ex\u00e9cutif du PPA-CI a \u00e9galement recommand\u00e9 la gratuit\u00e9 des documents (CNI, etc) exig\u00e9s pour les \u00e9lections.<\/div>\n<div><\/div>\n<div>Le Conf\u00e9rencier a, par ailleurs, condamn\u00e9 le \u00ab\u00a0langage ambivalent et alambiqu\u00e9\u00a0\u00bb du Pr\u00e9sident de la Commission \u00e9lectorale ind\u00e9pendante (CEI) qui, selon lui, \u00ab\u00a0cache son attitude partisane\u00a0\u00bb.<\/div>\n<div><\/div>\n<div>Il a, pour finir, exhort\u00e9 les militants et sympathisants du PPA-CI \u00e0 rester vigilants, d\u00e9termin\u00e9s et mobilis\u00e9s pour faire aboutir toutes les revendications indispensables \u00e0 l&rsquo;organisation d&rsquo;\u00e9lections inclusives et cr\u00e9dibles.<\/div>\n<div><\/div>\n<div><\/div>\n<div>Pour rappel, la sixi\u00e8me op\u00e9ration de la r\u00e9vision de la liste \u00e9lectorale (RLE) a d\u00e9marr\u00e9 le 19 octobre dernier sur toute l&rsquo;ensemble du territoire et prendra fin le 10 novembre prochain.<\/div>\n<div><\/div>\n<div><\/div>\n<div><b>S.A.<\/b><\/div>\n<div><\/div>\n","protected":false},"excerpt":{"rendered":"<p>&nbsp; Le\u00a0Pr\u00e9sident\u00a0Ex\u00e9cutif\u00a0du\u00a0Parti des Peuples Africains &#8211; C\u00f4te d&rsquo;Ivoire (PPA-CI), Pr S\u00e9bastien Danon Dj\u00e9dj\u00e9, a anim\u00e9, le mardi 05 novembre 2024, au si\u00e8ge du PPA-CI sis \u00e0 Abidjan-Cocody, une conf\u00e9rence de presse relative aux nombreuses anomalies li\u00e9es \u00e0 l&rsquo;op\u00e9ration d&rsquo;enr\u00f4lement en cours et les poursuites judiciaires contre le deuxi\u00e8me vice-pr\u00e9sident du Conseil Strat\u00e9gique et politique du [&hellip;]<\/p>\n","protected":false},"author":2,"featured_media":6845,"comment_status":"closed","ping_status":"closed","sticky":false,"template":"","format":"standard","meta":{"_acf_changed":false,"footnotes":""},"categories":[],"tags":[16],"class_list":["post-6831","post","type-post","status-publish","format-standard","has-post-thumbnail","hentry","tag-politique"],"acf":[],"yoast_head":"<!-- This site is optimized with the Yoast SEO plugin v27.5 - https:\/\/yoast.com\/product\/yoast-seo-wordpress\/ -->\n<title>R\u00e9vision de la Liste Electorale : le PPA-CI exige la prorogation de la p\u00e9riode d&#039;enr\u00f4lement d&#039;au moins 3 mois\u00a0 - Amanien| L&#039;actualit\u00e9 Ivoirienne et Internationale<\/title>\n<meta name=\"robots\" content=\"index, follow, max-snippet:-1, max-image-preview:large, max-video-preview:-1\" \/>\n<link rel=\"canonical\" href=\"https:\/\/www.amanien.info\/news\/revision-de-la-liste-electorale-le-ppa-ci-exige-la-prorogation-de-la-periode-denrolement-dau-moins-3-mois\/\" \/>\n<meta property=\"og:locale\" content=\"fr_FR\" \/>\n<meta property=\"og:type\" content=\"article\" \/>\n<meta property=\"og:title\" content=\"R\u00e9vision de la Liste Electorale : le PPA-CI exige la prorogation de la p\u00e9riode d&#039;enr\u00f4lement d&#039;au moins 3 mois\u00a0 - Amanien| L&#039;actualit\u00e9 Ivoirienne et Internationale\" \/>\n<meta property=\"og:description\" content=\"&nbsp; Le\u00a0Pr\u00e9sident\u00a0Ex\u00e9cutif\u00a0du\u00a0Parti des Peuples Africains &#8211; C\u00f4te d&rsquo;Ivoire (PPA-CI), Pr S\u00e9bastien Danon Dj\u00e9dj\u00e9, a anim\u00e9, le mardi 05 novembre 2024, au si\u00e8ge du PPA-CI sis \u00e0 Abidjan-Cocody, une conf\u00e9rence de presse relative aux nombreuses anomalies li\u00e9es \u00e0 l&rsquo;op\u00e9ration d&rsquo;enr\u00f4lement en cours et les poursuites judiciaires contre le deuxi\u00e8me vice-pr\u00e9sident du Conseil Strat\u00e9gique et politique du [&hellip;]\" \/>\n<meta property=\"og:url\" content=\"https:\/\/www.amanien.info\/news\/revision-de-la-liste-electorale-le-ppa-ci-exige-la-prorogation-de-la-periode-denrolement-dau-moins-3-mois\/\" \/>\n<meta property=\"og:site_name\" content=\"Amanien| L&#039;actualit\u00e9 Ivoirienne et Internationale\" \/>\n<meta property=\"article:published_time\" content=\"2024-11-06T19:09:02+00:00\" \/>\n<meta property=\"og:image\" content=\"https:\/\/www.amanien.info\/news\/wp-content\/uploads\/2024\/11\/IMG-20241106-WA0066.jpg\" \/>\n\t<meta property=\"og:image:width\" content=\"816\" \/>\n\t<meta property=\"og:image:height\" content=\"669\" \/>\n\t<meta property=\"og:image:type\" content=\"image\/jpeg\" \/>\n<meta name=\"author\" content=\"Germain Ndri\" \/>\n<meta name=\"twitter:card\" content=\"summary_large_image\" \/>\n<meta name=\"twitter:label1\" content=\"\u00c9crit par\" \/>\n\t<meta name=\"twitter:data1\" content=\"Germain Ndri\" \/>\n\t<meta name=\"twitter:label2\" content=\"Dur\u00e9e de lecture estim\u00e9e\" \/>\n\t<meta name=\"twitter:data2\" content=\"2 minutes\" \/>\n<script type=\"application\/ld+json\" class=\"yoast-schema-graph\">{\"@context\":\"https:\\\/\\\/schema.org\",\"@graph\":[{\"@type\":\"Article\",\"@id\":\"https:\\\/\\\/www.amanien.info\\\/news\\\/revision-de-la-liste-electorale-le-ppa-ci-exige-la-prorogation-de-la-periode-denrolement-dau-moins-3-mois\\\/#article\",\"isPartOf\":{\"@id\":\"https:\\\/\\\/www.amanien.info\\\/news\\\/revision-de-la-liste-electorale-le-ppa-ci-exige-la-prorogation-de-la-periode-denrolement-dau-moins-3-mois\\\/\"},\"author\":{\"name\":\"Germain Ndri\",\"@id\":\"https:\\\/\\\/www.amanien.info\\\/news\\\/#\\\/schema\\\/person\\\/b21093345753a1a98242d505bd894f42\"},\"headline\":\"R\u00e9vision de la Liste Electorale : le PPA-CI exige la prorogation de la p\u00e9riode d&rsquo;enr\u00f4lement d&rsquo;au moins 3 mois\u00a0\",\"datePublished\":\"2024-11-06T19:09:02+00:00\",\"mainEntityOfPage\":{\"@id\":\"https:\\\/\\\/www.amanien.info\\\/news\\\/revision-de-la-liste-electorale-le-ppa-ci-exige-la-prorogation-de-la-periode-denrolement-dau-moins-3-mois\\\/\"},\"wordCount\":315,\"image\":{\"@id\":\"https:\\\/\\\/www.amanien.info\\\/news\\\/revision-de-la-liste-electorale-le-ppa-ci-exige-la-prorogation-de-la-periode-denrolement-dau-moins-3-mois\\\/#primaryimage\"},\"thumbnailUrl\":\"https:\\\/\\\/www.amanien.info\\\/news\\\/wp-content\\\/uploads\\\/2024\\\/11\\\/IMG-20241106-WA0066.jpg\",\"keywords\":[\"Politique\"],\"inLanguage\":\"fr-FR\"},{\"@type\":\"WebPage\",\"@id\":\"https:\\\/\\\/www.amanien.info\\\/news\\\/revision-de-la-liste-electorale-le-ppa-ci-exige-la-prorogation-de-la-periode-denrolement-dau-moins-3-mois\\\/\",\"url\":\"https:\\\/\\\/www.amanien.info\\\/news\\\/revision-de-la-liste-electorale-le-ppa-ci-exige-la-prorogation-de-la-periode-denrolement-dau-moins-3-mois\\\/\",\"name\":\"R\u00e9vision de la Liste Electorale : le PPA-CI exige la prorogation de la p\u00e9riode d'enr\u00f4lement d'au moins 3 mois\u00a0 - Amanien| L&#039;actualit\u00e9 Ivoirienne et Internationale\",\"isPartOf\":{\"@id\":\"https:\\\/\\\/www.amanien.info\\\/news\\\/#website\"},\"primaryImageOfPage\":{\"@id\":\"https:\\\/\\\/www.amanien.info\\\/news\\\/revision-de-la-liste-electorale-le-ppa-ci-exige-la-prorogation-de-la-periode-denrolement-dau-moins-3-mois\\\/#primaryimage\"},\"image\":{\"@id\":\"https:\\\/\\\/www.amanien.info\\\/news\\\/revision-de-la-liste-electorale-le-ppa-ci-exige-la-prorogation-de-la-periode-denrolement-dau-moins-3-mois\\\/#primaryimage\"},\"thumbnailUrl\":\"https:\\\/\\\/www.amanien.info\\\/news\\\/wp-content\\\/uploads\\\/2024\\\/11\\\/IMG-20241106-WA0066.jpg\",\"datePublished\":\"2024-11-06T19:09:02+00:00\",\"author\":{\"@id\":\"https:\\\/\\\/www.amanien.info\\\/news\\\/#\\\/schema\\\/person\\\/b21093345753a1a98242d505bd894f42\"},\"breadcrumb\":{\"@id\":\"https:\\\/\\\/www.amanien.info\\\/news\\\/revision-de-la-liste-electorale-le-ppa-ci-exige-la-prorogation-de-la-periode-denrolement-dau-moins-3-mois\\\/#breadcrumb\"},\"inLanguage\":\"fr-FR\",\"potentialAction\":[{\"@type\":\"ReadAction\",\"target\":[\"https:\\\/\\\/www.amanien.info\\\/news\\\/revision-de-la-liste-electorale-le-ppa-ci-exige-la-prorogation-de-la-periode-denrolement-dau-moins-3-mois\\\/\"]}]},{\"@type\":\"ImageObject\",\"inLanguage\":\"fr-FR\",\"@id\":\"https:\\\/\\\/www.amanien.info\\\/news\\\/revision-de-la-liste-electorale-le-ppa-ci-exige-la-prorogation-de-la-periode-denrolement-dau-moins-3-mois\\\/#primaryimage\",\"url\":\"https:\\\/\\\/www.amanien.info\\\/news\\\/wp-content\\\/uploads\\\/2024\\\/11\\\/IMG-20241106-WA0066.jpg\",\"contentUrl\":\"https:\\\/\\\/www.amanien.info\\\/news\\\/wp-content\\\/uploads\\\/2024\\\/11\\\/IMG-20241106-WA0066.jpg\",\"width\":816,\"height\":669},{\"@type\":\"BreadcrumbList\",\"@id\":\"https:\\\/\\\/www.amanien.info\\\/news\\\/revision-de-la-liste-electorale-le-ppa-ci-exige-la-prorogation-de-la-periode-denrolement-dau-moins-3-mois\\\/#breadcrumb\",\"itemListElement\":[{\"@type\":\"ListItem\",\"position\":1,\"name\":\"Accueil\",\"item\":\"https:\\\/\\\/www.amanien.info\\\/news\\\/\"},{\"@type\":\"ListItem\",\"position\":2,\"name\":\"R\u00e9vision de la Liste Electorale : le PPA-CI exige la prorogation de la p\u00e9riode d&rsquo;enr\u00f4lement d&rsquo;au moins 3 mois\u00a0\"}]},{\"@type\":\"WebSite\",\"@id\":\"https:\\\/\\\/www.amanien.info\\\/news\\\/#website\",\"url\":\"https:\\\/\\\/www.amanien.info\\\/news\\\/\",\"name\":\"Amanien| L&#039;actualit\u00e9 Ivoirienne et Internationale\",\"description\":\"L&#039;actualit\u00e9 Ivoirienne et Internationale\",\"potentialAction\":[{\"@type\":\"SearchAction\",\"target\":{\"@type\":\"EntryPoint\",\"urlTemplate\":\"https:\\\/\\\/www.amanien.info\\\/news\\\/?s={search_term_string}\"},\"query-input\":{\"@type\":\"PropertyValueSpecification\",\"valueRequired\":true,\"valueName\":\"search_term_string\"}}],\"inLanguage\":\"fr-FR\"},{\"@type\":\"Person\",\"@id\":\"https:\\\/\\\/www.amanien.info\\\/news\\\/#\\\/schema\\\/person\\\/b21093345753a1a98242d505bd894f42\",\"name\":\"Germain Ndri\",\"url\":\"https:\\\/\\\/www.amanien.info\\\/news\\\/author\\\/amanien-infos\\\/\"}]}<\/script>\n<!-- \/ Yoast SEO plugin. -->","yoast_head_json":{"title":"R\u00e9vision de la Liste Electorale : le PPA-CI exige la prorogation de la p\u00e9riode d'enr\u00f4lement d'au moins 3 mois\u00a0 - Amanien| L&#039;actualit\u00e9 Ivoirienne et Internationale","robots":{"index":"index","follow":"follow","max-snippet":"max-snippet:-1","max-image-preview":"max-image-preview:large","max-video-preview":"max-video-preview:-1"},"canonical":"https:\/\/www.amanien.info\/news\/revision-de-la-liste-electorale-le-ppa-ci-exige-la-prorogation-de-la-periode-denrolement-dau-moins-3-mois\/","og_locale":"fr_FR","og_type":"article","og_title":"R\u00e9vision de la Liste Electorale : le PPA-CI exige la prorogation de la p\u00e9riode d'enr\u00f4lement d'au moins 3 mois\u00a0 - Amanien| L&#039;actualit\u00e9 Ivoirienne et Internationale","og_description":"&nbsp; Le\u00a0Pr\u00e9sident\u00a0Ex\u00e9cutif\u00a0du\u00a0Parti des Peuples Africains &#8211; C\u00f4te d&rsquo;Ivoire (PPA-CI), Pr S\u00e9bastien Danon Dj\u00e9dj\u00e9, a anim\u00e9, le mardi 05 novembre 2024, au si\u00e8ge du PPA-CI sis \u00e0 Abidjan-Cocody, une conf\u00e9rence de presse relative aux nombreuses anomalies li\u00e9es \u00e0 l&rsquo;op\u00e9ration d&rsquo;enr\u00f4lement en cours et les poursuites judiciaires contre le deuxi\u00e8me vice-pr\u00e9sident du Conseil Strat\u00e9gique et politique du [&hellip;]","og_url":"https:\/\/www.amanien.info\/news\/revision-de-la-liste-electorale-le-ppa-ci-exige-la-prorogation-de-la-periode-denrolement-dau-moins-3-mois\/","og_site_name":"Amanien| L&#039;actualit\u00e9 Ivoirienne et Internationale","article_published_time":"2024-11-06T19:09:02+00:00","og_image":[{"width":816,"height":669,"url":"https:\/\/www.amanien.info\/news\/wp-content\/uploads\/2024\/11\/IMG-20241106-WA0066.jpg","type":"image\/jpeg"}],"author":"Germain Ndri","twitter_card":"summary_large_image","twitter_misc":{"\u00c9crit par":"Germain Ndri","Dur\u00e9e de lecture estim\u00e9e":"2 minutes"},"schema":{"@context":"https:\/\/schema.org","@graph":[{"@type":"Article","@id":"https:\/\/www.amanien.info\/news\/revision-de-la-liste-electorale-le-ppa-ci-exige-la-prorogation-de-la-periode-denrolement-dau-moins-3-mois\/#article","isPartOf":{"@id":"https:\/\/www.amanien.info\/news\/revision-de-la-liste-electorale-le-ppa-ci-exige-la-prorogation-de-la-periode-denrolement-dau-moins-3-mois\/"},"author":{"name":"Germain Ndri","@id":"https:\/\/www.amanien.info\/news\/#\/schema\/person\/b21093345753a1a98242d505bd894f42"},"headline":"R\u00e9vision de la Liste Electorale : le PPA-CI exige la prorogation de la p\u00e9riode d&rsquo;enr\u00f4lement d&rsquo;au moins 3 mois\u00a0","datePublished":"2024-11-06T19:09:02+00:00","mainEntityOfPage":{"@id":"https:\/\/www.amanien.info\/news\/revision-de-la-liste-electorale-le-ppa-ci-exige-la-prorogation-de-la-periode-denrolement-dau-moins-3-mois\/"},"wordCount":315,"image":{"@id":"https:\/\/www.amanien.info\/news\/revision-de-la-liste-electorale-le-ppa-ci-exige-la-prorogation-de-la-periode-denrolement-dau-moins-3-mois\/#primaryimage"},"thumbnailUrl":"https:\/\/www.amanien.info\/news\/wp-content\/uploads\/2024\/11\/IMG-20241106-WA0066.jpg","keywords":["Politique"],"inLanguage":"fr-FR"},{"@type":"WebPage","@id":"https:\/\/www.amanien.info\/news\/revision-de-la-liste-electorale-le-ppa-ci-exige-la-prorogation-de-la-periode-denrolement-dau-moins-3-mois\/","url":"https:\/\/www.amanien.info\/news\/revision-de-la-liste-electorale-le-ppa-ci-exige-la-prorogation-de-la-periode-denrolement-dau-moins-3-mois\/","name":"R\u00e9vision de la Liste Electorale : le PPA-CI exige la prorogation de la p\u00e9riode d'enr\u00f4lement d'au moins 3 mois\u00a0 - Amanien| L&#039;actualit\u00e9 Ivoirienne et Internationale","isPartOf":{"@id":"https:\/\/www.amanien.info\/news\/#website"},"primaryImageOfPage":{"@id":"https:\/\/www.amanien.info\/news\/revision-de-la-liste-electorale-le-ppa-ci-exige-la-prorogation-de-la-periode-denrolement-dau-moins-3-mois\/#primaryimage"},"image":{"@id":"https:\/\/www.amanien.info\/news\/revision-de-la-liste-electorale-le-ppa-ci-exige-la-prorogation-de-la-periode-denrolement-dau-moins-3-mois\/#primaryimage"},"thumbnailUrl":"https:\/\/www.amanien.info\/news\/wp-content\/uploads\/2024\/11\/IMG-20241106-WA0066.jpg","datePublished":"2024-11-06T19:09:02+00:00","author":{"@id":"https:\/\/www.amanien.info\/news\/#\/schema\/person\/b21093345753a1a98242d505bd894f42"},"breadcrumb":{"@id":"https:\/\/www.amanien.info\/news\/revision-de-la-liste-electorale-le-ppa-ci-exige-la-prorogation-de-la-periode-denrolement-dau-moins-3-mois\/#breadcrumb"},"inLanguage":"fr-FR","potentialAction":[{"@type":"ReadAction","target":["https:\/\/www.amanien.info\/news\/revision-de-la-liste-electorale-le-ppa-ci-exige-la-prorogation-de-la-periode-denrolement-dau-moins-3-mois\/"]}]},{"@type":"ImageObject","inLanguage":"fr-FR","@id":"https:\/\/www.amanien.info\/news\/revision-de-la-liste-electorale-le-ppa-ci-exige-la-prorogation-de-la-periode-denrolement-dau-moins-3-mois\/#primaryimage","url":"https:\/\/www.amanien.info\/news\/wp-content\/uploads\/2024\/11\/IMG-20241106-WA0066.jpg","contentUrl":"https:\/\/www.amanien.info\/news\/wp-content\/uploads\/2024\/11\/IMG-20241106-WA0066.jpg","width":816,"height":669},{"@type":"BreadcrumbList","@id":"https:\/\/www.amanien.info\/news\/revision-de-la-liste-electorale-le-ppa-ci-exige-la-prorogation-de-la-periode-denrolement-dau-moins-3-mois\/#breadcrumb","itemListElement":[{"@type":"ListItem","position":1,"name":"Accueil","item":"https:\/\/www.amanien.info\/news\/"},{"@type":"ListItem","position":2,"name":"R\u00e9vision de la Liste Electorale : le PPA-CI exige la prorogation de la p\u00e9riode d&rsquo;enr\u00f4lement d&rsquo;au moins 3 mois\u00a0"}]},{"@type":"WebSite","@id":"https:\/\/www.amanien.info\/news\/#website","url":"https:\/\/www.amanien.info\/news\/","name":"Amanien| L&#039;actualit\u00e9 Ivoirienne et Internationale","description":"L&#039;actualit\u00e9 Ivoirienne et Internationale","potentialAction":[{"@type":"SearchAction","target":{"@type":"EntryPoint","urlTemplate":"https:\/\/www.amanien.info\/news\/?s={search_term_string}"},"query-input":{"@type":"PropertyValueSpecification","valueRequired":true,"valueName":"search_term_string"}}],"inLanguage":"fr-FR"},{"@type":"Person","@id":"https:\/\/www.amanien.info\/news\/#\/schema\/person\/b21093345753a1a98242d505bd894f42","name":"Germain Ndri","url":"https:\/\/www.amanien.info\/news\/author\/amanien-infos\/"}]}},"_links":{"self":[{"href":"https:\/\/www.amanien.info\/news\/wp-json\/wp\/v2\/posts\/6831","targetHints":{"allow":["GET"]}}],"collection":[{"href":"https:\/\/www.amanien.info\/news\/wp-json\/wp\/v2\/posts"}],"about":[{"href":"https:\/\/www.amanien.info\/news\/wp-json\/wp\/v2\/types\/post"}],"author":[{"embeddable":true,"href":"https:\/\/www.amanien.info\/news\/wp-json\/wp\/v2\/users\/2"}],"replies":[{"embeddable":true,"href":"https:\/\/www.amanien.info\/news\/wp-json\/wp\/v2\/comments?post=6831"}],"version-history":[{"count":1,"href":"https:\/\/www.amanien.info\/news\/wp-json\/wp\/v2\/posts\/6831\/revisions"}],"predecessor-version":[{"id":6846,"href":"https:\/\/www.amanien.info\/news\/wp-json\/wp\/v2\/posts\/6831\/revisions\/6846"}],"wp:featuredmedia":[{"embeddable":true,"href":"https:\/\/www.amanien.info\/news\/wp-json\/wp\/v2\/media\/6845"}],"wp:attachment":[{"href":"https:\/\/www.amanien.info\/news\/wp-json\/wp\/v2\/media?parent=6831"}],"wp:term":[{"taxonomy":"category","embeddable":true,"href":"https:\/\/www.amanien.info\/news\/wp-json\/wp\/v2\/categories?post=6831"},{"taxonomy":"post_tag","embeddable":true,"href":"https:\/\/www.amanien.info\/news\/wp-json\/wp\/v2\/tags?post=6831"}],"curies":[{"name":"wp","href":"https:\/\/api.w.org\/{rel}","templated":true}]}}