{"id":6787,"date":"2024-11-03T18:32:13","date_gmt":"2024-11-03T18:32:13","guid":{"rendered":"https:\/\/www.amanien.info\/news\/?p=6787"},"modified":"2024-11-03T18:32:13","modified_gmt":"2024-11-03T18:32:13","slug":"promotion-de-la-zlecaf-organisation-a-abidjan-dun-afterwork-pour-renforcer-les-capacites-des-journalistes-ivoiriens","status":"publish","type":"post","link":"https:\/\/www.amanien.info\/news\/promotion-de-la-zlecaf-organisation-a-abidjan-dun-afterwork-pour-renforcer-les-capacites-des-journalistes-ivoiriens\/","title":{"rendered":"Promotion de la ZLECAF : Organisation \u00e0 Abidjan d&rsquo;un Afterwork pour renforcer les capacit\u00e9s des journalistes ivoiriens\u00a0"},"content":{"rendered":"<div><span style=\"text-transform: initial;\">Le Comit\u00e9 National de la Zone de Libre-\u00c9change Continentale Africaine(CN-ZLECAF) a organis\u00e9, le jeudi 31 octobre \u00e0 Abidjan-Plateau, un Afterwork au cours duquel les journalistes ivoiriens ont renforc\u00e9 leurs comp\u00e9tences sur les enjeux de la promotion de la ZLECAF.<\/span><\/div>\n<div><\/div>\n<div>Cette initiative, visant \u00e0 cr\u00e9er un cadre d\u2019\u00e9changes entre les journalistes et le Comit\u00e9 National de la ZLECAF en C\u00f4te d\u2019Ivoire, a permis d\u2019approfondir les connaissances des professionnels des m\u00e9dias sur les b\u00e9n\u00e9fices de cet accord de libre-\u00e9change continental.<\/div>\n<div><\/div>\n<div><\/div>\n<div>Cette importante activit\u00e9 a port\u00e9 sur la th\u00e9matique : \u00ab Le r\u00f4le des m\u00e9dias dans l\u2019appropriation de la ZLECAF : strat\u00e9gies et bonnes pratiques pour une communication engageante \u00bb.<\/div>\n<div><\/div>\n<div>Dans son intervention, le Conseiller Technique du ministre de l\u2019Industrie et du Commerce, Eric Ouattara, a salu\u00e9 l\u2019initiative du Comit\u00e9 national pour avoir associ\u00e9 les journalistes \u00e0 la promotion de cette cause, qu\u2019il qualifie de valeur ajout\u00e9e, d\u2019autant que les professionnels de la presse jouent un r\u00f4le privil\u00e9gi\u00e9 dans la sensibilisation des populations.<\/div>\n<div><\/div>\n<div>Il a pr\u00e9cis\u00e9 que l\u2019engagement des journalistes dans la promotion de la ZLECAF profiterait non seulement aux entreprises et aux citoyens, mais \u00e9galement \u00e0 l\u2019ensemble du secteur m\u00e9diatique, en C\u00f4te d\u2019Ivoire et \u00e0 travers l\u2019Afrique.<\/div>\n<div><\/div>\n<div>Au cours de cette formation, les hommes de m\u00e9dias ont assist\u00e9 \u00e0 une pr\u00e9sentation g\u00e9n\u00e9rale de la ZLECAF, suivie d\u2019un panel et d\u2019une session de questions-r\u00e9ponses, permettant \u00e0 chacun de mieux s\u2019impr\u00e9gner des opportunit\u00e9s, des missions, des axes strat\u00e9giques et des outils de mise en \u0153uvre, afin de garantir une meilleure int\u00e9gration de cet accord.<\/div>\n<div><\/div>\n<div>La secr\u00e9taire du CN-ZLECAF, Mme Fatoumata Fofana, \u00e9pouse Bandi, a, quant \u00e0 elle, soulign\u00e9 que cet afterwork s\u2019inscrit parmi les nombreuses initiatives visant \u00e0 renforcer les capacit\u00e9s et approfondir les connaissances des acteurs de la communication sur les enjeux de la ZLECAF.<\/div>\n<div><\/div>\n<div>La ZLECAF vise \u00e0 cr\u00e9er un march\u00e9 unique pour les marchandises, les services et la libre circulation des personnes, dans le but d\u2019approfondir l\u2019int\u00e9gration \u00e9conomique du continent, en accord avec la vision panafricaine d\u2019une Afrique int\u00e9gr\u00e9e, prosp\u00e8re et pacifique, telle qu\u2019\u00e9nonc\u00e9e dans l\u2019agenda 2063.<\/div>\n<div><\/div>\n<div>Pour rappel, le Comit\u00e9 national de la ZLECAF a \u00e9t\u00e9 institu\u00e9 par le gouvernement ivoirien en 2018, et dot\u00e9 d\u2019un secr\u00e9tariat ex\u00e9cutif.<\/div>\n<div><\/div>\n<div><\/div>\n<div><b>S.A.<\/b><\/div>\n","protected":false},"excerpt":{"rendered":"<p>Le Comit\u00e9 National de la Zone de Libre-\u00c9change Continentale Africaine(CN-ZLECAF) a organis\u00e9, le jeudi 31 octobre \u00e0 Abidjan-Plateau, un Afterwork au cours duquel les journalistes ivoiriens ont renforc\u00e9 leurs comp\u00e9tences sur les enjeux de la promotion de la ZLECAF. Cette initiative, visant \u00e0 cr\u00e9er un cadre d\u2019\u00e9changes entre les journalistes et le Comit\u00e9 National de [&hellip;]<\/p>\n","protected":false},"author":2,"featured_media":6791,"comment_status":"closed","ping_status":"closed","sticky":false,"template":"","format":"standard","meta":{"_acf_changed":false,"footnotes":""},"categories":[3],"tags":[],"class_list":["post-6787","post","type-post","status-publish","format-standard","has-post-thumbnail","hentry","category-culture"],"acf":[],"yoast_head":"<!-- This site is optimized with the Yoast SEO plugin v27.5 - https:\/\/yoast.com\/product\/yoast-seo-wordpress\/ -->\n<title>Promotion de la ZLECAF : Organisation \u00e0 Abidjan d&#039;un Afterwork pour renforcer les capacit\u00e9s des journalistes ivoiriens\u00a0 - Amanien| L&#039;actualit\u00e9 Ivoirienne et Internationale<\/title>\n<meta name=\"robots\" content=\"index, follow, max-snippet:-1, max-image-preview:large, max-video-preview:-1\" \/>\n<link rel=\"canonical\" href=\"https:\/\/www.amanien.info\/news\/promotion-de-la-zlecaf-organisation-a-abidjan-dun-afterwork-pour-renforcer-les-capacites-des-journalistes-ivoiriens\/\" \/>\n<meta property=\"og:locale\" content=\"fr_FR\" \/>\n<meta property=\"og:type\" content=\"article\" \/>\n<meta property=\"og:title\" content=\"Promotion de la ZLECAF : Organisation \u00e0 Abidjan d&#039;un Afterwork pour renforcer les capacit\u00e9s des journalistes ivoiriens\u00a0 - Amanien| L&#039;actualit\u00e9 Ivoirienne et Internationale\" \/>\n<meta property=\"og:description\" content=\"Le Comit\u00e9 National de la Zone de Libre-\u00c9change Continentale Africaine(CN-ZLECAF) a organis\u00e9, le jeudi 31 octobre \u00e0 Abidjan-Plateau, un Afterwork au cours duquel les journalistes ivoiriens ont renforc\u00e9 leurs comp\u00e9tences sur les enjeux de la promotion de la ZLECAF. Cette initiative, visant \u00e0 cr\u00e9er un cadre d\u2019\u00e9changes entre les journalistes et le Comit\u00e9 National de [&hellip;]\" \/>\n<meta property=\"og:url\" content=\"https:\/\/www.amanien.info\/news\/promotion-de-la-zlecaf-organisation-a-abidjan-dun-afterwork-pour-renforcer-les-capacites-des-journalistes-ivoiriens\/\" \/>\n<meta property=\"og:site_name\" content=\"Amanien| L&#039;actualit\u00e9 Ivoirienne et Internationale\" \/>\n<meta property=\"article:published_time\" content=\"2024-11-03T18:32:13+00:00\" \/>\n<meta property=\"og:image\" content=\"https:\/\/www.amanien.info\/news\/wp-content\/uploads\/2024\/11\/IMG_1866-scaled.jpg\" \/>\n\t<meta property=\"og:image:width\" content=\"2560\" \/>\n\t<meta property=\"og:image:height\" content=\"1707\" \/>\n\t<meta property=\"og:image:type\" content=\"image\/jpeg\" \/>\n<meta name=\"author\" content=\"Germain Ndri\" \/>\n<meta name=\"twitter:card\" content=\"summary_large_image\" \/>\n<meta name=\"twitter:label1\" content=\"\u00c9crit par\" \/>\n\t<meta name=\"twitter:data1\" content=\"Germain Ndri\" \/>\n\t<meta name=\"twitter:label2\" content=\"Dur\u00e9e de lecture estim\u00e9e\" \/>\n\t<meta name=\"twitter:data2\" content=\"2 minutes\" \/>\n<script type=\"application\/ld+json\" class=\"yoast-schema-graph\">{\"@context\":\"https:\\\/\\\/schema.org\",\"@graph\":[{\"@type\":\"Article\",\"@id\":\"https:\\\/\\\/www.amanien.info\\\/news\\\/promotion-de-la-zlecaf-organisation-a-abidjan-dun-afterwork-pour-renforcer-les-capacites-des-journalistes-ivoiriens\\\/#article\",\"isPartOf\":{\"@id\":\"https:\\\/\\\/www.amanien.info\\\/news\\\/promotion-de-la-zlecaf-organisation-a-abidjan-dun-afterwork-pour-renforcer-les-capacites-des-journalistes-ivoiriens\\\/\"},\"author\":{\"name\":\"Germain Ndri\",\"@id\":\"https:\\\/\\\/www.amanien.info\\\/news\\\/#\\\/schema\\\/person\\\/b21093345753a1a98242d505bd894f42\"},\"headline\":\"Promotion de la ZLECAF : Organisation \u00e0 Abidjan d&rsquo;un Afterwork pour renforcer les capacit\u00e9s des journalistes ivoiriens\u00a0\",\"datePublished\":\"2024-11-03T18:32:13+00:00\",\"mainEntityOfPage\":{\"@id\":\"https:\\\/\\\/www.amanien.info\\\/news\\\/promotion-de-la-zlecaf-organisation-a-abidjan-dun-afterwork-pour-renforcer-les-capacites-des-journalistes-ivoiriens\\\/\"},\"wordCount\":420,\"image\":{\"@id\":\"https:\\\/\\\/www.amanien.info\\\/news\\\/promotion-de-la-zlecaf-organisation-a-abidjan-dun-afterwork-pour-renforcer-les-capacites-des-journalistes-ivoiriens\\\/#primaryimage\"},\"thumbnailUrl\":\"https:\\\/\\\/www.amanien.info\\\/news\\\/wp-content\\\/uploads\\\/2024\\\/11\\\/IMG_1866-scaled.jpg\",\"articleSection\":[\"Culture\"],\"inLanguage\":\"fr-FR\"},{\"@type\":\"WebPage\",\"@id\":\"https:\\\/\\\/www.amanien.info\\\/news\\\/promotion-de-la-zlecaf-organisation-a-abidjan-dun-afterwork-pour-renforcer-les-capacites-des-journalistes-ivoiriens\\\/\",\"url\":\"https:\\\/\\\/www.amanien.info\\\/news\\\/promotion-de-la-zlecaf-organisation-a-abidjan-dun-afterwork-pour-renforcer-les-capacites-des-journalistes-ivoiriens\\\/\",\"name\":\"Promotion de la ZLECAF : Organisation \u00e0 Abidjan d'un Afterwork pour renforcer les capacit\u00e9s des journalistes ivoiriens\u00a0 - Amanien| L&#039;actualit\u00e9 Ivoirienne et Internationale\",\"isPartOf\":{\"@id\":\"https:\\\/\\\/www.amanien.info\\\/news\\\/#website\"},\"primaryImageOfPage\":{\"@id\":\"https:\\\/\\\/www.amanien.info\\\/news\\\/promotion-de-la-zlecaf-organisation-a-abidjan-dun-afterwork-pour-renforcer-les-capacites-des-journalistes-ivoiriens\\\/#primaryimage\"},\"image\":{\"@id\":\"https:\\\/\\\/www.amanien.info\\\/news\\\/promotion-de-la-zlecaf-organisation-a-abidjan-dun-afterwork-pour-renforcer-les-capacites-des-journalistes-ivoiriens\\\/#primaryimage\"},\"thumbnailUrl\":\"https:\\\/\\\/www.amanien.info\\\/news\\\/wp-content\\\/uploads\\\/2024\\\/11\\\/IMG_1866-scaled.jpg\",\"datePublished\":\"2024-11-03T18:32:13+00:00\",\"author\":{\"@id\":\"https:\\\/\\\/www.amanien.info\\\/news\\\/#\\\/schema\\\/person\\\/b21093345753a1a98242d505bd894f42\"},\"breadcrumb\":{\"@id\":\"https:\\\/\\\/www.amanien.info\\\/news\\\/promotion-de-la-zlecaf-organisation-a-abidjan-dun-afterwork-pour-renforcer-les-capacites-des-journalistes-ivoiriens\\\/#breadcrumb\"},\"inLanguage\":\"fr-FR\",\"potentialAction\":[{\"@type\":\"ReadAction\",\"target\":[\"https:\\\/\\\/www.amanien.info\\\/news\\\/promotion-de-la-zlecaf-organisation-a-abidjan-dun-afterwork-pour-renforcer-les-capacites-des-journalistes-ivoiriens\\\/\"]}]},{\"@type\":\"ImageObject\",\"inLanguage\":\"fr-FR\",\"@id\":\"https:\\\/\\\/www.amanien.info\\\/news\\\/promotion-de-la-zlecaf-organisation-a-abidjan-dun-afterwork-pour-renforcer-les-capacites-des-journalistes-ivoiriens\\\/#primaryimage\",\"url\":\"https:\\\/\\\/www.amanien.info\\\/news\\\/wp-content\\\/uploads\\\/2024\\\/11\\\/IMG_1866-scaled.jpg\",\"contentUrl\":\"https:\\\/\\\/www.amanien.info\\\/news\\\/wp-content\\\/uploads\\\/2024\\\/11\\\/IMG_1866-scaled.jpg\",\"width\":2560,\"height\":1707},{\"@type\":\"BreadcrumbList\",\"@id\":\"https:\\\/\\\/www.amanien.info\\\/news\\\/promotion-de-la-zlecaf-organisation-a-abidjan-dun-afterwork-pour-renforcer-les-capacites-des-journalistes-ivoiriens\\\/#breadcrumb\",\"itemListElement\":[{\"@type\":\"ListItem\",\"position\":1,\"name\":\"Accueil\",\"item\":\"https:\\\/\\\/www.amanien.info\\\/news\\\/\"},{\"@type\":\"ListItem\",\"position\":2,\"name\":\"Promotion de la ZLECAF : Organisation \u00e0 Abidjan d&rsquo;un Afterwork pour renforcer les capacit\u00e9s des journalistes ivoiriens\u00a0\"}]},{\"@type\":\"WebSite\",\"@id\":\"https:\\\/\\\/www.amanien.info\\\/news\\\/#website\",\"url\":\"https:\\\/\\\/www.amanien.info\\\/news\\\/\",\"name\":\"Amanien| L&#039;actualit\u00e9 Ivoirienne et Internationale\",\"description\":\"L&#039;actualit\u00e9 Ivoirienne et Internationale\",\"potentialAction\":[{\"@type\":\"SearchAction\",\"target\":{\"@type\":\"EntryPoint\",\"urlTemplate\":\"https:\\\/\\\/www.amanien.info\\\/news\\\/?s={search_term_string}\"},\"query-input\":{\"@type\":\"PropertyValueSpecification\",\"valueRequired\":true,\"valueName\":\"search_term_string\"}}],\"inLanguage\":\"fr-FR\"},{\"@type\":\"Person\",\"@id\":\"https:\\\/\\\/www.amanien.info\\\/news\\\/#\\\/schema\\\/person\\\/b21093345753a1a98242d505bd894f42\",\"name\":\"Germain Ndri\",\"url\":\"https:\\\/\\\/www.amanien.info\\\/news\\\/author\\\/amanien-infos\\\/\"}]}<\/script>\n<!-- \/ Yoast SEO plugin. -->","yoast_head_json":{"title":"Promotion de la ZLECAF : Organisation \u00e0 Abidjan d'un Afterwork pour renforcer les capacit\u00e9s des journalistes ivoiriens\u00a0 - Amanien| L&#039;actualit\u00e9 Ivoirienne et Internationale","robots":{"index":"index","follow":"follow","max-snippet":"max-snippet:-1","max-image-preview":"max-image-preview:large","max-video-preview":"max-video-preview:-1"},"canonical":"https:\/\/www.amanien.info\/news\/promotion-de-la-zlecaf-organisation-a-abidjan-dun-afterwork-pour-renforcer-les-capacites-des-journalistes-ivoiriens\/","og_locale":"fr_FR","og_type":"article","og_title":"Promotion de la ZLECAF : Organisation \u00e0 Abidjan d'un Afterwork pour renforcer les capacit\u00e9s des journalistes ivoiriens\u00a0 - Amanien| L&#039;actualit\u00e9 Ivoirienne et Internationale","og_description":"Le Comit\u00e9 National de la Zone de Libre-\u00c9change Continentale Africaine(CN-ZLECAF) a organis\u00e9, le jeudi 31 octobre \u00e0 Abidjan-Plateau, un Afterwork au cours duquel les journalistes ivoiriens ont renforc\u00e9 leurs comp\u00e9tences sur les enjeux de la promotion de la ZLECAF. Cette initiative, visant \u00e0 cr\u00e9er un cadre d\u2019\u00e9changes entre les journalistes et le Comit\u00e9 National de [&hellip;]","og_url":"https:\/\/www.amanien.info\/news\/promotion-de-la-zlecaf-organisation-a-abidjan-dun-afterwork-pour-renforcer-les-capacites-des-journalistes-ivoiriens\/","og_site_name":"Amanien| L&#039;actualit\u00e9 Ivoirienne et Internationale","article_published_time":"2024-11-03T18:32:13+00:00","og_image":[{"width":2560,"height":1707,"url":"https:\/\/www.amanien.info\/news\/wp-content\/uploads\/2024\/11\/IMG_1866-scaled.jpg","type":"image\/jpeg"}],"author":"Germain Ndri","twitter_card":"summary_large_image","twitter_misc":{"\u00c9crit par":"Germain Ndri","Dur\u00e9e de lecture estim\u00e9e":"2 minutes"},"schema":{"@context":"https:\/\/schema.org","@graph":[{"@type":"Article","@id":"https:\/\/www.amanien.info\/news\/promotion-de-la-zlecaf-organisation-a-abidjan-dun-afterwork-pour-renforcer-les-capacites-des-journalistes-ivoiriens\/#article","isPartOf":{"@id":"https:\/\/www.amanien.info\/news\/promotion-de-la-zlecaf-organisation-a-abidjan-dun-afterwork-pour-renforcer-les-capacites-des-journalistes-ivoiriens\/"},"author":{"name":"Germain Ndri","@id":"https:\/\/www.amanien.info\/news\/#\/schema\/person\/b21093345753a1a98242d505bd894f42"},"headline":"Promotion de la ZLECAF : Organisation \u00e0 Abidjan d&rsquo;un Afterwork pour renforcer les capacit\u00e9s des journalistes ivoiriens\u00a0","datePublished":"2024-11-03T18:32:13+00:00","mainEntityOfPage":{"@id":"https:\/\/www.amanien.info\/news\/promotion-de-la-zlecaf-organisation-a-abidjan-dun-afterwork-pour-renforcer-les-capacites-des-journalistes-ivoiriens\/"},"wordCount":420,"image":{"@id":"https:\/\/www.amanien.info\/news\/promotion-de-la-zlecaf-organisation-a-abidjan-dun-afterwork-pour-renforcer-les-capacites-des-journalistes-ivoiriens\/#primaryimage"},"thumbnailUrl":"https:\/\/www.amanien.info\/news\/wp-content\/uploads\/2024\/11\/IMG_1866-scaled.jpg","articleSection":["Culture"],"inLanguage":"fr-FR"},{"@type":"WebPage","@id":"https:\/\/www.amanien.info\/news\/promotion-de-la-zlecaf-organisation-a-abidjan-dun-afterwork-pour-renforcer-les-capacites-des-journalistes-ivoiriens\/","url":"https:\/\/www.amanien.info\/news\/promotion-de-la-zlecaf-organisation-a-abidjan-dun-afterwork-pour-renforcer-les-capacites-des-journalistes-ivoiriens\/","name":"Promotion de la ZLECAF : Organisation \u00e0 Abidjan d'un Afterwork pour renforcer les capacit\u00e9s des journalistes ivoiriens\u00a0 - Amanien| L&#039;actualit\u00e9 Ivoirienne et Internationale","isPartOf":{"@id":"https:\/\/www.amanien.info\/news\/#website"},"primaryImageOfPage":{"@id":"https:\/\/www.amanien.info\/news\/promotion-de-la-zlecaf-organisation-a-abidjan-dun-afterwork-pour-renforcer-les-capacites-des-journalistes-ivoiriens\/#primaryimage"},"image":{"@id":"https:\/\/www.amanien.info\/news\/promotion-de-la-zlecaf-organisation-a-abidjan-dun-afterwork-pour-renforcer-les-capacites-des-journalistes-ivoiriens\/#primaryimage"},"thumbnailUrl":"https:\/\/www.amanien.info\/news\/wp-content\/uploads\/2024\/11\/IMG_1866-scaled.jpg","datePublished":"2024-11-03T18:32:13+00:00","author":{"@id":"https:\/\/www.amanien.info\/news\/#\/schema\/person\/b21093345753a1a98242d505bd894f42"},"breadcrumb":{"@id":"https:\/\/www.amanien.info\/news\/promotion-de-la-zlecaf-organisation-a-abidjan-dun-afterwork-pour-renforcer-les-capacites-des-journalistes-ivoiriens\/#breadcrumb"},"inLanguage":"fr-FR","potentialAction":[{"@type":"ReadAction","target":["https:\/\/www.amanien.info\/news\/promotion-de-la-zlecaf-organisation-a-abidjan-dun-afterwork-pour-renforcer-les-capacites-des-journalistes-ivoiriens\/"]}]},{"@type":"ImageObject","inLanguage":"fr-FR","@id":"https:\/\/www.amanien.info\/news\/promotion-de-la-zlecaf-organisation-a-abidjan-dun-afterwork-pour-renforcer-les-capacites-des-journalistes-ivoiriens\/#primaryimage","url":"https:\/\/www.amanien.info\/news\/wp-content\/uploads\/2024\/11\/IMG_1866-scaled.jpg","contentUrl":"https:\/\/www.amanien.info\/news\/wp-content\/uploads\/2024\/11\/IMG_1866-scaled.jpg","width":2560,"height":1707},{"@type":"BreadcrumbList","@id":"https:\/\/www.amanien.info\/news\/promotion-de-la-zlecaf-organisation-a-abidjan-dun-afterwork-pour-renforcer-les-capacites-des-journalistes-ivoiriens\/#breadcrumb","itemListElement":[{"@type":"ListItem","position":1,"name":"Accueil","item":"https:\/\/www.amanien.info\/news\/"},{"@type":"ListItem","position":2,"name":"Promotion de la ZLECAF : Organisation \u00e0 Abidjan d&rsquo;un Afterwork pour renforcer les capacit\u00e9s des journalistes ivoiriens\u00a0"}]},{"@type":"WebSite","@id":"https:\/\/www.amanien.info\/news\/#website","url":"https:\/\/www.amanien.info\/news\/","name":"Amanien| L&#039;actualit\u00e9 Ivoirienne et Internationale","description":"L&#039;actualit\u00e9 Ivoirienne et Internationale","potentialAction":[{"@type":"SearchAction","target":{"@type":"EntryPoint","urlTemplate":"https:\/\/www.amanien.info\/news\/?s={search_term_string}"},"query-input":{"@type":"PropertyValueSpecification","valueRequired":true,"valueName":"search_term_string"}}],"inLanguage":"fr-FR"},{"@type":"Person","@id":"https:\/\/www.amanien.info\/news\/#\/schema\/person\/b21093345753a1a98242d505bd894f42","name":"Germain Ndri","url":"https:\/\/www.amanien.info\/news\/author\/amanien-infos\/"}]}},"_links":{"self":[{"href":"https:\/\/www.amanien.info\/news\/wp-json\/wp\/v2\/posts\/6787","targetHints":{"allow":["GET"]}}],"collection":[{"href":"https:\/\/www.amanien.info\/news\/wp-json\/wp\/v2\/posts"}],"about":[{"href":"https:\/\/www.amanien.info\/news\/wp-json\/wp\/v2\/types\/post"}],"author":[{"embeddable":true,"href":"https:\/\/www.amanien.info\/news\/wp-json\/wp\/v2\/users\/2"}],"replies":[{"embeddable":true,"href":"https:\/\/www.amanien.info\/news\/wp-json\/wp\/v2\/comments?post=6787"}],"version-history":[{"count":1,"href":"https:\/\/www.amanien.info\/news\/wp-json\/wp\/v2\/posts\/6787\/revisions"}],"predecessor-version":[{"id":6792,"href":"https:\/\/www.amanien.info\/news\/wp-json\/wp\/v2\/posts\/6787\/revisions\/6792"}],"wp:featuredmedia":[{"embeddable":true,"href":"https:\/\/www.amanien.info\/news\/wp-json\/wp\/v2\/media\/6791"}],"wp:attachment":[{"href":"https:\/\/www.amanien.info\/news\/wp-json\/wp\/v2\/media?parent=6787"}],"wp:term":[{"taxonomy":"category","embeddable":true,"href":"https:\/\/www.amanien.info\/news\/wp-json\/wp\/v2\/categories?post=6787"},{"taxonomy":"post_tag","embeddable":true,"href":"https:\/\/www.amanien.info\/news\/wp-json\/wp\/v2\/tags?post=6787"}],"curies":[{"name":"wp","href":"https:\/\/api.w.org\/{rel}","templated":true}]}}