{"id":6765,"date":"2024-11-01T10:42:46","date_gmt":"2024-11-01T10:42:46","guid":{"rendered":"https:\/\/www.amanien.info\/news\/?p=6765"},"modified":"2024-11-01T10:42:46","modified_gmt":"2024-11-01T10:42:46","slug":"ouverture-a-abidjan-de-la-3eme-edition-des-journees-portes-ouvertes-des-institutions-de-la-republique-jpoir-2024-en-presence-du-vice-president-de-la-republique-tiemoko-meyliet-kone","status":"publish","type":"post","link":"https:\/\/www.amanien.info\/news\/ouverture-a-abidjan-de-la-3eme-edition-des-journees-portes-ouvertes-des-institutions-de-la-republique-jpoir-2024-en-presence-du-vice-president-de-la-republique-tiemoko-meyliet-kone\/","title":{"rendered":"Ouverture \u00e0 Abidjan de la 3\u00e8me \u00e9dition des Journ\u00e9es Portes Ouvertes des Institutions de la R\u00e9publique (JPOIR 2024) en pr\u00e9sence du Vice-pr\u00e9sident de la R\u00e9publique Ti\u00e9moko Meyliet Kon\u00e9\u00a0"},"content":{"rendered":"<div><span style=\"text-transform: initial;\">Le Vice-pr\u00e9sident de la R\u00e9publique de C\u00f4te d&rsquo;Ivoire, Ti\u00e9moko Meyliet Kon\u00e9, a proc\u00e9d\u00e9, le jeudi 31 octobre 2024, au Sofitel H\u00f4tel Ivoire d&rsquo;Abidjan-Cocody, \u00e0 l&rsquo;ouverture de la troisi\u00e8me \u00e9dition des Journ\u00e9es Portes Ouvertes des Institutions de la R\u00e9publique (JPOIR 2024).<\/span><\/div>\n<div><\/div>\n<div>C&rsquo;\u00e9tait en pr\u00e9sence de plusieurs pr\u00e9sidents d&rsquo;institution, autorit\u00e9s administratives, etc.<\/div>\n<div><\/div>\n<div><\/div>\n<div>Dans son allocution d&rsquo;ouverture, le Pr\u00e9sident de la R\u00e9publique, par ailleurs Pr\u00e9sident des JPOIR 2024, Ti\u00e9moko Meyliet Kon\u00e9, a f\u00e9licit\u00e9 les Pr\u00e9sidents des institutions de la R\u00e9publique et souhait\u00e9 que ces journ\u00e9es, qui ont mobilis\u00e9 des milliers de jeunes et d&rsquo;\u00e9tudiants \u00ab\u00a0renforcent davantage la confiance entre les institutions et les citoyens et contribuent \u00e0 une meilleure compr\u00e9hension des activit\u00e9s de l&rsquo;\u00c9tat en faveur du d\u00e9veloppement\u00a0\u00bb.<\/div>\n<div><\/div>\n<div><\/div>\n<div><\/div>\n<div>Plac\u00e9es sous le th\u00e8me, \u00ab\u00a0les institutions de la R\u00e9publique au c\u0153ur du d\u00e9veloppement socio\u00e9conomique de la C\u00f4te d&rsquo;Ivoire\u00a0\u00bb, les JPOIR constituent, selon le Haut Repr\u00e9sentant du Pr\u00e9sident de la R\u00e9publique, initiateur de ces journ\u00e9es, Gilbert Kon\u00e9 Kafana, une lucarne \u00ab\u00a0pour renforcer la proximit\u00e9 entre le peuple et ses institutions\u00a0\u00bb.<\/div>\n<div><\/div>\n<div>\u00ab\u00a0Les pr\u00e9sentes journ\u00e9es permettront de d\u00e9voiler encore ce riche vivier d&rsquo;instruments qui r\u00e9sultent des missions des institutions de la R\u00e9publique\u00a0\u00bb, a-t-il d\u00e9clar\u00e9.<\/div>\n<div><\/div>\n<div>A l&rsquo;en croire, les institutions de la R\u00e9publique \u00ab\u00a0souffrent malheureusement de la survivance d&rsquo;une m\u00e9connaissance plus ou moins grande de leur capacit\u00e9 contributive \u00e0 l&rsquo;action de d\u00e9veloppement. C&rsquo;est pourquoi, investi des missions que le Pr\u00e9sident de la R\u00e9publique, a bien voulu lui confier, il lui est apparu utile d&rsquo;organiser ces pr\u00e9sentes assises, notamment celles de 2019 et de 2022\u00a0\u00bb, a-t-il fait savoir.<\/div>\n<div><\/div>\n<div>Avant de saisir cette occasion pour adresser ses vives f\u00e9licitations \u00e0 tous les pr\u00e9sidents d&rsquo;institutions dont la constante collaboration a permis, \u00e0 l&rsquo;instar des \u00e9ditions pr\u00e9c\u00e9dentes, de mobiliser pour ce rendez-vous, le fleuron des organes \u00e9tatiques au service de la population.<\/div>\n<div><\/div>\n<div>Notons que ces JPOIR sont meubl\u00e9es par des panels tr\u00e8s enrichissants et la visite des stands.<\/div>\n<div><\/div>\n<div><\/div>\n<div><b>S.A.<\/b><\/div>\n","protected":false},"excerpt":{"rendered":"<p>Le Vice-pr\u00e9sident de la R\u00e9publique de C\u00f4te d&rsquo;Ivoire, Ti\u00e9moko Meyliet Kon\u00e9, a proc\u00e9d\u00e9, le jeudi 31 octobre 2024, au Sofitel H\u00f4tel Ivoire d&rsquo;Abidjan-Cocody, \u00e0 l&rsquo;ouverture de la troisi\u00e8me \u00e9dition des Journ\u00e9es Portes Ouvertes des Institutions de la R\u00e9publique (JPOIR 2024). C&rsquo;\u00e9tait en pr\u00e9sence de plusieurs pr\u00e9sidents d&rsquo;institution, autorit\u00e9s administratives, etc. Dans son allocution d&rsquo;ouverture, le [&hellip;]<\/p>\n","protected":false},"author":2,"featured_media":6766,"comment_status":"closed","ping_status":"closed","sticky":false,"template":"","format":"standard","meta":{"_acf_changed":false,"footnotes":""},"categories":[],"tags":[],"class_list":["post-6765","post","type-post","status-publish","format-standard","has-post-thumbnail","hentry"],"acf":[],"yoast_head":"<!-- This site is optimized with the Yoast SEO plugin v27.5 - https:\/\/yoast.com\/product\/yoast-seo-wordpress\/ -->\n<title>Ouverture \u00e0 Abidjan de la 3\u00e8me \u00e9dition des Journ\u00e9es Portes Ouvertes des Institutions de la R\u00e9publique (JPOIR 2024) en pr\u00e9sence du Vice-pr\u00e9sident de la R\u00e9publique Ti\u00e9moko Meyliet Kon\u00e9\u00a0 - Amanien| L&#039;actualit\u00e9 Ivoirienne et Internationale<\/title>\n<meta name=\"robots\" content=\"index, follow, max-snippet:-1, max-image-preview:large, max-video-preview:-1\" \/>\n<link rel=\"canonical\" href=\"https:\/\/www.amanien.info\/news\/ouverture-a-abidjan-de-la-3eme-edition-des-journees-portes-ouvertes-des-institutions-de-la-republique-jpoir-2024-en-presence-du-vice-president-de-la-republique-tiemoko-meyliet-kone\/\" \/>\n<meta property=\"og:locale\" content=\"fr_FR\" \/>\n<meta property=\"og:type\" content=\"article\" \/>\n<meta property=\"og:title\" content=\"Ouverture \u00e0 Abidjan de la 3\u00e8me \u00e9dition des Journ\u00e9es Portes Ouvertes des Institutions de la R\u00e9publique (JPOIR 2024) en pr\u00e9sence du Vice-pr\u00e9sident de la R\u00e9publique Ti\u00e9moko Meyliet Kon\u00e9\u00a0 - Amanien| L&#039;actualit\u00e9 Ivoirienne et Internationale\" \/>\n<meta property=\"og:description\" content=\"Le Vice-pr\u00e9sident de la R\u00e9publique de C\u00f4te d&rsquo;Ivoire, Ti\u00e9moko Meyliet Kon\u00e9, a proc\u00e9d\u00e9, le jeudi 31 octobre 2024, au Sofitel H\u00f4tel Ivoire d&rsquo;Abidjan-Cocody, \u00e0 l&rsquo;ouverture de la troisi\u00e8me \u00e9dition des Journ\u00e9es Portes Ouvertes des Institutions de la R\u00e9publique (JPOIR 2024). C&rsquo;\u00e9tait en pr\u00e9sence de plusieurs pr\u00e9sidents d&rsquo;institution, autorit\u00e9s administratives, etc. Dans son allocution d&rsquo;ouverture, le [&hellip;]\" \/>\n<meta property=\"og:url\" content=\"https:\/\/www.amanien.info\/news\/ouverture-a-abidjan-de-la-3eme-edition-des-journees-portes-ouvertes-des-institutions-de-la-republique-jpoir-2024-en-presence-du-vice-president-de-la-republique-tiemoko-meyliet-kone\/\" \/>\n<meta property=\"og:site_name\" content=\"Amanien| L&#039;actualit\u00e9 Ivoirienne et Internationale\" \/>\n<meta property=\"article:published_time\" content=\"2024-11-01T10:42:46+00:00\" \/>\n<meta property=\"og:image\" content=\"https:\/\/www.amanien.info\/news\/wp-content\/uploads\/2024\/11\/IMG-20241031-WA0567.jpg\" \/>\n\t<meta property=\"og:image:width\" content=\"768\" \/>\n\t<meta property=\"og:image:height\" content=\"512\" \/>\n\t<meta property=\"og:image:type\" content=\"image\/jpeg\" \/>\n<meta name=\"author\" content=\"Germain Ndri\" \/>\n<meta name=\"twitter:card\" content=\"summary_large_image\" \/>\n<meta name=\"twitter:label1\" content=\"\u00c9crit par\" \/>\n\t<meta name=\"twitter:data1\" content=\"Germain Ndri\" \/>\n\t<meta name=\"twitter:label2\" content=\"Dur\u00e9e de lecture estim\u00e9e\" \/>\n\t<meta name=\"twitter:data2\" content=\"2 minutes\" \/>\n<script type=\"application\/ld+json\" class=\"yoast-schema-graph\">{\"@context\":\"https:\\\/\\\/schema.org\",\"@graph\":[{\"@type\":\"Article\",\"@id\":\"https:\\\/\\\/www.amanien.info\\\/news\\\/ouverture-a-abidjan-de-la-3eme-edition-des-journees-portes-ouvertes-des-institutions-de-la-republique-jpoir-2024-en-presence-du-vice-president-de-la-republique-tiemoko-meyliet-kone\\\/#article\",\"isPartOf\":{\"@id\":\"https:\\\/\\\/www.amanien.info\\\/news\\\/ouverture-a-abidjan-de-la-3eme-edition-des-journees-portes-ouvertes-des-institutions-de-la-republique-jpoir-2024-en-presence-du-vice-president-de-la-republique-tiemoko-meyliet-kone\\\/\"},\"author\":{\"name\":\"Germain Ndri\",\"@id\":\"https:\\\/\\\/www.amanien.info\\\/news\\\/#\\\/schema\\\/person\\\/b21093345753a1a98242d505bd894f42\"},\"headline\":\"Ouverture \u00e0 Abidjan de la 3\u00e8me \u00e9dition des Journ\u00e9es Portes Ouvertes des Institutions de la R\u00e9publique (JPOIR 2024) en pr\u00e9sence du Vice-pr\u00e9sident de la R\u00e9publique Ti\u00e9moko Meyliet Kon\u00e9\u00a0\",\"datePublished\":\"2024-11-01T10:42:46+00:00\",\"mainEntityOfPage\":{\"@id\":\"https:\\\/\\\/www.amanien.info\\\/news\\\/ouverture-a-abidjan-de-la-3eme-edition-des-journees-portes-ouvertes-des-institutions-de-la-republique-jpoir-2024-en-presence-du-vice-president-de-la-republique-tiemoko-meyliet-kone\\\/\"},\"wordCount\":397,\"image\":{\"@id\":\"https:\\\/\\\/www.amanien.info\\\/news\\\/ouverture-a-abidjan-de-la-3eme-edition-des-journees-portes-ouvertes-des-institutions-de-la-republique-jpoir-2024-en-presence-du-vice-president-de-la-republique-tiemoko-meyliet-kone\\\/#primaryimage\"},\"thumbnailUrl\":\"https:\\\/\\\/www.amanien.info\\\/news\\\/wp-content\\\/uploads\\\/2024\\\/11\\\/IMG-20241031-WA0567.jpg\",\"inLanguage\":\"fr-FR\"},{\"@type\":\"WebPage\",\"@id\":\"https:\\\/\\\/www.amanien.info\\\/news\\\/ouverture-a-abidjan-de-la-3eme-edition-des-journees-portes-ouvertes-des-institutions-de-la-republique-jpoir-2024-en-presence-du-vice-president-de-la-republique-tiemoko-meyliet-kone\\\/\",\"url\":\"https:\\\/\\\/www.amanien.info\\\/news\\\/ouverture-a-abidjan-de-la-3eme-edition-des-journees-portes-ouvertes-des-institutions-de-la-republique-jpoir-2024-en-presence-du-vice-president-de-la-republique-tiemoko-meyliet-kone\\\/\",\"name\":\"Ouverture \u00e0 Abidjan de la 3\u00e8me \u00e9dition des Journ\u00e9es Portes Ouvertes des Institutions de la R\u00e9publique (JPOIR 2024) en pr\u00e9sence du Vice-pr\u00e9sident de la R\u00e9publique Ti\u00e9moko Meyliet Kon\u00e9\u00a0 - Amanien| L&#039;actualit\u00e9 Ivoirienne et Internationale\",\"isPartOf\":{\"@id\":\"https:\\\/\\\/www.amanien.info\\\/news\\\/#website\"},\"primaryImageOfPage\":{\"@id\":\"https:\\\/\\\/www.amanien.info\\\/news\\\/ouverture-a-abidjan-de-la-3eme-edition-des-journees-portes-ouvertes-des-institutions-de-la-republique-jpoir-2024-en-presence-du-vice-president-de-la-republique-tiemoko-meyliet-kone\\\/#primaryimage\"},\"image\":{\"@id\":\"https:\\\/\\\/www.amanien.info\\\/news\\\/ouverture-a-abidjan-de-la-3eme-edition-des-journees-portes-ouvertes-des-institutions-de-la-republique-jpoir-2024-en-presence-du-vice-president-de-la-republique-tiemoko-meyliet-kone\\\/#primaryimage\"},\"thumbnailUrl\":\"https:\\\/\\\/www.amanien.info\\\/news\\\/wp-content\\\/uploads\\\/2024\\\/11\\\/IMG-20241031-WA0567.jpg\",\"datePublished\":\"2024-11-01T10:42:46+00:00\",\"author\":{\"@id\":\"https:\\\/\\\/www.amanien.info\\\/news\\\/#\\\/schema\\\/person\\\/b21093345753a1a98242d505bd894f42\"},\"breadcrumb\":{\"@id\":\"https:\\\/\\\/www.amanien.info\\\/news\\\/ouverture-a-abidjan-de-la-3eme-edition-des-journees-portes-ouvertes-des-institutions-de-la-republique-jpoir-2024-en-presence-du-vice-president-de-la-republique-tiemoko-meyliet-kone\\\/#breadcrumb\"},\"inLanguage\":\"fr-FR\",\"potentialAction\":[{\"@type\":\"ReadAction\",\"target\":[\"https:\\\/\\\/www.amanien.info\\\/news\\\/ouverture-a-abidjan-de-la-3eme-edition-des-journees-portes-ouvertes-des-institutions-de-la-republique-jpoir-2024-en-presence-du-vice-president-de-la-republique-tiemoko-meyliet-kone\\\/\"]}]},{\"@type\":\"ImageObject\",\"inLanguage\":\"fr-FR\",\"@id\":\"https:\\\/\\\/www.amanien.info\\\/news\\\/ouverture-a-abidjan-de-la-3eme-edition-des-journees-portes-ouvertes-des-institutions-de-la-republique-jpoir-2024-en-presence-du-vice-president-de-la-republique-tiemoko-meyliet-kone\\\/#primaryimage\",\"url\":\"https:\\\/\\\/www.amanien.info\\\/news\\\/wp-content\\\/uploads\\\/2024\\\/11\\\/IMG-20241031-WA0567.jpg\",\"contentUrl\":\"https:\\\/\\\/www.amanien.info\\\/news\\\/wp-content\\\/uploads\\\/2024\\\/11\\\/IMG-20241031-WA0567.jpg\",\"width\":768,\"height\":512},{\"@type\":\"BreadcrumbList\",\"@id\":\"https:\\\/\\\/www.amanien.info\\\/news\\\/ouverture-a-abidjan-de-la-3eme-edition-des-journees-portes-ouvertes-des-institutions-de-la-republique-jpoir-2024-en-presence-du-vice-president-de-la-republique-tiemoko-meyliet-kone\\\/#breadcrumb\",\"itemListElement\":[{\"@type\":\"ListItem\",\"position\":1,\"name\":\"Accueil\",\"item\":\"https:\\\/\\\/www.amanien.info\\\/news\\\/\"},{\"@type\":\"ListItem\",\"position\":2,\"name\":\"Ouverture \u00e0 Abidjan de la 3\u00e8me \u00e9dition des Journ\u00e9es Portes Ouvertes des Institutions de la R\u00e9publique (JPOIR 2024) en pr\u00e9sence du Vice-pr\u00e9sident de la R\u00e9publique Ti\u00e9moko Meyliet Kon\u00e9\u00a0\"}]},{\"@type\":\"WebSite\",\"@id\":\"https:\\\/\\\/www.amanien.info\\\/news\\\/#website\",\"url\":\"https:\\\/\\\/www.amanien.info\\\/news\\\/\",\"name\":\"Amanien| L&#039;actualit\u00e9 Ivoirienne et Internationale\",\"description\":\"L&#039;actualit\u00e9 Ivoirienne et Internationale\",\"potentialAction\":[{\"@type\":\"SearchAction\",\"target\":{\"@type\":\"EntryPoint\",\"urlTemplate\":\"https:\\\/\\\/www.amanien.info\\\/news\\\/?s={search_term_string}\"},\"query-input\":{\"@type\":\"PropertyValueSpecification\",\"valueRequired\":true,\"valueName\":\"search_term_string\"}}],\"inLanguage\":\"fr-FR\"},{\"@type\":\"Person\",\"@id\":\"https:\\\/\\\/www.amanien.info\\\/news\\\/#\\\/schema\\\/person\\\/b21093345753a1a98242d505bd894f42\",\"name\":\"Germain Ndri\",\"url\":\"https:\\\/\\\/www.amanien.info\\\/news\\\/author\\\/amanien-infos\\\/\"}]}<\/script>\n<!-- \/ Yoast SEO plugin. -->","yoast_head_json":{"title":"Ouverture \u00e0 Abidjan de la 3\u00e8me \u00e9dition des Journ\u00e9es Portes Ouvertes des Institutions de la R\u00e9publique (JPOIR 2024) en pr\u00e9sence du Vice-pr\u00e9sident de la R\u00e9publique Ti\u00e9moko Meyliet Kon\u00e9\u00a0 - Amanien| L&#039;actualit\u00e9 Ivoirienne et Internationale","robots":{"index":"index","follow":"follow","max-snippet":"max-snippet:-1","max-image-preview":"max-image-preview:large","max-video-preview":"max-video-preview:-1"},"canonical":"https:\/\/www.amanien.info\/news\/ouverture-a-abidjan-de-la-3eme-edition-des-journees-portes-ouvertes-des-institutions-de-la-republique-jpoir-2024-en-presence-du-vice-president-de-la-republique-tiemoko-meyliet-kone\/","og_locale":"fr_FR","og_type":"article","og_title":"Ouverture \u00e0 Abidjan de la 3\u00e8me \u00e9dition des Journ\u00e9es Portes Ouvertes des Institutions de la R\u00e9publique (JPOIR 2024) en pr\u00e9sence du Vice-pr\u00e9sident de la R\u00e9publique Ti\u00e9moko Meyliet Kon\u00e9\u00a0 - Amanien| L&#039;actualit\u00e9 Ivoirienne et Internationale","og_description":"Le Vice-pr\u00e9sident de la R\u00e9publique de C\u00f4te d&rsquo;Ivoire, Ti\u00e9moko Meyliet Kon\u00e9, a proc\u00e9d\u00e9, le jeudi 31 octobre 2024, au Sofitel H\u00f4tel Ivoire d&rsquo;Abidjan-Cocody, \u00e0 l&rsquo;ouverture de la troisi\u00e8me \u00e9dition des Journ\u00e9es Portes Ouvertes des Institutions de la R\u00e9publique (JPOIR 2024). C&rsquo;\u00e9tait en pr\u00e9sence de plusieurs pr\u00e9sidents d&rsquo;institution, autorit\u00e9s administratives, etc. Dans son allocution d&rsquo;ouverture, le [&hellip;]","og_url":"https:\/\/www.amanien.info\/news\/ouverture-a-abidjan-de-la-3eme-edition-des-journees-portes-ouvertes-des-institutions-de-la-republique-jpoir-2024-en-presence-du-vice-president-de-la-republique-tiemoko-meyliet-kone\/","og_site_name":"Amanien| L&#039;actualit\u00e9 Ivoirienne et Internationale","article_published_time":"2024-11-01T10:42:46+00:00","og_image":[{"width":768,"height":512,"url":"https:\/\/www.amanien.info\/news\/wp-content\/uploads\/2024\/11\/IMG-20241031-WA0567.jpg","type":"image\/jpeg"}],"author":"Germain Ndri","twitter_card":"summary_large_image","twitter_misc":{"\u00c9crit par":"Germain Ndri","Dur\u00e9e de lecture estim\u00e9e":"2 minutes"},"schema":{"@context":"https:\/\/schema.org","@graph":[{"@type":"Article","@id":"https:\/\/www.amanien.info\/news\/ouverture-a-abidjan-de-la-3eme-edition-des-journees-portes-ouvertes-des-institutions-de-la-republique-jpoir-2024-en-presence-du-vice-president-de-la-republique-tiemoko-meyliet-kone\/#article","isPartOf":{"@id":"https:\/\/www.amanien.info\/news\/ouverture-a-abidjan-de-la-3eme-edition-des-journees-portes-ouvertes-des-institutions-de-la-republique-jpoir-2024-en-presence-du-vice-president-de-la-republique-tiemoko-meyliet-kone\/"},"author":{"name":"Germain Ndri","@id":"https:\/\/www.amanien.info\/news\/#\/schema\/person\/b21093345753a1a98242d505bd894f42"},"headline":"Ouverture \u00e0 Abidjan de la 3\u00e8me \u00e9dition des Journ\u00e9es Portes Ouvertes des Institutions de la R\u00e9publique (JPOIR 2024) en pr\u00e9sence du Vice-pr\u00e9sident de la R\u00e9publique Ti\u00e9moko Meyliet Kon\u00e9\u00a0","datePublished":"2024-11-01T10:42:46+00:00","mainEntityOfPage":{"@id":"https:\/\/www.amanien.info\/news\/ouverture-a-abidjan-de-la-3eme-edition-des-journees-portes-ouvertes-des-institutions-de-la-republique-jpoir-2024-en-presence-du-vice-president-de-la-republique-tiemoko-meyliet-kone\/"},"wordCount":397,"image":{"@id":"https:\/\/www.amanien.info\/news\/ouverture-a-abidjan-de-la-3eme-edition-des-journees-portes-ouvertes-des-institutions-de-la-republique-jpoir-2024-en-presence-du-vice-president-de-la-republique-tiemoko-meyliet-kone\/#primaryimage"},"thumbnailUrl":"https:\/\/www.amanien.info\/news\/wp-content\/uploads\/2024\/11\/IMG-20241031-WA0567.jpg","inLanguage":"fr-FR"},{"@type":"WebPage","@id":"https:\/\/www.amanien.info\/news\/ouverture-a-abidjan-de-la-3eme-edition-des-journees-portes-ouvertes-des-institutions-de-la-republique-jpoir-2024-en-presence-du-vice-president-de-la-republique-tiemoko-meyliet-kone\/","url":"https:\/\/www.amanien.info\/news\/ouverture-a-abidjan-de-la-3eme-edition-des-journees-portes-ouvertes-des-institutions-de-la-republique-jpoir-2024-en-presence-du-vice-president-de-la-republique-tiemoko-meyliet-kone\/","name":"Ouverture \u00e0 Abidjan de la 3\u00e8me \u00e9dition des Journ\u00e9es Portes Ouvertes des Institutions de la R\u00e9publique (JPOIR 2024) en pr\u00e9sence du Vice-pr\u00e9sident de la R\u00e9publique Ti\u00e9moko Meyliet Kon\u00e9\u00a0 - Amanien| L&#039;actualit\u00e9 Ivoirienne et Internationale","isPartOf":{"@id":"https:\/\/www.amanien.info\/news\/#website"},"primaryImageOfPage":{"@id":"https:\/\/www.amanien.info\/news\/ouverture-a-abidjan-de-la-3eme-edition-des-journees-portes-ouvertes-des-institutions-de-la-republique-jpoir-2024-en-presence-du-vice-president-de-la-republique-tiemoko-meyliet-kone\/#primaryimage"},"image":{"@id":"https:\/\/www.amanien.info\/news\/ouverture-a-abidjan-de-la-3eme-edition-des-journees-portes-ouvertes-des-institutions-de-la-republique-jpoir-2024-en-presence-du-vice-president-de-la-republique-tiemoko-meyliet-kone\/#primaryimage"},"thumbnailUrl":"https:\/\/www.amanien.info\/news\/wp-content\/uploads\/2024\/11\/IMG-20241031-WA0567.jpg","datePublished":"2024-11-01T10:42:46+00:00","author":{"@id":"https:\/\/www.amanien.info\/news\/#\/schema\/person\/b21093345753a1a98242d505bd894f42"},"breadcrumb":{"@id":"https:\/\/www.amanien.info\/news\/ouverture-a-abidjan-de-la-3eme-edition-des-journees-portes-ouvertes-des-institutions-de-la-republique-jpoir-2024-en-presence-du-vice-president-de-la-republique-tiemoko-meyliet-kone\/#breadcrumb"},"inLanguage":"fr-FR","potentialAction":[{"@type":"ReadAction","target":["https:\/\/www.amanien.info\/news\/ouverture-a-abidjan-de-la-3eme-edition-des-journees-portes-ouvertes-des-institutions-de-la-republique-jpoir-2024-en-presence-du-vice-president-de-la-republique-tiemoko-meyliet-kone\/"]}]},{"@type":"ImageObject","inLanguage":"fr-FR","@id":"https:\/\/www.amanien.info\/news\/ouverture-a-abidjan-de-la-3eme-edition-des-journees-portes-ouvertes-des-institutions-de-la-republique-jpoir-2024-en-presence-du-vice-president-de-la-republique-tiemoko-meyliet-kone\/#primaryimage","url":"https:\/\/www.amanien.info\/news\/wp-content\/uploads\/2024\/11\/IMG-20241031-WA0567.jpg","contentUrl":"https:\/\/www.amanien.info\/news\/wp-content\/uploads\/2024\/11\/IMG-20241031-WA0567.jpg","width":768,"height":512},{"@type":"BreadcrumbList","@id":"https:\/\/www.amanien.info\/news\/ouverture-a-abidjan-de-la-3eme-edition-des-journees-portes-ouvertes-des-institutions-de-la-republique-jpoir-2024-en-presence-du-vice-president-de-la-republique-tiemoko-meyliet-kone\/#breadcrumb","itemListElement":[{"@type":"ListItem","position":1,"name":"Accueil","item":"https:\/\/www.amanien.info\/news\/"},{"@type":"ListItem","position":2,"name":"Ouverture \u00e0 Abidjan de la 3\u00e8me \u00e9dition des Journ\u00e9es Portes Ouvertes des Institutions de la R\u00e9publique (JPOIR 2024) en pr\u00e9sence du Vice-pr\u00e9sident de la R\u00e9publique Ti\u00e9moko Meyliet Kon\u00e9\u00a0"}]},{"@type":"WebSite","@id":"https:\/\/www.amanien.info\/news\/#website","url":"https:\/\/www.amanien.info\/news\/","name":"Amanien| L&#039;actualit\u00e9 Ivoirienne et Internationale","description":"L&#039;actualit\u00e9 Ivoirienne et Internationale","potentialAction":[{"@type":"SearchAction","target":{"@type":"EntryPoint","urlTemplate":"https:\/\/www.amanien.info\/news\/?s={search_term_string}"},"query-input":{"@type":"PropertyValueSpecification","valueRequired":true,"valueName":"search_term_string"}}],"inLanguage":"fr-FR"},{"@type":"Person","@id":"https:\/\/www.amanien.info\/news\/#\/schema\/person\/b21093345753a1a98242d505bd894f42","name":"Germain Ndri","url":"https:\/\/www.amanien.info\/news\/author\/amanien-infos\/"}]}},"_links":{"self":[{"href":"https:\/\/www.amanien.info\/news\/wp-json\/wp\/v2\/posts\/6765","targetHints":{"allow":["GET"]}}],"collection":[{"href":"https:\/\/www.amanien.info\/news\/wp-json\/wp\/v2\/posts"}],"about":[{"href":"https:\/\/www.amanien.info\/news\/wp-json\/wp\/v2\/types\/post"}],"author":[{"embeddable":true,"href":"https:\/\/www.amanien.info\/news\/wp-json\/wp\/v2\/users\/2"}],"replies":[{"embeddable":true,"href":"https:\/\/www.amanien.info\/news\/wp-json\/wp\/v2\/comments?post=6765"}],"version-history":[{"count":1,"href":"https:\/\/www.amanien.info\/news\/wp-json\/wp\/v2\/posts\/6765\/revisions"}],"predecessor-version":[{"id":6767,"href":"https:\/\/www.amanien.info\/news\/wp-json\/wp\/v2\/posts\/6765\/revisions\/6767"}],"wp:featuredmedia":[{"embeddable":true,"href":"https:\/\/www.amanien.info\/news\/wp-json\/wp\/v2\/media\/6766"}],"wp:attachment":[{"href":"https:\/\/www.amanien.info\/news\/wp-json\/wp\/v2\/media?parent=6765"}],"wp:term":[{"taxonomy":"category","embeddable":true,"href":"https:\/\/www.amanien.info\/news\/wp-json\/wp\/v2\/categories?post=6765"},{"taxonomy":"post_tag","embeddable":true,"href":"https:\/\/www.amanien.info\/news\/wp-json\/wp\/v2\/tags?post=6765"}],"curies":[{"name":"wp","href":"https:\/\/api.w.org\/{rel}","templated":true}]}}