{"id":6761,"date":"2024-11-01T05:07:09","date_gmt":"2024-11-01T05:07:09","guid":{"rendered":"https:\/\/www.amanien.info\/news\/?p=6761"},"modified":"2024-11-01T10:50:57","modified_gmt":"2024-11-01T10:50:57","slug":"6761-2","status":"publish","type":"post","link":"https:\/\/www.amanien.info\/news\/6761-2\/","title":{"rendered":"Lutte contre les cancers du sein et du col de l&rsquo;ut\u00e9rus:  l&rsquo;UFDGI et l&rsquo;AFMCI unissent leurs forces pour la sensibilisation"},"content":{"rendered":"<div><span style=\"text-transform: initial;\">L&rsquo;union des Femmes de la Direction G\u00e9n\u00e9rale des Imp\u00f4ts (UFDGI), en collaboration avec l&rsquo;Association des Femmes M\u00e9decins de C\u00f4te d&rsquo;Ivoire (AFMCI) a organis\u00e9, le vendredi 25 octobre 2024, la deuxi\u00e8me \u00e9dition d&rsquo;octobre rose, au Si\u00e8ge de la Mutuelle des Agents de la Direction G\u00e9n\u00e9rale des Imp\u00f4ts (MADGI)(Cocody)<\/span><\/div>\n<div><\/div>\n<div>Lors de cette journ\u00e9e d\u00e9di\u00e9e \u00e0 la sensibilisation et au d\u00e9pistage des cancers du sein et du col de l&rsquo;ut\u00e9rus, Mme Loukou Mariette, Pr\u00e9sidente de L&rsquo;UFDGI a, dans sa brillante intervention, indiqu\u00e9 que \u00a0\u00bb le cancer est une maladie qui touche des millions de femmes. Chaque cas est une vie boulevers\u00e9e et une famille touch\u00e9e\u00a0\u00bb, a-t-elle affirm\u00e9.<\/div>\n<div><\/div>\n<div>\u00a0Cette c\u00e9r\u00e9monie est, selon elle, l&rsquo;occasion de \u00ab\u00a0nous unir et de nous r\u00e9affirmer dans la lutte contre cette maladie car ensemble nous sommes plus forts \u00ab\u00a0, a-t-elle soutenu.<\/div>\n<div><\/div>\n<div>Pour sa part, Mme Aim\u00e9 Aka Sandrine Pr\u00e9sidente de l&rsquo;AFMCI, a soulign\u00e9 l&rsquo;objectif de cette deuxi\u00e8me \u00e9dition d&rsquo;octobre rose, qui est de sensibiliser la population sur le cancer du sein et du col de l&rsquo;ut\u00e9rus.<\/div>\n<div><\/div>\n<div><\/div>\n<div>Aussi a-t-elle invit\u00e9 les femmes \u00e0 faire le d\u00e9pistage car, le cancer de sein est \u00ab\u00a0une maladie dangereuse voire mortelle. Donc pour \u00eatre totalement gu\u00e9rie, il faut faire le d\u00e9pistage le plus t\u00f4t possible\u00a0\u00bb, a-t-elle exhort\u00e9 .<\/div>\n<div><\/div>\n<div>Elle n&rsquo;a pas manqu\u00e9\u00a0 d&rsquo;\u00e9voquer quelques facteurs de risques.\u00a0 A savoir , l&rsquo;utilisation des produits, la menstruation pr\u00e9coce, la m\u00e9nopause tardive, etc\u00a0\u00bb<\/div>\n<div><\/div>\n<div>Venu apporter son soutien aux femmes, M. Karim Ouattara, Directeur G\u00e9n\u00e9ral adjoint de la Lonaci, par ailleurs Parrain de cette 2\u00e8me \u00e9dition, a\u00a0 encourag\u00e9 les organisatrices et invit\u00e9 les hommes \u00e0 rester aux c\u00f4t\u00e9s des femmes en les soutenant. \u00a0\u00bb La journ\u00e9e d&rsquo;aujourd&rsquo;hui s&rsquo;inscrit dans le cadre de la campagne de sensibilisation du cancer de sein et du col de l&rsquo;ut\u00e9rus. Je suis l\u00e0 pour soutenir les femmes mais \u00e9galement montrer aux hommes que leur place est de soutenir ces dames, nos mamans\u00a0\u00bb, a-t-il affirm\u00e9.<\/div>\n<div><\/div>\n<div>Avant de lancer un appel aux femmes : \u00ab\u00a0A nos mamans je voudrais leur dire que l&rsquo;une des premi\u00e8res causes de la mortalit\u00e9 du cancer est le d\u00e9pistage tardive. Et ce qui justifie le d\u00e9pistage tardive est la peur. Donc, j&rsquo;invite nos s\u0153urs, nos femmes et nos mamans \u00e0 se faire d\u00e9pister\u00a0\u00bb, a-t-il dit, tout en remerciant l&rsquo;UFDGI et l&rsquo;AFMCI\u00a0 pour leur engagement et leur d\u00e9vouement dans la lutte contre les cancers du sein et du col de l&rsquo;ut\u00e9rus.<\/div>\n<div><\/div>\n<div><\/div>\n<div><\/div>\n<div>Cette belle journ\u00e9e, note-t-on, a \u00e9t\u00e9 marqu\u00e9e par des s\u00e9ances de d\u00e9pistage et des conf\u00e9rences tr\u00e8s \u00e9difiantes anim\u00e9es par des sp\u00e9cialistes sur le cancer du sein et du col de l&rsquo;ut\u00e9rus.<\/div>\n<div><\/div>\n<div><\/div>\n<div><b>S.A<\/b><\/div>\n","protected":false},"excerpt":{"rendered":"<p>L&rsquo;union des Femmes de la Direction G\u00e9n\u00e9rale des Imp\u00f4ts (UFDGI), en collaboration avec l&rsquo;Association des Femmes M\u00e9decins de C\u00f4te d&rsquo;Ivoire (AFMCI) a organis\u00e9, le vendredi 25 octobre 2024, la deuxi\u00e8me \u00e9dition d&rsquo;octobre rose, au Si\u00e8ge de la Mutuelle des Agents de la Direction G\u00e9n\u00e9rale des Imp\u00f4ts (MADGI)(Cocody) Lors de cette journ\u00e9e d\u00e9di\u00e9e \u00e0 la sensibilisation [&hellip;]<\/p>\n","protected":false},"author":2,"featured_media":6762,"comment_status":"closed","ping_status":"closed","sticky":false,"template":"","format":"standard","meta":{"_acf_changed":false,"footnotes":""},"categories":[1],"tags":[],"class_list":["post-6761","post","type-post","status-publish","format-standard","has-post-thumbnail","hentry","category-national"],"acf":[],"yoast_head":"<!-- This site is optimized with the Yoast SEO plugin v27.5 - https:\/\/yoast.com\/product\/yoast-seo-wordpress\/ -->\n<title>Lutte contre les cancers du sein et du col de l&#039;ut\u00e9rus: l&#039;UFDGI et l&#039;AFMCI unissent leurs forces pour la sensibilisation - Amanien| L&#039;actualit\u00e9 Ivoirienne et Internationale<\/title>\n<meta name=\"robots\" content=\"index, follow, max-snippet:-1, max-image-preview:large, max-video-preview:-1\" \/>\n<link rel=\"canonical\" href=\"https:\/\/www.amanien.info\/news\/6761-2\/\" \/>\n<meta property=\"og:locale\" content=\"fr_FR\" \/>\n<meta property=\"og:type\" content=\"article\" \/>\n<meta property=\"og:title\" content=\"Lutte contre les cancers du sein et du col de l&#039;ut\u00e9rus: l&#039;UFDGI et l&#039;AFMCI unissent leurs forces pour la sensibilisation - Amanien| L&#039;actualit\u00e9 Ivoirienne et Internationale\" \/>\n<meta property=\"og:description\" content=\"L&rsquo;union des Femmes de la Direction G\u00e9n\u00e9rale des Imp\u00f4ts (UFDGI), en collaboration avec l&rsquo;Association des Femmes M\u00e9decins de C\u00f4te d&rsquo;Ivoire (AFMCI) a organis\u00e9, le vendredi 25 octobre 2024, la deuxi\u00e8me \u00e9dition d&rsquo;octobre rose, au Si\u00e8ge de la Mutuelle des Agents de la Direction G\u00e9n\u00e9rale des Imp\u00f4ts (MADGI)(Cocody) Lors de cette journ\u00e9e d\u00e9di\u00e9e \u00e0 la sensibilisation [&hellip;]\" \/>\n<meta property=\"og:url\" content=\"https:\/\/www.amanien.info\/news\/6761-2\/\" \/>\n<meta property=\"og:site_name\" content=\"Amanien| L&#039;actualit\u00e9 Ivoirienne et Internationale\" \/>\n<meta property=\"article:published_time\" content=\"2024-11-01T05:07:09+00:00\" \/>\n<meta property=\"article:modified_time\" content=\"2024-11-01T10:50:57+00:00\" \/>\n<meta property=\"og:image\" content=\"https:\/\/www.amanien.info\/news\/wp-content\/uploads\/2024\/11\/8546cb3c8e8044bf9c928fd7886a4865.jpeg\" \/>\n\t<meta property=\"og:image:width\" content=\"720\" \/>\n\t<meta property=\"og:image:height\" content=\"404\" \/>\n\t<meta property=\"og:image:type\" content=\"image\/jpeg\" \/>\n<meta name=\"author\" content=\"Germain Ndri\" \/>\n<meta name=\"twitter:card\" content=\"summary_large_image\" \/>\n<meta name=\"twitter:label1\" content=\"\u00c9crit par\" \/>\n\t<meta name=\"twitter:data1\" content=\"Germain Ndri\" \/>\n\t<meta name=\"twitter:label2\" content=\"Dur\u00e9e de lecture estim\u00e9e\" \/>\n\t<meta name=\"twitter:data2\" content=\"3 minutes\" \/>\n<script type=\"application\/ld+json\" class=\"yoast-schema-graph\">{\"@context\":\"https:\\\/\\\/schema.org\",\"@graph\":[{\"@type\":\"Article\",\"@id\":\"https:\\\/\\\/www.amanien.info\\\/news\\\/6761-2\\\/#article\",\"isPartOf\":{\"@id\":\"https:\\\/\\\/www.amanien.info\\\/news\\\/6761-2\\\/\"},\"author\":{\"name\":\"Germain Ndri\",\"@id\":\"https:\\\/\\\/www.amanien.info\\\/news\\\/#\\\/schema\\\/person\\\/b21093345753a1a98242d505bd894f42\"},\"headline\":\"Lutte contre les cancers du sein et du col de l&rsquo;ut\u00e9rus: l&rsquo;UFDGI et l&rsquo;AFMCI unissent leurs forces pour la sensibilisation\",\"datePublished\":\"2024-11-01T05:07:09+00:00\",\"dateModified\":\"2024-11-01T10:50:57+00:00\",\"mainEntityOfPage\":{\"@id\":\"https:\\\/\\\/www.amanien.info\\\/news\\\/6761-2\\\/\"},\"wordCount\":512,\"image\":{\"@id\":\"https:\\\/\\\/www.amanien.info\\\/news\\\/6761-2\\\/#primaryimage\"},\"thumbnailUrl\":\"https:\\\/\\\/www.amanien.info\\\/news\\\/wp-content\\\/uploads\\\/2024\\\/11\\\/8546cb3c8e8044bf9c928fd7886a4865.jpeg\",\"articleSection\":[\"National\"],\"inLanguage\":\"fr-FR\"},{\"@type\":\"WebPage\",\"@id\":\"https:\\\/\\\/www.amanien.info\\\/news\\\/6761-2\\\/\",\"url\":\"https:\\\/\\\/www.amanien.info\\\/news\\\/6761-2\\\/\",\"name\":\"Lutte contre les cancers du sein et du col de l'ut\u00e9rus: l'UFDGI et l'AFMCI unissent leurs forces pour la sensibilisation - Amanien| L&#039;actualit\u00e9 Ivoirienne et Internationale\",\"isPartOf\":{\"@id\":\"https:\\\/\\\/www.amanien.info\\\/news\\\/#website\"},\"primaryImageOfPage\":{\"@id\":\"https:\\\/\\\/www.amanien.info\\\/news\\\/6761-2\\\/#primaryimage\"},\"image\":{\"@id\":\"https:\\\/\\\/www.amanien.info\\\/news\\\/6761-2\\\/#primaryimage\"},\"thumbnailUrl\":\"https:\\\/\\\/www.amanien.info\\\/news\\\/wp-content\\\/uploads\\\/2024\\\/11\\\/8546cb3c8e8044bf9c928fd7886a4865.jpeg\",\"datePublished\":\"2024-11-01T05:07:09+00:00\",\"dateModified\":\"2024-11-01T10:50:57+00:00\",\"author\":{\"@id\":\"https:\\\/\\\/www.amanien.info\\\/news\\\/#\\\/schema\\\/person\\\/b21093345753a1a98242d505bd894f42\"},\"breadcrumb\":{\"@id\":\"https:\\\/\\\/www.amanien.info\\\/news\\\/6761-2\\\/#breadcrumb\"},\"inLanguage\":\"fr-FR\",\"potentialAction\":[{\"@type\":\"ReadAction\",\"target\":[\"https:\\\/\\\/www.amanien.info\\\/news\\\/6761-2\\\/\"]}]},{\"@type\":\"ImageObject\",\"inLanguage\":\"fr-FR\",\"@id\":\"https:\\\/\\\/www.amanien.info\\\/news\\\/6761-2\\\/#primaryimage\",\"url\":\"https:\\\/\\\/www.amanien.info\\\/news\\\/wp-content\\\/uploads\\\/2024\\\/11\\\/8546cb3c8e8044bf9c928fd7886a4865.jpeg\",\"contentUrl\":\"https:\\\/\\\/www.amanien.info\\\/news\\\/wp-content\\\/uploads\\\/2024\\\/11\\\/8546cb3c8e8044bf9c928fd7886a4865.jpeg\",\"width\":720,\"height\":404},{\"@type\":\"BreadcrumbList\",\"@id\":\"https:\\\/\\\/www.amanien.info\\\/news\\\/6761-2\\\/#breadcrumb\",\"itemListElement\":[{\"@type\":\"ListItem\",\"position\":1,\"name\":\"Accueil\",\"item\":\"https:\\\/\\\/www.amanien.info\\\/news\\\/\"},{\"@type\":\"ListItem\",\"position\":2,\"name\":\"Lutte contre les cancers du sein et du col de l&rsquo;ut\u00e9rus: l&rsquo;UFDGI et l&rsquo;AFMCI unissent leurs forces pour la sensibilisation\"}]},{\"@type\":\"WebSite\",\"@id\":\"https:\\\/\\\/www.amanien.info\\\/news\\\/#website\",\"url\":\"https:\\\/\\\/www.amanien.info\\\/news\\\/\",\"name\":\"Amanien| L&#039;actualit\u00e9 Ivoirienne et Internationale\",\"description\":\"L&#039;actualit\u00e9 Ivoirienne et Internationale\",\"potentialAction\":[{\"@type\":\"SearchAction\",\"target\":{\"@type\":\"EntryPoint\",\"urlTemplate\":\"https:\\\/\\\/www.amanien.info\\\/news\\\/?s={search_term_string}\"},\"query-input\":{\"@type\":\"PropertyValueSpecification\",\"valueRequired\":true,\"valueName\":\"search_term_string\"}}],\"inLanguage\":\"fr-FR\"},{\"@type\":\"Person\",\"@id\":\"https:\\\/\\\/www.amanien.info\\\/news\\\/#\\\/schema\\\/person\\\/b21093345753a1a98242d505bd894f42\",\"name\":\"Germain Ndri\",\"url\":\"https:\\\/\\\/www.amanien.info\\\/news\\\/author\\\/amanien-infos\\\/\"}]}<\/script>\n<!-- \/ Yoast SEO plugin. -->","yoast_head_json":{"title":"Lutte contre les cancers du sein et du col de l'ut\u00e9rus: l'UFDGI et l'AFMCI unissent leurs forces pour la sensibilisation - Amanien| L&#039;actualit\u00e9 Ivoirienne et Internationale","robots":{"index":"index","follow":"follow","max-snippet":"max-snippet:-1","max-image-preview":"max-image-preview:large","max-video-preview":"max-video-preview:-1"},"canonical":"https:\/\/www.amanien.info\/news\/6761-2\/","og_locale":"fr_FR","og_type":"article","og_title":"Lutte contre les cancers du sein et du col de l'ut\u00e9rus: l'UFDGI et l'AFMCI unissent leurs forces pour la sensibilisation - Amanien| L&#039;actualit\u00e9 Ivoirienne et Internationale","og_description":"L&rsquo;union des Femmes de la Direction G\u00e9n\u00e9rale des Imp\u00f4ts (UFDGI), en collaboration avec l&rsquo;Association des Femmes M\u00e9decins de C\u00f4te d&rsquo;Ivoire (AFMCI) a organis\u00e9, le vendredi 25 octobre 2024, la deuxi\u00e8me \u00e9dition d&rsquo;octobre rose, au Si\u00e8ge de la Mutuelle des Agents de la Direction G\u00e9n\u00e9rale des Imp\u00f4ts (MADGI)(Cocody) Lors de cette journ\u00e9e d\u00e9di\u00e9e \u00e0 la sensibilisation [&hellip;]","og_url":"https:\/\/www.amanien.info\/news\/6761-2\/","og_site_name":"Amanien| L&#039;actualit\u00e9 Ivoirienne et Internationale","article_published_time":"2024-11-01T05:07:09+00:00","article_modified_time":"2024-11-01T10:50:57+00:00","og_image":[{"width":720,"height":404,"url":"https:\/\/www.amanien.info\/news\/wp-content\/uploads\/2024\/11\/8546cb3c8e8044bf9c928fd7886a4865.jpeg","type":"image\/jpeg"}],"author":"Germain Ndri","twitter_card":"summary_large_image","twitter_misc":{"\u00c9crit par":"Germain Ndri","Dur\u00e9e de lecture estim\u00e9e":"3 minutes"},"schema":{"@context":"https:\/\/schema.org","@graph":[{"@type":"Article","@id":"https:\/\/www.amanien.info\/news\/6761-2\/#article","isPartOf":{"@id":"https:\/\/www.amanien.info\/news\/6761-2\/"},"author":{"name":"Germain Ndri","@id":"https:\/\/www.amanien.info\/news\/#\/schema\/person\/b21093345753a1a98242d505bd894f42"},"headline":"Lutte contre les cancers du sein et du col de l&rsquo;ut\u00e9rus: l&rsquo;UFDGI et l&rsquo;AFMCI unissent leurs forces pour la sensibilisation","datePublished":"2024-11-01T05:07:09+00:00","dateModified":"2024-11-01T10:50:57+00:00","mainEntityOfPage":{"@id":"https:\/\/www.amanien.info\/news\/6761-2\/"},"wordCount":512,"image":{"@id":"https:\/\/www.amanien.info\/news\/6761-2\/#primaryimage"},"thumbnailUrl":"https:\/\/www.amanien.info\/news\/wp-content\/uploads\/2024\/11\/8546cb3c8e8044bf9c928fd7886a4865.jpeg","articleSection":["National"],"inLanguage":"fr-FR"},{"@type":"WebPage","@id":"https:\/\/www.amanien.info\/news\/6761-2\/","url":"https:\/\/www.amanien.info\/news\/6761-2\/","name":"Lutte contre les cancers du sein et du col de l'ut\u00e9rus: l'UFDGI et l'AFMCI unissent leurs forces pour la sensibilisation - Amanien| L&#039;actualit\u00e9 Ivoirienne et Internationale","isPartOf":{"@id":"https:\/\/www.amanien.info\/news\/#website"},"primaryImageOfPage":{"@id":"https:\/\/www.amanien.info\/news\/6761-2\/#primaryimage"},"image":{"@id":"https:\/\/www.amanien.info\/news\/6761-2\/#primaryimage"},"thumbnailUrl":"https:\/\/www.amanien.info\/news\/wp-content\/uploads\/2024\/11\/8546cb3c8e8044bf9c928fd7886a4865.jpeg","datePublished":"2024-11-01T05:07:09+00:00","dateModified":"2024-11-01T10:50:57+00:00","author":{"@id":"https:\/\/www.amanien.info\/news\/#\/schema\/person\/b21093345753a1a98242d505bd894f42"},"breadcrumb":{"@id":"https:\/\/www.amanien.info\/news\/6761-2\/#breadcrumb"},"inLanguage":"fr-FR","potentialAction":[{"@type":"ReadAction","target":["https:\/\/www.amanien.info\/news\/6761-2\/"]}]},{"@type":"ImageObject","inLanguage":"fr-FR","@id":"https:\/\/www.amanien.info\/news\/6761-2\/#primaryimage","url":"https:\/\/www.amanien.info\/news\/wp-content\/uploads\/2024\/11\/8546cb3c8e8044bf9c928fd7886a4865.jpeg","contentUrl":"https:\/\/www.amanien.info\/news\/wp-content\/uploads\/2024\/11\/8546cb3c8e8044bf9c928fd7886a4865.jpeg","width":720,"height":404},{"@type":"BreadcrumbList","@id":"https:\/\/www.amanien.info\/news\/6761-2\/#breadcrumb","itemListElement":[{"@type":"ListItem","position":1,"name":"Accueil","item":"https:\/\/www.amanien.info\/news\/"},{"@type":"ListItem","position":2,"name":"Lutte contre les cancers du sein et du col de l&rsquo;ut\u00e9rus: l&rsquo;UFDGI et l&rsquo;AFMCI unissent leurs forces pour la sensibilisation"}]},{"@type":"WebSite","@id":"https:\/\/www.amanien.info\/news\/#website","url":"https:\/\/www.amanien.info\/news\/","name":"Amanien| L&#039;actualit\u00e9 Ivoirienne et Internationale","description":"L&#039;actualit\u00e9 Ivoirienne et Internationale","potentialAction":[{"@type":"SearchAction","target":{"@type":"EntryPoint","urlTemplate":"https:\/\/www.amanien.info\/news\/?s={search_term_string}"},"query-input":{"@type":"PropertyValueSpecification","valueRequired":true,"valueName":"search_term_string"}}],"inLanguage":"fr-FR"},{"@type":"Person","@id":"https:\/\/www.amanien.info\/news\/#\/schema\/person\/b21093345753a1a98242d505bd894f42","name":"Germain Ndri","url":"https:\/\/www.amanien.info\/news\/author\/amanien-infos\/"}]}},"_links":{"self":[{"href":"https:\/\/www.amanien.info\/news\/wp-json\/wp\/v2\/posts\/6761","targetHints":{"allow":["GET"]}}],"collection":[{"href":"https:\/\/www.amanien.info\/news\/wp-json\/wp\/v2\/posts"}],"about":[{"href":"https:\/\/www.amanien.info\/news\/wp-json\/wp\/v2\/types\/post"}],"author":[{"embeddable":true,"href":"https:\/\/www.amanien.info\/news\/wp-json\/wp\/v2\/users\/2"}],"replies":[{"embeddable":true,"href":"https:\/\/www.amanien.info\/news\/wp-json\/wp\/v2\/comments?post=6761"}],"version-history":[{"count":2,"href":"https:\/\/www.amanien.info\/news\/wp-json\/wp\/v2\/posts\/6761\/revisions"}],"predecessor-version":[{"id":6773,"href":"https:\/\/www.amanien.info\/news\/wp-json\/wp\/v2\/posts\/6761\/revisions\/6773"}],"wp:featuredmedia":[{"embeddable":true,"href":"https:\/\/www.amanien.info\/news\/wp-json\/wp\/v2\/media\/6762"}],"wp:attachment":[{"href":"https:\/\/www.amanien.info\/news\/wp-json\/wp\/v2\/media?parent=6761"}],"wp:term":[{"taxonomy":"category","embeddable":true,"href":"https:\/\/www.amanien.info\/news\/wp-json\/wp\/v2\/categories?post=6761"},{"taxonomy":"post_tag","embeddable":true,"href":"https:\/\/www.amanien.info\/news\/wp-json\/wp\/v2\/tags?post=6761"}],"curies":[{"name":"wp","href":"https:\/\/api.w.org\/{rel}","templated":true}]}}