{"id":6695,"date":"2024-10-11T18:54:21","date_gmt":"2024-10-11T18:54:21","guid":{"rendered":"https:\/\/www.amanien.info\/news\/?p=6695"},"modified":"2024-10-11T18:54:21","modified_gmt":"2024-10-11T18:54:21","slug":"promotion-et-renforcement-du-rayonnement-du-palais-de-la-culture-ouverture-a-abidjan-dun-atelier-de-validation-du-plan-dactions-strategique-2025-2027","status":"publish","type":"post","link":"https:\/\/www.amanien.info\/news\/promotion-et-renforcement-du-rayonnement-du-palais-de-la-culture-ouverture-a-abidjan-dun-atelier-de-validation-du-plan-dactions-strategique-2025-2027\/","title":{"rendered":"Promotion et renforcement du rayonnement du palais de la culture : Ouverture \u00e0 Abidjan d&rsquo;un atelier de validation du plan d&rsquo;actions strat\u00e9gique 2025-2027"},"content":{"rendered":"<p>&nbsp;<\/p>\n<div><span style=\"text-transform: initial;\">Dans le cadre de la mise en \u0153uvre des priorit\u00e9s strat\u00e9giques du Palais de la Culture Bernard Binlin-Dadi\u00e9 (PCBD) de Treichville, un atelier de validation du plan d&rsquo;actions strat\u00e9gique 2025-2027 a \u00e9t\u00e9 initi\u00e9 par son Conseil de Gestion.<\/span><\/div>\n<div><\/div>\n<div><\/div>\n<div>L&rsquo;ouverture de cet important atelier a eu lieu le jeudi 10 octobre 2024 dans les locaux de ladite institution en pr\u00e9sence de plusieurs membres du Conseil de Gestion.<\/div>\n<div><\/div>\n<div><\/div>\n<div>Cet atelier vise \u00e0 inscrire la gestion du Palais de la Culture dans une vision planifi\u00e9e, gage d&rsquo;efficience et d&rsquo;efficacit\u00e9, en anticipant sur les nouveaux d\u00e9fis \u00e0 relever \u00e0 moyen et long terme. Mieux, il s&rsquo;agit d&rsquo;une feuille de route visant \u00e0 renforcer le Palais de la Culture en tant que vecteur de promotion et de rayonnement culturel.<\/div>\n<div><\/div>\n<div>Cette d\u00e9marche s&rsquo;inscrit dans le cadre de la transition vers un budget programme depuis 2020, a expliqu\u00e9 le Directeur G\u00e9n\u00e9ral du Palais de la culture, Kon\u00e9 Dodo, avant d&rsquo;ajouter : \u00ab\u00a0Le plan d&rsquo;actions valid\u00e9 par le Conseil de Gestion nous servira de boussole pour g\u00e9rer ce patrimoine en toute transparence et en accord avec le Minist\u00e8re de la culture et de la francophonie\u00a0\u00bb, a-t-il dit.<\/div>\n<div><\/div>\n<div><\/div>\n<div>Pour sa part , le Repr\u00e9sentant et Directeur de cabinet de la Ministre de la culture et de la francophonie, Pr Assane Thiam, a, d&#8217;embl\u00e9e, rappel\u00e9 que le palais de la culture incarne l&rsquo;essence du patrimoine culturel ivoirien.<\/div>\n<div><\/div>\n<div>Il a \u00e9galement soulign\u00e9 l&rsquo;importance de cette \u00e9tape visant \u00e0 concr\u00e9tiser la vision strat\u00e9gique des trois ann\u00e9es \u00e0 venir. \u00ab\u00a0Cette vision repose sur la rigueur, l&rsquo;engagement et l&rsquo;ambition, et elle doit \u00eatre construite ensemble \u00ab\u00a0, a-t-il indiqu\u00e9.<\/div>\n<div><\/div>\n<div><\/div>\n<div>De son c\u00f4t\u00e9, le Pr\u00e9sident Conseil de Gestion, No\u00ebl Dourey, a affirm\u00e9 que ce plan d&rsquo;actions triennal soumis \u00e0 la validation, \u00ab\u00a0trace la voie \u00e0 suivre pour renforcer le r\u00f4le du palais de la culture dans le paysage culturel national \u00ab\u00a0.<\/div>\n<div><\/div>\n<div><\/div>\n<div>Notons que ce plan d&rsquo;actions strat\u00e9gique 2025-2027 comprend deux axes d&rsquo;intervention. Le premier axe d&rsquo;intervention comprend la gouvernance du palais de la culture et vise l&rsquo;am\u00e9lioration de la gouvernance de l&rsquo;institution, l&rsquo;op\u00e9rationnalisation du d\u00e9partement des activit\u00e9s culturelles et de communication, la mise en \u0153uvre d&rsquo;un dispositif de suivi et \u00e9valuation ainsi que la gestion optimale de la programmation des manifestations et du fond documentaire. Quant au deuxi\u00e8me axe d&rsquo;intervention, qui concerne la performance de l&rsquo;outil de production, il a pour objectif, la mise aux normes de l&rsquo;outil de production et la gestion optimale de l&rsquo;outil de production.<\/div>\n<div><\/div>\n<div><\/div>\n<div>Pour rappel, le Palais de la Culture a \u00e9t\u00e9 construit gr\u00e2ce \u00e0 un pr\u00eat sans int\u00e9r\u00eat de la Chine. Il avait \u00e9t\u00e9 inaugur\u00e9 le 1er octobre 1999. Le projet, estim\u00e9 \u00e0 21 milliards de FCFA, fut r\u00e9alis\u00e9 par la soci\u00e9t\u00e9 Gansu Overseas Engineering Corporation et Complant.<\/div>\n<div><\/div>\n<div><\/div>\n<div><b>S.A.\u00a0<\/b><\/div>\n<div><\/div>\n","protected":false},"excerpt":{"rendered":"<p>&nbsp; Dans le cadre de la mise en \u0153uvre des priorit\u00e9s strat\u00e9giques du Palais de la Culture Bernard Binlin-Dadi\u00e9 (PCBD) de Treichville, un atelier de validation du plan d&rsquo;actions strat\u00e9gique 2025-2027 a \u00e9t\u00e9 initi\u00e9 par son Conseil de Gestion. L&rsquo;ouverture de cet important atelier a eu lieu le jeudi 10 octobre 2024 dans les locaux [&hellip;]<\/p>\n","protected":false},"author":2,"featured_media":6698,"comment_status":"closed","ping_status":"closed","sticky":false,"template":"","format":"standard","meta":{"_acf_changed":false,"footnotes":""},"categories":[],"tags":[],"class_list":["post-6695","post","type-post","status-publish","format-standard","has-post-thumbnail","hentry"],"acf":[],"yoast_head":"<!-- This site is optimized with the Yoast SEO plugin v27.5 - https:\/\/yoast.com\/product\/yoast-seo-wordpress\/ -->\n<title>Promotion et renforcement du rayonnement du palais de la culture : Ouverture \u00e0 Abidjan d&#039;un atelier de validation du plan d&#039;actions strat\u00e9gique 2025-2027 - Amanien| L&#039;actualit\u00e9 Ivoirienne et Internationale<\/title>\n<meta name=\"robots\" content=\"index, follow, max-snippet:-1, max-image-preview:large, max-video-preview:-1\" \/>\n<link rel=\"canonical\" href=\"https:\/\/www.amanien.info\/news\/promotion-et-renforcement-du-rayonnement-du-palais-de-la-culture-ouverture-a-abidjan-dun-atelier-de-validation-du-plan-dactions-strategique-2025-2027\/\" \/>\n<meta property=\"og:locale\" content=\"fr_FR\" \/>\n<meta property=\"og:type\" content=\"article\" \/>\n<meta property=\"og:title\" content=\"Promotion et renforcement du rayonnement du palais de la culture : Ouverture \u00e0 Abidjan d&#039;un atelier de validation du plan d&#039;actions strat\u00e9gique 2025-2027 - Amanien| L&#039;actualit\u00e9 Ivoirienne et Internationale\" \/>\n<meta property=\"og:description\" content=\"&nbsp; Dans le cadre de la mise en \u0153uvre des priorit\u00e9s strat\u00e9giques du Palais de la Culture Bernard Binlin-Dadi\u00e9 (PCBD) de Treichville, un atelier de validation du plan d&rsquo;actions strat\u00e9gique 2025-2027 a \u00e9t\u00e9 initi\u00e9 par son Conseil de Gestion. L&rsquo;ouverture de cet important atelier a eu lieu le jeudi 10 octobre 2024 dans les locaux [&hellip;]\" \/>\n<meta property=\"og:url\" content=\"https:\/\/www.amanien.info\/news\/promotion-et-renforcement-du-rayonnement-du-palais-de-la-culture-ouverture-a-abidjan-dun-atelier-de-validation-du-plan-dactions-strategique-2025-2027\/\" \/>\n<meta property=\"og:site_name\" content=\"Amanien| L&#039;actualit\u00e9 Ivoirienne et Internationale\" \/>\n<meta property=\"article:published_time\" content=\"2024-10-11T18:54:21+00:00\" \/>\n<meta property=\"og:image\" content=\"https:\/\/www.amanien.info\/news\/wp-content\/uploads\/2024\/10\/cote-divoire-ouverture-dun-atelier-pour-valider-le-plan-dactions-strategiqu_21lqkc6zrz6.jpg\" \/>\n\t<meta property=\"og:image:width\" content=\"1000\" \/>\n\t<meta property=\"og:image:height\" content=\"666\" \/>\n\t<meta property=\"og:image:type\" content=\"image\/jpeg\" \/>\n<meta name=\"author\" content=\"Germain Ndri\" \/>\n<meta name=\"twitter:card\" content=\"summary_large_image\" \/>\n<meta name=\"twitter:label1\" content=\"\u00c9crit par\" \/>\n\t<meta name=\"twitter:data1\" content=\"Germain Ndri\" \/>\n\t<meta name=\"twitter:label2\" content=\"Dur\u00e9e de lecture estim\u00e9e\" \/>\n\t<meta name=\"twitter:data2\" content=\"3 minutes\" \/>\n<script type=\"application\/ld+json\" class=\"yoast-schema-graph\">{\"@context\":\"https:\\\/\\\/schema.org\",\"@graph\":[{\"@type\":\"Article\",\"@id\":\"https:\\\/\\\/www.amanien.info\\\/news\\\/promotion-et-renforcement-du-rayonnement-du-palais-de-la-culture-ouverture-a-abidjan-dun-atelier-de-validation-du-plan-dactions-strategique-2025-2027\\\/#article\",\"isPartOf\":{\"@id\":\"https:\\\/\\\/www.amanien.info\\\/news\\\/promotion-et-renforcement-du-rayonnement-du-palais-de-la-culture-ouverture-a-abidjan-dun-atelier-de-validation-du-plan-dactions-strategique-2025-2027\\\/\"},\"author\":{\"name\":\"Germain Ndri\",\"@id\":\"https:\\\/\\\/www.amanien.info\\\/news\\\/#\\\/schema\\\/person\\\/b21093345753a1a98242d505bd894f42\"},\"headline\":\"Promotion et renforcement du rayonnement du palais de la culture : Ouverture \u00e0 Abidjan d&rsquo;un atelier de validation du plan d&rsquo;actions strat\u00e9gique 2025-2027\",\"datePublished\":\"2024-10-11T18:54:21+00:00\",\"mainEntityOfPage\":{\"@id\":\"https:\\\/\\\/www.amanien.info\\\/news\\\/promotion-et-renforcement-du-rayonnement-du-palais-de-la-culture-ouverture-a-abidjan-dun-atelier-de-validation-du-plan-dactions-strategique-2025-2027\\\/\"},\"wordCount\":514,\"image\":{\"@id\":\"https:\\\/\\\/www.amanien.info\\\/news\\\/promotion-et-renforcement-du-rayonnement-du-palais-de-la-culture-ouverture-a-abidjan-dun-atelier-de-validation-du-plan-dactions-strategique-2025-2027\\\/#primaryimage\"},\"thumbnailUrl\":\"https:\\\/\\\/www.amanien.info\\\/news\\\/wp-content\\\/uploads\\\/2024\\\/10\\\/cote-divoire-ouverture-dun-atelier-pour-valider-le-plan-dactions-strategiqu_21lqkc6zrz6.jpg\",\"inLanguage\":\"fr-FR\"},{\"@type\":\"WebPage\",\"@id\":\"https:\\\/\\\/www.amanien.info\\\/news\\\/promotion-et-renforcement-du-rayonnement-du-palais-de-la-culture-ouverture-a-abidjan-dun-atelier-de-validation-du-plan-dactions-strategique-2025-2027\\\/\",\"url\":\"https:\\\/\\\/www.amanien.info\\\/news\\\/promotion-et-renforcement-du-rayonnement-du-palais-de-la-culture-ouverture-a-abidjan-dun-atelier-de-validation-du-plan-dactions-strategique-2025-2027\\\/\",\"name\":\"Promotion et renforcement du rayonnement du palais de la culture : Ouverture \u00e0 Abidjan d'un atelier de validation du plan d'actions strat\u00e9gique 2025-2027 - Amanien| L&#039;actualit\u00e9 Ivoirienne et Internationale\",\"isPartOf\":{\"@id\":\"https:\\\/\\\/www.amanien.info\\\/news\\\/#website\"},\"primaryImageOfPage\":{\"@id\":\"https:\\\/\\\/www.amanien.info\\\/news\\\/promotion-et-renforcement-du-rayonnement-du-palais-de-la-culture-ouverture-a-abidjan-dun-atelier-de-validation-du-plan-dactions-strategique-2025-2027\\\/#primaryimage\"},\"image\":{\"@id\":\"https:\\\/\\\/www.amanien.info\\\/news\\\/promotion-et-renforcement-du-rayonnement-du-palais-de-la-culture-ouverture-a-abidjan-dun-atelier-de-validation-du-plan-dactions-strategique-2025-2027\\\/#primaryimage\"},\"thumbnailUrl\":\"https:\\\/\\\/www.amanien.info\\\/news\\\/wp-content\\\/uploads\\\/2024\\\/10\\\/cote-divoire-ouverture-dun-atelier-pour-valider-le-plan-dactions-strategiqu_21lqkc6zrz6.jpg\",\"datePublished\":\"2024-10-11T18:54:21+00:00\",\"author\":{\"@id\":\"https:\\\/\\\/www.amanien.info\\\/news\\\/#\\\/schema\\\/person\\\/b21093345753a1a98242d505bd894f42\"},\"breadcrumb\":{\"@id\":\"https:\\\/\\\/www.amanien.info\\\/news\\\/promotion-et-renforcement-du-rayonnement-du-palais-de-la-culture-ouverture-a-abidjan-dun-atelier-de-validation-du-plan-dactions-strategique-2025-2027\\\/#breadcrumb\"},\"inLanguage\":\"fr-FR\",\"potentialAction\":[{\"@type\":\"ReadAction\",\"target\":[\"https:\\\/\\\/www.amanien.info\\\/news\\\/promotion-et-renforcement-du-rayonnement-du-palais-de-la-culture-ouverture-a-abidjan-dun-atelier-de-validation-du-plan-dactions-strategique-2025-2027\\\/\"]}]},{\"@type\":\"ImageObject\",\"inLanguage\":\"fr-FR\",\"@id\":\"https:\\\/\\\/www.amanien.info\\\/news\\\/promotion-et-renforcement-du-rayonnement-du-palais-de-la-culture-ouverture-a-abidjan-dun-atelier-de-validation-du-plan-dactions-strategique-2025-2027\\\/#primaryimage\",\"url\":\"https:\\\/\\\/www.amanien.info\\\/news\\\/wp-content\\\/uploads\\\/2024\\\/10\\\/cote-divoire-ouverture-dun-atelier-pour-valider-le-plan-dactions-strategiqu_21lqkc6zrz6.jpg\",\"contentUrl\":\"https:\\\/\\\/www.amanien.info\\\/news\\\/wp-content\\\/uploads\\\/2024\\\/10\\\/cote-divoire-ouverture-dun-atelier-pour-valider-le-plan-dactions-strategiqu_21lqkc6zrz6.jpg\",\"width\":1000,\"height\":666},{\"@type\":\"BreadcrumbList\",\"@id\":\"https:\\\/\\\/www.amanien.info\\\/news\\\/promotion-et-renforcement-du-rayonnement-du-palais-de-la-culture-ouverture-a-abidjan-dun-atelier-de-validation-du-plan-dactions-strategique-2025-2027\\\/#breadcrumb\",\"itemListElement\":[{\"@type\":\"ListItem\",\"position\":1,\"name\":\"Accueil\",\"item\":\"https:\\\/\\\/www.amanien.info\\\/news\\\/\"},{\"@type\":\"ListItem\",\"position\":2,\"name\":\"Promotion et renforcement du rayonnement du palais de la culture : Ouverture \u00e0 Abidjan d&rsquo;un atelier de validation du plan d&rsquo;actions strat\u00e9gique 2025-2027\"}]},{\"@type\":\"WebSite\",\"@id\":\"https:\\\/\\\/www.amanien.info\\\/news\\\/#website\",\"url\":\"https:\\\/\\\/www.amanien.info\\\/news\\\/\",\"name\":\"Amanien| L&#039;actualit\u00e9 Ivoirienne et Internationale\",\"description\":\"L&#039;actualit\u00e9 Ivoirienne et Internationale\",\"potentialAction\":[{\"@type\":\"SearchAction\",\"target\":{\"@type\":\"EntryPoint\",\"urlTemplate\":\"https:\\\/\\\/www.amanien.info\\\/news\\\/?s={search_term_string}\"},\"query-input\":{\"@type\":\"PropertyValueSpecification\",\"valueRequired\":true,\"valueName\":\"search_term_string\"}}],\"inLanguage\":\"fr-FR\"},{\"@type\":\"Person\",\"@id\":\"https:\\\/\\\/www.amanien.info\\\/news\\\/#\\\/schema\\\/person\\\/b21093345753a1a98242d505bd894f42\",\"name\":\"Germain Ndri\",\"url\":\"https:\\\/\\\/www.amanien.info\\\/news\\\/author\\\/amanien-infos\\\/\"}]}<\/script>\n<!-- \/ Yoast SEO plugin. -->","yoast_head_json":{"title":"Promotion et renforcement du rayonnement du palais de la culture : Ouverture \u00e0 Abidjan d'un atelier de validation du plan d'actions strat\u00e9gique 2025-2027 - Amanien| L&#039;actualit\u00e9 Ivoirienne et Internationale","robots":{"index":"index","follow":"follow","max-snippet":"max-snippet:-1","max-image-preview":"max-image-preview:large","max-video-preview":"max-video-preview:-1"},"canonical":"https:\/\/www.amanien.info\/news\/promotion-et-renforcement-du-rayonnement-du-palais-de-la-culture-ouverture-a-abidjan-dun-atelier-de-validation-du-plan-dactions-strategique-2025-2027\/","og_locale":"fr_FR","og_type":"article","og_title":"Promotion et renforcement du rayonnement du palais de la culture : Ouverture \u00e0 Abidjan d'un atelier de validation du plan d'actions strat\u00e9gique 2025-2027 - Amanien| L&#039;actualit\u00e9 Ivoirienne et Internationale","og_description":"&nbsp; Dans le cadre de la mise en \u0153uvre des priorit\u00e9s strat\u00e9giques du Palais de la Culture Bernard Binlin-Dadi\u00e9 (PCBD) de Treichville, un atelier de validation du plan d&rsquo;actions strat\u00e9gique 2025-2027 a \u00e9t\u00e9 initi\u00e9 par son Conseil de Gestion. L&rsquo;ouverture de cet important atelier a eu lieu le jeudi 10 octobre 2024 dans les locaux [&hellip;]","og_url":"https:\/\/www.amanien.info\/news\/promotion-et-renforcement-du-rayonnement-du-palais-de-la-culture-ouverture-a-abidjan-dun-atelier-de-validation-du-plan-dactions-strategique-2025-2027\/","og_site_name":"Amanien| L&#039;actualit\u00e9 Ivoirienne et Internationale","article_published_time":"2024-10-11T18:54:21+00:00","og_image":[{"width":1000,"height":666,"url":"https:\/\/www.amanien.info\/news\/wp-content\/uploads\/2024\/10\/cote-divoire-ouverture-dun-atelier-pour-valider-le-plan-dactions-strategiqu_21lqkc6zrz6.jpg","type":"image\/jpeg"}],"author":"Germain Ndri","twitter_card":"summary_large_image","twitter_misc":{"\u00c9crit par":"Germain Ndri","Dur\u00e9e de lecture estim\u00e9e":"3 minutes"},"schema":{"@context":"https:\/\/schema.org","@graph":[{"@type":"Article","@id":"https:\/\/www.amanien.info\/news\/promotion-et-renforcement-du-rayonnement-du-palais-de-la-culture-ouverture-a-abidjan-dun-atelier-de-validation-du-plan-dactions-strategique-2025-2027\/#article","isPartOf":{"@id":"https:\/\/www.amanien.info\/news\/promotion-et-renforcement-du-rayonnement-du-palais-de-la-culture-ouverture-a-abidjan-dun-atelier-de-validation-du-plan-dactions-strategique-2025-2027\/"},"author":{"name":"Germain Ndri","@id":"https:\/\/www.amanien.info\/news\/#\/schema\/person\/b21093345753a1a98242d505bd894f42"},"headline":"Promotion et renforcement du rayonnement du palais de la culture : Ouverture \u00e0 Abidjan d&rsquo;un atelier de validation du plan d&rsquo;actions strat\u00e9gique 2025-2027","datePublished":"2024-10-11T18:54:21+00:00","mainEntityOfPage":{"@id":"https:\/\/www.amanien.info\/news\/promotion-et-renforcement-du-rayonnement-du-palais-de-la-culture-ouverture-a-abidjan-dun-atelier-de-validation-du-plan-dactions-strategique-2025-2027\/"},"wordCount":514,"image":{"@id":"https:\/\/www.amanien.info\/news\/promotion-et-renforcement-du-rayonnement-du-palais-de-la-culture-ouverture-a-abidjan-dun-atelier-de-validation-du-plan-dactions-strategique-2025-2027\/#primaryimage"},"thumbnailUrl":"https:\/\/www.amanien.info\/news\/wp-content\/uploads\/2024\/10\/cote-divoire-ouverture-dun-atelier-pour-valider-le-plan-dactions-strategiqu_21lqkc6zrz6.jpg","inLanguage":"fr-FR"},{"@type":"WebPage","@id":"https:\/\/www.amanien.info\/news\/promotion-et-renforcement-du-rayonnement-du-palais-de-la-culture-ouverture-a-abidjan-dun-atelier-de-validation-du-plan-dactions-strategique-2025-2027\/","url":"https:\/\/www.amanien.info\/news\/promotion-et-renforcement-du-rayonnement-du-palais-de-la-culture-ouverture-a-abidjan-dun-atelier-de-validation-du-plan-dactions-strategique-2025-2027\/","name":"Promotion et renforcement du rayonnement du palais de la culture : Ouverture \u00e0 Abidjan d'un atelier de validation du plan d'actions strat\u00e9gique 2025-2027 - Amanien| L&#039;actualit\u00e9 Ivoirienne et Internationale","isPartOf":{"@id":"https:\/\/www.amanien.info\/news\/#website"},"primaryImageOfPage":{"@id":"https:\/\/www.amanien.info\/news\/promotion-et-renforcement-du-rayonnement-du-palais-de-la-culture-ouverture-a-abidjan-dun-atelier-de-validation-du-plan-dactions-strategique-2025-2027\/#primaryimage"},"image":{"@id":"https:\/\/www.amanien.info\/news\/promotion-et-renforcement-du-rayonnement-du-palais-de-la-culture-ouverture-a-abidjan-dun-atelier-de-validation-du-plan-dactions-strategique-2025-2027\/#primaryimage"},"thumbnailUrl":"https:\/\/www.amanien.info\/news\/wp-content\/uploads\/2024\/10\/cote-divoire-ouverture-dun-atelier-pour-valider-le-plan-dactions-strategiqu_21lqkc6zrz6.jpg","datePublished":"2024-10-11T18:54:21+00:00","author":{"@id":"https:\/\/www.amanien.info\/news\/#\/schema\/person\/b21093345753a1a98242d505bd894f42"},"breadcrumb":{"@id":"https:\/\/www.amanien.info\/news\/promotion-et-renforcement-du-rayonnement-du-palais-de-la-culture-ouverture-a-abidjan-dun-atelier-de-validation-du-plan-dactions-strategique-2025-2027\/#breadcrumb"},"inLanguage":"fr-FR","potentialAction":[{"@type":"ReadAction","target":["https:\/\/www.amanien.info\/news\/promotion-et-renforcement-du-rayonnement-du-palais-de-la-culture-ouverture-a-abidjan-dun-atelier-de-validation-du-plan-dactions-strategique-2025-2027\/"]}]},{"@type":"ImageObject","inLanguage":"fr-FR","@id":"https:\/\/www.amanien.info\/news\/promotion-et-renforcement-du-rayonnement-du-palais-de-la-culture-ouverture-a-abidjan-dun-atelier-de-validation-du-plan-dactions-strategique-2025-2027\/#primaryimage","url":"https:\/\/www.amanien.info\/news\/wp-content\/uploads\/2024\/10\/cote-divoire-ouverture-dun-atelier-pour-valider-le-plan-dactions-strategiqu_21lqkc6zrz6.jpg","contentUrl":"https:\/\/www.amanien.info\/news\/wp-content\/uploads\/2024\/10\/cote-divoire-ouverture-dun-atelier-pour-valider-le-plan-dactions-strategiqu_21lqkc6zrz6.jpg","width":1000,"height":666},{"@type":"BreadcrumbList","@id":"https:\/\/www.amanien.info\/news\/promotion-et-renforcement-du-rayonnement-du-palais-de-la-culture-ouverture-a-abidjan-dun-atelier-de-validation-du-plan-dactions-strategique-2025-2027\/#breadcrumb","itemListElement":[{"@type":"ListItem","position":1,"name":"Accueil","item":"https:\/\/www.amanien.info\/news\/"},{"@type":"ListItem","position":2,"name":"Promotion et renforcement du rayonnement du palais de la culture : Ouverture \u00e0 Abidjan d&rsquo;un atelier de validation du plan d&rsquo;actions strat\u00e9gique 2025-2027"}]},{"@type":"WebSite","@id":"https:\/\/www.amanien.info\/news\/#website","url":"https:\/\/www.amanien.info\/news\/","name":"Amanien| L&#039;actualit\u00e9 Ivoirienne et Internationale","description":"L&#039;actualit\u00e9 Ivoirienne et Internationale","potentialAction":[{"@type":"SearchAction","target":{"@type":"EntryPoint","urlTemplate":"https:\/\/www.amanien.info\/news\/?s={search_term_string}"},"query-input":{"@type":"PropertyValueSpecification","valueRequired":true,"valueName":"search_term_string"}}],"inLanguage":"fr-FR"},{"@type":"Person","@id":"https:\/\/www.amanien.info\/news\/#\/schema\/person\/b21093345753a1a98242d505bd894f42","name":"Germain Ndri","url":"https:\/\/www.amanien.info\/news\/author\/amanien-infos\/"}]}},"_links":{"self":[{"href":"https:\/\/www.amanien.info\/news\/wp-json\/wp\/v2\/posts\/6695","targetHints":{"allow":["GET"]}}],"collection":[{"href":"https:\/\/www.amanien.info\/news\/wp-json\/wp\/v2\/posts"}],"about":[{"href":"https:\/\/www.amanien.info\/news\/wp-json\/wp\/v2\/types\/post"}],"author":[{"embeddable":true,"href":"https:\/\/www.amanien.info\/news\/wp-json\/wp\/v2\/users\/2"}],"replies":[{"embeddable":true,"href":"https:\/\/www.amanien.info\/news\/wp-json\/wp\/v2\/comments?post=6695"}],"version-history":[{"count":1,"href":"https:\/\/www.amanien.info\/news\/wp-json\/wp\/v2\/posts\/6695\/revisions"}],"predecessor-version":[{"id":6699,"href":"https:\/\/www.amanien.info\/news\/wp-json\/wp\/v2\/posts\/6695\/revisions\/6699"}],"wp:featuredmedia":[{"embeddable":true,"href":"https:\/\/www.amanien.info\/news\/wp-json\/wp\/v2\/media\/6698"}],"wp:attachment":[{"href":"https:\/\/www.amanien.info\/news\/wp-json\/wp\/v2\/media?parent=6695"}],"wp:term":[{"taxonomy":"category","embeddable":true,"href":"https:\/\/www.amanien.info\/news\/wp-json\/wp\/v2\/categories?post=6695"},{"taxonomy":"post_tag","embeddable":true,"href":"https:\/\/www.amanien.info\/news\/wp-json\/wp\/v2\/tags?post=6695"}],"curies":[{"name":"wp","href":"https:\/\/api.w.org\/{rel}","templated":true}]}}