{"id":6576,"date":"2024-09-20T14:43:07","date_gmt":"2024-09-20T14:43:07","guid":{"rendered":"https:\/\/www.amanien.info\/news\/?p=6576"},"modified":"2024-09-20T14:47:35","modified_gmt":"2024-09-20T14:47:35","slug":"nvestiture-du-coordonnateur-principal-rhdp-du-plateaule-ministre-mamadou-sangafowa-aux-militants-mettez-les-interets-du-parti-au-dessus-de-vos-interets-personnels","status":"publish","type":"post","link":"https:\/\/www.amanien.info\/news\/nvestiture-du-coordonnateur-principal-rhdp-du-plateaule-ministre-mamadou-sangafowa-aux-militants-mettez-les-interets-du-parti-au-dessus-de-vos-interets-personnels\/","title":{"rendered":"Investiture du Coordonnateur principal RHDP du Plateau:Le Ministre Mamadou Sangafowa aux militants : \u00ab\u00a0Mettez les int\u00e9r\u00eats du parti au-dessus de vos int\u00e9r\u00eats personnels\u00a0\u00bb"},"content":{"rendered":"<div><span style=\"text-transform: initial;\">Nomm\u00e9 Coordonnateur principal Plateau du plus grand parti politique de C\u00f4te d&rsquo;Ivoire, en l&rsquo;occurrence le Rassemblement des Houphou\u00ebtistes pour la D\u00e9mocratie et la Paix (RHDP), Ouattara Dramane dit OD a \u00e9t\u00e9 officiellement investi le mercredi 18 septembre 2024, \u00e0 la biblioth\u00e8que nationale d&rsquo;Abidjan-Plateau, au cours d&rsquo;une belle c\u00e9r\u00e9monie \u00e0 laquelle ont pris part le Ministre des mines, du p\u00e9trole et de l&rsquo;\u00e9nergie par ailleurs Chef de D\u00e9l\u00e9gation, Mamadou Sangafowa Coulibaly, du ministre de l&#8217;emploi et de la protection sociale, Me Adama Kamara et de plusieurs cadres et militants du RHDP.\u00a0<\/span><\/div>\n<div><\/div>\n<div><\/div>\n<div>A cette occasion, le Chef de d\u00e9l\u00e9gation, le Ministre Mamadou Sangafowa Coulibaly, a, dans un discours plein d&rsquo;espoir, appel\u00e9 les militants RHDP\u00a0 plateau \u00e0 la discipline. \u00ab\u00a0Un bon militant, c&rsquo;est d&rsquo;abord un militant disciplin\u00e9\u00a0\u00bb, a-t-il d\u00e9clar\u00e9, tout en invitant les militants et sympathisants du RHDP \u00e0 avoir des valeurs humaines en politique telles que la coh\u00e9sion.<\/div>\n<div><\/div>\n<div><\/div>\n<div>Poursuivant, le Chef de d\u00e9l\u00e9gation s&rsquo;est r\u00e9joui du retour de la coh\u00e9sion au plateau et a exhort\u00e9 les militants \u00e0 privil\u00e9gier les int\u00e9r\u00eats du parti. \u00ab\u00a0Mettez les int\u00e9r\u00eats du parti au-dessus de vos int\u00e9r\u00eats personnels. Si l&rsquo;int\u00e9r\u00eat du parti est satisfait, forc\u00e9ment, vos int\u00e9r\u00eats personnels seront satisfaits\u00a0\u00bb, a dit le d\u00e9put\u00e9 de Korhogo.<\/div>\n<div><\/div>\n<div>Il a, par ailleurs, invit\u00e9 les militants \u00e0 avoir leurs documents en vue de s&rsquo;inscrire sur la liste \u00e9lectorale.<\/div>\n<div><\/div>\n<div><\/div>\n<div><\/div>\n<div>Abondant dans le m\u00eame sens, le Coordonnateur principal RHDP Plateau, Ouattara Dramane dit OD, a annonc\u00e9 les actions prioritaires \u00e0 mener, notamment l&rsquo;enr\u00f4lement massif des jeunes sur la liste \u00e9lectorale.<\/div>\n<div><\/div>\n<div>Aussi a-t-il pris l&rsquo;engagement de faire en sorte que la commune du Plateau soit positionn\u00e9e parmi les trois premi\u00e8res Coordinations du RHDP\u00a0 et de se mettre \u00e0 la disposition de la coordination pour relever les prochains d\u00e9fis \u00e9lectoraux.<\/div>\n<div><\/div>\n<div><\/div>\n<div>L&rsquo;administrateur des services financiers n&rsquo;a pas manqu\u00e9 de saluer l&rsquo;unit\u00e9 du parti retrouv\u00e9e au plateau et et d&rsquo;exprimer sa reconnaissance au Pr\u00e9sident de la R\u00e9publique et au Pr\u00e9sident du Directoire pour sa nomination en tant que Coordinateur principal RHDP Plateau.<\/div>\n<div><\/div>\n<div>Les membres du Bureau de la Coordination principal du plateau ont \u00e9t\u00e9 pr\u00e9sent\u00e9s lors de cette importante c\u00e9r\u00e9monie.<\/div>\n<div><\/div>\n<div><b>S.A.<\/b><\/div>\n<div><\/div>\n","protected":false},"excerpt":{"rendered":"<p>Nomm\u00e9 Coordonnateur principal Plateau du plus grand parti politique de C\u00f4te d&rsquo;Ivoire, en l&rsquo;occurrence le Rassemblement des Houphou\u00ebtistes pour la D\u00e9mocratie et la Paix (RHDP), Ouattara Dramane dit OD a \u00e9t\u00e9 officiellement investi le mercredi 18 septembre 2024, \u00e0 la biblioth\u00e8que nationale d&rsquo;Abidjan-Plateau, au cours d&rsquo;une belle c\u00e9r\u00e9monie \u00e0 laquelle ont pris part le Ministre [&hellip;]<\/p>\n","protected":false},"author":2,"featured_media":6579,"comment_status":"closed","ping_status":"closed","sticky":false,"template":"","format":"standard","meta":{"_acf_changed":false,"footnotes":""},"categories":[1],"tags":[],"class_list":["post-6576","post","type-post","status-publish","format-standard","has-post-thumbnail","hentry","category-national"],"acf":[],"yoast_head":"<!-- This site is optimized with the Yoast SEO plugin v27.5 - https:\/\/yoast.com\/product\/yoast-seo-wordpress\/ -->\n<title>Investiture du Coordonnateur principal RHDP du Plateau:Le Ministre Mamadou Sangafowa aux militants : &quot;Mettez les int\u00e9r\u00eats du parti au-dessus de vos int\u00e9r\u00eats personnels&quot; - Amanien| L&#039;actualit\u00e9 Ivoirienne et Internationale<\/title>\n<meta name=\"robots\" content=\"index, follow, max-snippet:-1, max-image-preview:large, max-video-preview:-1\" \/>\n<link rel=\"canonical\" href=\"https:\/\/www.amanien.info\/news\/nvestiture-du-coordonnateur-principal-rhdp-du-plateaule-ministre-mamadou-sangafowa-aux-militants-mettez-les-interets-du-parti-au-dessus-de-vos-interets-personnels\/\" \/>\n<meta property=\"og:locale\" content=\"fr_FR\" \/>\n<meta property=\"og:type\" content=\"article\" \/>\n<meta property=\"og:title\" content=\"Investiture du Coordonnateur principal RHDP du Plateau:Le Ministre Mamadou Sangafowa aux militants : &quot;Mettez les int\u00e9r\u00eats du parti au-dessus de vos int\u00e9r\u00eats personnels&quot; - Amanien| L&#039;actualit\u00e9 Ivoirienne et Internationale\" \/>\n<meta property=\"og:description\" content=\"Nomm\u00e9 Coordonnateur principal Plateau du plus grand parti politique de C\u00f4te d&rsquo;Ivoire, en l&rsquo;occurrence le Rassemblement des Houphou\u00ebtistes pour la D\u00e9mocratie et la Paix (RHDP), Ouattara Dramane dit OD a \u00e9t\u00e9 officiellement investi le mercredi 18 septembre 2024, \u00e0 la biblioth\u00e8que nationale d&rsquo;Abidjan-Plateau, au cours d&rsquo;une belle c\u00e9r\u00e9monie \u00e0 laquelle ont pris part le Ministre [&hellip;]\" \/>\n<meta property=\"og:url\" content=\"https:\/\/www.amanien.info\/news\/nvestiture-du-coordonnateur-principal-rhdp-du-plateaule-ministre-mamadou-sangafowa-aux-militants-mettez-les-interets-du-parti-au-dessus-de-vos-interets-personnels\/\" \/>\n<meta property=\"og:site_name\" content=\"Amanien| L&#039;actualit\u00e9 Ivoirienne et Internationale\" \/>\n<meta property=\"article:published_time\" content=\"2024-09-20T14:43:07+00:00\" \/>\n<meta property=\"article:modified_time\" content=\"2024-09-20T14:47:35+00:00\" \/>\n<meta property=\"og:image\" content=\"https:\/\/www.amanien.info\/news\/wp-content\/uploads\/2024\/09\/IMG-20240919-WA0002.jpg\" \/>\n\t<meta property=\"og:image:width\" content=\"1040\" \/>\n\t<meta property=\"og:image:height\" content=\"780\" \/>\n\t<meta property=\"og:image:type\" content=\"image\/jpeg\" \/>\n<meta name=\"author\" content=\"Germain Ndri\" \/>\n<meta name=\"twitter:card\" content=\"summary_large_image\" \/>\n<meta name=\"twitter:label1\" content=\"\u00c9crit par\" \/>\n\t<meta name=\"twitter:data1\" content=\"Germain Ndri\" \/>\n\t<meta name=\"twitter:label2\" content=\"Dur\u00e9e de lecture estim\u00e9e\" \/>\n\t<meta name=\"twitter:data2\" content=\"2 minutes\" \/>\n<script type=\"application\/ld+json\" class=\"yoast-schema-graph\">{\"@context\":\"https:\\\/\\\/schema.org\",\"@graph\":[{\"@type\":\"Article\",\"@id\":\"https:\\\/\\\/www.amanien.info\\\/news\\\/nvestiture-du-coordonnateur-principal-rhdp-du-plateaule-ministre-mamadou-sangafowa-aux-militants-mettez-les-interets-du-parti-au-dessus-de-vos-interets-personnels\\\/#article\",\"isPartOf\":{\"@id\":\"https:\\\/\\\/www.amanien.info\\\/news\\\/nvestiture-du-coordonnateur-principal-rhdp-du-plateaule-ministre-mamadou-sangafowa-aux-militants-mettez-les-interets-du-parti-au-dessus-de-vos-interets-personnels\\\/\"},\"author\":{\"name\":\"Germain Ndri\",\"@id\":\"https:\\\/\\\/www.amanien.info\\\/news\\\/#\\\/schema\\\/person\\\/b21093345753a1a98242d505bd894f42\"},\"headline\":\"Investiture du Coordonnateur principal RHDP du Plateau:Le Ministre Mamadou Sangafowa aux militants : \u00ab\u00a0Mettez les int\u00e9r\u00eats du parti au-dessus de vos int\u00e9r\u00eats personnels\u00a0\u00bb\",\"datePublished\":\"2024-09-20T14:43:07+00:00\",\"dateModified\":\"2024-09-20T14:47:35+00:00\",\"mainEntityOfPage\":{\"@id\":\"https:\\\/\\\/www.amanien.info\\\/news\\\/nvestiture-du-coordonnateur-principal-rhdp-du-plateaule-ministre-mamadou-sangafowa-aux-militants-mettez-les-interets-du-parti-au-dessus-de-vos-interets-personnels\\\/\"},\"wordCount\":424,\"image\":{\"@id\":\"https:\\\/\\\/www.amanien.info\\\/news\\\/nvestiture-du-coordonnateur-principal-rhdp-du-plateaule-ministre-mamadou-sangafowa-aux-militants-mettez-les-interets-du-parti-au-dessus-de-vos-interets-personnels\\\/#primaryimage\"},\"thumbnailUrl\":\"https:\\\/\\\/www.amanien.info\\\/news\\\/wp-content\\\/uploads\\\/2024\\\/09\\\/IMG-20240919-WA0002.jpg\",\"articleSection\":[\"National\"],\"inLanguage\":\"fr-FR\"},{\"@type\":\"WebPage\",\"@id\":\"https:\\\/\\\/www.amanien.info\\\/news\\\/nvestiture-du-coordonnateur-principal-rhdp-du-plateaule-ministre-mamadou-sangafowa-aux-militants-mettez-les-interets-du-parti-au-dessus-de-vos-interets-personnels\\\/\",\"url\":\"https:\\\/\\\/www.amanien.info\\\/news\\\/nvestiture-du-coordonnateur-principal-rhdp-du-plateaule-ministre-mamadou-sangafowa-aux-militants-mettez-les-interets-du-parti-au-dessus-de-vos-interets-personnels\\\/\",\"name\":\"Investiture du Coordonnateur principal RHDP du Plateau:Le Ministre Mamadou Sangafowa aux militants : \\\"Mettez les int\u00e9r\u00eats du parti au-dessus de vos int\u00e9r\u00eats personnels\\\" - Amanien| L&#039;actualit\u00e9 Ivoirienne et Internationale\",\"isPartOf\":{\"@id\":\"https:\\\/\\\/www.amanien.info\\\/news\\\/#website\"},\"primaryImageOfPage\":{\"@id\":\"https:\\\/\\\/www.amanien.info\\\/news\\\/nvestiture-du-coordonnateur-principal-rhdp-du-plateaule-ministre-mamadou-sangafowa-aux-militants-mettez-les-interets-du-parti-au-dessus-de-vos-interets-personnels\\\/#primaryimage\"},\"image\":{\"@id\":\"https:\\\/\\\/www.amanien.info\\\/news\\\/nvestiture-du-coordonnateur-principal-rhdp-du-plateaule-ministre-mamadou-sangafowa-aux-militants-mettez-les-interets-du-parti-au-dessus-de-vos-interets-personnels\\\/#primaryimage\"},\"thumbnailUrl\":\"https:\\\/\\\/www.amanien.info\\\/news\\\/wp-content\\\/uploads\\\/2024\\\/09\\\/IMG-20240919-WA0002.jpg\",\"datePublished\":\"2024-09-20T14:43:07+00:00\",\"dateModified\":\"2024-09-20T14:47:35+00:00\",\"author\":{\"@id\":\"https:\\\/\\\/www.amanien.info\\\/news\\\/#\\\/schema\\\/person\\\/b21093345753a1a98242d505bd894f42\"},\"breadcrumb\":{\"@id\":\"https:\\\/\\\/www.amanien.info\\\/news\\\/nvestiture-du-coordonnateur-principal-rhdp-du-plateaule-ministre-mamadou-sangafowa-aux-militants-mettez-les-interets-du-parti-au-dessus-de-vos-interets-personnels\\\/#breadcrumb\"},\"inLanguage\":\"fr-FR\",\"potentialAction\":[{\"@type\":\"ReadAction\",\"target\":[\"https:\\\/\\\/www.amanien.info\\\/news\\\/nvestiture-du-coordonnateur-principal-rhdp-du-plateaule-ministre-mamadou-sangafowa-aux-militants-mettez-les-interets-du-parti-au-dessus-de-vos-interets-personnels\\\/\"]}]},{\"@type\":\"ImageObject\",\"inLanguage\":\"fr-FR\",\"@id\":\"https:\\\/\\\/www.amanien.info\\\/news\\\/nvestiture-du-coordonnateur-principal-rhdp-du-plateaule-ministre-mamadou-sangafowa-aux-militants-mettez-les-interets-du-parti-au-dessus-de-vos-interets-personnels\\\/#primaryimage\",\"url\":\"https:\\\/\\\/www.amanien.info\\\/news\\\/wp-content\\\/uploads\\\/2024\\\/09\\\/IMG-20240919-WA0002.jpg\",\"contentUrl\":\"https:\\\/\\\/www.amanien.info\\\/news\\\/wp-content\\\/uploads\\\/2024\\\/09\\\/IMG-20240919-WA0002.jpg\",\"width\":1040,\"height\":780},{\"@type\":\"BreadcrumbList\",\"@id\":\"https:\\\/\\\/www.amanien.info\\\/news\\\/nvestiture-du-coordonnateur-principal-rhdp-du-plateaule-ministre-mamadou-sangafowa-aux-militants-mettez-les-interets-du-parti-au-dessus-de-vos-interets-personnels\\\/#breadcrumb\",\"itemListElement\":[{\"@type\":\"ListItem\",\"position\":1,\"name\":\"Accueil\",\"item\":\"https:\\\/\\\/www.amanien.info\\\/news\\\/\"},{\"@type\":\"ListItem\",\"position\":2,\"name\":\"Investiture du Coordonnateur principal RHDP du Plateau:Le Ministre Mamadou Sangafowa aux militants : \u00ab\u00a0Mettez les int\u00e9r\u00eats du parti au-dessus de vos int\u00e9r\u00eats personnels\u00a0\u00bb\"}]},{\"@type\":\"WebSite\",\"@id\":\"https:\\\/\\\/www.amanien.info\\\/news\\\/#website\",\"url\":\"https:\\\/\\\/www.amanien.info\\\/news\\\/\",\"name\":\"Amanien| L&#039;actualit\u00e9 Ivoirienne et Internationale\",\"description\":\"L&#039;actualit\u00e9 Ivoirienne et Internationale\",\"potentialAction\":[{\"@type\":\"SearchAction\",\"target\":{\"@type\":\"EntryPoint\",\"urlTemplate\":\"https:\\\/\\\/www.amanien.info\\\/news\\\/?s={search_term_string}\"},\"query-input\":{\"@type\":\"PropertyValueSpecification\",\"valueRequired\":true,\"valueName\":\"search_term_string\"}}],\"inLanguage\":\"fr-FR\"},{\"@type\":\"Person\",\"@id\":\"https:\\\/\\\/www.amanien.info\\\/news\\\/#\\\/schema\\\/person\\\/b21093345753a1a98242d505bd894f42\",\"name\":\"Germain Ndri\",\"url\":\"https:\\\/\\\/www.amanien.info\\\/news\\\/author\\\/amanien-infos\\\/\"}]}<\/script>\n<!-- \/ Yoast SEO plugin. -->","yoast_head_json":{"title":"Investiture du Coordonnateur principal RHDP du Plateau:Le Ministre Mamadou Sangafowa aux militants : \"Mettez les int\u00e9r\u00eats du parti au-dessus de vos int\u00e9r\u00eats personnels\" - Amanien| L&#039;actualit\u00e9 Ivoirienne et Internationale","robots":{"index":"index","follow":"follow","max-snippet":"max-snippet:-1","max-image-preview":"max-image-preview:large","max-video-preview":"max-video-preview:-1"},"canonical":"https:\/\/www.amanien.info\/news\/nvestiture-du-coordonnateur-principal-rhdp-du-plateaule-ministre-mamadou-sangafowa-aux-militants-mettez-les-interets-du-parti-au-dessus-de-vos-interets-personnels\/","og_locale":"fr_FR","og_type":"article","og_title":"Investiture du Coordonnateur principal RHDP du Plateau:Le Ministre Mamadou Sangafowa aux militants : \"Mettez les int\u00e9r\u00eats du parti au-dessus de vos int\u00e9r\u00eats personnels\" - Amanien| L&#039;actualit\u00e9 Ivoirienne et Internationale","og_description":"Nomm\u00e9 Coordonnateur principal Plateau du plus grand parti politique de C\u00f4te d&rsquo;Ivoire, en l&rsquo;occurrence le Rassemblement des Houphou\u00ebtistes pour la D\u00e9mocratie et la Paix (RHDP), Ouattara Dramane dit OD a \u00e9t\u00e9 officiellement investi le mercredi 18 septembre 2024, \u00e0 la biblioth\u00e8que nationale d&rsquo;Abidjan-Plateau, au cours d&rsquo;une belle c\u00e9r\u00e9monie \u00e0 laquelle ont pris part le Ministre [&hellip;]","og_url":"https:\/\/www.amanien.info\/news\/nvestiture-du-coordonnateur-principal-rhdp-du-plateaule-ministre-mamadou-sangafowa-aux-militants-mettez-les-interets-du-parti-au-dessus-de-vos-interets-personnels\/","og_site_name":"Amanien| L&#039;actualit\u00e9 Ivoirienne et Internationale","article_published_time":"2024-09-20T14:43:07+00:00","article_modified_time":"2024-09-20T14:47:35+00:00","og_image":[{"width":1040,"height":780,"url":"https:\/\/www.amanien.info\/news\/wp-content\/uploads\/2024\/09\/IMG-20240919-WA0002.jpg","type":"image\/jpeg"}],"author":"Germain Ndri","twitter_card":"summary_large_image","twitter_misc":{"\u00c9crit par":"Germain Ndri","Dur\u00e9e de lecture estim\u00e9e":"2 minutes"},"schema":{"@context":"https:\/\/schema.org","@graph":[{"@type":"Article","@id":"https:\/\/www.amanien.info\/news\/nvestiture-du-coordonnateur-principal-rhdp-du-plateaule-ministre-mamadou-sangafowa-aux-militants-mettez-les-interets-du-parti-au-dessus-de-vos-interets-personnels\/#article","isPartOf":{"@id":"https:\/\/www.amanien.info\/news\/nvestiture-du-coordonnateur-principal-rhdp-du-plateaule-ministre-mamadou-sangafowa-aux-militants-mettez-les-interets-du-parti-au-dessus-de-vos-interets-personnels\/"},"author":{"name":"Germain Ndri","@id":"https:\/\/www.amanien.info\/news\/#\/schema\/person\/b21093345753a1a98242d505bd894f42"},"headline":"Investiture du Coordonnateur principal RHDP du Plateau:Le Ministre Mamadou Sangafowa aux militants : \u00ab\u00a0Mettez les int\u00e9r\u00eats du parti au-dessus de vos int\u00e9r\u00eats personnels\u00a0\u00bb","datePublished":"2024-09-20T14:43:07+00:00","dateModified":"2024-09-20T14:47:35+00:00","mainEntityOfPage":{"@id":"https:\/\/www.amanien.info\/news\/nvestiture-du-coordonnateur-principal-rhdp-du-plateaule-ministre-mamadou-sangafowa-aux-militants-mettez-les-interets-du-parti-au-dessus-de-vos-interets-personnels\/"},"wordCount":424,"image":{"@id":"https:\/\/www.amanien.info\/news\/nvestiture-du-coordonnateur-principal-rhdp-du-plateaule-ministre-mamadou-sangafowa-aux-militants-mettez-les-interets-du-parti-au-dessus-de-vos-interets-personnels\/#primaryimage"},"thumbnailUrl":"https:\/\/www.amanien.info\/news\/wp-content\/uploads\/2024\/09\/IMG-20240919-WA0002.jpg","articleSection":["National"],"inLanguage":"fr-FR"},{"@type":"WebPage","@id":"https:\/\/www.amanien.info\/news\/nvestiture-du-coordonnateur-principal-rhdp-du-plateaule-ministre-mamadou-sangafowa-aux-militants-mettez-les-interets-du-parti-au-dessus-de-vos-interets-personnels\/","url":"https:\/\/www.amanien.info\/news\/nvestiture-du-coordonnateur-principal-rhdp-du-plateaule-ministre-mamadou-sangafowa-aux-militants-mettez-les-interets-du-parti-au-dessus-de-vos-interets-personnels\/","name":"Investiture du Coordonnateur principal RHDP du Plateau:Le Ministre Mamadou Sangafowa aux militants : \"Mettez les int\u00e9r\u00eats du parti au-dessus de vos int\u00e9r\u00eats personnels\" - Amanien| L&#039;actualit\u00e9 Ivoirienne et Internationale","isPartOf":{"@id":"https:\/\/www.amanien.info\/news\/#website"},"primaryImageOfPage":{"@id":"https:\/\/www.amanien.info\/news\/nvestiture-du-coordonnateur-principal-rhdp-du-plateaule-ministre-mamadou-sangafowa-aux-militants-mettez-les-interets-du-parti-au-dessus-de-vos-interets-personnels\/#primaryimage"},"image":{"@id":"https:\/\/www.amanien.info\/news\/nvestiture-du-coordonnateur-principal-rhdp-du-plateaule-ministre-mamadou-sangafowa-aux-militants-mettez-les-interets-du-parti-au-dessus-de-vos-interets-personnels\/#primaryimage"},"thumbnailUrl":"https:\/\/www.amanien.info\/news\/wp-content\/uploads\/2024\/09\/IMG-20240919-WA0002.jpg","datePublished":"2024-09-20T14:43:07+00:00","dateModified":"2024-09-20T14:47:35+00:00","author":{"@id":"https:\/\/www.amanien.info\/news\/#\/schema\/person\/b21093345753a1a98242d505bd894f42"},"breadcrumb":{"@id":"https:\/\/www.amanien.info\/news\/nvestiture-du-coordonnateur-principal-rhdp-du-plateaule-ministre-mamadou-sangafowa-aux-militants-mettez-les-interets-du-parti-au-dessus-de-vos-interets-personnels\/#breadcrumb"},"inLanguage":"fr-FR","potentialAction":[{"@type":"ReadAction","target":["https:\/\/www.amanien.info\/news\/nvestiture-du-coordonnateur-principal-rhdp-du-plateaule-ministre-mamadou-sangafowa-aux-militants-mettez-les-interets-du-parti-au-dessus-de-vos-interets-personnels\/"]}]},{"@type":"ImageObject","inLanguage":"fr-FR","@id":"https:\/\/www.amanien.info\/news\/nvestiture-du-coordonnateur-principal-rhdp-du-plateaule-ministre-mamadou-sangafowa-aux-militants-mettez-les-interets-du-parti-au-dessus-de-vos-interets-personnels\/#primaryimage","url":"https:\/\/www.amanien.info\/news\/wp-content\/uploads\/2024\/09\/IMG-20240919-WA0002.jpg","contentUrl":"https:\/\/www.amanien.info\/news\/wp-content\/uploads\/2024\/09\/IMG-20240919-WA0002.jpg","width":1040,"height":780},{"@type":"BreadcrumbList","@id":"https:\/\/www.amanien.info\/news\/nvestiture-du-coordonnateur-principal-rhdp-du-plateaule-ministre-mamadou-sangafowa-aux-militants-mettez-les-interets-du-parti-au-dessus-de-vos-interets-personnels\/#breadcrumb","itemListElement":[{"@type":"ListItem","position":1,"name":"Accueil","item":"https:\/\/www.amanien.info\/news\/"},{"@type":"ListItem","position":2,"name":"Investiture du Coordonnateur principal RHDP du Plateau:Le Ministre Mamadou Sangafowa aux militants : \u00ab\u00a0Mettez les int\u00e9r\u00eats du parti au-dessus de vos int\u00e9r\u00eats personnels\u00a0\u00bb"}]},{"@type":"WebSite","@id":"https:\/\/www.amanien.info\/news\/#website","url":"https:\/\/www.amanien.info\/news\/","name":"Amanien| L&#039;actualit\u00e9 Ivoirienne et Internationale","description":"L&#039;actualit\u00e9 Ivoirienne et Internationale","potentialAction":[{"@type":"SearchAction","target":{"@type":"EntryPoint","urlTemplate":"https:\/\/www.amanien.info\/news\/?s={search_term_string}"},"query-input":{"@type":"PropertyValueSpecification","valueRequired":true,"valueName":"search_term_string"}}],"inLanguage":"fr-FR"},{"@type":"Person","@id":"https:\/\/www.amanien.info\/news\/#\/schema\/person\/b21093345753a1a98242d505bd894f42","name":"Germain Ndri","url":"https:\/\/www.amanien.info\/news\/author\/amanien-infos\/"}]}},"_links":{"self":[{"href":"https:\/\/www.amanien.info\/news\/wp-json\/wp\/v2\/posts\/6576","targetHints":{"allow":["GET"]}}],"collection":[{"href":"https:\/\/www.amanien.info\/news\/wp-json\/wp\/v2\/posts"}],"about":[{"href":"https:\/\/www.amanien.info\/news\/wp-json\/wp\/v2\/types\/post"}],"author":[{"embeddable":true,"href":"https:\/\/www.amanien.info\/news\/wp-json\/wp\/v2\/users\/2"}],"replies":[{"embeddable":true,"href":"https:\/\/www.amanien.info\/news\/wp-json\/wp\/v2\/comments?post=6576"}],"version-history":[{"count":2,"href":"https:\/\/www.amanien.info\/news\/wp-json\/wp\/v2\/posts\/6576\/revisions"}],"predecessor-version":[{"id":6582,"href":"https:\/\/www.amanien.info\/news\/wp-json\/wp\/v2\/posts\/6576\/revisions\/6582"}],"wp:featuredmedia":[{"embeddable":true,"href":"https:\/\/www.amanien.info\/news\/wp-json\/wp\/v2\/media\/6579"}],"wp:attachment":[{"href":"https:\/\/www.amanien.info\/news\/wp-json\/wp\/v2\/media?parent=6576"}],"wp:term":[{"taxonomy":"category","embeddable":true,"href":"https:\/\/www.amanien.info\/news\/wp-json\/wp\/v2\/categories?post=6576"},{"taxonomy":"post_tag","embeddable":true,"href":"https:\/\/www.amanien.info\/news\/wp-json\/wp\/v2\/tags?post=6576"}],"curies":[{"name":"wp","href":"https:\/\/api.w.org\/{rel}","templated":true}]}}