{"id":6567,"date":"2024-09-19T14:11:28","date_gmt":"2024-09-19T14:11:28","guid":{"rendered":"https:\/\/www.amanien.info\/news\/?p=6567"},"modified":"2024-09-19T14:11:28","modified_gmt":"2024-09-19T14:11:28","slug":"liliyo-region-de-la-nawa-tournoi-de-la-cohesion-sociale-et-de-la-paix-a-nouvelle-iep-exhorte-a-la-scolarisation-des-petites-filles","status":"publish","type":"post","link":"https:\/\/www.amanien.info\/news\/liliyo-region-de-la-nawa-tournoi-de-la-cohesion-sociale-et-de-la-paix-a-nouvelle-iep-exhorte-a-la-scolarisation-des-petites-filles\/","title":{"rendered":"Liliyo (R\u00e9gion de la Nawa) \/ Tournoi de la coh\u00e9sion sociale et de la paix: a nouvelle IEP exhorte \u00e0 la scolarisation des petites filles"},"content":{"rendered":"<div class=\"yiv1315763731gmail_attr\" dir=\"ltr\"><i style=\"text-transform: initial;\">A l\u2019occasion de la finale de la 6<sup>\u00e8me<\/sup>\u00a0\u00e9dition du tournoi de football des U-13 de la \u2018\u2019coh\u00e9sion sociale et de la paix\u2019\u2019 qui s\u2019est jou\u00e9e dimanche 15 Septembre 2024, dans la cours du foyer des jeunes de Liliyo, dans la r\u00e9gion de la Nawa, d\u00e9partement de Soubr\u00e9, Mme Mariam Kon\u00e9 \u00e9pouse Sangar\u00e9, la toute premi\u00e8re Inspectrice de l\u2019enseignement primaire publique a exhort\u00e9 les populations des 18 villages de la Sous-pr\u00e9fecture \u00e0 mettre un accent particulier sur la scolarisation des petites filles. Toute chose qu\u2019a soutenue Dr Boris Clovis Wandji, cadre de la Sous-pr\u00e9fecture et parrain de l\u2019\u00e9v\u00e8nement, lequel en a appel\u00e9 \u00e0 l\u2019union, la fraternit\u00e9 des filles et fils de la Sous-pr\u00e9fecture et \u00e0 la coh\u00e9sion entre les habitants, autochtones, allochtones et allog\u00e8nes.<\/i><\/div>\n<div dir=\"ltr\">\n<p class=\"yiv1315763731MsoNormal\">\n<p class=\"yiv1315763731MsoNormal\">La paix, rien que la paix et la coh\u00e9sion sociale, telle est la motivation de Dr Boris Clovis Wandji, Pharmacien \u00e0 Abidjan et originaire du village de Kom\u00e9ayo, \u00e0 quelques encablures du chef-lieu de Sous-pr\u00e9fecture, qui multiplie les actions sociales en faveur des populations des 18 villages et les campements qui leur sont rattach\u00e9s. Ce dimanche apr\u00e8s-midi-l\u00e0, en effet, en pr\u00e9sence du Chef central de la localit\u00e9, de Mme l\u2019IEP, de S\u00e9ri Djah Georges dit Ziko, initiateur du tournoi, et de nombreux invit\u00e9s et organisateurs, le parrain a appel\u00e9 toutes les populations \u00e0 se serrer les coudes pour atteindre l\u2019objectif que tous les cadres, de tous bords politiques, de toutes confessions religieuses, de toutes ethnies et origines diverses recherchent pour Liliyo, notamment le d\u00e9veloppement.<\/p>\n<p class=\"yiv1315763731MsoNormal\">\n<p class=\"yiv1315763731MsoNormal\">Dans sa br\u00e8ve allocution, avant le coup d\u2019envoi de la rencontre qui a oppos\u00e9 les \u00e9quipes de \u2018\u2019Barcelone\u2019\u2019 et de \u2018\u2019Paris Saint Germain (PSG)\u2019\u2019, deux \u00e9quipes de Liliyo, Dr Wandji s\u2019est dit heureux d\u2019avoir \u00e9t\u00e9 honor\u00e9 par les organisateurs de cette 6<sup>\u00e8me<\/sup>\u00a0\u00e9dition, en ce \u2018<i>\u2019que les jeunes d\u2019aujourd\u2019hui sont les adultes de demain. Le sport, particuli\u00e8rement le football \u00e9tant un facteur de rassemblement et de d\u00e9veloppement humain, je suis convaincu que ces tout petits d\u2019aujourd\u2019hui grandiront avec l\u2019amour de leurs amis. Et la coh\u00e9sion et la paix seront au rendez-vous chez nous<\/i>\u2019\u2019. Il en a \u00e9t\u00e9 de m\u00eame pour le chef central et de l\u2019organisateur, qui ont exprim\u00e9 leur gratitude au parrain.<\/p>\n<p class=\"yiv1315763731MsoNormal\">\n<p class=\"yiv1315763731MsoNormal\">Quant \u00e0 Mme Mariam Kon\u00e9 \u00e9pouse Sangar\u00e9, \u2018<i>\u2019je suis heureuse d\u2019ouvrir l\u2019inspection de l\u2019enseignement primaire publique de Liliyo. N\u2019ayant pas encore de bureaux, je voudrais prier l\u2019Honorable chef central de nous permettre de nous installer dans les locaux de ce foyer des jeunes, en attendant d\u2019avoir des locaux appropri\u00e9s<\/i>\u2019\u2019, a-t-elle exprim\u00e9 ses dol\u00e9ances. Avant d\u2019exhorter les populations \u00e0 s\u2019investir dans la scolarisation de leurs enfants, \u2018<i>\u2019particuli\u00e8rement les petites filles<\/i>\u2019\u2019, a-t-elle plaid\u00e9.<\/p>\n<p class=\"yiv1315763731MsoNormal\">\n<p class=\"yiv1315763731MsoNormal\">Au terme de la rencontre, les enfants de l\u2019\u00e9quipe de \u2018\u2019Barcelone\u2019\u2019 ont brandi le troph\u00e9e, avec le score de 1 but \u00e0 z\u00e9ro. Une r\u00e9compense d\u2019un jeu de maillots, des m\u00e9dailles et une enveloppe leur a \u00e9t\u00e9 faite, de m\u00eame que les finalistes malheureux. L\u2019\u00e9quipe de Yabayo a \u00e9t\u00e9 r\u00e9compens\u00e9e par le troph\u00e9e fair-play, quand le jeune Bald\u00e9 de l\u2019\u00e9quipe de \u2018\u2019PSG\u2019\u2019 s\u2019est vu offrir celui de \u2018\u2019meilleur joueur du tournoi\u2019\u2019.<\/p>\n<p class=\"yiv1315763731MsoNormal\">\n<\/div>\n","protected":false},"excerpt":{"rendered":"<p>A l\u2019occasion de la finale de la 6\u00e8me\u00a0\u00e9dition du tournoi de football des U-13 de la \u2018\u2019coh\u00e9sion sociale et de la paix\u2019\u2019 qui s\u2019est jou\u00e9e dimanche 15 Septembre 2024, dans la cours du foyer des jeunes de Liliyo, dans la r\u00e9gion de la Nawa, d\u00e9partement de Soubr\u00e9, Mme Mariam Kon\u00e9 \u00e9pouse Sangar\u00e9, la toute premi\u00e8re [&hellip;]<\/p>\n","protected":false},"author":2,"featured_media":6568,"comment_status":"closed","ping_status":"closed","sticky":false,"template":"","format":"standard","meta":{"_acf_changed":false,"footnotes":""},"categories":[4],"tags":[],"class_list":["post-6567","post","type-post","status-publish","format-standard","has-post-thumbnail","hentry","category-sport"],"acf":[],"yoast_head":"<!-- This site is optimized with the Yoast SEO plugin v27.5 - https:\/\/yoast.com\/product\/yoast-seo-wordpress\/ -->\n<title>Liliyo (R\u00e9gion de la Nawa) \/ Tournoi de la coh\u00e9sion sociale et de la paix: a nouvelle IEP exhorte \u00e0 la scolarisation des petites filles - Amanien| L&#039;actualit\u00e9 Ivoirienne et Internationale<\/title>\n<meta name=\"robots\" content=\"index, follow, max-snippet:-1, max-image-preview:large, max-video-preview:-1\" \/>\n<link rel=\"canonical\" href=\"https:\/\/www.amanien.info\/news\/liliyo-region-de-la-nawa-tournoi-de-la-cohesion-sociale-et-de-la-paix-a-nouvelle-iep-exhorte-a-la-scolarisation-des-petites-filles\/\" \/>\n<meta property=\"og:locale\" content=\"fr_FR\" \/>\n<meta property=\"og:type\" content=\"article\" \/>\n<meta property=\"og:title\" content=\"Liliyo (R\u00e9gion de la Nawa) \/ Tournoi de la coh\u00e9sion sociale et de la paix: a nouvelle IEP exhorte \u00e0 la scolarisation des petites filles - Amanien| L&#039;actualit\u00e9 Ivoirienne et Internationale\" \/>\n<meta property=\"og:description\" content=\"A l\u2019occasion de la finale de la 6\u00e8me\u00a0\u00e9dition du tournoi de football des U-13 de la \u2018\u2019coh\u00e9sion sociale et de la paix\u2019\u2019 qui s\u2019est jou\u00e9e dimanche 15 Septembre 2024, dans la cours du foyer des jeunes de Liliyo, dans la r\u00e9gion de la Nawa, d\u00e9partement de Soubr\u00e9, Mme Mariam Kon\u00e9 \u00e9pouse Sangar\u00e9, la toute premi\u00e8re [&hellip;]\" \/>\n<meta property=\"og:url\" content=\"https:\/\/www.amanien.info\/news\/liliyo-region-de-la-nawa-tournoi-de-la-cohesion-sociale-et-de-la-paix-a-nouvelle-iep-exhorte-a-la-scolarisation-des-petites-filles\/\" \/>\n<meta property=\"og:site_name\" content=\"Amanien| L&#039;actualit\u00e9 Ivoirienne et Internationale\" \/>\n<meta property=\"article:published_time\" content=\"2024-09-19T14:11:28+00:00\" \/>\n<meta property=\"og:image\" content=\"https:\/\/www.amanien.info\/news\/wp-content\/uploads\/2024\/09\/Boris-2.jpg\" \/>\n\t<meta property=\"og:image:width\" content=\"1024\" \/>\n\t<meta property=\"og:image:height\" content=\"768\" \/>\n\t<meta property=\"og:image:type\" content=\"image\/jpeg\" \/>\n<meta name=\"author\" content=\"Germain Ndri\" \/>\n<meta name=\"twitter:card\" content=\"summary_large_image\" \/>\n<meta name=\"twitter:label1\" content=\"\u00c9crit par\" \/>\n\t<meta name=\"twitter:data1\" content=\"Germain Ndri\" \/>\n\t<meta name=\"twitter:label2\" content=\"Dur\u00e9e de lecture estim\u00e9e\" \/>\n\t<meta name=\"twitter:data2\" content=\"3 minutes\" \/>\n<script type=\"application\/ld+json\" class=\"yoast-schema-graph\">{\"@context\":\"https:\\\/\\\/schema.org\",\"@graph\":[{\"@type\":\"Article\",\"@id\":\"https:\\\/\\\/www.amanien.info\\\/news\\\/liliyo-region-de-la-nawa-tournoi-de-la-cohesion-sociale-et-de-la-paix-a-nouvelle-iep-exhorte-a-la-scolarisation-des-petites-filles\\\/#article\",\"isPartOf\":{\"@id\":\"https:\\\/\\\/www.amanien.info\\\/news\\\/liliyo-region-de-la-nawa-tournoi-de-la-cohesion-sociale-et-de-la-paix-a-nouvelle-iep-exhorte-a-la-scolarisation-des-petites-filles\\\/\"},\"author\":{\"name\":\"Germain Ndri\",\"@id\":\"https:\\\/\\\/www.amanien.info\\\/news\\\/#\\\/schema\\\/person\\\/b21093345753a1a98242d505bd894f42\"},\"headline\":\"Liliyo (R\u00e9gion de la Nawa) \\\/ Tournoi de la coh\u00e9sion sociale et de la paix: a nouvelle IEP exhorte \u00e0 la scolarisation des petites filles\",\"datePublished\":\"2024-09-19T14:11:28+00:00\",\"mainEntityOfPage\":{\"@id\":\"https:\\\/\\\/www.amanien.info\\\/news\\\/liliyo-region-de-la-nawa-tournoi-de-la-cohesion-sociale-et-de-la-paix-a-nouvelle-iep-exhorte-a-la-scolarisation-des-petites-filles\\\/\"},\"wordCount\":580,\"image\":{\"@id\":\"https:\\\/\\\/www.amanien.info\\\/news\\\/liliyo-region-de-la-nawa-tournoi-de-la-cohesion-sociale-et-de-la-paix-a-nouvelle-iep-exhorte-a-la-scolarisation-des-petites-filles\\\/#primaryimage\"},\"thumbnailUrl\":\"https:\\\/\\\/www.amanien.info\\\/news\\\/wp-content\\\/uploads\\\/2024\\\/09\\\/Boris-2.jpg\",\"articleSection\":[\"Sport\"],\"inLanguage\":\"fr-FR\"},{\"@type\":\"WebPage\",\"@id\":\"https:\\\/\\\/www.amanien.info\\\/news\\\/liliyo-region-de-la-nawa-tournoi-de-la-cohesion-sociale-et-de-la-paix-a-nouvelle-iep-exhorte-a-la-scolarisation-des-petites-filles\\\/\",\"url\":\"https:\\\/\\\/www.amanien.info\\\/news\\\/liliyo-region-de-la-nawa-tournoi-de-la-cohesion-sociale-et-de-la-paix-a-nouvelle-iep-exhorte-a-la-scolarisation-des-petites-filles\\\/\",\"name\":\"Liliyo (R\u00e9gion de la Nawa) \\\/ Tournoi de la coh\u00e9sion sociale et de la paix: a nouvelle IEP exhorte \u00e0 la scolarisation des petites filles - Amanien| L&#039;actualit\u00e9 Ivoirienne et Internationale\",\"isPartOf\":{\"@id\":\"https:\\\/\\\/www.amanien.info\\\/news\\\/#website\"},\"primaryImageOfPage\":{\"@id\":\"https:\\\/\\\/www.amanien.info\\\/news\\\/liliyo-region-de-la-nawa-tournoi-de-la-cohesion-sociale-et-de-la-paix-a-nouvelle-iep-exhorte-a-la-scolarisation-des-petites-filles\\\/#primaryimage\"},\"image\":{\"@id\":\"https:\\\/\\\/www.amanien.info\\\/news\\\/liliyo-region-de-la-nawa-tournoi-de-la-cohesion-sociale-et-de-la-paix-a-nouvelle-iep-exhorte-a-la-scolarisation-des-petites-filles\\\/#primaryimage\"},\"thumbnailUrl\":\"https:\\\/\\\/www.amanien.info\\\/news\\\/wp-content\\\/uploads\\\/2024\\\/09\\\/Boris-2.jpg\",\"datePublished\":\"2024-09-19T14:11:28+00:00\",\"author\":{\"@id\":\"https:\\\/\\\/www.amanien.info\\\/news\\\/#\\\/schema\\\/person\\\/b21093345753a1a98242d505bd894f42\"},\"breadcrumb\":{\"@id\":\"https:\\\/\\\/www.amanien.info\\\/news\\\/liliyo-region-de-la-nawa-tournoi-de-la-cohesion-sociale-et-de-la-paix-a-nouvelle-iep-exhorte-a-la-scolarisation-des-petites-filles\\\/#breadcrumb\"},\"inLanguage\":\"fr-FR\",\"potentialAction\":[{\"@type\":\"ReadAction\",\"target\":[\"https:\\\/\\\/www.amanien.info\\\/news\\\/liliyo-region-de-la-nawa-tournoi-de-la-cohesion-sociale-et-de-la-paix-a-nouvelle-iep-exhorte-a-la-scolarisation-des-petites-filles\\\/\"]}]},{\"@type\":\"ImageObject\",\"inLanguage\":\"fr-FR\",\"@id\":\"https:\\\/\\\/www.amanien.info\\\/news\\\/liliyo-region-de-la-nawa-tournoi-de-la-cohesion-sociale-et-de-la-paix-a-nouvelle-iep-exhorte-a-la-scolarisation-des-petites-filles\\\/#primaryimage\",\"url\":\"https:\\\/\\\/www.amanien.info\\\/news\\\/wp-content\\\/uploads\\\/2024\\\/09\\\/Boris-2.jpg\",\"contentUrl\":\"https:\\\/\\\/www.amanien.info\\\/news\\\/wp-content\\\/uploads\\\/2024\\\/09\\\/Boris-2.jpg\",\"width\":1024,\"height\":768},{\"@type\":\"BreadcrumbList\",\"@id\":\"https:\\\/\\\/www.amanien.info\\\/news\\\/liliyo-region-de-la-nawa-tournoi-de-la-cohesion-sociale-et-de-la-paix-a-nouvelle-iep-exhorte-a-la-scolarisation-des-petites-filles\\\/#breadcrumb\",\"itemListElement\":[{\"@type\":\"ListItem\",\"position\":1,\"name\":\"Accueil\",\"item\":\"https:\\\/\\\/www.amanien.info\\\/news\\\/\"},{\"@type\":\"ListItem\",\"position\":2,\"name\":\"Liliyo (R\u00e9gion de la Nawa) \\\/ Tournoi de la coh\u00e9sion sociale et de la paix: a nouvelle IEP exhorte \u00e0 la scolarisation des petites filles\"}]},{\"@type\":\"WebSite\",\"@id\":\"https:\\\/\\\/www.amanien.info\\\/news\\\/#website\",\"url\":\"https:\\\/\\\/www.amanien.info\\\/news\\\/\",\"name\":\"Amanien| L&#039;actualit\u00e9 Ivoirienne et Internationale\",\"description\":\"L&#039;actualit\u00e9 Ivoirienne et Internationale\",\"potentialAction\":[{\"@type\":\"SearchAction\",\"target\":{\"@type\":\"EntryPoint\",\"urlTemplate\":\"https:\\\/\\\/www.amanien.info\\\/news\\\/?s={search_term_string}\"},\"query-input\":{\"@type\":\"PropertyValueSpecification\",\"valueRequired\":true,\"valueName\":\"search_term_string\"}}],\"inLanguage\":\"fr-FR\"},{\"@type\":\"Person\",\"@id\":\"https:\\\/\\\/www.amanien.info\\\/news\\\/#\\\/schema\\\/person\\\/b21093345753a1a98242d505bd894f42\",\"name\":\"Germain Ndri\",\"url\":\"https:\\\/\\\/www.amanien.info\\\/news\\\/author\\\/amanien-infos\\\/\"}]}<\/script>\n<!-- \/ Yoast SEO plugin. -->","yoast_head_json":{"title":"Liliyo (R\u00e9gion de la Nawa) \/ Tournoi de la coh\u00e9sion sociale et de la paix: a nouvelle IEP exhorte \u00e0 la scolarisation des petites filles - Amanien| L&#039;actualit\u00e9 Ivoirienne et Internationale","robots":{"index":"index","follow":"follow","max-snippet":"max-snippet:-1","max-image-preview":"max-image-preview:large","max-video-preview":"max-video-preview:-1"},"canonical":"https:\/\/www.amanien.info\/news\/liliyo-region-de-la-nawa-tournoi-de-la-cohesion-sociale-et-de-la-paix-a-nouvelle-iep-exhorte-a-la-scolarisation-des-petites-filles\/","og_locale":"fr_FR","og_type":"article","og_title":"Liliyo (R\u00e9gion de la Nawa) \/ Tournoi de la coh\u00e9sion sociale et de la paix: a nouvelle IEP exhorte \u00e0 la scolarisation des petites filles - Amanien| L&#039;actualit\u00e9 Ivoirienne et Internationale","og_description":"A l\u2019occasion de la finale de la 6\u00e8me\u00a0\u00e9dition du tournoi de football des U-13 de la \u2018\u2019coh\u00e9sion sociale et de la paix\u2019\u2019 qui s\u2019est jou\u00e9e dimanche 15 Septembre 2024, dans la cours du foyer des jeunes de Liliyo, dans la r\u00e9gion de la Nawa, d\u00e9partement de Soubr\u00e9, Mme Mariam Kon\u00e9 \u00e9pouse Sangar\u00e9, la toute premi\u00e8re [&hellip;]","og_url":"https:\/\/www.amanien.info\/news\/liliyo-region-de-la-nawa-tournoi-de-la-cohesion-sociale-et-de-la-paix-a-nouvelle-iep-exhorte-a-la-scolarisation-des-petites-filles\/","og_site_name":"Amanien| L&#039;actualit\u00e9 Ivoirienne et Internationale","article_published_time":"2024-09-19T14:11:28+00:00","og_image":[{"width":1024,"height":768,"url":"https:\/\/www.amanien.info\/news\/wp-content\/uploads\/2024\/09\/Boris-2.jpg","type":"image\/jpeg"}],"author":"Germain Ndri","twitter_card":"summary_large_image","twitter_misc":{"\u00c9crit par":"Germain Ndri","Dur\u00e9e de lecture estim\u00e9e":"3 minutes"},"schema":{"@context":"https:\/\/schema.org","@graph":[{"@type":"Article","@id":"https:\/\/www.amanien.info\/news\/liliyo-region-de-la-nawa-tournoi-de-la-cohesion-sociale-et-de-la-paix-a-nouvelle-iep-exhorte-a-la-scolarisation-des-petites-filles\/#article","isPartOf":{"@id":"https:\/\/www.amanien.info\/news\/liliyo-region-de-la-nawa-tournoi-de-la-cohesion-sociale-et-de-la-paix-a-nouvelle-iep-exhorte-a-la-scolarisation-des-petites-filles\/"},"author":{"name":"Germain Ndri","@id":"https:\/\/www.amanien.info\/news\/#\/schema\/person\/b21093345753a1a98242d505bd894f42"},"headline":"Liliyo (R\u00e9gion de la Nawa) \/ Tournoi de la coh\u00e9sion sociale et de la paix: a nouvelle IEP exhorte \u00e0 la scolarisation des petites filles","datePublished":"2024-09-19T14:11:28+00:00","mainEntityOfPage":{"@id":"https:\/\/www.amanien.info\/news\/liliyo-region-de-la-nawa-tournoi-de-la-cohesion-sociale-et-de-la-paix-a-nouvelle-iep-exhorte-a-la-scolarisation-des-petites-filles\/"},"wordCount":580,"image":{"@id":"https:\/\/www.amanien.info\/news\/liliyo-region-de-la-nawa-tournoi-de-la-cohesion-sociale-et-de-la-paix-a-nouvelle-iep-exhorte-a-la-scolarisation-des-petites-filles\/#primaryimage"},"thumbnailUrl":"https:\/\/www.amanien.info\/news\/wp-content\/uploads\/2024\/09\/Boris-2.jpg","articleSection":["Sport"],"inLanguage":"fr-FR"},{"@type":"WebPage","@id":"https:\/\/www.amanien.info\/news\/liliyo-region-de-la-nawa-tournoi-de-la-cohesion-sociale-et-de-la-paix-a-nouvelle-iep-exhorte-a-la-scolarisation-des-petites-filles\/","url":"https:\/\/www.amanien.info\/news\/liliyo-region-de-la-nawa-tournoi-de-la-cohesion-sociale-et-de-la-paix-a-nouvelle-iep-exhorte-a-la-scolarisation-des-petites-filles\/","name":"Liliyo (R\u00e9gion de la Nawa) \/ Tournoi de la coh\u00e9sion sociale et de la paix: a nouvelle IEP exhorte \u00e0 la scolarisation des petites filles - Amanien| L&#039;actualit\u00e9 Ivoirienne et Internationale","isPartOf":{"@id":"https:\/\/www.amanien.info\/news\/#website"},"primaryImageOfPage":{"@id":"https:\/\/www.amanien.info\/news\/liliyo-region-de-la-nawa-tournoi-de-la-cohesion-sociale-et-de-la-paix-a-nouvelle-iep-exhorte-a-la-scolarisation-des-petites-filles\/#primaryimage"},"image":{"@id":"https:\/\/www.amanien.info\/news\/liliyo-region-de-la-nawa-tournoi-de-la-cohesion-sociale-et-de-la-paix-a-nouvelle-iep-exhorte-a-la-scolarisation-des-petites-filles\/#primaryimage"},"thumbnailUrl":"https:\/\/www.amanien.info\/news\/wp-content\/uploads\/2024\/09\/Boris-2.jpg","datePublished":"2024-09-19T14:11:28+00:00","author":{"@id":"https:\/\/www.amanien.info\/news\/#\/schema\/person\/b21093345753a1a98242d505bd894f42"},"breadcrumb":{"@id":"https:\/\/www.amanien.info\/news\/liliyo-region-de-la-nawa-tournoi-de-la-cohesion-sociale-et-de-la-paix-a-nouvelle-iep-exhorte-a-la-scolarisation-des-petites-filles\/#breadcrumb"},"inLanguage":"fr-FR","potentialAction":[{"@type":"ReadAction","target":["https:\/\/www.amanien.info\/news\/liliyo-region-de-la-nawa-tournoi-de-la-cohesion-sociale-et-de-la-paix-a-nouvelle-iep-exhorte-a-la-scolarisation-des-petites-filles\/"]}]},{"@type":"ImageObject","inLanguage":"fr-FR","@id":"https:\/\/www.amanien.info\/news\/liliyo-region-de-la-nawa-tournoi-de-la-cohesion-sociale-et-de-la-paix-a-nouvelle-iep-exhorte-a-la-scolarisation-des-petites-filles\/#primaryimage","url":"https:\/\/www.amanien.info\/news\/wp-content\/uploads\/2024\/09\/Boris-2.jpg","contentUrl":"https:\/\/www.amanien.info\/news\/wp-content\/uploads\/2024\/09\/Boris-2.jpg","width":1024,"height":768},{"@type":"BreadcrumbList","@id":"https:\/\/www.amanien.info\/news\/liliyo-region-de-la-nawa-tournoi-de-la-cohesion-sociale-et-de-la-paix-a-nouvelle-iep-exhorte-a-la-scolarisation-des-petites-filles\/#breadcrumb","itemListElement":[{"@type":"ListItem","position":1,"name":"Accueil","item":"https:\/\/www.amanien.info\/news\/"},{"@type":"ListItem","position":2,"name":"Liliyo (R\u00e9gion de la Nawa) \/ Tournoi de la coh\u00e9sion sociale et de la paix: a nouvelle IEP exhorte \u00e0 la scolarisation des petites filles"}]},{"@type":"WebSite","@id":"https:\/\/www.amanien.info\/news\/#website","url":"https:\/\/www.amanien.info\/news\/","name":"Amanien| L&#039;actualit\u00e9 Ivoirienne et Internationale","description":"L&#039;actualit\u00e9 Ivoirienne et Internationale","potentialAction":[{"@type":"SearchAction","target":{"@type":"EntryPoint","urlTemplate":"https:\/\/www.amanien.info\/news\/?s={search_term_string}"},"query-input":{"@type":"PropertyValueSpecification","valueRequired":true,"valueName":"search_term_string"}}],"inLanguage":"fr-FR"},{"@type":"Person","@id":"https:\/\/www.amanien.info\/news\/#\/schema\/person\/b21093345753a1a98242d505bd894f42","name":"Germain Ndri","url":"https:\/\/www.amanien.info\/news\/author\/amanien-infos\/"}]}},"_links":{"self":[{"href":"https:\/\/www.amanien.info\/news\/wp-json\/wp\/v2\/posts\/6567","targetHints":{"allow":["GET"]}}],"collection":[{"href":"https:\/\/www.amanien.info\/news\/wp-json\/wp\/v2\/posts"}],"about":[{"href":"https:\/\/www.amanien.info\/news\/wp-json\/wp\/v2\/types\/post"}],"author":[{"embeddable":true,"href":"https:\/\/www.amanien.info\/news\/wp-json\/wp\/v2\/users\/2"}],"replies":[{"embeddable":true,"href":"https:\/\/www.amanien.info\/news\/wp-json\/wp\/v2\/comments?post=6567"}],"version-history":[{"count":1,"href":"https:\/\/www.amanien.info\/news\/wp-json\/wp\/v2\/posts\/6567\/revisions"}],"predecessor-version":[{"id":6569,"href":"https:\/\/www.amanien.info\/news\/wp-json\/wp\/v2\/posts\/6567\/revisions\/6569"}],"wp:featuredmedia":[{"embeddable":true,"href":"https:\/\/www.amanien.info\/news\/wp-json\/wp\/v2\/media\/6568"}],"wp:attachment":[{"href":"https:\/\/www.amanien.info\/news\/wp-json\/wp\/v2\/media?parent=6567"}],"wp:term":[{"taxonomy":"category","embeddable":true,"href":"https:\/\/www.amanien.info\/news\/wp-json\/wp\/v2\/categories?post=6567"},{"taxonomy":"post_tag","embeddable":true,"href":"https:\/\/www.amanien.info\/news\/wp-json\/wp\/v2\/tags?post=6567"}],"curies":[{"name":"wp","href":"https:\/\/api.w.org\/{rel}","templated":true}]}}