{"id":6454,"date":"2024-08-28T09:19:16","date_gmt":"2024-08-28T09:19:16","guid":{"rendered":"https:\/\/www.amanien.info\/news\/?p=6454"},"modified":"2024-08-28T09:19:16","modified_gmt":"2024-08-28T09:19:16","slug":"amelioration-de-la-gestion-et-la-gouvernance-economique-des-ressources-naturelles-et-en-eau-un-atelier-de-formation-des-usagers-des-ressources-naturelles-du-bassin-du-niger-se-tient-a-abidjan","status":"publish","type":"post","link":"https:\/\/www.amanien.info\/news\/amelioration-de-la-gestion-et-la-gouvernance-economique-des-ressources-naturelles-et-en-eau-un-atelier-de-formation-des-usagers-des-ressources-naturelles-du-bassin-du-niger-se-tient-a-abidjan\/","title":{"rendered":"Am\u00e9lioration de la gestion et la gouvernance \u00e9conomique des ressources naturelles et en eau : Un atelier de formation des usagers des ressources naturelles du Bassin du Niger se tient \u00e0 Abidjan"},"content":{"rendered":"<p dir=\"ltr\">\n<p dir=\"ltr\">Dans le cadre de la mise en \u0153uvre du Projet \u00ab\u00a0Am\u00e9liorer la GIRE, la gestion et la gouvernance fond\u00e9es sur la connaissance du Bassin du Niger et du syst\u00e8me aquif\u00e8re d&rsquo;Iullemeden-Touad\u00e9ni\/Tanezrouft\u00a0\u00bb(NB-ITTAS), l&rsquo;Autorit\u00e9 du Bassin du Niger (ABN) organise, du 27 au 30 ao\u00fbt 2024, \u00e0 Abidjan-Cocody , un atelier national de formation des usagers et usag\u00e8res des ressources naturelles du bassin du Niger.<\/p>\n<p dir=\"ltr\">L&rsquo;objectif de cet atelier national est de garantir la durabilit\u00e9 des activit\u00e9s des producteurs usagers du bassin du Niger et leur participation effective et efficace au processus d&rsquo;am\u00e9lioration de la gestion rationnelle et la gouvernance \u00e9conomique des ressources naturelles et en eau, a indiqu\u00e9 M.Djaa koffi Antoine, Directeur de cabinet adjoint et Repr\u00e9sentant du Ministre des Eaux et For\u00eats, \u00e0 l&rsquo;ouverture des travaux.<\/p>\n<p dir=\"ltr\">A l&rsquo;en croire, cet atelier national est une r\u00e9elle opportunit\u00e9 pour la C\u00f4te d&rsquo;Ivoire afin que \u00ab\u00a0nous puissions, ensemble, promouvoir les initiatives visant l&rsquo;implication efficace des usagers\/ usag\u00e8res des ressources naturelles du bassin du Niger dans les activit\u00e9s de l&rsquo;ABN\u00a0\u00bb, a-t-il dit.<\/p>\n<p dir=\"ltr\">Avant de remercier le Fonds pour l&rsquo;Environnement Mondial, le Programme des Nations Unies pour l&rsquo;environnement, le Programme des Nations Unies pour le d\u00e9veloppement, l&rsquo;ABN ainsi que toutes les agences de mise en \u0153uvre pour les diff\u00e9rents soutiens visant \u00e0 am\u00e9liorer la gouvernance de l&rsquo;eau dans le bassin du Niger, en g\u00e9n\u00e9ral et la zone du projet NB-ITTAS en particulier.<\/p>\n<p dir=\"ltr\">Poursuivant, le Repr\u00e9sentant du Ministre Laurent Tchagba a rappel\u00e9 que le projet NB-ITTAS a engag\u00e9 une \u00e9tude intitul\u00e9e \u00ab\u00a0Renforcer les capacit\u00e9s des Associations des Usagers de l&rsquo;Eau du bassin du Niger et autres acteurs pertinents porteurs des projets pilotes communautaires de d\u00e9monstration en vue de soutenir la mise en \u0153uvre durable desdits projets pilotes\u00a0\u00bb dont le rapport produit par le consultant a \u00e9t\u00e9 valid\u00e9 lors d&rsquo;un atelier r\u00e9gional qui s&rsquo;est tenu, du 18 au 20 d\u00e9cembre dernier \u00e0 Ouagadougou, au Burkina Faso.<\/p>\n<p dir=\"ltr\">Djaa Koffi Antoine a, par ailleurs, invit\u00e9 tous les participants \u00e0 cet important atelier \u00e0 apporter leurs contributions pour l&rsquo;am\u00e9lioration des diff\u00e9rents modules qui seront pr\u00e9sent\u00e9s, et contribuer \u00e0 doter les diff\u00e9rents acteurs concern\u00e9s des capacit\u00e9s qui leur permettre de participer activement \u00e0 la gestion durable des ressources naturelles du Bassin du Niger.<\/p>\n<p dir=\"ltr\">Il a, pour finir, r\u00e9it\u00e9r\u00e9 sa gratitude au FEM et \u00e0 ses agences partenaires,\u00a0 notamment le PNUD et le PNUE pour leur appui financier apport\u00e9 \u00e0 l&rsquo;ABN pour la mise en \u0153uvre du projet NB-ITTAS.<\/p>\n<p dir=\"ltr\">Dans son intervention, le Coordonnateur de la structure focale nationale de l&rsquo;Autorit\u00e9 du Bassin du Niger (ABN), par ailleurs , Directeur G\u00e9n\u00e9ral des Ressources en eau, Dr Y\u00e9o Eug\u00e8ne, a exprim\u00e9 sa satisfaction pour la qualit\u00e9 de la formation qui va \u00eatre distill\u00e9e durant ces quatre(4) journ\u00e9es et qui va largement outiller les acteurs.<\/p>\n<p dir=\"ltr\">Pour sa part, la Pr\u00e9sidente nationale des usagers et usag\u00e8res du bassin du Niger, Mme Ciss\u00e9 Assata a indiqu\u00e9 que cet atelier a une port\u00e9e tr\u00e8s importante pour les usagers et usag\u00e8res et a\u00a0 remerci\u00e9 le Ministre des Eaux et For\u00eats qui a fait des efforts pour am\u00e9liorer le programme de l&rsquo;ABN en C\u00f4te d&rsquo;Ivoire.<\/p>\n<p dir=\"ltr\">Elle a \u00e9galement souhait\u00e9 que l&rsquo;ABN ait des projets pilotes apr\u00e8s cet atelier pour \u00ab\u00a0sortir nos populations de leur l\u00e9thargie \u00ab\u00a0, a-t-elle dit.<\/p>\n<p dir=\"ltr\">\n<p dir=\"ltr\">L&rsquo;ouverture de ces travaux, qui prendront fin le vendredi 30 ao\u00fbt prochain, a enregistr\u00e9 la participation, note-t-on, du Repr\u00e9sentant du Secr\u00e9taire Ex\u00e9cutif par int\u00e9rim de l&rsquo;ABN et Coordinateur r\u00e9gional du projet NB-ITTAS, SADI Abdoulaye et de plusieurs acteurs) Elus des collectivit\u00e9s, agriculteurs, p\u00eacheurs, \u00e9leveurs, artisans, transformateurs de produits locaux, orpailleurs, formateurs, etc).<\/p>\n<p dir=\"ltr\"><b>\u00a0 \u00a0 \u00a0 \u00a0 \u00a0 \u00a0 \u00a0 \u00a0 \u00a0 \u00a0 \u00a0 \u00a0 \u00a0 \u00a0 \u00a0 \u00a0 \u00a0 \u00a0 \u00a0 \u00a0 \u00a0 \u00a0 \u00a0 \u00a0 \u00a0 \u00a0 \u00a0 \u00a0 \u00a0 \u00a0 \u00a0 \u00a0 \u00a0S.A.<\/b><\/p>\n","protected":false},"excerpt":{"rendered":"<p>Dans le cadre de la mise en \u0153uvre du Projet \u00ab\u00a0Am\u00e9liorer la GIRE, la gestion et la gouvernance fond\u00e9es sur la connaissance du Bassin du Niger et du syst\u00e8me aquif\u00e8re d&rsquo;Iullemeden-Touad\u00e9ni\/Tanezrouft\u00a0\u00bb(NB-ITTAS), l&rsquo;Autorit\u00e9 du Bassin du Niger (ABN) organise, du 27 au 30 ao\u00fbt 2024, \u00e0 Abidjan-Cocody , un atelier national de formation des usagers et [&hellip;]<\/p>\n","protected":false},"author":2,"featured_media":6455,"comment_status":"closed","ping_status":"closed","sticky":false,"template":"","format":"standard","meta":{"_acf_changed":false,"footnotes":""},"categories":[155],"tags":[],"class_list":["post-6454","post","type-post","status-publish","format-standard","has-post-thumbnail","hentry","category-environnement"],"acf":[],"yoast_head":"<!-- This site is optimized with the Yoast SEO plugin v27.5 - https:\/\/yoast.com\/product\/yoast-seo-wordpress\/ -->\n<title>Am\u00e9lioration de la gestion et la gouvernance \u00e9conomique des ressources naturelles et en eau : Un atelier de formation des usagers des ressources naturelles du Bassin du Niger se tient \u00e0 Abidjan - Amanien| L&#039;actualit\u00e9 Ivoirienne et Internationale<\/title>\n<meta name=\"robots\" content=\"index, follow, max-snippet:-1, max-image-preview:large, max-video-preview:-1\" \/>\n<link rel=\"canonical\" href=\"https:\/\/www.amanien.info\/news\/amelioration-de-la-gestion-et-la-gouvernance-economique-des-ressources-naturelles-et-en-eau-un-atelier-de-formation-des-usagers-des-ressources-naturelles-du-bassin-du-niger-se-tient-a-abidjan\/\" \/>\n<meta property=\"og:locale\" content=\"fr_FR\" \/>\n<meta property=\"og:type\" content=\"article\" \/>\n<meta property=\"og:title\" content=\"Am\u00e9lioration de la gestion et la gouvernance \u00e9conomique des ressources naturelles et en eau : Un atelier de formation des usagers des ressources naturelles du Bassin du Niger se tient \u00e0 Abidjan - Amanien| L&#039;actualit\u00e9 Ivoirienne et Internationale\" \/>\n<meta property=\"og:description\" content=\"Dans le cadre de la mise en \u0153uvre du Projet \u00ab\u00a0Am\u00e9liorer la GIRE, la gestion et la gouvernance fond\u00e9es sur la connaissance du Bassin du Niger et du syst\u00e8me aquif\u00e8re d&rsquo;Iullemeden-Touad\u00e9ni\/Tanezrouft\u00a0\u00bb(NB-ITTAS), l&rsquo;Autorit\u00e9 du Bassin du Niger (ABN) organise, du 27 au 30 ao\u00fbt 2024, \u00e0 Abidjan-Cocody , un atelier national de formation des usagers et [&hellip;]\" \/>\n<meta property=\"og:url\" content=\"https:\/\/www.amanien.info\/news\/amelioration-de-la-gestion-et-la-gouvernance-economique-des-ressources-naturelles-et-en-eau-un-atelier-de-formation-des-usagers-des-ressources-naturelles-du-bassin-du-niger-se-tient-a-abidjan\/\" \/>\n<meta property=\"og:site_name\" content=\"Amanien| L&#039;actualit\u00e9 Ivoirienne et Internationale\" \/>\n<meta property=\"article:published_time\" content=\"2024-08-28T09:19:16+00:00\" \/>\n<meta property=\"og:image\" content=\"https:\/\/www.amanien.info\/news\/wp-content\/uploads\/2024\/08\/IMG-20240827-WA0101-1.jpg\" \/>\n\t<meta property=\"og:image:width\" content=\"1600\" \/>\n\t<meta property=\"og:image:height\" content=\"1035\" \/>\n\t<meta property=\"og:image:type\" content=\"image\/jpeg\" \/>\n<meta name=\"author\" content=\"Germain Ndri\" \/>\n<meta name=\"twitter:card\" content=\"summary_large_image\" \/>\n<meta name=\"twitter:label1\" content=\"\u00c9crit par\" \/>\n\t<meta name=\"twitter:data1\" content=\"Germain Ndri\" \/>\n\t<meta name=\"twitter:label2\" content=\"Dur\u00e9e de lecture estim\u00e9e\" \/>\n\t<meta name=\"twitter:data2\" content=\"4 minutes\" \/>\n<script type=\"application\/ld+json\" class=\"yoast-schema-graph\">{\"@context\":\"https:\\\/\\\/schema.org\",\"@graph\":[{\"@type\":\"Article\",\"@id\":\"https:\\\/\\\/www.amanien.info\\\/news\\\/amelioration-de-la-gestion-et-la-gouvernance-economique-des-ressources-naturelles-et-en-eau-un-atelier-de-formation-des-usagers-des-ressources-naturelles-du-bassin-du-niger-se-tient-a-abidjan\\\/#article\",\"isPartOf\":{\"@id\":\"https:\\\/\\\/www.amanien.info\\\/news\\\/amelioration-de-la-gestion-et-la-gouvernance-economique-des-ressources-naturelles-et-en-eau-un-atelier-de-formation-des-usagers-des-ressources-naturelles-du-bassin-du-niger-se-tient-a-abidjan\\\/\"},\"author\":{\"name\":\"Germain Ndri\",\"@id\":\"https:\\\/\\\/www.amanien.info\\\/news\\\/#\\\/schema\\\/person\\\/b21093345753a1a98242d505bd894f42\"},\"headline\":\"Am\u00e9lioration de la gestion et la gouvernance \u00e9conomique des ressources naturelles et en eau : Un atelier de formation des usagers des ressources naturelles du Bassin du Niger se tient \u00e0 Abidjan\",\"datePublished\":\"2024-08-28T09:19:16+00:00\",\"mainEntityOfPage\":{\"@id\":\"https:\\\/\\\/www.amanien.info\\\/news\\\/amelioration-de-la-gestion-et-la-gouvernance-economique-des-ressources-naturelles-et-en-eau-un-atelier-de-formation-des-usagers-des-ressources-naturelles-du-bassin-du-niger-se-tient-a-abidjan\\\/\"},\"wordCount\":681,\"image\":{\"@id\":\"https:\\\/\\\/www.amanien.info\\\/news\\\/amelioration-de-la-gestion-et-la-gouvernance-economique-des-ressources-naturelles-et-en-eau-un-atelier-de-formation-des-usagers-des-ressources-naturelles-du-bassin-du-niger-se-tient-a-abidjan\\\/#primaryimage\"},\"thumbnailUrl\":\"https:\\\/\\\/www.amanien.info\\\/news\\\/wp-content\\\/uploads\\\/2024\\\/08\\\/IMG-20240827-WA0101-1.jpg\",\"articleSection\":[\"Environnement\"],\"inLanguage\":\"fr-FR\"},{\"@type\":\"WebPage\",\"@id\":\"https:\\\/\\\/www.amanien.info\\\/news\\\/amelioration-de-la-gestion-et-la-gouvernance-economique-des-ressources-naturelles-et-en-eau-un-atelier-de-formation-des-usagers-des-ressources-naturelles-du-bassin-du-niger-se-tient-a-abidjan\\\/\",\"url\":\"https:\\\/\\\/www.amanien.info\\\/news\\\/amelioration-de-la-gestion-et-la-gouvernance-economique-des-ressources-naturelles-et-en-eau-un-atelier-de-formation-des-usagers-des-ressources-naturelles-du-bassin-du-niger-se-tient-a-abidjan\\\/\",\"name\":\"Am\u00e9lioration de la gestion et la gouvernance \u00e9conomique des ressources naturelles et en eau : Un atelier de formation des usagers des ressources naturelles du Bassin du Niger se tient \u00e0 Abidjan - Amanien| L&#039;actualit\u00e9 Ivoirienne et Internationale\",\"isPartOf\":{\"@id\":\"https:\\\/\\\/www.amanien.info\\\/news\\\/#website\"},\"primaryImageOfPage\":{\"@id\":\"https:\\\/\\\/www.amanien.info\\\/news\\\/amelioration-de-la-gestion-et-la-gouvernance-economique-des-ressources-naturelles-et-en-eau-un-atelier-de-formation-des-usagers-des-ressources-naturelles-du-bassin-du-niger-se-tient-a-abidjan\\\/#primaryimage\"},\"image\":{\"@id\":\"https:\\\/\\\/www.amanien.info\\\/news\\\/amelioration-de-la-gestion-et-la-gouvernance-economique-des-ressources-naturelles-et-en-eau-un-atelier-de-formation-des-usagers-des-ressources-naturelles-du-bassin-du-niger-se-tient-a-abidjan\\\/#primaryimage\"},\"thumbnailUrl\":\"https:\\\/\\\/www.amanien.info\\\/news\\\/wp-content\\\/uploads\\\/2024\\\/08\\\/IMG-20240827-WA0101-1.jpg\",\"datePublished\":\"2024-08-28T09:19:16+00:00\",\"author\":{\"@id\":\"https:\\\/\\\/www.amanien.info\\\/news\\\/#\\\/schema\\\/person\\\/b21093345753a1a98242d505bd894f42\"},\"breadcrumb\":{\"@id\":\"https:\\\/\\\/www.amanien.info\\\/news\\\/amelioration-de-la-gestion-et-la-gouvernance-economique-des-ressources-naturelles-et-en-eau-un-atelier-de-formation-des-usagers-des-ressources-naturelles-du-bassin-du-niger-se-tient-a-abidjan\\\/#breadcrumb\"},\"inLanguage\":\"fr-FR\",\"potentialAction\":[{\"@type\":\"ReadAction\",\"target\":[\"https:\\\/\\\/www.amanien.info\\\/news\\\/amelioration-de-la-gestion-et-la-gouvernance-economique-des-ressources-naturelles-et-en-eau-un-atelier-de-formation-des-usagers-des-ressources-naturelles-du-bassin-du-niger-se-tient-a-abidjan\\\/\"]}]},{\"@type\":\"ImageObject\",\"inLanguage\":\"fr-FR\",\"@id\":\"https:\\\/\\\/www.amanien.info\\\/news\\\/amelioration-de-la-gestion-et-la-gouvernance-economique-des-ressources-naturelles-et-en-eau-un-atelier-de-formation-des-usagers-des-ressources-naturelles-du-bassin-du-niger-se-tient-a-abidjan\\\/#primaryimage\",\"url\":\"https:\\\/\\\/www.amanien.info\\\/news\\\/wp-content\\\/uploads\\\/2024\\\/08\\\/IMG-20240827-WA0101-1.jpg\",\"contentUrl\":\"https:\\\/\\\/www.amanien.info\\\/news\\\/wp-content\\\/uploads\\\/2024\\\/08\\\/IMG-20240827-WA0101-1.jpg\",\"width\":1600,\"height\":1035},{\"@type\":\"BreadcrumbList\",\"@id\":\"https:\\\/\\\/www.amanien.info\\\/news\\\/amelioration-de-la-gestion-et-la-gouvernance-economique-des-ressources-naturelles-et-en-eau-un-atelier-de-formation-des-usagers-des-ressources-naturelles-du-bassin-du-niger-se-tient-a-abidjan\\\/#breadcrumb\",\"itemListElement\":[{\"@type\":\"ListItem\",\"position\":1,\"name\":\"Accueil\",\"item\":\"https:\\\/\\\/www.amanien.info\\\/news\\\/\"},{\"@type\":\"ListItem\",\"position\":2,\"name\":\"Am\u00e9lioration de la gestion et la gouvernance \u00e9conomique des ressources naturelles et en eau : Un atelier de formation des usagers des ressources naturelles du Bassin du Niger se tient \u00e0 Abidjan\"}]},{\"@type\":\"WebSite\",\"@id\":\"https:\\\/\\\/www.amanien.info\\\/news\\\/#website\",\"url\":\"https:\\\/\\\/www.amanien.info\\\/news\\\/\",\"name\":\"Amanien| L&#039;actualit\u00e9 Ivoirienne et Internationale\",\"description\":\"L&#039;actualit\u00e9 Ivoirienne et Internationale\",\"potentialAction\":[{\"@type\":\"SearchAction\",\"target\":{\"@type\":\"EntryPoint\",\"urlTemplate\":\"https:\\\/\\\/www.amanien.info\\\/news\\\/?s={search_term_string}\"},\"query-input\":{\"@type\":\"PropertyValueSpecification\",\"valueRequired\":true,\"valueName\":\"search_term_string\"}}],\"inLanguage\":\"fr-FR\"},{\"@type\":\"Person\",\"@id\":\"https:\\\/\\\/www.amanien.info\\\/news\\\/#\\\/schema\\\/person\\\/b21093345753a1a98242d505bd894f42\",\"name\":\"Germain Ndri\",\"url\":\"https:\\\/\\\/www.amanien.info\\\/news\\\/author\\\/amanien-infos\\\/\"}]}<\/script>\n<!-- \/ Yoast SEO plugin. -->","yoast_head_json":{"title":"Am\u00e9lioration de la gestion et la gouvernance \u00e9conomique des ressources naturelles et en eau : Un atelier de formation des usagers des ressources naturelles du Bassin du Niger se tient \u00e0 Abidjan - Amanien| L&#039;actualit\u00e9 Ivoirienne et Internationale","robots":{"index":"index","follow":"follow","max-snippet":"max-snippet:-1","max-image-preview":"max-image-preview:large","max-video-preview":"max-video-preview:-1"},"canonical":"https:\/\/www.amanien.info\/news\/amelioration-de-la-gestion-et-la-gouvernance-economique-des-ressources-naturelles-et-en-eau-un-atelier-de-formation-des-usagers-des-ressources-naturelles-du-bassin-du-niger-se-tient-a-abidjan\/","og_locale":"fr_FR","og_type":"article","og_title":"Am\u00e9lioration de la gestion et la gouvernance \u00e9conomique des ressources naturelles et en eau : Un atelier de formation des usagers des ressources naturelles du Bassin du Niger se tient \u00e0 Abidjan - Amanien| L&#039;actualit\u00e9 Ivoirienne et Internationale","og_description":"Dans le cadre de la mise en \u0153uvre du Projet \u00ab\u00a0Am\u00e9liorer la GIRE, la gestion et la gouvernance fond\u00e9es sur la connaissance du Bassin du Niger et du syst\u00e8me aquif\u00e8re d&rsquo;Iullemeden-Touad\u00e9ni\/Tanezrouft\u00a0\u00bb(NB-ITTAS), l&rsquo;Autorit\u00e9 du Bassin du Niger (ABN) organise, du 27 au 30 ao\u00fbt 2024, \u00e0 Abidjan-Cocody , un atelier national de formation des usagers et [&hellip;]","og_url":"https:\/\/www.amanien.info\/news\/amelioration-de-la-gestion-et-la-gouvernance-economique-des-ressources-naturelles-et-en-eau-un-atelier-de-formation-des-usagers-des-ressources-naturelles-du-bassin-du-niger-se-tient-a-abidjan\/","og_site_name":"Amanien| L&#039;actualit\u00e9 Ivoirienne et Internationale","article_published_time":"2024-08-28T09:19:16+00:00","og_image":[{"width":1600,"height":1035,"url":"https:\/\/www.amanien.info\/news\/wp-content\/uploads\/2024\/08\/IMG-20240827-WA0101-1.jpg","type":"image\/jpeg"}],"author":"Germain Ndri","twitter_card":"summary_large_image","twitter_misc":{"\u00c9crit par":"Germain Ndri","Dur\u00e9e de lecture estim\u00e9e":"4 minutes"},"schema":{"@context":"https:\/\/schema.org","@graph":[{"@type":"Article","@id":"https:\/\/www.amanien.info\/news\/amelioration-de-la-gestion-et-la-gouvernance-economique-des-ressources-naturelles-et-en-eau-un-atelier-de-formation-des-usagers-des-ressources-naturelles-du-bassin-du-niger-se-tient-a-abidjan\/#article","isPartOf":{"@id":"https:\/\/www.amanien.info\/news\/amelioration-de-la-gestion-et-la-gouvernance-economique-des-ressources-naturelles-et-en-eau-un-atelier-de-formation-des-usagers-des-ressources-naturelles-du-bassin-du-niger-se-tient-a-abidjan\/"},"author":{"name":"Germain Ndri","@id":"https:\/\/www.amanien.info\/news\/#\/schema\/person\/b21093345753a1a98242d505bd894f42"},"headline":"Am\u00e9lioration de la gestion et la gouvernance \u00e9conomique des ressources naturelles et en eau : Un atelier de formation des usagers des ressources naturelles du Bassin du Niger se tient \u00e0 Abidjan","datePublished":"2024-08-28T09:19:16+00:00","mainEntityOfPage":{"@id":"https:\/\/www.amanien.info\/news\/amelioration-de-la-gestion-et-la-gouvernance-economique-des-ressources-naturelles-et-en-eau-un-atelier-de-formation-des-usagers-des-ressources-naturelles-du-bassin-du-niger-se-tient-a-abidjan\/"},"wordCount":681,"image":{"@id":"https:\/\/www.amanien.info\/news\/amelioration-de-la-gestion-et-la-gouvernance-economique-des-ressources-naturelles-et-en-eau-un-atelier-de-formation-des-usagers-des-ressources-naturelles-du-bassin-du-niger-se-tient-a-abidjan\/#primaryimage"},"thumbnailUrl":"https:\/\/www.amanien.info\/news\/wp-content\/uploads\/2024\/08\/IMG-20240827-WA0101-1.jpg","articleSection":["Environnement"],"inLanguage":"fr-FR"},{"@type":"WebPage","@id":"https:\/\/www.amanien.info\/news\/amelioration-de-la-gestion-et-la-gouvernance-economique-des-ressources-naturelles-et-en-eau-un-atelier-de-formation-des-usagers-des-ressources-naturelles-du-bassin-du-niger-se-tient-a-abidjan\/","url":"https:\/\/www.amanien.info\/news\/amelioration-de-la-gestion-et-la-gouvernance-economique-des-ressources-naturelles-et-en-eau-un-atelier-de-formation-des-usagers-des-ressources-naturelles-du-bassin-du-niger-se-tient-a-abidjan\/","name":"Am\u00e9lioration de la gestion et la gouvernance \u00e9conomique des ressources naturelles et en eau : Un atelier de formation des usagers des ressources naturelles du Bassin du Niger se tient \u00e0 Abidjan - Amanien| L&#039;actualit\u00e9 Ivoirienne et Internationale","isPartOf":{"@id":"https:\/\/www.amanien.info\/news\/#website"},"primaryImageOfPage":{"@id":"https:\/\/www.amanien.info\/news\/amelioration-de-la-gestion-et-la-gouvernance-economique-des-ressources-naturelles-et-en-eau-un-atelier-de-formation-des-usagers-des-ressources-naturelles-du-bassin-du-niger-se-tient-a-abidjan\/#primaryimage"},"image":{"@id":"https:\/\/www.amanien.info\/news\/amelioration-de-la-gestion-et-la-gouvernance-economique-des-ressources-naturelles-et-en-eau-un-atelier-de-formation-des-usagers-des-ressources-naturelles-du-bassin-du-niger-se-tient-a-abidjan\/#primaryimage"},"thumbnailUrl":"https:\/\/www.amanien.info\/news\/wp-content\/uploads\/2024\/08\/IMG-20240827-WA0101-1.jpg","datePublished":"2024-08-28T09:19:16+00:00","author":{"@id":"https:\/\/www.amanien.info\/news\/#\/schema\/person\/b21093345753a1a98242d505bd894f42"},"breadcrumb":{"@id":"https:\/\/www.amanien.info\/news\/amelioration-de-la-gestion-et-la-gouvernance-economique-des-ressources-naturelles-et-en-eau-un-atelier-de-formation-des-usagers-des-ressources-naturelles-du-bassin-du-niger-se-tient-a-abidjan\/#breadcrumb"},"inLanguage":"fr-FR","potentialAction":[{"@type":"ReadAction","target":["https:\/\/www.amanien.info\/news\/amelioration-de-la-gestion-et-la-gouvernance-economique-des-ressources-naturelles-et-en-eau-un-atelier-de-formation-des-usagers-des-ressources-naturelles-du-bassin-du-niger-se-tient-a-abidjan\/"]}]},{"@type":"ImageObject","inLanguage":"fr-FR","@id":"https:\/\/www.amanien.info\/news\/amelioration-de-la-gestion-et-la-gouvernance-economique-des-ressources-naturelles-et-en-eau-un-atelier-de-formation-des-usagers-des-ressources-naturelles-du-bassin-du-niger-se-tient-a-abidjan\/#primaryimage","url":"https:\/\/www.amanien.info\/news\/wp-content\/uploads\/2024\/08\/IMG-20240827-WA0101-1.jpg","contentUrl":"https:\/\/www.amanien.info\/news\/wp-content\/uploads\/2024\/08\/IMG-20240827-WA0101-1.jpg","width":1600,"height":1035},{"@type":"BreadcrumbList","@id":"https:\/\/www.amanien.info\/news\/amelioration-de-la-gestion-et-la-gouvernance-economique-des-ressources-naturelles-et-en-eau-un-atelier-de-formation-des-usagers-des-ressources-naturelles-du-bassin-du-niger-se-tient-a-abidjan\/#breadcrumb","itemListElement":[{"@type":"ListItem","position":1,"name":"Accueil","item":"https:\/\/www.amanien.info\/news\/"},{"@type":"ListItem","position":2,"name":"Am\u00e9lioration de la gestion et la gouvernance \u00e9conomique des ressources naturelles et en eau : Un atelier de formation des usagers des ressources naturelles du Bassin du Niger se tient \u00e0 Abidjan"}]},{"@type":"WebSite","@id":"https:\/\/www.amanien.info\/news\/#website","url":"https:\/\/www.amanien.info\/news\/","name":"Amanien| L&#039;actualit\u00e9 Ivoirienne et Internationale","description":"L&#039;actualit\u00e9 Ivoirienne et Internationale","potentialAction":[{"@type":"SearchAction","target":{"@type":"EntryPoint","urlTemplate":"https:\/\/www.amanien.info\/news\/?s={search_term_string}"},"query-input":{"@type":"PropertyValueSpecification","valueRequired":true,"valueName":"search_term_string"}}],"inLanguage":"fr-FR"},{"@type":"Person","@id":"https:\/\/www.amanien.info\/news\/#\/schema\/person\/b21093345753a1a98242d505bd894f42","name":"Germain Ndri","url":"https:\/\/www.amanien.info\/news\/author\/amanien-infos\/"}]}},"_links":{"self":[{"href":"https:\/\/www.amanien.info\/news\/wp-json\/wp\/v2\/posts\/6454","targetHints":{"allow":["GET"]}}],"collection":[{"href":"https:\/\/www.amanien.info\/news\/wp-json\/wp\/v2\/posts"}],"about":[{"href":"https:\/\/www.amanien.info\/news\/wp-json\/wp\/v2\/types\/post"}],"author":[{"embeddable":true,"href":"https:\/\/www.amanien.info\/news\/wp-json\/wp\/v2\/users\/2"}],"replies":[{"embeddable":true,"href":"https:\/\/www.amanien.info\/news\/wp-json\/wp\/v2\/comments?post=6454"}],"version-history":[{"count":1,"href":"https:\/\/www.amanien.info\/news\/wp-json\/wp\/v2\/posts\/6454\/revisions"}],"predecessor-version":[{"id":6456,"href":"https:\/\/www.amanien.info\/news\/wp-json\/wp\/v2\/posts\/6454\/revisions\/6456"}],"wp:featuredmedia":[{"embeddable":true,"href":"https:\/\/www.amanien.info\/news\/wp-json\/wp\/v2\/media\/6455"}],"wp:attachment":[{"href":"https:\/\/www.amanien.info\/news\/wp-json\/wp\/v2\/media?parent=6454"}],"wp:term":[{"taxonomy":"category","embeddable":true,"href":"https:\/\/www.amanien.info\/news\/wp-json\/wp\/v2\/categories?post=6454"},{"taxonomy":"post_tag","embeddable":true,"href":"https:\/\/www.amanien.info\/news\/wp-json\/wp\/v2\/tags?post=6454"}],"curies":[{"name":"wp","href":"https:\/\/api.w.org\/{rel}","templated":true}]}}