{"id":6447,"date":"2024-08-26T18:49:42","date_gmt":"2024-08-26T18:49:42","guid":{"rendered":"https:\/\/www.amanien.info\/news\/?p=6447"},"modified":"2024-08-26T18:49:42","modified_gmt":"2024-08-26T18:49:42","slug":"1ere-et-2eme-journees-des-eliminatoires-de-la-can-2025-fae-emerse-devoile-la-liste-des-elephants-convoques","status":"publish","type":"post","link":"https:\/\/www.amanien.info\/news\/1ere-et-2eme-journees-des-eliminatoires-de-la-can-2025-fae-emerse-devoile-la-liste-des-elephants-convoques\/","title":{"rendered":"1\u00e8re et\u00a0 2\u00e8me Journ\u00e9es des \u00e9liminatoires de la CAN 2025 : Fa\u00e9 Emerse d\u00e9voile la liste des \u00e9l\u00e9phants convoqu\u00e9s\u00a0"},"content":{"rendered":"<div><span style=\"text-transform: initial;\">Le s\u00e9lectionneur de l&rsquo;\u00e9quipe A des \u00e9l\u00e9phants de C\u00f4te d&rsquo;Ivoire, Emerse Fa\u00e9 a d\u00e9voil\u00e9, ce lundi 26 ao\u00fbt 2024, \u00e0 la salle de conf\u00e9rence du stade FHB d&rsquo;Abidjan-Plateau, la liste des 25 \u00e9l\u00e9phants convoqu\u00e9s, au cours d&rsquo;une conf\u00e9rence de presse.\u00a0<\/span><\/div>\n<div><\/div>\n<div>Pour cette fen\u00eatre internationale au cours de laquelle la C\u00f4te d&rsquo;Ivoire affrontera la Zambie, le vendredi 06 septembre prochain, au stade de la paix de Bouak\u00e9 et le Tchad, le mardi 10 septembre \u00e0 Yaound\u00e9, au Cameroun,\u00a0 le technicien ivoirien de 40 ans a eu confiance en 03 gardiens de but, 09 d\u00e9fenseurs, 05 milieux de terrain et 08 attaquants.<\/div>\n<div><\/div>\n<div>Ci-dessous, l&rsquo;int\u00e9gralit\u00e9 de la liste des 25 commandos de Fa\u00e9 Emerse :<\/div>\n<div><\/div>\n<div><b>Gardiens<\/b>\u00a0<b>de<\/b>\u00a0<b>but<\/b>\u00a0: Yahia Fofana, Kon\u00e9 Mohamed- Sangar\u00e9 Badra Ali.<\/div>\n<div><\/div>\n<div><\/div>\n<div><b>D\u00e9fenseurs<\/b>\u00a0: Emmanuel Agbadou- Willy Boly- Diomand\u00e9 Ousmane-Guela Dou\u00e9 \u2013Kossonou Odilon- Evan N&rsquo;Dicka \u2013Operi Christopher- Sylla Aboubakar, Wilfred Singo.<\/div>\n<div><\/div>\n<div><b>Milieux<\/b>\u00a0<b>de<\/b>\u00a0<b>terrain<\/b>\u00a0: Diomand\u00e9 Mohamed- Dorgeles Mao- Franck Kessi\u00e9- Ibrahim Sanagar\u00e9- Jean-Michael Seri.<\/div>\n<div><\/div>\n<div><b>Attaquants<\/b>\u00a0: Simon Adingra- Diakit\u00e9 Oumar- Hamad Diallo- N&rsquo;Guessan Evan \u2013 Christian Kouam\u00e9- Traor\u00e9 Beni \u2013S\u00e9bastien Haller, Emmanuel Lath.<\/div>\n<div><\/div>\n<div><\/div>\n<div>Notons que cette ann\u00e9e intervient dans un contexte particulier marqu\u00e9 par la r\u00e9cente disparition de Sven-Goran Erickson , ex- s\u00e9lectionneur des \u00c9l\u00e9phants, d\u00e9c\u00e9d\u00e9 de ce lundi 26 ao\u00fbt des suites d&rsquo;une longue maladie. Fa\u00e9 Emerse lui a rendu un hommage.<\/div>\n<div><\/div>\n<div><\/div>\n<div>Il a \u00e9galement annonc\u00e9 un l\u00e9ger remaniement au sein de son staff technique, en rempla\u00e7ant G\u00e9rald Gnawoua au poste de l&rsquo;entra\u00eeneur des gardiens par Micha\u00ebl Fabre.<\/div>\n<div><\/div>\n<div><b>S.A.<\/b><\/div>\n<div><\/div>\n","protected":false},"excerpt":{"rendered":"<p>Le s\u00e9lectionneur de l&rsquo;\u00e9quipe A des \u00e9l\u00e9phants de C\u00f4te d&rsquo;Ivoire, Emerse Fa\u00e9 a d\u00e9voil\u00e9, ce lundi 26 ao\u00fbt 2024, \u00e0 la salle de conf\u00e9rence du stade FHB d&rsquo;Abidjan-Plateau, la liste des 25 \u00e9l\u00e9phants convoqu\u00e9s, au cours d&rsquo;une conf\u00e9rence de presse.\u00a0 Pour cette fen\u00eatre internationale au cours de laquelle la C\u00f4te d&rsquo;Ivoire affrontera la Zambie, le [&hellip;]<\/p>\n","protected":false},"author":2,"featured_media":6448,"comment_status":"closed","ping_status":"closed","sticky":false,"template":"","format":"standard","meta":{"_acf_changed":false,"footnotes":""},"categories":[4],"tags":[],"class_list":["post-6447","post","type-post","status-publish","format-standard","has-post-thumbnail","hentry","category-sport"],"acf":[],"yoast_head":"<!-- This site is optimized with the Yoast SEO plugin v27.5 - https:\/\/yoast.com\/product\/yoast-seo-wordpress\/ -->\n<title>1\u00e8re et\u00a0 2\u00e8me Journ\u00e9es des \u00e9liminatoires de la CAN 2025 : Fa\u00e9 Emerse d\u00e9voile la liste des \u00e9l\u00e9phants convoqu\u00e9s\u00a0 - Amanien| L&#039;actualit\u00e9 Ivoirienne et Internationale<\/title>\n<meta name=\"robots\" content=\"index, follow, max-snippet:-1, max-image-preview:large, max-video-preview:-1\" \/>\n<link rel=\"canonical\" href=\"https:\/\/www.amanien.info\/news\/1ere-et-2eme-journees-des-eliminatoires-de-la-can-2025-fae-emerse-devoile-la-liste-des-elephants-convoques\/\" \/>\n<meta property=\"og:locale\" content=\"fr_FR\" \/>\n<meta property=\"og:type\" content=\"article\" \/>\n<meta property=\"og:title\" content=\"1\u00e8re et\u00a0 2\u00e8me Journ\u00e9es des \u00e9liminatoires de la CAN 2025 : Fa\u00e9 Emerse d\u00e9voile la liste des \u00e9l\u00e9phants convoqu\u00e9s\u00a0 - Amanien| L&#039;actualit\u00e9 Ivoirienne et Internationale\" \/>\n<meta property=\"og:description\" content=\"Le s\u00e9lectionneur de l&rsquo;\u00e9quipe A des \u00e9l\u00e9phants de C\u00f4te d&rsquo;Ivoire, Emerse Fa\u00e9 a d\u00e9voil\u00e9, ce lundi 26 ao\u00fbt 2024, \u00e0 la salle de conf\u00e9rence du stade FHB d&rsquo;Abidjan-Plateau, la liste des 25 \u00e9l\u00e9phants convoqu\u00e9s, au cours d&rsquo;une conf\u00e9rence de presse.\u00a0 Pour cette fen\u00eatre internationale au cours de laquelle la C\u00f4te d&rsquo;Ivoire affrontera la Zambie, le [&hellip;]\" \/>\n<meta property=\"og:url\" content=\"https:\/\/www.amanien.info\/news\/1ere-et-2eme-journees-des-eliminatoires-de-la-can-2025-fae-emerse-devoile-la-liste-des-elephants-convoques\/\" \/>\n<meta property=\"og:site_name\" content=\"Amanien| L&#039;actualit\u00e9 Ivoirienne et Internationale\" \/>\n<meta property=\"article:published_time\" content=\"2024-08-26T18:49:42+00:00\" \/>\n<meta property=\"og:image\" content=\"https:\/\/www.amanien.info\/news\/wp-content\/uploads\/2024\/08\/IMG-20240826-WA0910.jpg\" \/>\n\t<meta property=\"og:image:width\" content=\"768\" \/>\n\t<meta property=\"og:image:height\" content=\"512\" \/>\n\t<meta property=\"og:image:type\" content=\"image\/jpeg\" \/>\n<meta name=\"author\" content=\"Germain Ndri\" \/>\n<meta name=\"twitter:card\" content=\"summary_large_image\" \/>\n<meta name=\"twitter:label1\" content=\"\u00c9crit par\" \/>\n\t<meta name=\"twitter:data1\" content=\"Germain Ndri\" \/>\n\t<meta name=\"twitter:label2\" content=\"Dur\u00e9e de lecture estim\u00e9e\" \/>\n\t<meta name=\"twitter:data2\" content=\"2 minutes\" \/>\n<script type=\"application\/ld+json\" class=\"yoast-schema-graph\">{\"@context\":\"https:\\\/\\\/schema.org\",\"@graph\":[{\"@type\":\"Article\",\"@id\":\"https:\\\/\\\/www.amanien.info\\\/news\\\/1ere-et-2eme-journees-des-eliminatoires-de-la-can-2025-fae-emerse-devoile-la-liste-des-elephants-convoques\\\/#article\",\"isPartOf\":{\"@id\":\"https:\\\/\\\/www.amanien.info\\\/news\\\/1ere-et-2eme-journees-des-eliminatoires-de-la-can-2025-fae-emerse-devoile-la-liste-des-elephants-convoques\\\/\"},\"author\":{\"name\":\"Germain Ndri\",\"@id\":\"https:\\\/\\\/www.amanien.info\\\/news\\\/#\\\/schema\\\/person\\\/b21093345753a1a98242d505bd894f42\"},\"headline\":\"1\u00e8re et\u00a0 2\u00e8me Journ\u00e9es des \u00e9liminatoires de la CAN 2025 : Fa\u00e9 Emerse d\u00e9voile la liste des \u00e9l\u00e9phants convoqu\u00e9s\u00a0\",\"datePublished\":\"2024-08-26T18:49:42+00:00\",\"mainEntityOfPage\":{\"@id\":\"https:\\\/\\\/www.amanien.info\\\/news\\\/1ere-et-2eme-journees-des-eliminatoires-de-la-can-2025-fae-emerse-devoile-la-liste-des-elephants-convoques\\\/\"},\"wordCount\":283,\"image\":{\"@id\":\"https:\\\/\\\/www.amanien.info\\\/news\\\/1ere-et-2eme-journees-des-eliminatoires-de-la-can-2025-fae-emerse-devoile-la-liste-des-elephants-convoques\\\/#primaryimage\"},\"thumbnailUrl\":\"https:\\\/\\\/www.amanien.info\\\/news\\\/wp-content\\\/uploads\\\/2024\\\/08\\\/IMG-20240826-WA0910.jpg\",\"articleSection\":[\"Sport\"],\"inLanguage\":\"fr-FR\"},{\"@type\":\"WebPage\",\"@id\":\"https:\\\/\\\/www.amanien.info\\\/news\\\/1ere-et-2eme-journees-des-eliminatoires-de-la-can-2025-fae-emerse-devoile-la-liste-des-elephants-convoques\\\/\",\"url\":\"https:\\\/\\\/www.amanien.info\\\/news\\\/1ere-et-2eme-journees-des-eliminatoires-de-la-can-2025-fae-emerse-devoile-la-liste-des-elephants-convoques\\\/\",\"name\":\"1\u00e8re et\u00a0 2\u00e8me Journ\u00e9es des \u00e9liminatoires de la CAN 2025 : Fa\u00e9 Emerse d\u00e9voile la liste des \u00e9l\u00e9phants convoqu\u00e9s\u00a0 - Amanien| L&#039;actualit\u00e9 Ivoirienne et Internationale\",\"isPartOf\":{\"@id\":\"https:\\\/\\\/www.amanien.info\\\/news\\\/#website\"},\"primaryImageOfPage\":{\"@id\":\"https:\\\/\\\/www.amanien.info\\\/news\\\/1ere-et-2eme-journees-des-eliminatoires-de-la-can-2025-fae-emerse-devoile-la-liste-des-elephants-convoques\\\/#primaryimage\"},\"image\":{\"@id\":\"https:\\\/\\\/www.amanien.info\\\/news\\\/1ere-et-2eme-journees-des-eliminatoires-de-la-can-2025-fae-emerse-devoile-la-liste-des-elephants-convoques\\\/#primaryimage\"},\"thumbnailUrl\":\"https:\\\/\\\/www.amanien.info\\\/news\\\/wp-content\\\/uploads\\\/2024\\\/08\\\/IMG-20240826-WA0910.jpg\",\"datePublished\":\"2024-08-26T18:49:42+00:00\",\"author\":{\"@id\":\"https:\\\/\\\/www.amanien.info\\\/news\\\/#\\\/schema\\\/person\\\/b21093345753a1a98242d505bd894f42\"},\"breadcrumb\":{\"@id\":\"https:\\\/\\\/www.amanien.info\\\/news\\\/1ere-et-2eme-journees-des-eliminatoires-de-la-can-2025-fae-emerse-devoile-la-liste-des-elephants-convoques\\\/#breadcrumb\"},\"inLanguage\":\"fr-FR\",\"potentialAction\":[{\"@type\":\"ReadAction\",\"target\":[\"https:\\\/\\\/www.amanien.info\\\/news\\\/1ere-et-2eme-journees-des-eliminatoires-de-la-can-2025-fae-emerse-devoile-la-liste-des-elephants-convoques\\\/\"]}]},{\"@type\":\"ImageObject\",\"inLanguage\":\"fr-FR\",\"@id\":\"https:\\\/\\\/www.amanien.info\\\/news\\\/1ere-et-2eme-journees-des-eliminatoires-de-la-can-2025-fae-emerse-devoile-la-liste-des-elephants-convoques\\\/#primaryimage\",\"url\":\"https:\\\/\\\/www.amanien.info\\\/news\\\/wp-content\\\/uploads\\\/2024\\\/08\\\/IMG-20240826-WA0910.jpg\",\"contentUrl\":\"https:\\\/\\\/www.amanien.info\\\/news\\\/wp-content\\\/uploads\\\/2024\\\/08\\\/IMG-20240826-WA0910.jpg\",\"width\":768,\"height\":512},{\"@type\":\"BreadcrumbList\",\"@id\":\"https:\\\/\\\/www.amanien.info\\\/news\\\/1ere-et-2eme-journees-des-eliminatoires-de-la-can-2025-fae-emerse-devoile-la-liste-des-elephants-convoques\\\/#breadcrumb\",\"itemListElement\":[{\"@type\":\"ListItem\",\"position\":1,\"name\":\"Accueil\",\"item\":\"https:\\\/\\\/www.amanien.info\\\/news\\\/\"},{\"@type\":\"ListItem\",\"position\":2,\"name\":\"1\u00e8re et\u00a0 2\u00e8me Journ\u00e9es des \u00e9liminatoires de la CAN 2025 : Fa\u00e9 Emerse d\u00e9voile la liste des \u00e9l\u00e9phants convoqu\u00e9s\u00a0\"}]},{\"@type\":\"WebSite\",\"@id\":\"https:\\\/\\\/www.amanien.info\\\/news\\\/#website\",\"url\":\"https:\\\/\\\/www.amanien.info\\\/news\\\/\",\"name\":\"Amanien| L&#039;actualit\u00e9 Ivoirienne et Internationale\",\"description\":\"L&#039;actualit\u00e9 Ivoirienne et Internationale\",\"potentialAction\":[{\"@type\":\"SearchAction\",\"target\":{\"@type\":\"EntryPoint\",\"urlTemplate\":\"https:\\\/\\\/www.amanien.info\\\/news\\\/?s={search_term_string}\"},\"query-input\":{\"@type\":\"PropertyValueSpecification\",\"valueRequired\":true,\"valueName\":\"search_term_string\"}}],\"inLanguage\":\"fr-FR\"},{\"@type\":\"Person\",\"@id\":\"https:\\\/\\\/www.amanien.info\\\/news\\\/#\\\/schema\\\/person\\\/b21093345753a1a98242d505bd894f42\",\"name\":\"Germain Ndri\",\"url\":\"https:\\\/\\\/www.amanien.info\\\/news\\\/author\\\/amanien-infos\\\/\"}]}<\/script>\n<!-- \/ Yoast SEO plugin. -->","yoast_head_json":{"title":"1\u00e8re et\u00a0 2\u00e8me Journ\u00e9es des \u00e9liminatoires de la CAN 2025 : Fa\u00e9 Emerse d\u00e9voile la liste des \u00e9l\u00e9phants convoqu\u00e9s\u00a0 - Amanien| L&#039;actualit\u00e9 Ivoirienne et Internationale","robots":{"index":"index","follow":"follow","max-snippet":"max-snippet:-1","max-image-preview":"max-image-preview:large","max-video-preview":"max-video-preview:-1"},"canonical":"https:\/\/www.amanien.info\/news\/1ere-et-2eme-journees-des-eliminatoires-de-la-can-2025-fae-emerse-devoile-la-liste-des-elephants-convoques\/","og_locale":"fr_FR","og_type":"article","og_title":"1\u00e8re et\u00a0 2\u00e8me Journ\u00e9es des \u00e9liminatoires de la CAN 2025 : Fa\u00e9 Emerse d\u00e9voile la liste des \u00e9l\u00e9phants convoqu\u00e9s\u00a0 - Amanien| L&#039;actualit\u00e9 Ivoirienne et Internationale","og_description":"Le s\u00e9lectionneur de l&rsquo;\u00e9quipe A des \u00e9l\u00e9phants de C\u00f4te d&rsquo;Ivoire, Emerse Fa\u00e9 a d\u00e9voil\u00e9, ce lundi 26 ao\u00fbt 2024, \u00e0 la salle de conf\u00e9rence du stade FHB d&rsquo;Abidjan-Plateau, la liste des 25 \u00e9l\u00e9phants convoqu\u00e9s, au cours d&rsquo;une conf\u00e9rence de presse.\u00a0 Pour cette fen\u00eatre internationale au cours de laquelle la C\u00f4te d&rsquo;Ivoire affrontera la Zambie, le [&hellip;]","og_url":"https:\/\/www.amanien.info\/news\/1ere-et-2eme-journees-des-eliminatoires-de-la-can-2025-fae-emerse-devoile-la-liste-des-elephants-convoques\/","og_site_name":"Amanien| L&#039;actualit\u00e9 Ivoirienne et Internationale","article_published_time":"2024-08-26T18:49:42+00:00","og_image":[{"width":768,"height":512,"url":"https:\/\/www.amanien.info\/news\/wp-content\/uploads\/2024\/08\/IMG-20240826-WA0910.jpg","type":"image\/jpeg"}],"author":"Germain Ndri","twitter_card":"summary_large_image","twitter_misc":{"\u00c9crit par":"Germain Ndri","Dur\u00e9e de lecture estim\u00e9e":"2 minutes"},"schema":{"@context":"https:\/\/schema.org","@graph":[{"@type":"Article","@id":"https:\/\/www.amanien.info\/news\/1ere-et-2eme-journees-des-eliminatoires-de-la-can-2025-fae-emerse-devoile-la-liste-des-elephants-convoques\/#article","isPartOf":{"@id":"https:\/\/www.amanien.info\/news\/1ere-et-2eme-journees-des-eliminatoires-de-la-can-2025-fae-emerse-devoile-la-liste-des-elephants-convoques\/"},"author":{"name":"Germain Ndri","@id":"https:\/\/www.amanien.info\/news\/#\/schema\/person\/b21093345753a1a98242d505bd894f42"},"headline":"1\u00e8re et\u00a0 2\u00e8me Journ\u00e9es des \u00e9liminatoires de la CAN 2025 : Fa\u00e9 Emerse d\u00e9voile la liste des \u00e9l\u00e9phants convoqu\u00e9s\u00a0","datePublished":"2024-08-26T18:49:42+00:00","mainEntityOfPage":{"@id":"https:\/\/www.amanien.info\/news\/1ere-et-2eme-journees-des-eliminatoires-de-la-can-2025-fae-emerse-devoile-la-liste-des-elephants-convoques\/"},"wordCount":283,"image":{"@id":"https:\/\/www.amanien.info\/news\/1ere-et-2eme-journees-des-eliminatoires-de-la-can-2025-fae-emerse-devoile-la-liste-des-elephants-convoques\/#primaryimage"},"thumbnailUrl":"https:\/\/www.amanien.info\/news\/wp-content\/uploads\/2024\/08\/IMG-20240826-WA0910.jpg","articleSection":["Sport"],"inLanguage":"fr-FR"},{"@type":"WebPage","@id":"https:\/\/www.amanien.info\/news\/1ere-et-2eme-journees-des-eliminatoires-de-la-can-2025-fae-emerse-devoile-la-liste-des-elephants-convoques\/","url":"https:\/\/www.amanien.info\/news\/1ere-et-2eme-journees-des-eliminatoires-de-la-can-2025-fae-emerse-devoile-la-liste-des-elephants-convoques\/","name":"1\u00e8re et\u00a0 2\u00e8me Journ\u00e9es des \u00e9liminatoires de la CAN 2025 : Fa\u00e9 Emerse d\u00e9voile la liste des \u00e9l\u00e9phants convoqu\u00e9s\u00a0 - Amanien| L&#039;actualit\u00e9 Ivoirienne et Internationale","isPartOf":{"@id":"https:\/\/www.amanien.info\/news\/#website"},"primaryImageOfPage":{"@id":"https:\/\/www.amanien.info\/news\/1ere-et-2eme-journees-des-eliminatoires-de-la-can-2025-fae-emerse-devoile-la-liste-des-elephants-convoques\/#primaryimage"},"image":{"@id":"https:\/\/www.amanien.info\/news\/1ere-et-2eme-journees-des-eliminatoires-de-la-can-2025-fae-emerse-devoile-la-liste-des-elephants-convoques\/#primaryimage"},"thumbnailUrl":"https:\/\/www.amanien.info\/news\/wp-content\/uploads\/2024\/08\/IMG-20240826-WA0910.jpg","datePublished":"2024-08-26T18:49:42+00:00","author":{"@id":"https:\/\/www.amanien.info\/news\/#\/schema\/person\/b21093345753a1a98242d505bd894f42"},"breadcrumb":{"@id":"https:\/\/www.amanien.info\/news\/1ere-et-2eme-journees-des-eliminatoires-de-la-can-2025-fae-emerse-devoile-la-liste-des-elephants-convoques\/#breadcrumb"},"inLanguage":"fr-FR","potentialAction":[{"@type":"ReadAction","target":["https:\/\/www.amanien.info\/news\/1ere-et-2eme-journees-des-eliminatoires-de-la-can-2025-fae-emerse-devoile-la-liste-des-elephants-convoques\/"]}]},{"@type":"ImageObject","inLanguage":"fr-FR","@id":"https:\/\/www.amanien.info\/news\/1ere-et-2eme-journees-des-eliminatoires-de-la-can-2025-fae-emerse-devoile-la-liste-des-elephants-convoques\/#primaryimage","url":"https:\/\/www.amanien.info\/news\/wp-content\/uploads\/2024\/08\/IMG-20240826-WA0910.jpg","contentUrl":"https:\/\/www.amanien.info\/news\/wp-content\/uploads\/2024\/08\/IMG-20240826-WA0910.jpg","width":768,"height":512},{"@type":"BreadcrumbList","@id":"https:\/\/www.amanien.info\/news\/1ere-et-2eme-journees-des-eliminatoires-de-la-can-2025-fae-emerse-devoile-la-liste-des-elephants-convoques\/#breadcrumb","itemListElement":[{"@type":"ListItem","position":1,"name":"Accueil","item":"https:\/\/www.amanien.info\/news\/"},{"@type":"ListItem","position":2,"name":"1\u00e8re et\u00a0 2\u00e8me Journ\u00e9es des \u00e9liminatoires de la CAN 2025 : Fa\u00e9 Emerse d\u00e9voile la liste des \u00e9l\u00e9phants convoqu\u00e9s\u00a0"}]},{"@type":"WebSite","@id":"https:\/\/www.amanien.info\/news\/#website","url":"https:\/\/www.amanien.info\/news\/","name":"Amanien| L&#039;actualit\u00e9 Ivoirienne et Internationale","description":"L&#039;actualit\u00e9 Ivoirienne et Internationale","potentialAction":[{"@type":"SearchAction","target":{"@type":"EntryPoint","urlTemplate":"https:\/\/www.amanien.info\/news\/?s={search_term_string}"},"query-input":{"@type":"PropertyValueSpecification","valueRequired":true,"valueName":"search_term_string"}}],"inLanguage":"fr-FR"},{"@type":"Person","@id":"https:\/\/www.amanien.info\/news\/#\/schema\/person\/b21093345753a1a98242d505bd894f42","name":"Germain Ndri","url":"https:\/\/www.amanien.info\/news\/author\/amanien-infos\/"}]}},"_links":{"self":[{"href":"https:\/\/www.amanien.info\/news\/wp-json\/wp\/v2\/posts\/6447","targetHints":{"allow":["GET"]}}],"collection":[{"href":"https:\/\/www.amanien.info\/news\/wp-json\/wp\/v2\/posts"}],"about":[{"href":"https:\/\/www.amanien.info\/news\/wp-json\/wp\/v2\/types\/post"}],"author":[{"embeddable":true,"href":"https:\/\/www.amanien.info\/news\/wp-json\/wp\/v2\/users\/2"}],"replies":[{"embeddable":true,"href":"https:\/\/www.amanien.info\/news\/wp-json\/wp\/v2\/comments?post=6447"}],"version-history":[{"count":1,"href":"https:\/\/www.amanien.info\/news\/wp-json\/wp\/v2\/posts\/6447\/revisions"}],"predecessor-version":[{"id":6449,"href":"https:\/\/www.amanien.info\/news\/wp-json\/wp\/v2\/posts\/6447\/revisions\/6449"}],"wp:featuredmedia":[{"embeddable":true,"href":"https:\/\/www.amanien.info\/news\/wp-json\/wp\/v2\/media\/6448"}],"wp:attachment":[{"href":"https:\/\/www.amanien.info\/news\/wp-json\/wp\/v2\/media?parent=6447"}],"wp:term":[{"taxonomy":"category","embeddable":true,"href":"https:\/\/www.amanien.info\/news\/wp-json\/wp\/v2\/categories?post=6447"},{"taxonomy":"post_tag","embeddable":true,"href":"https:\/\/www.amanien.info\/news\/wp-json\/wp\/v2\/tags?post=6447"}],"curies":[{"name":"wp","href":"https:\/\/api.w.org\/{rel}","templated":true}]}}