{"id":6373,"date":"2024-08-03T18:00:33","date_gmt":"2024-08-03T18:00:33","guid":{"rendered":"https:\/\/www.amanien.info\/news\/?p=6373"},"modified":"2024-08-03T18:00:33","modified_gmt":"2024-08-03T18:00:33","slug":"cherte-de-la-vie-gouvernance-et-presidentielle-2025-lurci-denonce-la-gestion-opaque-du-parti-au-pouvoir-et-fait-des-propositions-concretes","status":"publish","type":"post","link":"https:\/\/www.amanien.info\/news\/cherte-de-la-vie-gouvernance-et-presidentielle-2025-lurci-denonce-la-gestion-opaque-du-parti-au-pouvoir-et-fait-des-propositions-concretes\/","title":{"rendered":"Chert\u00e9 de la vie, gouvernance et pr\u00e9sidentielle 2025 : l&rsquo;URCI d\u00e9nonce la gestion opaque du parti au pouvoir et fait des propositions concr\u00e8tes\u00a0"},"content":{"rendered":"<p>&nbsp;<\/p>\n<div><span style=\"text-transform: initial;\">\u00ab\u00a0<\/span><i style=\"text-transform: initial;\">(&#8230;) Le bilan du Pr\u00e9sident Ouattara est insuffisant, m\u00eame s&rsquo;il faut reconna\u00eetre qu&rsquo;au plan des infrastructures, quelques efforts sont fournis.\u00a0\u00a0<\/i><i style=\"text-transform: initial;\">Au plan social, c&rsquo;est un fiasco total, en t\u00e9moigne la vie ch\u00e8re qui fait vivoter les Ivoiriens et ne leur permet pas de vivre ais\u00e9ment\u00a0\u00bb,\u00a0<\/i><span style=\"text-transform: initial;\">a fustig\u00e9 D\u00e9sir\u00e9<\/span><b style=\"text-transform: initial;\">\u00a0<\/b><span style=\"text-transform: initial;\">Kouam\u00e9<\/span><b style=\"text-transform: initial;\">\u00a0<\/b><span style=\"text-transform: initial;\">N&rsquo;Guessan, Pr\u00e9sident de l&rsquo;Union pour le Rayonnement de la C\u00f4te d&rsquo;Ivoire (URCI), un jeune parti politique de l&rsquo;opposition.\u00a0<\/span><\/div>\n<div><\/div>\n<div><\/div>\n<div>Il s&rsquo;exprimait \u00e0 l&rsquo;occasion du premier num\u00e9ro de la tribune d\u00e9nomm\u00e9e \u00ab\u00a0LES ECHOS DE L&rsquo;URCI\u00a0\u00bb, qui a eu lieu le vendredi 02 Ao\u00fbt 2024, \u00e0 Abidjan-Cocody.<\/div>\n<div><\/div>\n<div>Pour le Pr\u00e9sident de l&rsquo;URCI, l&rsquo;augmentation drastique du co\u00fbt de l&rsquo;\u00e9lectricit\u00e9 et les coupures intempestives d&rsquo;\u00e9lectricit\u00e9 \u00ab\u00a0cr\u00e9ent d&rsquo;\u00e9normes pr\u00e9judices aux m\u00e9nages et entreprises\u00a0\u00bb, a-t-il d\u00e9plor\u00e9.<\/div>\n<div><\/div>\n<div>Avant de d\u00e9noncer les \u00ab\u00a0inalt\u00e9rables\u00a0\u00bb p\u00e9nuries d&rsquo;eau,\u00a0 la prolif\u00e9ration des ponts \u00e0 p\u00e9ages, le ch\u00f4mage \u00e0 outrance des jeunes, les restrictions des libert\u00e9s individuelles et collectives.<\/div>\n<div><\/div>\n<div><\/div>\n<div>De m\u00eame, DKN a d\u00e9plor\u00e9 l&rsquo;\u00e9chec des 60 000 logements sociaux promis par le gouvernement, la corruption end\u00e9mique et les scandales financiers, le rattrapage ethnique, les suicides en cascade ainsi que les d\u00e9guerpissements.<\/div>\n<div><\/div>\n<div>S&rsquo;engageant \u00e0 apporter une nouvelle offre politique pour une C\u00f4te d&rsquo;Ivoire rayonnante, unie et prosp\u00e8re, le Pr\u00e9sident de l&rsquo;URCI a fait des propositions concr\u00e8tes et a invit\u00e9 les Ivoiriens \u00e0 \u00ab\u00a0ne pas se d\u00e9sesp\u00e9rer de leur lendemain\u00a0\u00bb, a-t-il dit.<\/div>\n<div><\/div>\n<div><\/div>\n<div>Pour soulager la souffrance des ivoiriens,\u00a0 \u00ab\u00a0il suffit de diminuer la TVA pour entra\u00eener automatiquement la normalisation de la vie, de sorte qu&rsquo;on ne parle plus de vie ch\u00e8re puisque le prix des marchandises va baisser\u00a0\u00bb, a-t-il propos\u00e9.<\/div>\n<div><\/div>\n<div>Ajoutant que l&rsquo;URCI entend r\u00e9duire consid\u00e9rablement le co\u00fbt du p\u00e9age sur l&rsquo;ensemble du territoire national pour, dit-il, aboutir syst\u00e9matiquement \u00e0 la baisse du co\u00fbt du transport.<\/div>\n<div><\/div>\n<div>Le Premier responsable de l&rsquo;URCI n&rsquo;a pas manqu\u00e9 de sugg\u00e9rer la revalorisation du co\u00fbt des mati\u00e8res premi\u00e8res.<\/div>\n<div><\/div>\n<div>Il a, par ailleurs, fait des propositions concr\u00e8tes au parti au pouvoir pour parvenir \u00e0 des \u00e9lections pr\u00e9sidentielles sans violence en 2025.<\/div>\n<div>Il s&rsquo;agit, entre autres, de la r\u00e9vision du code \u00e9lectoral, la r\u00e9vision de la loi sur la Commission \u00c9lectorale Ind\u00e9pendante (CEI), la refonte de la liste \u00e9lectorale et l&rsquo;\u00e9laboration d&rsquo;une nouvelle liste \u00e9lectorale, la formation obligatoire des agents \u00e9lectoraux sur les proc\u00e9dures et les r\u00e8gles \u00e9lectorales, la mise en place d&rsquo;un syst\u00e8me d&rsquo;alerte pr\u00e9coce proactif et r\u00e9actif, le financement exceptionnel des \u00ab\u00a0petits\u00a0\u00bb partis politiques, la gratuit\u00e9 et l&rsquo;accessibilit\u00e9 de l&rsquo;op\u00e9ration de d\u00e9livrance de la CNI, la mise en place d&rsquo;un syst\u00e8me de vote \u00e9lectronique s\u00e9curis\u00e9 et transparent pour r\u00e9duire les risques de fraude, etc.<\/div>\n<div><\/div>\n<div><\/div>\n<div><\/div>\n<div>Initi\u00e9e par l&rsquo;URCI, la tribune \u00ab\u00a0LES ECHOS DE L&rsquo;URCI\u00a0\u00bb est un rendez-vous mensuel, qui vise \u00e0 d\u00e9crier les tares dans notre soci\u00e9t\u00e9 (sur les plans politique, \u00e9conomique, social&#8230;). Elle se tient tous les premiers vendredis de chaque mois.<\/div>\n<div><\/div>\n<div>Rappelons que l&rsquo;URCI a \u00e9t\u00e9 cr\u00e9\u00e9e le 21 juin 2020 et a obtenu son r\u00e9c\u00e9piss\u00e9 le 03 f\u00e9vrier 2022. Elle compte aujourd&rsquo;hui plus de 600 000 militants dont 20 800 comit\u00e9s de base.<\/div>\n<div><\/div>\n<div><\/div>\n<div><\/div>\n<div><b>\u00a0 \u00a0 \u00a0 \u00a0 \u00a0 \u00a0 \u00a0 \u00a0 \u00a0 \u00a0 \u00a0 \u00a0 \u00a0 \u00a0 \u00a0 \u00a0 \u00a0 \u00a0 \u00a0 \u00a0 \u00a0 \u00a0 \u00a0 \u00a0 \u00a0 \u00a0 \u00a0 \u00a0 \u00a0 \u00a0 \u00a0 \u00a0S.A.<\/b><\/div>\n<div><\/div>\n","protected":false},"excerpt":{"rendered":"<p>&nbsp; \u00ab\u00a0(&#8230;) Le bilan du Pr\u00e9sident Ouattara est insuffisant, m\u00eame s&rsquo;il faut reconna\u00eetre qu&rsquo;au plan des infrastructures, quelques efforts sont fournis.\u00a0\u00a0Au plan social, c&rsquo;est un fiasco total, en t\u00e9moigne la vie ch\u00e8re qui fait vivoter les Ivoiriens et ne leur permet pas de vivre ais\u00e9ment\u00a0\u00bb,\u00a0a fustig\u00e9 D\u00e9sir\u00e9\u00a0Kouam\u00e9\u00a0N&rsquo;Guessan, Pr\u00e9sident de l&rsquo;Union pour le Rayonnement de la [&hellip;]<\/p>\n","protected":false},"author":2,"featured_media":6376,"comment_status":"closed","ping_status":"closed","sticky":false,"template":"","format":"standard","meta":{"_acf_changed":false,"footnotes":""},"categories":[],"tags":[],"class_list":["post-6373","post","type-post","status-publish","format-standard","has-post-thumbnail","hentry"],"acf":[],"yoast_head":"<!-- This site is optimized with the Yoast SEO plugin v27.5 - https:\/\/yoast.com\/product\/yoast-seo-wordpress\/ -->\n<title>Chert\u00e9 de la vie, gouvernance et pr\u00e9sidentielle 2025 : l&#039;URCI d\u00e9nonce la gestion opaque du parti au pouvoir et fait des propositions concr\u00e8tes\u00a0 - Amanien| L&#039;actualit\u00e9 Ivoirienne et Internationale<\/title>\n<meta name=\"robots\" content=\"index, follow, max-snippet:-1, max-image-preview:large, max-video-preview:-1\" \/>\n<link rel=\"canonical\" href=\"https:\/\/www.amanien.info\/news\/cherte-de-la-vie-gouvernance-et-presidentielle-2025-lurci-denonce-la-gestion-opaque-du-parti-au-pouvoir-et-fait-des-propositions-concretes\/\" \/>\n<meta property=\"og:locale\" content=\"fr_FR\" \/>\n<meta property=\"og:type\" content=\"article\" \/>\n<meta property=\"og:title\" content=\"Chert\u00e9 de la vie, gouvernance et pr\u00e9sidentielle 2025 : l&#039;URCI d\u00e9nonce la gestion opaque du parti au pouvoir et fait des propositions concr\u00e8tes\u00a0 - Amanien| L&#039;actualit\u00e9 Ivoirienne et Internationale\" \/>\n<meta property=\"og:description\" content=\"&nbsp; \u00ab\u00a0(&#8230;) Le bilan du Pr\u00e9sident Ouattara est insuffisant, m\u00eame s&rsquo;il faut reconna\u00eetre qu&rsquo;au plan des infrastructures, quelques efforts sont fournis.\u00a0\u00a0Au plan social, c&rsquo;est un fiasco total, en t\u00e9moigne la vie ch\u00e8re qui fait vivoter les Ivoiriens et ne leur permet pas de vivre ais\u00e9ment\u00a0\u00bb,\u00a0a fustig\u00e9 D\u00e9sir\u00e9\u00a0Kouam\u00e9\u00a0N&rsquo;Guessan, Pr\u00e9sident de l&rsquo;Union pour le Rayonnement de la [&hellip;]\" \/>\n<meta property=\"og:url\" content=\"https:\/\/www.amanien.info\/news\/cherte-de-la-vie-gouvernance-et-presidentielle-2025-lurci-denonce-la-gestion-opaque-du-parti-au-pouvoir-et-fait-des-propositions-concretes\/\" \/>\n<meta property=\"og:site_name\" content=\"Amanien| L&#039;actualit\u00e9 Ivoirienne et Internationale\" \/>\n<meta property=\"article:published_time\" content=\"2024-08-03T18:00:33+00:00\" \/>\n<meta property=\"og:image\" content=\"https:\/\/www.amanien.info\/news\/wp-content\/uploads\/2024\/08\/IMG-20240802-WA0087.jpg\" \/>\n\t<meta property=\"og:image:width\" content=\"1280\" \/>\n\t<meta property=\"og:image:height\" content=\"720\" \/>\n\t<meta property=\"og:image:type\" content=\"image\/jpeg\" \/>\n<meta name=\"author\" content=\"Germain Ndri\" \/>\n<meta name=\"twitter:card\" content=\"summary_large_image\" \/>\n<meta name=\"twitter:label1\" content=\"\u00c9crit par\" \/>\n\t<meta name=\"twitter:data1\" content=\"Germain Ndri\" \/>\n\t<meta name=\"twitter:label2\" content=\"Dur\u00e9e de lecture estim\u00e9e\" \/>\n\t<meta name=\"twitter:data2\" content=\"3 minutes\" \/>\n<script type=\"application\/ld+json\" class=\"yoast-schema-graph\">{\"@context\":\"https:\\\/\\\/schema.org\",\"@graph\":[{\"@type\":\"Article\",\"@id\":\"https:\\\/\\\/www.amanien.info\\\/news\\\/cherte-de-la-vie-gouvernance-et-presidentielle-2025-lurci-denonce-la-gestion-opaque-du-parti-au-pouvoir-et-fait-des-propositions-concretes\\\/#article\",\"isPartOf\":{\"@id\":\"https:\\\/\\\/www.amanien.info\\\/news\\\/cherte-de-la-vie-gouvernance-et-presidentielle-2025-lurci-denonce-la-gestion-opaque-du-parti-au-pouvoir-et-fait-des-propositions-concretes\\\/\"},\"author\":{\"name\":\"Germain Ndri\",\"@id\":\"https:\\\/\\\/www.amanien.info\\\/news\\\/#\\\/schema\\\/person\\\/b21093345753a1a98242d505bd894f42\"},\"headline\":\"Chert\u00e9 de la vie, gouvernance et pr\u00e9sidentielle 2025 : l&rsquo;URCI d\u00e9nonce la gestion opaque du parti au pouvoir et fait des propositions concr\u00e8tes\u00a0\",\"datePublished\":\"2024-08-03T18:00:33+00:00\",\"mainEntityOfPage\":{\"@id\":\"https:\\\/\\\/www.amanien.info\\\/news\\\/cherte-de-la-vie-gouvernance-et-presidentielle-2025-lurci-denonce-la-gestion-opaque-du-parti-au-pouvoir-et-fait-des-propositions-concretes\\\/\"},\"wordCount\":597,\"image\":{\"@id\":\"https:\\\/\\\/www.amanien.info\\\/news\\\/cherte-de-la-vie-gouvernance-et-presidentielle-2025-lurci-denonce-la-gestion-opaque-du-parti-au-pouvoir-et-fait-des-propositions-concretes\\\/#primaryimage\"},\"thumbnailUrl\":\"https:\\\/\\\/www.amanien.info\\\/news\\\/wp-content\\\/uploads\\\/2024\\\/08\\\/IMG-20240802-WA0087.jpg\",\"inLanguage\":\"fr-FR\"},{\"@type\":\"WebPage\",\"@id\":\"https:\\\/\\\/www.amanien.info\\\/news\\\/cherte-de-la-vie-gouvernance-et-presidentielle-2025-lurci-denonce-la-gestion-opaque-du-parti-au-pouvoir-et-fait-des-propositions-concretes\\\/\",\"url\":\"https:\\\/\\\/www.amanien.info\\\/news\\\/cherte-de-la-vie-gouvernance-et-presidentielle-2025-lurci-denonce-la-gestion-opaque-du-parti-au-pouvoir-et-fait-des-propositions-concretes\\\/\",\"name\":\"Chert\u00e9 de la vie, gouvernance et pr\u00e9sidentielle 2025 : l'URCI d\u00e9nonce la gestion opaque du parti au pouvoir et fait des propositions concr\u00e8tes\u00a0 - Amanien| L&#039;actualit\u00e9 Ivoirienne et Internationale\",\"isPartOf\":{\"@id\":\"https:\\\/\\\/www.amanien.info\\\/news\\\/#website\"},\"primaryImageOfPage\":{\"@id\":\"https:\\\/\\\/www.amanien.info\\\/news\\\/cherte-de-la-vie-gouvernance-et-presidentielle-2025-lurci-denonce-la-gestion-opaque-du-parti-au-pouvoir-et-fait-des-propositions-concretes\\\/#primaryimage\"},\"image\":{\"@id\":\"https:\\\/\\\/www.amanien.info\\\/news\\\/cherte-de-la-vie-gouvernance-et-presidentielle-2025-lurci-denonce-la-gestion-opaque-du-parti-au-pouvoir-et-fait-des-propositions-concretes\\\/#primaryimage\"},\"thumbnailUrl\":\"https:\\\/\\\/www.amanien.info\\\/news\\\/wp-content\\\/uploads\\\/2024\\\/08\\\/IMG-20240802-WA0087.jpg\",\"datePublished\":\"2024-08-03T18:00:33+00:00\",\"author\":{\"@id\":\"https:\\\/\\\/www.amanien.info\\\/news\\\/#\\\/schema\\\/person\\\/b21093345753a1a98242d505bd894f42\"},\"breadcrumb\":{\"@id\":\"https:\\\/\\\/www.amanien.info\\\/news\\\/cherte-de-la-vie-gouvernance-et-presidentielle-2025-lurci-denonce-la-gestion-opaque-du-parti-au-pouvoir-et-fait-des-propositions-concretes\\\/#breadcrumb\"},\"inLanguage\":\"fr-FR\",\"potentialAction\":[{\"@type\":\"ReadAction\",\"target\":[\"https:\\\/\\\/www.amanien.info\\\/news\\\/cherte-de-la-vie-gouvernance-et-presidentielle-2025-lurci-denonce-la-gestion-opaque-du-parti-au-pouvoir-et-fait-des-propositions-concretes\\\/\"]}]},{\"@type\":\"ImageObject\",\"inLanguage\":\"fr-FR\",\"@id\":\"https:\\\/\\\/www.amanien.info\\\/news\\\/cherte-de-la-vie-gouvernance-et-presidentielle-2025-lurci-denonce-la-gestion-opaque-du-parti-au-pouvoir-et-fait-des-propositions-concretes\\\/#primaryimage\",\"url\":\"https:\\\/\\\/www.amanien.info\\\/news\\\/wp-content\\\/uploads\\\/2024\\\/08\\\/IMG-20240802-WA0087.jpg\",\"contentUrl\":\"https:\\\/\\\/www.amanien.info\\\/news\\\/wp-content\\\/uploads\\\/2024\\\/08\\\/IMG-20240802-WA0087.jpg\",\"width\":1280,\"height\":720},{\"@type\":\"BreadcrumbList\",\"@id\":\"https:\\\/\\\/www.amanien.info\\\/news\\\/cherte-de-la-vie-gouvernance-et-presidentielle-2025-lurci-denonce-la-gestion-opaque-du-parti-au-pouvoir-et-fait-des-propositions-concretes\\\/#breadcrumb\",\"itemListElement\":[{\"@type\":\"ListItem\",\"position\":1,\"name\":\"Accueil\",\"item\":\"https:\\\/\\\/www.amanien.info\\\/news\\\/\"},{\"@type\":\"ListItem\",\"position\":2,\"name\":\"Chert\u00e9 de la vie, gouvernance et pr\u00e9sidentielle 2025 : l&rsquo;URCI d\u00e9nonce la gestion opaque du parti au pouvoir et fait des propositions concr\u00e8tes\u00a0\"}]},{\"@type\":\"WebSite\",\"@id\":\"https:\\\/\\\/www.amanien.info\\\/news\\\/#website\",\"url\":\"https:\\\/\\\/www.amanien.info\\\/news\\\/\",\"name\":\"Amanien| L&#039;actualit\u00e9 Ivoirienne et Internationale\",\"description\":\"L&#039;actualit\u00e9 Ivoirienne et Internationale\",\"potentialAction\":[{\"@type\":\"SearchAction\",\"target\":{\"@type\":\"EntryPoint\",\"urlTemplate\":\"https:\\\/\\\/www.amanien.info\\\/news\\\/?s={search_term_string}\"},\"query-input\":{\"@type\":\"PropertyValueSpecification\",\"valueRequired\":true,\"valueName\":\"search_term_string\"}}],\"inLanguage\":\"fr-FR\"},{\"@type\":\"Person\",\"@id\":\"https:\\\/\\\/www.amanien.info\\\/news\\\/#\\\/schema\\\/person\\\/b21093345753a1a98242d505bd894f42\",\"name\":\"Germain Ndri\",\"url\":\"https:\\\/\\\/www.amanien.info\\\/news\\\/author\\\/amanien-infos\\\/\"}]}<\/script>\n<!-- \/ Yoast SEO plugin. -->","yoast_head_json":{"title":"Chert\u00e9 de la vie, gouvernance et pr\u00e9sidentielle 2025 : l'URCI d\u00e9nonce la gestion opaque du parti au pouvoir et fait des propositions concr\u00e8tes\u00a0 - Amanien| L&#039;actualit\u00e9 Ivoirienne et Internationale","robots":{"index":"index","follow":"follow","max-snippet":"max-snippet:-1","max-image-preview":"max-image-preview:large","max-video-preview":"max-video-preview:-1"},"canonical":"https:\/\/www.amanien.info\/news\/cherte-de-la-vie-gouvernance-et-presidentielle-2025-lurci-denonce-la-gestion-opaque-du-parti-au-pouvoir-et-fait-des-propositions-concretes\/","og_locale":"fr_FR","og_type":"article","og_title":"Chert\u00e9 de la vie, gouvernance et pr\u00e9sidentielle 2025 : l'URCI d\u00e9nonce la gestion opaque du parti au pouvoir et fait des propositions concr\u00e8tes\u00a0 - Amanien| L&#039;actualit\u00e9 Ivoirienne et Internationale","og_description":"&nbsp; \u00ab\u00a0(&#8230;) Le bilan du Pr\u00e9sident Ouattara est insuffisant, m\u00eame s&rsquo;il faut reconna\u00eetre qu&rsquo;au plan des infrastructures, quelques efforts sont fournis.\u00a0\u00a0Au plan social, c&rsquo;est un fiasco total, en t\u00e9moigne la vie ch\u00e8re qui fait vivoter les Ivoiriens et ne leur permet pas de vivre ais\u00e9ment\u00a0\u00bb,\u00a0a fustig\u00e9 D\u00e9sir\u00e9\u00a0Kouam\u00e9\u00a0N&rsquo;Guessan, Pr\u00e9sident de l&rsquo;Union pour le Rayonnement de la [&hellip;]","og_url":"https:\/\/www.amanien.info\/news\/cherte-de-la-vie-gouvernance-et-presidentielle-2025-lurci-denonce-la-gestion-opaque-du-parti-au-pouvoir-et-fait-des-propositions-concretes\/","og_site_name":"Amanien| L&#039;actualit\u00e9 Ivoirienne et Internationale","article_published_time":"2024-08-03T18:00:33+00:00","og_image":[{"width":1280,"height":720,"url":"https:\/\/www.amanien.info\/news\/wp-content\/uploads\/2024\/08\/IMG-20240802-WA0087.jpg","type":"image\/jpeg"}],"author":"Germain Ndri","twitter_card":"summary_large_image","twitter_misc":{"\u00c9crit par":"Germain Ndri","Dur\u00e9e de lecture estim\u00e9e":"3 minutes"},"schema":{"@context":"https:\/\/schema.org","@graph":[{"@type":"Article","@id":"https:\/\/www.amanien.info\/news\/cherte-de-la-vie-gouvernance-et-presidentielle-2025-lurci-denonce-la-gestion-opaque-du-parti-au-pouvoir-et-fait-des-propositions-concretes\/#article","isPartOf":{"@id":"https:\/\/www.amanien.info\/news\/cherte-de-la-vie-gouvernance-et-presidentielle-2025-lurci-denonce-la-gestion-opaque-du-parti-au-pouvoir-et-fait-des-propositions-concretes\/"},"author":{"name":"Germain Ndri","@id":"https:\/\/www.amanien.info\/news\/#\/schema\/person\/b21093345753a1a98242d505bd894f42"},"headline":"Chert\u00e9 de la vie, gouvernance et pr\u00e9sidentielle 2025 : l&rsquo;URCI d\u00e9nonce la gestion opaque du parti au pouvoir et fait des propositions concr\u00e8tes\u00a0","datePublished":"2024-08-03T18:00:33+00:00","mainEntityOfPage":{"@id":"https:\/\/www.amanien.info\/news\/cherte-de-la-vie-gouvernance-et-presidentielle-2025-lurci-denonce-la-gestion-opaque-du-parti-au-pouvoir-et-fait-des-propositions-concretes\/"},"wordCount":597,"image":{"@id":"https:\/\/www.amanien.info\/news\/cherte-de-la-vie-gouvernance-et-presidentielle-2025-lurci-denonce-la-gestion-opaque-du-parti-au-pouvoir-et-fait-des-propositions-concretes\/#primaryimage"},"thumbnailUrl":"https:\/\/www.amanien.info\/news\/wp-content\/uploads\/2024\/08\/IMG-20240802-WA0087.jpg","inLanguage":"fr-FR"},{"@type":"WebPage","@id":"https:\/\/www.amanien.info\/news\/cherte-de-la-vie-gouvernance-et-presidentielle-2025-lurci-denonce-la-gestion-opaque-du-parti-au-pouvoir-et-fait-des-propositions-concretes\/","url":"https:\/\/www.amanien.info\/news\/cherte-de-la-vie-gouvernance-et-presidentielle-2025-lurci-denonce-la-gestion-opaque-du-parti-au-pouvoir-et-fait-des-propositions-concretes\/","name":"Chert\u00e9 de la vie, gouvernance et pr\u00e9sidentielle 2025 : l'URCI d\u00e9nonce la gestion opaque du parti au pouvoir et fait des propositions concr\u00e8tes\u00a0 - Amanien| L&#039;actualit\u00e9 Ivoirienne et Internationale","isPartOf":{"@id":"https:\/\/www.amanien.info\/news\/#website"},"primaryImageOfPage":{"@id":"https:\/\/www.amanien.info\/news\/cherte-de-la-vie-gouvernance-et-presidentielle-2025-lurci-denonce-la-gestion-opaque-du-parti-au-pouvoir-et-fait-des-propositions-concretes\/#primaryimage"},"image":{"@id":"https:\/\/www.amanien.info\/news\/cherte-de-la-vie-gouvernance-et-presidentielle-2025-lurci-denonce-la-gestion-opaque-du-parti-au-pouvoir-et-fait-des-propositions-concretes\/#primaryimage"},"thumbnailUrl":"https:\/\/www.amanien.info\/news\/wp-content\/uploads\/2024\/08\/IMG-20240802-WA0087.jpg","datePublished":"2024-08-03T18:00:33+00:00","author":{"@id":"https:\/\/www.amanien.info\/news\/#\/schema\/person\/b21093345753a1a98242d505bd894f42"},"breadcrumb":{"@id":"https:\/\/www.amanien.info\/news\/cherte-de-la-vie-gouvernance-et-presidentielle-2025-lurci-denonce-la-gestion-opaque-du-parti-au-pouvoir-et-fait-des-propositions-concretes\/#breadcrumb"},"inLanguage":"fr-FR","potentialAction":[{"@type":"ReadAction","target":["https:\/\/www.amanien.info\/news\/cherte-de-la-vie-gouvernance-et-presidentielle-2025-lurci-denonce-la-gestion-opaque-du-parti-au-pouvoir-et-fait-des-propositions-concretes\/"]}]},{"@type":"ImageObject","inLanguage":"fr-FR","@id":"https:\/\/www.amanien.info\/news\/cherte-de-la-vie-gouvernance-et-presidentielle-2025-lurci-denonce-la-gestion-opaque-du-parti-au-pouvoir-et-fait-des-propositions-concretes\/#primaryimage","url":"https:\/\/www.amanien.info\/news\/wp-content\/uploads\/2024\/08\/IMG-20240802-WA0087.jpg","contentUrl":"https:\/\/www.amanien.info\/news\/wp-content\/uploads\/2024\/08\/IMG-20240802-WA0087.jpg","width":1280,"height":720},{"@type":"BreadcrumbList","@id":"https:\/\/www.amanien.info\/news\/cherte-de-la-vie-gouvernance-et-presidentielle-2025-lurci-denonce-la-gestion-opaque-du-parti-au-pouvoir-et-fait-des-propositions-concretes\/#breadcrumb","itemListElement":[{"@type":"ListItem","position":1,"name":"Accueil","item":"https:\/\/www.amanien.info\/news\/"},{"@type":"ListItem","position":2,"name":"Chert\u00e9 de la vie, gouvernance et pr\u00e9sidentielle 2025 : l&rsquo;URCI d\u00e9nonce la gestion opaque du parti au pouvoir et fait des propositions concr\u00e8tes\u00a0"}]},{"@type":"WebSite","@id":"https:\/\/www.amanien.info\/news\/#website","url":"https:\/\/www.amanien.info\/news\/","name":"Amanien| L&#039;actualit\u00e9 Ivoirienne et Internationale","description":"L&#039;actualit\u00e9 Ivoirienne et Internationale","potentialAction":[{"@type":"SearchAction","target":{"@type":"EntryPoint","urlTemplate":"https:\/\/www.amanien.info\/news\/?s={search_term_string}"},"query-input":{"@type":"PropertyValueSpecification","valueRequired":true,"valueName":"search_term_string"}}],"inLanguage":"fr-FR"},{"@type":"Person","@id":"https:\/\/www.amanien.info\/news\/#\/schema\/person\/b21093345753a1a98242d505bd894f42","name":"Germain Ndri","url":"https:\/\/www.amanien.info\/news\/author\/amanien-infos\/"}]}},"_links":{"self":[{"href":"https:\/\/www.amanien.info\/news\/wp-json\/wp\/v2\/posts\/6373","targetHints":{"allow":["GET"]}}],"collection":[{"href":"https:\/\/www.amanien.info\/news\/wp-json\/wp\/v2\/posts"}],"about":[{"href":"https:\/\/www.amanien.info\/news\/wp-json\/wp\/v2\/types\/post"}],"author":[{"embeddable":true,"href":"https:\/\/www.amanien.info\/news\/wp-json\/wp\/v2\/users\/2"}],"replies":[{"embeddable":true,"href":"https:\/\/www.amanien.info\/news\/wp-json\/wp\/v2\/comments?post=6373"}],"version-history":[{"count":1,"href":"https:\/\/www.amanien.info\/news\/wp-json\/wp\/v2\/posts\/6373\/revisions"}],"predecessor-version":[{"id":6377,"href":"https:\/\/www.amanien.info\/news\/wp-json\/wp\/v2\/posts\/6373\/revisions\/6377"}],"wp:featuredmedia":[{"embeddable":true,"href":"https:\/\/www.amanien.info\/news\/wp-json\/wp\/v2\/media\/6376"}],"wp:attachment":[{"href":"https:\/\/www.amanien.info\/news\/wp-json\/wp\/v2\/media?parent=6373"}],"wp:term":[{"taxonomy":"category","embeddable":true,"href":"https:\/\/www.amanien.info\/news\/wp-json\/wp\/v2\/categories?post=6373"},{"taxonomy":"post_tag","embeddable":true,"href":"https:\/\/www.amanien.info\/news\/wp-json\/wp\/v2\/tags?post=6373"}],"curies":[{"name":"wp","href":"https:\/\/api.w.org\/{rel}","templated":true}]}}