{"id":6365,"date":"2024-08-01T11:39:30","date_gmt":"2024-08-01T11:39:30","guid":{"rendered":"https:\/\/www.amanien.info\/news\/?p=6365"},"modified":"2024-08-01T11:39:30","modified_gmt":"2024-08-01T11:39:30","slug":"stabilite-de-lenvironnement-et-durabilite-des-villes-le-ministre-jacques-assahore-konan-lance-la-2eme-edition-du-forum-international-de-leconomie-circulaire","status":"publish","type":"post","link":"https:\/\/www.amanien.info\/news\/stabilite-de-lenvironnement-et-durabilite-des-villes-le-ministre-jacques-assahore-konan-lance-la-2eme-edition-du-forum-international-de-leconomie-circulaire\/","title":{"rendered":"Stabilit\u00e9 de l&rsquo;environnement et durabilit\u00e9 des villes : Le Ministre Jacques Assahor\u00e9 Konan lance la 2\u00e8me \u00e9dition du Forum International de l&rsquo;\u00e9conomie circulaire"},"content":{"rendered":"<p>&nbsp;<\/p>\n<div><span style=\"text-transform: initial;\">Le Ministre de l&rsquo;environnement, du d\u00e9veloppement durable et de la transition \u00e9cologique, Assahor\u00e9 Konan Jacques, a proc\u00e9d\u00e9, le mardi 30 juillet 2024, au lancement officiel de la deuxi\u00e8me \u00e9dition du Forum International de l&rsquo;\u00e9conomie circulaire \u00ab\u00a0Eco-Cir 20024\u00a0\u00bb.\u00a0<\/span><\/div>\n<div><\/div>\n<div>C&rsquo;est l&rsquo;h\u00f4tel du District d&rsquo;Abidjan sis dans la cit\u00e9 des affaires, Plateau, qui a servi de cadre \u00e0 l&rsquo;organisation de cette importante c\u00e9r\u00e9monie.<\/div>\n<div><\/div>\n<div><\/div>\n<div>Plac\u00e9 sous le sceau, \u00ab\u00a0Villes durables, technologies et lutte contre le d\u00e9sordre urbain : quelle contribution de l&rsquo;\u00e9conomie circulaire ?\u00a0\u00bb, \u00ab\u00a0Eco-Cir 2024\u00a0\u00bb entend \u00eatre le lieu de convergence des id\u00e9es novatrices exclusivement port\u00e9es sur le d\u00e9veloppement des villes africaines et l&rsquo;appropriation par les communaut\u00e9s urbaines (d\u00e9cideurs et citoyens) des technologies, innovations, services et pratiques durables au travers du prisme de l&rsquo;\u00e9conomie circulaire.<\/div>\n<div><\/div>\n<div>Pr\u00e9vu du 15 au 18 octobre prochain au bord de la lagune Ebri\u00e9,\u00a0 Sofitel H\u00f4tel Ivoire d&rsquo;Abidjan-Cocody, le Forum Eco-Cir 2024 a pour objectif de contribuer \u00e0 catalyser la transformation urbaine en Afrique en promouvant la durabilit\u00e9, la comp\u00e9titivit\u00e9 des villes pour assurer des r\u00e9gions prosp\u00e8res en Afrique.<\/div>\n<div><\/div>\n<div>Dans son allocution, le ministre Assahor\u00e9 Konan Jacques a exhort\u00e9 tous \u00e0 \u00eatre des promoteurs de l&rsquo;\u00e9conomie circulaire, afin que \u00ab\u00a0notre pays soit un mod\u00e8le en mati\u00e8re de protection de l&rsquo;environnement et de\u00a0 promotion du d\u00e9veloppement durable\u00a0\u00bb.<\/div>\n<div><\/div>\n<div><\/div>\n<div>Pour sa part, le Vice-gouverneur du district autonome d&rsquo;Abidjan, Paulin Claude Danho, a affirm\u00e9 que \u00ab\u00a0le d\u00e9sordre urbain et des corolaires, tels que les nombreux d\u00e9chets et les maladies, repr\u00e9sentent un d\u00e9fi majeur. Nous devons aujourd&rsquo;hui, plus que jamais, changer de paradigme et passer d&rsquo;une \u00e9conomie lin\u00e9aire \u00e0 une \u00e9conomie circulaire\u00a0\u00bb, a-t-il dit.<\/div>\n<div><\/div>\n<div>Pour atteindre cet objectif, Danho Paulin, s&rsquo;est, au nom du Ministre-gouverneur Ibrahim Ciss\u00e9 Bacongo, engag\u00e9 \u00e0 la transformation du District Autonome d&rsquo;Abidjan, selon les codes de l&rsquo;\u00e9conomie circulaire.<\/div>\n<div><\/div>\n<div>Il a assur\u00e9 que le District Autonome d&rsquo;Abidjan s&rsquo;engage, \u00e0 son niveau, \u00e0 faire de l&rsquo;\u00e9conomie circulaire, un v\u00e9ritable instrument pour combiner les enjeux de l&rsquo;urbanisation et la lutte contre le d\u00e9sordre urbain dans une ville durable, en utilisant de nouvelles technologies et en cr\u00e9ant de nouvelles activit\u00e9s.<\/div>\n<div><\/div>\n<div><\/div>\n<div>Co-organis\u00e9 par le District Autonome d&rsquo;Abidjan, le CEA VALOPRO de l&rsquo;INP-HP de Yamoussoukro et Challenge Tech International,\u00a0 Eco-Cir Abidjan 2024, note-t-on, sera meubl\u00e9 par un colloque international, un salon d&rsquo;exposition, des Pitchs de Projets, des masters class, une soir\u00e9e de Gala ainsi qu&rsquo;une visite guid\u00e9e. Il verra la participation d&rsquo;une cible diverse en provenance de la C\u00f4te d&rsquo;Ivoire, de plusieurs pays d&rsquo;Afrique et dup monde.<\/div>\n<div><\/div>\n<div>Les pouvoirs publics, les institutions nationales et internationales, les partenaires techniques et financiers, les professionnels et acteurs du secteur de l&rsquo;\u00e9conomie circulaire, de l&rsquo;am\u00e9nagement urbain, les responsables de collectivit\u00e9s et les universitaires animeront les d\u00e9bats qui seront initi\u00e9s lors de ce grand rendez-vous de l&rsquo;\u00e9conomie circulaire.<\/div>\n<div><\/div>\n<div><\/div>\n<div>L&rsquo;\u00e9conomie circulaire, faut-il le rappeler, consiste \u00e0 r\u00e9duire, recycler et revaloriser les ressources afin de minimiser les d\u00e9chets et de pr\u00e9server l&rsquo;environnement pour des futures g\u00e9n\u00e9rations.<\/div>\n<div><\/div>\n<div><\/div>\n<div><\/div>\n<div>\u00a0 \u00a0 \u00a0 \u00a0 \u00a0 \u00a0 \u00a0 \u00a0 \u00a0 \u00a0 \u00a0 \u00a0 \u00a0 \u00a0 \u00a0 \u00a0 \u00a0 \u00a0 \u00a0 \u00a0 \u00a0 \u00a0 \u00a0 \u00a0 \u00a0 \u00a0 \u00a0 \u00a0 \u00a0 \u00a0 \u00a0 \u00a0<b>S.A<\/b>.<\/div>\n<div><\/div>\n","protected":false},"excerpt":{"rendered":"<p>&nbsp; Le Ministre de l&rsquo;environnement, du d\u00e9veloppement durable et de la transition \u00e9cologique, Assahor\u00e9 Konan Jacques, a proc\u00e9d\u00e9, le mardi 30 juillet 2024, au lancement officiel de la deuxi\u00e8me \u00e9dition du Forum International de l&rsquo;\u00e9conomie circulaire \u00ab\u00a0Eco-Cir 20024\u00a0\u00bb.\u00a0 C&rsquo;est l&rsquo;h\u00f4tel du District d&rsquo;Abidjan sis dans la cit\u00e9 des affaires, Plateau, qui a servi de cadre [&hellip;]<\/p>\n","protected":false},"author":2,"featured_media":6366,"comment_status":"closed","ping_status":"closed","sticky":false,"template":"","format":"standard","meta":{"_acf_changed":false,"footnotes":""},"categories":[1],"tags":[],"class_list":["post-6365","post","type-post","status-publish","format-standard","has-post-thumbnail","hentry","category-national"],"acf":[],"yoast_head":"<!-- This site is optimized with the Yoast SEO plugin v27.5 - https:\/\/yoast.com\/product\/yoast-seo-wordpress\/ -->\n<title>Stabilit\u00e9 de l&#039;environnement et durabilit\u00e9 des villes : Le Ministre Jacques Assahor\u00e9 Konan lance la 2\u00e8me \u00e9dition du Forum International de l&#039;\u00e9conomie circulaire - Amanien| L&#039;actualit\u00e9 Ivoirienne et Internationale<\/title>\n<meta name=\"robots\" content=\"index, follow, max-snippet:-1, max-image-preview:large, max-video-preview:-1\" \/>\n<link rel=\"canonical\" href=\"https:\/\/www.amanien.info\/news\/stabilite-de-lenvironnement-et-durabilite-des-villes-le-ministre-jacques-assahore-konan-lance-la-2eme-edition-du-forum-international-de-leconomie-circulaire\/\" \/>\n<meta property=\"og:locale\" content=\"fr_FR\" \/>\n<meta property=\"og:type\" content=\"article\" \/>\n<meta property=\"og:title\" content=\"Stabilit\u00e9 de l&#039;environnement et durabilit\u00e9 des villes : Le Ministre Jacques Assahor\u00e9 Konan lance la 2\u00e8me \u00e9dition du Forum International de l&#039;\u00e9conomie circulaire - Amanien| L&#039;actualit\u00e9 Ivoirienne et Internationale\" \/>\n<meta property=\"og:description\" content=\"&nbsp; Le Ministre de l&rsquo;environnement, du d\u00e9veloppement durable et de la transition \u00e9cologique, Assahor\u00e9 Konan Jacques, a proc\u00e9d\u00e9, le mardi 30 juillet 2024, au lancement officiel de la deuxi\u00e8me \u00e9dition du Forum International de l&rsquo;\u00e9conomie circulaire \u00ab\u00a0Eco-Cir 20024\u00a0\u00bb.\u00a0 C&rsquo;est l&rsquo;h\u00f4tel du District d&rsquo;Abidjan sis dans la cit\u00e9 des affaires, Plateau, qui a servi de cadre [&hellip;]\" \/>\n<meta property=\"og:url\" content=\"https:\/\/www.amanien.info\/news\/stabilite-de-lenvironnement-et-durabilite-des-villes-le-ministre-jacques-assahore-konan-lance-la-2eme-edition-du-forum-international-de-leconomie-circulaire\/\" \/>\n<meta property=\"og:site_name\" content=\"Amanien| L&#039;actualit\u00e9 Ivoirienne et Internationale\" \/>\n<meta property=\"article:published_time\" content=\"2024-08-01T11:39:30+00:00\" \/>\n<meta property=\"og:image\" content=\"https:\/\/www.amanien.info\/news\/wp-content\/uploads\/2024\/08\/IMG-20240730-WA0080-768x508-1.jpg\" \/>\n\t<meta property=\"og:image:width\" content=\"768\" \/>\n\t<meta property=\"og:image:height\" content=\"508\" \/>\n\t<meta property=\"og:image:type\" content=\"image\/jpeg\" \/>\n<meta name=\"author\" content=\"Germain Ndri\" \/>\n<meta name=\"twitter:card\" content=\"summary_large_image\" \/>\n<meta name=\"twitter:label1\" content=\"\u00c9crit par\" \/>\n\t<meta name=\"twitter:data1\" content=\"Germain Ndri\" \/>\n\t<meta name=\"twitter:label2\" content=\"Dur\u00e9e de lecture estim\u00e9e\" \/>\n\t<meta name=\"twitter:data2\" content=\"3 minutes\" \/>\n<script type=\"application\/ld+json\" class=\"yoast-schema-graph\">{\"@context\":\"https:\\\/\\\/schema.org\",\"@graph\":[{\"@type\":\"Article\",\"@id\":\"https:\\\/\\\/www.amanien.info\\\/news\\\/stabilite-de-lenvironnement-et-durabilite-des-villes-le-ministre-jacques-assahore-konan-lance-la-2eme-edition-du-forum-international-de-leconomie-circulaire\\\/#article\",\"isPartOf\":{\"@id\":\"https:\\\/\\\/www.amanien.info\\\/news\\\/stabilite-de-lenvironnement-et-durabilite-des-villes-le-ministre-jacques-assahore-konan-lance-la-2eme-edition-du-forum-international-de-leconomie-circulaire\\\/\"},\"author\":{\"name\":\"Germain Ndri\",\"@id\":\"https:\\\/\\\/www.amanien.info\\\/news\\\/#\\\/schema\\\/person\\\/b21093345753a1a98242d505bd894f42\"},\"headline\":\"Stabilit\u00e9 de l&rsquo;environnement et durabilit\u00e9 des villes : Le Ministre Jacques Assahor\u00e9 Konan lance la 2\u00e8me \u00e9dition du Forum International de l&rsquo;\u00e9conomie circulaire\",\"datePublished\":\"2024-08-01T11:39:30+00:00\",\"mainEntityOfPage\":{\"@id\":\"https:\\\/\\\/www.amanien.info\\\/news\\\/stabilite-de-lenvironnement-et-durabilite-des-villes-le-ministre-jacques-assahore-konan-lance-la-2eme-edition-du-forum-international-de-leconomie-circulaire\\\/\"},\"wordCount\":557,\"image\":{\"@id\":\"https:\\\/\\\/www.amanien.info\\\/news\\\/stabilite-de-lenvironnement-et-durabilite-des-villes-le-ministre-jacques-assahore-konan-lance-la-2eme-edition-du-forum-international-de-leconomie-circulaire\\\/#primaryimage\"},\"thumbnailUrl\":\"https:\\\/\\\/www.amanien.info\\\/news\\\/wp-content\\\/uploads\\\/2024\\\/08\\\/IMG-20240730-WA0080-768x508-1.jpg\",\"articleSection\":[\"National\"],\"inLanguage\":\"fr-FR\"},{\"@type\":\"WebPage\",\"@id\":\"https:\\\/\\\/www.amanien.info\\\/news\\\/stabilite-de-lenvironnement-et-durabilite-des-villes-le-ministre-jacques-assahore-konan-lance-la-2eme-edition-du-forum-international-de-leconomie-circulaire\\\/\",\"url\":\"https:\\\/\\\/www.amanien.info\\\/news\\\/stabilite-de-lenvironnement-et-durabilite-des-villes-le-ministre-jacques-assahore-konan-lance-la-2eme-edition-du-forum-international-de-leconomie-circulaire\\\/\",\"name\":\"Stabilit\u00e9 de l'environnement et durabilit\u00e9 des villes : Le Ministre Jacques Assahor\u00e9 Konan lance la 2\u00e8me \u00e9dition du Forum International de l'\u00e9conomie circulaire - Amanien| L&#039;actualit\u00e9 Ivoirienne et Internationale\",\"isPartOf\":{\"@id\":\"https:\\\/\\\/www.amanien.info\\\/news\\\/#website\"},\"primaryImageOfPage\":{\"@id\":\"https:\\\/\\\/www.amanien.info\\\/news\\\/stabilite-de-lenvironnement-et-durabilite-des-villes-le-ministre-jacques-assahore-konan-lance-la-2eme-edition-du-forum-international-de-leconomie-circulaire\\\/#primaryimage\"},\"image\":{\"@id\":\"https:\\\/\\\/www.amanien.info\\\/news\\\/stabilite-de-lenvironnement-et-durabilite-des-villes-le-ministre-jacques-assahore-konan-lance-la-2eme-edition-du-forum-international-de-leconomie-circulaire\\\/#primaryimage\"},\"thumbnailUrl\":\"https:\\\/\\\/www.amanien.info\\\/news\\\/wp-content\\\/uploads\\\/2024\\\/08\\\/IMG-20240730-WA0080-768x508-1.jpg\",\"datePublished\":\"2024-08-01T11:39:30+00:00\",\"author\":{\"@id\":\"https:\\\/\\\/www.amanien.info\\\/news\\\/#\\\/schema\\\/person\\\/b21093345753a1a98242d505bd894f42\"},\"breadcrumb\":{\"@id\":\"https:\\\/\\\/www.amanien.info\\\/news\\\/stabilite-de-lenvironnement-et-durabilite-des-villes-le-ministre-jacques-assahore-konan-lance-la-2eme-edition-du-forum-international-de-leconomie-circulaire\\\/#breadcrumb\"},\"inLanguage\":\"fr-FR\",\"potentialAction\":[{\"@type\":\"ReadAction\",\"target\":[\"https:\\\/\\\/www.amanien.info\\\/news\\\/stabilite-de-lenvironnement-et-durabilite-des-villes-le-ministre-jacques-assahore-konan-lance-la-2eme-edition-du-forum-international-de-leconomie-circulaire\\\/\"]}]},{\"@type\":\"ImageObject\",\"inLanguage\":\"fr-FR\",\"@id\":\"https:\\\/\\\/www.amanien.info\\\/news\\\/stabilite-de-lenvironnement-et-durabilite-des-villes-le-ministre-jacques-assahore-konan-lance-la-2eme-edition-du-forum-international-de-leconomie-circulaire\\\/#primaryimage\",\"url\":\"https:\\\/\\\/www.amanien.info\\\/news\\\/wp-content\\\/uploads\\\/2024\\\/08\\\/IMG-20240730-WA0080-768x508-1.jpg\",\"contentUrl\":\"https:\\\/\\\/www.amanien.info\\\/news\\\/wp-content\\\/uploads\\\/2024\\\/08\\\/IMG-20240730-WA0080-768x508-1.jpg\",\"width\":768,\"height\":508},{\"@type\":\"BreadcrumbList\",\"@id\":\"https:\\\/\\\/www.amanien.info\\\/news\\\/stabilite-de-lenvironnement-et-durabilite-des-villes-le-ministre-jacques-assahore-konan-lance-la-2eme-edition-du-forum-international-de-leconomie-circulaire\\\/#breadcrumb\",\"itemListElement\":[{\"@type\":\"ListItem\",\"position\":1,\"name\":\"Accueil\",\"item\":\"https:\\\/\\\/www.amanien.info\\\/news\\\/\"},{\"@type\":\"ListItem\",\"position\":2,\"name\":\"Stabilit\u00e9 de l&rsquo;environnement et durabilit\u00e9 des villes : Le Ministre Jacques Assahor\u00e9 Konan lance la 2\u00e8me \u00e9dition du Forum International de l&rsquo;\u00e9conomie circulaire\"}]},{\"@type\":\"WebSite\",\"@id\":\"https:\\\/\\\/www.amanien.info\\\/news\\\/#website\",\"url\":\"https:\\\/\\\/www.amanien.info\\\/news\\\/\",\"name\":\"Amanien| L&#039;actualit\u00e9 Ivoirienne et Internationale\",\"description\":\"L&#039;actualit\u00e9 Ivoirienne et Internationale\",\"potentialAction\":[{\"@type\":\"SearchAction\",\"target\":{\"@type\":\"EntryPoint\",\"urlTemplate\":\"https:\\\/\\\/www.amanien.info\\\/news\\\/?s={search_term_string}\"},\"query-input\":{\"@type\":\"PropertyValueSpecification\",\"valueRequired\":true,\"valueName\":\"search_term_string\"}}],\"inLanguage\":\"fr-FR\"},{\"@type\":\"Person\",\"@id\":\"https:\\\/\\\/www.amanien.info\\\/news\\\/#\\\/schema\\\/person\\\/b21093345753a1a98242d505bd894f42\",\"name\":\"Germain Ndri\",\"url\":\"https:\\\/\\\/www.amanien.info\\\/news\\\/author\\\/amanien-infos\\\/\"}]}<\/script>\n<!-- \/ Yoast SEO plugin. -->","yoast_head_json":{"title":"Stabilit\u00e9 de l'environnement et durabilit\u00e9 des villes : Le Ministre Jacques Assahor\u00e9 Konan lance la 2\u00e8me \u00e9dition du Forum International de l'\u00e9conomie circulaire - Amanien| L&#039;actualit\u00e9 Ivoirienne et Internationale","robots":{"index":"index","follow":"follow","max-snippet":"max-snippet:-1","max-image-preview":"max-image-preview:large","max-video-preview":"max-video-preview:-1"},"canonical":"https:\/\/www.amanien.info\/news\/stabilite-de-lenvironnement-et-durabilite-des-villes-le-ministre-jacques-assahore-konan-lance-la-2eme-edition-du-forum-international-de-leconomie-circulaire\/","og_locale":"fr_FR","og_type":"article","og_title":"Stabilit\u00e9 de l'environnement et durabilit\u00e9 des villes : Le Ministre Jacques Assahor\u00e9 Konan lance la 2\u00e8me \u00e9dition du Forum International de l'\u00e9conomie circulaire - Amanien| L&#039;actualit\u00e9 Ivoirienne et Internationale","og_description":"&nbsp; Le Ministre de l&rsquo;environnement, du d\u00e9veloppement durable et de la transition \u00e9cologique, Assahor\u00e9 Konan Jacques, a proc\u00e9d\u00e9, le mardi 30 juillet 2024, au lancement officiel de la deuxi\u00e8me \u00e9dition du Forum International de l&rsquo;\u00e9conomie circulaire \u00ab\u00a0Eco-Cir 20024\u00a0\u00bb.\u00a0 C&rsquo;est l&rsquo;h\u00f4tel du District d&rsquo;Abidjan sis dans la cit\u00e9 des affaires, Plateau, qui a servi de cadre [&hellip;]","og_url":"https:\/\/www.amanien.info\/news\/stabilite-de-lenvironnement-et-durabilite-des-villes-le-ministre-jacques-assahore-konan-lance-la-2eme-edition-du-forum-international-de-leconomie-circulaire\/","og_site_name":"Amanien| L&#039;actualit\u00e9 Ivoirienne et Internationale","article_published_time":"2024-08-01T11:39:30+00:00","og_image":[{"width":768,"height":508,"url":"https:\/\/www.amanien.info\/news\/wp-content\/uploads\/2024\/08\/IMG-20240730-WA0080-768x508-1.jpg","type":"image\/jpeg"}],"author":"Germain Ndri","twitter_card":"summary_large_image","twitter_misc":{"\u00c9crit par":"Germain Ndri","Dur\u00e9e de lecture estim\u00e9e":"3 minutes"},"schema":{"@context":"https:\/\/schema.org","@graph":[{"@type":"Article","@id":"https:\/\/www.amanien.info\/news\/stabilite-de-lenvironnement-et-durabilite-des-villes-le-ministre-jacques-assahore-konan-lance-la-2eme-edition-du-forum-international-de-leconomie-circulaire\/#article","isPartOf":{"@id":"https:\/\/www.amanien.info\/news\/stabilite-de-lenvironnement-et-durabilite-des-villes-le-ministre-jacques-assahore-konan-lance-la-2eme-edition-du-forum-international-de-leconomie-circulaire\/"},"author":{"name":"Germain Ndri","@id":"https:\/\/www.amanien.info\/news\/#\/schema\/person\/b21093345753a1a98242d505bd894f42"},"headline":"Stabilit\u00e9 de l&rsquo;environnement et durabilit\u00e9 des villes : Le Ministre Jacques Assahor\u00e9 Konan lance la 2\u00e8me \u00e9dition du Forum International de l&rsquo;\u00e9conomie circulaire","datePublished":"2024-08-01T11:39:30+00:00","mainEntityOfPage":{"@id":"https:\/\/www.amanien.info\/news\/stabilite-de-lenvironnement-et-durabilite-des-villes-le-ministre-jacques-assahore-konan-lance-la-2eme-edition-du-forum-international-de-leconomie-circulaire\/"},"wordCount":557,"image":{"@id":"https:\/\/www.amanien.info\/news\/stabilite-de-lenvironnement-et-durabilite-des-villes-le-ministre-jacques-assahore-konan-lance-la-2eme-edition-du-forum-international-de-leconomie-circulaire\/#primaryimage"},"thumbnailUrl":"https:\/\/www.amanien.info\/news\/wp-content\/uploads\/2024\/08\/IMG-20240730-WA0080-768x508-1.jpg","articleSection":["National"],"inLanguage":"fr-FR"},{"@type":"WebPage","@id":"https:\/\/www.amanien.info\/news\/stabilite-de-lenvironnement-et-durabilite-des-villes-le-ministre-jacques-assahore-konan-lance-la-2eme-edition-du-forum-international-de-leconomie-circulaire\/","url":"https:\/\/www.amanien.info\/news\/stabilite-de-lenvironnement-et-durabilite-des-villes-le-ministre-jacques-assahore-konan-lance-la-2eme-edition-du-forum-international-de-leconomie-circulaire\/","name":"Stabilit\u00e9 de l'environnement et durabilit\u00e9 des villes : Le Ministre Jacques Assahor\u00e9 Konan lance la 2\u00e8me \u00e9dition du Forum International de l'\u00e9conomie circulaire - Amanien| L&#039;actualit\u00e9 Ivoirienne et Internationale","isPartOf":{"@id":"https:\/\/www.amanien.info\/news\/#website"},"primaryImageOfPage":{"@id":"https:\/\/www.amanien.info\/news\/stabilite-de-lenvironnement-et-durabilite-des-villes-le-ministre-jacques-assahore-konan-lance-la-2eme-edition-du-forum-international-de-leconomie-circulaire\/#primaryimage"},"image":{"@id":"https:\/\/www.amanien.info\/news\/stabilite-de-lenvironnement-et-durabilite-des-villes-le-ministre-jacques-assahore-konan-lance-la-2eme-edition-du-forum-international-de-leconomie-circulaire\/#primaryimage"},"thumbnailUrl":"https:\/\/www.amanien.info\/news\/wp-content\/uploads\/2024\/08\/IMG-20240730-WA0080-768x508-1.jpg","datePublished":"2024-08-01T11:39:30+00:00","author":{"@id":"https:\/\/www.amanien.info\/news\/#\/schema\/person\/b21093345753a1a98242d505bd894f42"},"breadcrumb":{"@id":"https:\/\/www.amanien.info\/news\/stabilite-de-lenvironnement-et-durabilite-des-villes-le-ministre-jacques-assahore-konan-lance-la-2eme-edition-du-forum-international-de-leconomie-circulaire\/#breadcrumb"},"inLanguage":"fr-FR","potentialAction":[{"@type":"ReadAction","target":["https:\/\/www.amanien.info\/news\/stabilite-de-lenvironnement-et-durabilite-des-villes-le-ministre-jacques-assahore-konan-lance-la-2eme-edition-du-forum-international-de-leconomie-circulaire\/"]}]},{"@type":"ImageObject","inLanguage":"fr-FR","@id":"https:\/\/www.amanien.info\/news\/stabilite-de-lenvironnement-et-durabilite-des-villes-le-ministre-jacques-assahore-konan-lance-la-2eme-edition-du-forum-international-de-leconomie-circulaire\/#primaryimage","url":"https:\/\/www.amanien.info\/news\/wp-content\/uploads\/2024\/08\/IMG-20240730-WA0080-768x508-1.jpg","contentUrl":"https:\/\/www.amanien.info\/news\/wp-content\/uploads\/2024\/08\/IMG-20240730-WA0080-768x508-1.jpg","width":768,"height":508},{"@type":"BreadcrumbList","@id":"https:\/\/www.amanien.info\/news\/stabilite-de-lenvironnement-et-durabilite-des-villes-le-ministre-jacques-assahore-konan-lance-la-2eme-edition-du-forum-international-de-leconomie-circulaire\/#breadcrumb","itemListElement":[{"@type":"ListItem","position":1,"name":"Accueil","item":"https:\/\/www.amanien.info\/news\/"},{"@type":"ListItem","position":2,"name":"Stabilit\u00e9 de l&rsquo;environnement et durabilit\u00e9 des villes : Le Ministre Jacques Assahor\u00e9 Konan lance la 2\u00e8me \u00e9dition du Forum International de l&rsquo;\u00e9conomie circulaire"}]},{"@type":"WebSite","@id":"https:\/\/www.amanien.info\/news\/#website","url":"https:\/\/www.amanien.info\/news\/","name":"Amanien| L&#039;actualit\u00e9 Ivoirienne et Internationale","description":"L&#039;actualit\u00e9 Ivoirienne et Internationale","potentialAction":[{"@type":"SearchAction","target":{"@type":"EntryPoint","urlTemplate":"https:\/\/www.amanien.info\/news\/?s={search_term_string}"},"query-input":{"@type":"PropertyValueSpecification","valueRequired":true,"valueName":"search_term_string"}}],"inLanguage":"fr-FR"},{"@type":"Person","@id":"https:\/\/www.amanien.info\/news\/#\/schema\/person\/b21093345753a1a98242d505bd894f42","name":"Germain Ndri","url":"https:\/\/www.amanien.info\/news\/author\/amanien-infos\/"}]}},"_links":{"self":[{"href":"https:\/\/www.amanien.info\/news\/wp-json\/wp\/v2\/posts\/6365","targetHints":{"allow":["GET"]}}],"collection":[{"href":"https:\/\/www.amanien.info\/news\/wp-json\/wp\/v2\/posts"}],"about":[{"href":"https:\/\/www.amanien.info\/news\/wp-json\/wp\/v2\/types\/post"}],"author":[{"embeddable":true,"href":"https:\/\/www.amanien.info\/news\/wp-json\/wp\/v2\/users\/2"}],"replies":[{"embeddable":true,"href":"https:\/\/www.amanien.info\/news\/wp-json\/wp\/v2\/comments?post=6365"}],"version-history":[{"count":1,"href":"https:\/\/www.amanien.info\/news\/wp-json\/wp\/v2\/posts\/6365\/revisions"}],"predecessor-version":[{"id":6367,"href":"https:\/\/www.amanien.info\/news\/wp-json\/wp\/v2\/posts\/6365\/revisions\/6367"}],"wp:featuredmedia":[{"embeddable":true,"href":"https:\/\/www.amanien.info\/news\/wp-json\/wp\/v2\/media\/6366"}],"wp:attachment":[{"href":"https:\/\/www.amanien.info\/news\/wp-json\/wp\/v2\/media?parent=6365"}],"wp:term":[{"taxonomy":"category","embeddable":true,"href":"https:\/\/www.amanien.info\/news\/wp-json\/wp\/v2\/categories?post=6365"},{"taxonomy":"post_tag","embeddable":true,"href":"https:\/\/www.amanien.info\/news\/wp-json\/wp\/v2\/tags?post=6365"}],"curies":[{"name":"wp","href":"https:\/\/api.w.org\/{rel}","templated":true}]}}