{"id":6357,"date":"2024-07-26T15:28:11","date_gmt":"2024-07-26T15:28:11","guid":{"rendered":"https:\/\/www.amanien.info\/news\/?p=6357"},"modified":"2024-07-26T15:29:12","modified_gmt":"2024-07-26T15:29:12","slug":"ecole-de-la-deuxieme-chance-169-jeunes-formes-aux-metiers-du-batiment-et-des-travaux-publics-btp-recoivent-leur-certificat-de-qualification-professionnelle","status":"publish","type":"post","link":"https:\/\/www.amanien.info\/news\/ecole-de-la-deuxieme-chance-169-jeunes-formes-aux-metiers-du-batiment-et-des-travaux-publics-btp-recoivent-leur-certificat-de-qualification-professionnelle\/","title":{"rendered":"\u00c9cole de la deuxi\u00e8me chance :\u00a0 169 jeunes form\u00e9s aux m\u00e9tiers du b\u00e2timent et des Travaux publics (BTP) re\u00e7oivent leur Certificat de Qualification professionnelle\u00a0"},"content":{"rendered":"<div><\/div>\n<div>Cent soixante-neuf (169) jeunes apprentis dont 29 filles, ont re\u00e7u leur Certificat de Qualification professionnelle (CQP) aux m\u00e9tiers du B\u00e2timent et Travaux publics (BTP) apr\u00e8s neuf mois de formation. Ce, dans le cadre du Programme \u2018\u2019l&rsquo;Ecole de la deuxi\u00e8me chance\u2019\u2019 d\u00e9ploy\u00e9 par le minist\u00e8re de l&rsquo;Enseignement technique, de la Formation professionnelle et de l&rsquo;Apprentissage.<\/div>\n<div><\/div>\n<div><\/div>\n<div><\/div>\n<div>La c\u00e9r\u00e9monie de remise de certificats a eu lieu , le jeudi 25 juillet 2024, \u00e0 la salle des F\u00eates du Sofitel H\u00f4tel Ivoire d&rsquo;Abidjan-Cocody, en pr\u00e9sence du Ministre de la Construction, du logement et de l&rsquo;urbanisme, Bruno Nabagn\u00e9 Kon\u00e9, du Directeur G\u00e9n\u00e9ral du Groupe Kaydan, partenaire du projet baptis\u00e9 \u00ab\u00a0L&rsquo;Ecole des Talents \u00ab\u00a0,\u00a0 St\u00e9phane Affro.<\/div>\n<div><\/div>\n<div>Ces 169 apprentis sont compos\u00e9s compos\u00e9s de 39 ma\u00e7ons, 17 menuisiers\/coffreurs, 18 ferrailleurs, 21 ferronniers, 22 carreleurs, 38 peintres et 14 staffeurs\/plaquistes.<\/div>\n<div><\/div>\n<div><\/div>\n<div><\/div>\n<div>Dans son allocution, le ministre de l&rsquo;enseignement technique, de la formation professionnelle et de l&rsquo;apprentissage, N\u2019Guessan Koffi a f\u00e9licit\u00e9 et exhort\u00e9 \u2018\u2019ces apprentis \u00e0 observer cet esprit de sacrifice et d\u2019abn\u00e9gation dans la vie et \u00e0 \u00eatre des mod\u00e8les inspirants pour les nombreux jeunes dont la situation est encore pr\u00e9caire malheureusement\u2019\u2019.<\/div>\n<div><\/div>\n<div><\/div>\n<div>Il a \u00e9galement assur\u00e9 que le gouvernement continuera et renforcera ses actions en faveur des jeunes, \u00e0 travers le Programme Jeunesse du Gouvernement (PJ Gouv).<\/div>\n<div><\/div>\n<div><\/div>\n<div>\u00ab\u00a0Ces 169 jeunes deviendront \u00e0 partir de lundi 29 juillet, des compagnons dans le groupe Kaydan, muni d\u2019un contrat de travail dans nos filiales, ils commenceront un nouveau processus, celui du compagnonnage.Pendant trois, avec leurs ma\u00eetres m\u00e9tiers, ils accro\u00eetront leurs connaissances et leurs comp\u00e9tences. Ils se familiariseront \u00e0 de nouvelles techniques et \u00e0 de nouveaux outils\u00a0\u00bb, a promis, pour sa part, le Pr\u00e9sident Directeur g\u00e9n\u00e9ral de Kaydan groupe M. Alain Kouadio.<\/div>\n<div><\/div>\n<div><\/div>\n<div>Selon les termes de la convention de partenariat sign\u00e9e le 04 mai 2023 entre Kaydan Groupe et le Minist\u00e8re de l&rsquo;enseignement technique, de la formation professionnelle et de l&rsquo;apprentissage, 600 jeunes devront \u00eatre form\u00e9s par apprentissage sur une p\u00e9riode de trois (03) ans.<\/div>\n<div><\/div>\n<div><\/div>\n<div><\/div>\n<div><b>\u00a0 \u00a0 \u00a0 \u00a0 \u00a0 \u00a0 \u00a0 \u00a0 \u00a0 \u00a0 \u00a0 \u00a0 \u00a0 \u00a0 \u00a0 \u00a0 \u00a0 \u00a0 \u00a0 \u00a0 \u00a0 \u00a0 \u00a0 \u00a0 \u00a0 \u00a0 \u00a0 \u00a0 \u00a0 \u00a0 \u00a0 \u00a0 S.A.<\/b><\/div>\n<div><\/div>\n","protected":false},"excerpt":{"rendered":"<p>Cent soixante-neuf (169) jeunes apprentis dont 29 filles, ont re\u00e7u leur Certificat de Qualification professionnelle (CQP) aux m\u00e9tiers du B\u00e2timent et Travaux publics (BTP) apr\u00e8s neuf mois de formation. Ce, dans le cadre du Programme \u2018\u2019l&rsquo;Ecole de la deuxi\u00e8me chance\u2019\u2019 d\u00e9ploy\u00e9 par le minist\u00e8re de l&rsquo;Enseignement technique, de la Formation professionnelle et de l&rsquo;Apprentissage. La [&hellip;]<\/p>\n","protected":false},"author":2,"featured_media":6360,"comment_status":"closed","ping_status":"closed","sticky":false,"template":"","format":"standard","meta":{"_acf_changed":false,"footnotes":""},"categories":[1],"tags":[],"class_list":["post-6357","post","type-post","status-publish","format-standard","has-post-thumbnail","hentry","category-national"],"acf":[],"yoast_head":"<!-- This site is optimized with the Yoast SEO plugin v27.5 - https:\/\/yoast.com\/product\/yoast-seo-wordpress\/ -->\n<title>\u00c9cole de la deuxi\u00e8me chance :\u00a0 169 jeunes form\u00e9s aux m\u00e9tiers du b\u00e2timent et des Travaux publics (BTP) re\u00e7oivent leur Certificat de Qualification professionnelle\u00a0 - Amanien| L&#039;actualit\u00e9 Ivoirienne et Internationale<\/title>\n<meta name=\"robots\" content=\"index, follow, max-snippet:-1, max-image-preview:large, max-video-preview:-1\" \/>\n<link rel=\"canonical\" href=\"https:\/\/www.amanien.info\/news\/ecole-de-la-deuxieme-chance-169-jeunes-formes-aux-metiers-du-batiment-et-des-travaux-publics-btp-recoivent-leur-certificat-de-qualification-professionnelle\/\" \/>\n<meta property=\"og:locale\" content=\"fr_FR\" \/>\n<meta property=\"og:type\" content=\"article\" \/>\n<meta property=\"og:title\" content=\"\u00c9cole de la deuxi\u00e8me chance :\u00a0 169 jeunes form\u00e9s aux m\u00e9tiers du b\u00e2timent et des Travaux publics (BTP) re\u00e7oivent leur Certificat de Qualification professionnelle\u00a0 - Amanien| L&#039;actualit\u00e9 Ivoirienne et Internationale\" \/>\n<meta property=\"og:description\" content=\"Cent soixante-neuf (169) jeunes apprentis dont 29 filles, ont re\u00e7u leur Certificat de Qualification professionnelle (CQP) aux m\u00e9tiers du B\u00e2timent et Travaux publics (BTP) apr\u00e8s neuf mois de formation. Ce, dans le cadre du Programme \u2018\u2019l&rsquo;Ecole de la deuxi\u00e8me chance\u2019\u2019 d\u00e9ploy\u00e9 par le minist\u00e8re de l&rsquo;Enseignement technique, de la Formation professionnelle et de l&rsquo;Apprentissage. La [&hellip;]\" \/>\n<meta property=\"og:url\" content=\"https:\/\/www.amanien.info\/news\/ecole-de-la-deuxieme-chance-169-jeunes-formes-aux-metiers-du-batiment-et-des-travaux-publics-btp-recoivent-leur-certificat-de-qualification-professionnelle\/\" \/>\n<meta property=\"og:site_name\" content=\"Amanien| L&#039;actualit\u00e9 Ivoirienne et Internationale\" \/>\n<meta property=\"article:published_time\" content=\"2024-07-26T15:28:11+00:00\" \/>\n<meta property=\"article:modified_time\" content=\"2024-07-26T15:29:12+00:00\" \/>\n<meta property=\"og:image\" content=\"https:\/\/www.amanien.info\/news\/wp-content\/uploads\/2024\/07\/Ecole-de-la-2eme-chance-25-07-2024-img3-1.jpg\" \/>\n\t<meta property=\"og:image:width\" content=\"1723\" \/>\n\t<meta property=\"og:image:height\" content=\"885\" \/>\n\t<meta property=\"og:image:type\" content=\"image\/jpeg\" \/>\n<meta name=\"author\" content=\"Germain Ndri\" \/>\n<meta name=\"twitter:card\" content=\"summary_large_image\" \/>\n<meta name=\"twitter:label1\" content=\"\u00c9crit par\" \/>\n\t<meta name=\"twitter:data1\" content=\"Germain Ndri\" \/>\n\t<meta name=\"twitter:label2\" content=\"Dur\u00e9e de lecture estim\u00e9e\" \/>\n\t<meta name=\"twitter:data2\" content=\"2 minutes\" \/>\n<script type=\"application\/ld+json\" class=\"yoast-schema-graph\">{\"@context\":\"https:\\\/\\\/schema.org\",\"@graph\":[{\"@type\":\"Article\",\"@id\":\"https:\\\/\\\/www.amanien.info\\\/news\\\/ecole-de-la-deuxieme-chance-169-jeunes-formes-aux-metiers-du-batiment-et-des-travaux-publics-btp-recoivent-leur-certificat-de-qualification-professionnelle\\\/#article\",\"isPartOf\":{\"@id\":\"https:\\\/\\\/www.amanien.info\\\/news\\\/ecole-de-la-deuxieme-chance-169-jeunes-formes-aux-metiers-du-batiment-et-des-travaux-publics-btp-recoivent-leur-certificat-de-qualification-professionnelle\\\/\"},\"author\":{\"name\":\"Germain Ndri\",\"@id\":\"https:\\\/\\\/www.amanien.info\\\/news\\\/#\\\/schema\\\/person\\\/b21093345753a1a98242d505bd894f42\"},\"headline\":\"\u00c9cole de la deuxi\u00e8me chance :\u00a0 169 jeunes form\u00e9s aux m\u00e9tiers du b\u00e2timent et des Travaux publics (BTP) re\u00e7oivent leur Certificat de Qualification professionnelle\u00a0\",\"datePublished\":\"2024-07-26T15:28:11+00:00\",\"dateModified\":\"2024-07-26T15:29:12+00:00\",\"mainEntityOfPage\":{\"@id\":\"https:\\\/\\\/www.amanien.info\\\/news\\\/ecole-de-la-deuxieme-chance-169-jeunes-formes-aux-metiers-du-batiment-et-des-travaux-publics-btp-recoivent-leur-certificat-de-qualification-professionnelle\\\/\"},\"wordCount\":373,\"image\":{\"@id\":\"https:\\\/\\\/www.amanien.info\\\/news\\\/ecole-de-la-deuxieme-chance-169-jeunes-formes-aux-metiers-du-batiment-et-des-travaux-publics-btp-recoivent-leur-certificat-de-qualification-professionnelle\\\/#primaryimage\"},\"thumbnailUrl\":\"https:\\\/\\\/www.amanien.info\\\/news\\\/wp-content\\\/uploads\\\/2024\\\/07\\\/Ecole-de-la-2eme-chance-25-07-2024-img3-1.jpg\",\"articleSection\":[\"National\"],\"inLanguage\":\"fr-FR\"},{\"@type\":\"WebPage\",\"@id\":\"https:\\\/\\\/www.amanien.info\\\/news\\\/ecole-de-la-deuxieme-chance-169-jeunes-formes-aux-metiers-du-batiment-et-des-travaux-publics-btp-recoivent-leur-certificat-de-qualification-professionnelle\\\/\",\"url\":\"https:\\\/\\\/www.amanien.info\\\/news\\\/ecole-de-la-deuxieme-chance-169-jeunes-formes-aux-metiers-du-batiment-et-des-travaux-publics-btp-recoivent-leur-certificat-de-qualification-professionnelle\\\/\",\"name\":\"\u00c9cole de la deuxi\u00e8me chance :\u00a0 169 jeunes form\u00e9s aux m\u00e9tiers du b\u00e2timent et des Travaux publics (BTP) re\u00e7oivent leur Certificat de Qualification professionnelle\u00a0 - Amanien| L&#039;actualit\u00e9 Ivoirienne et Internationale\",\"isPartOf\":{\"@id\":\"https:\\\/\\\/www.amanien.info\\\/news\\\/#website\"},\"primaryImageOfPage\":{\"@id\":\"https:\\\/\\\/www.amanien.info\\\/news\\\/ecole-de-la-deuxieme-chance-169-jeunes-formes-aux-metiers-du-batiment-et-des-travaux-publics-btp-recoivent-leur-certificat-de-qualification-professionnelle\\\/#primaryimage\"},\"image\":{\"@id\":\"https:\\\/\\\/www.amanien.info\\\/news\\\/ecole-de-la-deuxieme-chance-169-jeunes-formes-aux-metiers-du-batiment-et-des-travaux-publics-btp-recoivent-leur-certificat-de-qualification-professionnelle\\\/#primaryimage\"},\"thumbnailUrl\":\"https:\\\/\\\/www.amanien.info\\\/news\\\/wp-content\\\/uploads\\\/2024\\\/07\\\/Ecole-de-la-2eme-chance-25-07-2024-img3-1.jpg\",\"datePublished\":\"2024-07-26T15:28:11+00:00\",\"dateModified\":\"2024-07-26T15:29:12+00:00\",\"author\":{\"@id\":\"https:\\\/\\\/www.amanien.info\\\/news\\\/#\\\/schema\\\/person\\\/b21093345753a1a98242d505bd894f42\"},\"breadcrumb\":{\"@id\":\"https:\\\/\\\/www.amanien.info\\\/news\\\/ecole-de-la-deuxieme-chance-169-jeunes-formes-aux-metiers-du-batiment-et-des-travaux-publics-btp-recoivent-leur-certificat-de-qualification-professionnelle\\\/#breadcrumb\"},\"inLanguage\":\"fr-FR\",\"potentialAction\":[{\"@type\":\"ReadAction\",\"target\":[\"https:\\\/\\\/www.amanien.info\\\/news\\\/ecole-de-la-deuxieme-chance-169-jeunes-formes-aux-metiers-du-batiment-et-des-travaux-publics-btp-recoivent-leur-certificat-de-qualification-professionnelle\\\/\"]}]},{\"@type\":\"ImageObject\",\"inLanguage\":\"fr-FR\",\"@id\":\"https:\\\/\\\/www.amanien.info\\\/news\\\/ecole-de-la-deuxieme-chance-169-jeunes-formes-aux-metiers-du-batiment-et-des-travaux-publics-btp-recoivent-leur-certificat-de-qualification-professionnelle\\\/#primaryimage\",\"url\":\"https:\\\/\\\/www.amanien.info\\\/news\\\/wp-content\\\/uploads\\\/2024\\\/07\\\/Ecole-de-la-2eme-chance-25-07-2024-img3-1.jpg\",\"contentUrl\":\"https:\\\/\\\/www.amanien.info\\\/news\\\/wp-content\\\/uploads\\\/2024\\\/07\\\/Ecole-de-la-2eme-chance-25-07-2024-img3-1.jpg\",\"width\":1723,\"height\":885},{\"@type\":\"BreadcrumbList\",\"@id\":\"https:\\\/\\\/www.amanien.info\\\/news\\\/ecole-de-la-deuxieme-chance-169-jeunes-formes-aux-metiers-du-batiment-et-des-travaux-publics-btp-recoivent-leur-certificat-de-qualification-professionnelle\\\/#breadcrumb\",\"itemListElement\":[{\"@type\":\"ListItem\",\"position\":1,\"name\":\"Accueil\",\"item\":\"https:\\\/\\\/www.amanien.info\\\/news\\\/\"},{\"@type\":\"ListItem\",\"position\":2,\"name\":\"\u00c9cole de la deuxi\u00e8me chance :\u00a0 169 jeunes form\u00e9s aux m\u00e9tiers du b\u00e2timent et des Travaux publics (BTP) re\u00e7oivent leur Certificat de Qualification professionnelle\u00a0\"}]},{\"@type\":\"WebSite\",\"@id\":\"https:\\\/\\\/www.amanien.info\\\/news\\\/#website\",\"url\":\"https:\\\/\\\/www.amanien.info\\\/news\\\/\",\"name\":\"Amanien| L&#039;actualit\u00e9 Ivoirienne et Internationale\",\"description\":\"L&#039;actualit\u00e9 Ivoirienne et Internationale\",\"potentialAction\":[{\"@type\":\"SearchAction\",\"target\":{\"@type\":\"EntryPoint\",\"urlTemplate\":\"https:\\\/\\\/www.amanien.info\\\/news\\\/?s={search_term_string}\"},\"query-input\":{\"@type\":\"PropertyValueSpecification\",\"valueRequired\":true,\"valueName\":\"search_term_string\"}}],\"inLanguage\":\"fr-FR\"},{\"@type\":\"Person\",\"@id\":\"https:\\\/\\\/www.amanien.info\\\/news\\\/#\\\/schema\\\/person\\\/b21093345753a1a98242d505bd894f42\",\"name\":\"Germain Ndri\",\"url\":\"https:\\\/\\\/www.amanien.info\\\/news\\\/author\\\/amanien-infos\\\/\"}]}<\/script>\n<!-- \/ Yoast SEO plugin. -->","yoast_head_json":{"title":"\u00c9cole de la deuxi\u00e8me chance :\u00a0 169 jeunes form\u00e9s aux m\u00e9tiers du b\u00e2timent et des Travaux publics (BTP) re\u00e7oivent leur Certificat de Qualification professionnelle\u00a0 - Amanien| L&#039;actualit\u00e9 Ivoirienne et Internationale","robots":{"index":"index","follow":"follow","max-snippet":"max-snippet:-1","max-image-preview":"max-image-preview:large","max-video-preview":"max-video-preview:-1"},"canonical":"https:\/\/www.amanien.info\/news\/ecole-de-la-deuxieme-chance-169-jeunes-formes-aux-metiers-du-batiment-et-des-travaux-publics-btp-recoivent-leur-certificat-de-qualification-professionnelle\/","og_locale":"fr_FR","og_type":"article","og_title":"\u00c9cole de la deuxi\u00e8me chance :\u00a0 169 jeunes form\u00e9s aux m\u00e9tiers du b\u00e2timent et des Travaux publics (BTP) re\u00e7oivent leur Certificat de Qualification professionnelle\u00a0 - Amanien| L&#039;actualit\u00e9 Ivoirienne et Internationale","og_description":"Cent soixante-neuf (169) jeunes apprentis dont 29 filles, ont re\u00e7u leur Certificat de Qualification professionnelle (CQP) aux m\u00e9tiers du B\u00e2timent et Travaux publics (BTP) apr\u00e8s neuf mois de formation. Ce, dans le cadre du Programme \u2018\u2019l&rsquo;Ecole de la deuxi\u00e8me chance\u2019\u2019 d\u00e9ploy\u00e9 par le minist\u00e8re de l&rsquo;Enseignement technique, de la Formation professionnelle et de l&rsquo;Apprentissage. La [&hellip;]","og_url":"https:\/\/www.amanien.info\/news\/ecole-de-la-deuxieme-chance-169-jeunes-formes-aux-metiers-du-batiment-et-des-travaux-publics-btp-recoivent-leur-certificat-de-qualification-professionnelle\/","og_site_name":"Amanien| L&#039;actualit\u00e9 Ivoirienne et Internationale","article_published_time":"2024-07-26T15:28:11+00:00","article_modified_time":"2024-07-26T15:29:12+00:00","og_image":[{"width":1723,"height":885,"url":"https:\/\/www.amanien.info\/news\/wp-content\/uploads\/2024\/07\/Ecole-de-la-2eme-chance-25-07-2024-img3-1.jpg","type":"image\/jpeg"}],"author":"Germain Ndri","twitter_card":"summary_large_image","twitter_misc":{"\u00c9crit par":"Germain Ndri","Dur\u00e9e de lecture estim\u00e9e":"2 minutes"},"schema":{"@context":"https:\/\/schema.org","@graph":[{"@type":"Article","@id":"https:\/\/www.amanien.info\/news\/ecole-de-la-deuxieme-chance-169-jeunes-formes-aux-metiers-du-batiment-et-des-travaux-publics-btp-recoivent-leur-certificat-de-qualification-professionnelle\/#article","isPartOf":{"@id":"https:\/\/www.amanien.info\/news\/ecole-de-la-deuxieme-chance-169-jeunes-formes-aux-metiers-du-batiment-et-des-travaux-publics-btp-recoivent-leur-certificat-de-qualification-professionnelle\/"},"author":{"name":"Germain Ndri","@id":"https:\/\/www.amanien.info\/news\/#\/schema\/person\/b21093345753a1a98242d505bd894f42"},"headline":"\u00c9cole de la deuxi\u00e8me chance :\u00a0 169 jeunes form\u00e9s aux m\u00e9tiers du b\u00e2timent et des Travaux publics (BTP) re\u00e7oivent leur Certificat de Qualification professionnelle\u00a0","datePublished":"2024-07-26T15:28:11+00:00","dateModified":"2024-07-26T15:29:12+00:00","mainEntityOfPage":{"@id":"https:\/\/www.amanien.info\/news\/ecole-de-la-deuxieme-chance-169-jeunes-formes-aux-metiers-du-batiment-et-des-travaux-publics-btp-recoivent-leur-certificat-de-qualification-professionnelle\/"},"wordCount":373,"image":{"@id":"https:\/\/www.amanien.info\/news\/ecole-de-la-deuxieme-chance-169-jeunes-formes-aux-metiers-du-batiment-et-des-travaux-publics-btp-recoivent-leur-certificat-de-qualification-professionnelle\/#primaryimage"},"thumbnailUrl":"https:\/\/www.amanien.info\/news\/wp-content\/uploads\/2024\/07\/Ecole-de-la-2eme-chance-25-07-2024-img3-1.jpg","articleSection":["National"],"inLanguage":"fr-FR"},{"@type":"WebPage","@id":"https:\/\/www.amanien.info\/news\/ecole-de-la-deuxieme-chance-169-jeunes-formes-aux-metiers-du-batiment-et-des-travaux-publics-btp-recoivent-leur-certificat-de-qualification-professionnelle\/","url":"https:\/\/www.amanien.info\/news\/ecole-de-la-deuxieme-chance-169-jeunes-formes-aux-metiers-du-batiment-et-des-travaux-publics-btp-recoivent-leur-certificat-de-qualification-professionnelle\/","name":"\u00c9cole de la deuxi\u00e8me chance :\u00a0 169 jeunes form\u00e9s aux m\u00e9tiers du b\u00e2timent et des Travaux publics (BTP) re\u00e7oivent leur Certificat de Qualification professionnelle\u00a0 - Amanien| L&#039;actualit\u00e9 Ivoirienne et Internationale","isPartOf":{"@id":"https:\/\/www.amanien.info\/news\/#website"},"primaryImageOfPage":{"@id":"https:\/\/www.amanien.info\/news\/ecole-de-la-deuxieme-chance-169-jeunes-formes-aux-metiers-du-batiment-et-des-travaux-publics-btp-recoivent-leur-certificat-de-qualification-professionnelle\/#primaryimage"},"image":{"@id":"https:\/\/www.amanien.info\/news\/ecole-de-la-deuxieme-chance-169-jeunes-formes-aux-metiers-du-batiment-et-des-travaux-publics-btp-recoivent-leur-certificat-de-qualification-professionnelle\/#primaryimage"},"thumbnailUrl":"https:\/\/www.amanien.info\/news\/wp-content\/uploads\/2024\/07\/Ecole-de-la-2eme-chance-25-07-2024-img3-1.jpg","datePublished":"2024-07-26T15:28:11+00:00","dateModified":"2024-07-26T15:29:12+00:00","author":{"@id":"https:\/\/www.amanien.info\/news\/#\/schema\/person\/b21093345753a1a98242d505bd894f42"},"breadcrumb":{"@id":"https:\/\/www.amanien.info\/news\/ecole-de-la-deuxieme-chance-169-jeunes-formes-aux-metiers-du-batiment-et-des-travaux-publics-btp-recoivent-leur-certificat-de-qualification-professionnelle\/#breadcrumb"},"inLanguage":"fr-FR","potentialAction":[{"@type":"ReadAction","target":["https:\/\/www.amanien.info\/news\/ecole-de-la-deuxieme-chance-169-jeunes-formes-aux-metiers-du-batiment-et-des-travaux-publics-btp-recoivent-leur-certificat-de-qualification-professionnelle\/"]}]},{"@type":"ImageObject","inLanguage":"fr-FR","@id":"https:\/\/www.amanien.info\/news\/ecole-de-la-deuxieme-chance-169-jeunes-formes-aux-metiers-du-batiment-et-des-travaux-publics-btp-recoivent-leur-certificat-de-qualification-professionnelle\/#primaryimage","url":"https:\/\/www.amanien.info\/news\/wp-content\/uploads\/2024\/07\/Ecole-de-la-2eme-chance-25-07-2024-img3-1.jpg","contentUrl":"https:\/\/www.amanien.info\/news\/wp-content\/uploads\/2024\/07\/Ecole-de-la-2eme-chance-25-07-2024-img3-1.jpg","width":1723,"height":885},{"@type":"BreadcrumbList","@id":"https:\/\/www.amanien.info\/news\/ecole-de-la-deuxieme-chance-169-jeunes-formes-aux-metiers-du-batiment-et-des-travaux-publics-btp-recoivent-leur-certificat-de-qualification-professionnelle\/#breadcrumb","itemListElement":[{"@type":"ListItem","position":1,"name":"Accueil","item":"https:\/\/www.amanien.info\/news\/"},{"@type":"ListItem","position":2,"name":"\u00c9cole de la deuxi\u00e8me chance :\u00a0 169 jeunes form\u00e9s aux m\u00e9tiers du b\u00e2timent et des Travaux publics (BTP) re\u00e7oivent leur Certificat de Qualification professionnelle\u00a0"}]},{"@type":"WebSite","@id":"https:\/\/www.amanien.info\/news\/#website","url":"https:\/\/www.amanien.info\/news\/","name":"Amanien| L&#039;actualit\u00e9 Ivoirienne et Internationale","description":"L&#039;actualit\u00e9 Ivoirienne et Internationale","potentialAction":[{"@type":"SearchAction","target":{"@type":"EntryPoint","urlTemplate":"https:\/\/www.amanien.info\/news\/?s={search_term_string}"},"query-input":{"@type":"PropertyValueSpecification","valueRequired":true,"valueName":"search_term_string"}}],"inLanguage":"fr-FR"},{"@type":"Person","@id":"https:\/\/www.amanien.info\/news\/#\/schema\/person\/b21093345753a1a98242d505bd894f42","name":"Germain Ndri","url":"https:\/\/www.amanien.info\/news\/author\/amanien-infos\/"}]}},"_links":{"self":[{"href":"https:\/\/www.amanien.info\/news\/wp-json\/wp\/v2\/posts\/6357","targetHints":{"allow":["GET"]}}],"collection":[{"href":"https:\/\/www.amanien.info\/news\/wp-json\/wp\/v2\/posts"}],"about":[{"href":"https:\/\/www.amanien.info\/news\/wp-json\/wp\/v2\/types\/post"}],"author":[{"embeddable":true,"href":"https:\/\/www.amanien.info\/news\/wp-json\/wp\/v2\/users\/2"}],"replies":[{"embeddable":true,"href":"https:\/\/www.amanien.info\/news\/wp-json\/wp\/v2\/comments?post=6357"}],"version-history":[{"count":1,"href":"https:\/\/www.amanien.info\/news\/wp-json\/wp\/v2\/posts\/6357\/revisions"}],"predecessor-version":[{"id":6361,"href":"https:\/\/www.amanien.info\/news\/wp-json\/wp\/v2\/posts\/6357\/revisions\/6361"}],"wp:featuredmedia":[{"embeddable":true,"href":"https:\/\/www.amanien.info\/news\/wp-json\/wp\/v2\/media\/6360"}],"wp:attachment":[{"href":"https:\/\/www.amanien.info\/news\/wp-json\/wp\/v2\/media?parent=6357"}],"wp:term":[{"taxonomy":"category","embeddable":true,"href":"https:\/\/www.amanien.info\/news\/wp-json\/wp\/v2\/categories?post=6357"},{"taxonomy":"post_tag","embeddable":true,"href":"https:\/\/www.amanien.info\/news\/wp-json\/wp\/v2\/tags?post=6357"}],"curies":[{"name":"wp","href":"https:\/\/api.w.org\/{rel}","templated":true}]}}