{"id":6338,"date":"2024-07-25T18:31:12","date_gmt":"2024-07-25T18:31:12","guid":{"rendered":"https:\/\/www.amanien.info\/news\/?p=6338"},"modified":"2024-07-25T18:31:12","modified_gmt":"2024-07-25T18:31:12","slug":"region-du-tchologo-a-la-decouverte-de-la-culture-du-canton-palaka-koumbala-organise-le-plaklo-festival","status":"publish","type":"post","link":"https:\/\/www.amanien.info\/news\/region-du-tchologo-a-la-decouverte-de-la-culture-du-canton-palaka-koumbala-organise-le-plaklo-festival\/","title":{"rendered":"R\u00e9gion du Tchologo \/ A la d\u00e9couverte de la culture du canton Palaka\u00a0: Koumbala organise le Plaklo Festival"},"content":{"rendered":"<p class=\"yiv6535391321MsoNormal\">\n<p class=\"yiv6535391321MsoNormal\">\n<p class=\"yiv6535391321MsoNormal\"><i>Koumbala, la capitale du canton Palaka, dans la r\u00e9gion du Tchologo, conna\u00eetra une effervescence particuli\u00e8re pendant ces vacances. Samedi 10 Ao\u00fbt prochain, en effet, les filles et fils de ce canton organise la premi\u00e8re \u00e9dition du \u2018\u2019Plaklo Festival\u2019\u2019, plateforme de pr\u00e9sentation de <\/i><i>valorisation des us et coutumes, notamment des habitudes alimentaires des autochtones et de la pr\u00e9sentation des artistes, des danses et autres instruments de musique du terroir.<\/i><\/p>\n<p class=\"yiv6535391321MsoNormal\">Selon\u00a0Soualamagnan Kon\u00e9,\u00a0pr\u00e9sident du comit\u00e9 d\u2019organisation, \u2018<i>\u2019nous sommes conscients de ce que le d\u00e9lai de r\u00e9alisation de cette premi\u00e8re \u00e9dition n\u2019ait pas permis l\u2019implication de tous dans l\u2019organisation. Ce qui est un handicap, mais nous restons convaincus que pour l\u2019int\u00e9r\u00eat du canton, toutes les filles et les fils colligeront leurs efforts pour la r\u00e9ussite de ce festival<\/i>\u2019\u2019, esp\u00e8re-t-il, en appelant \u00e0 la mobilisation de tous. Cadres, \u00e9tudiants et \u00e9l\u00e8ves, filles et fils de Koumbala, ressortissants de toute la r\u00e9gion du Tchologo et tous ceux qui y ont des int\u00e9r\u00eats sont, donc, convi\u00e9s \u00e0 ce grand rendez-vous culturel.. Par la voix de Dr Dinignako Coulibaly, cadre de la r\u00e9gion et responsable de la commission mobilisation du festival, \u2018<i>\u2019cette f\u00eate de la culture est une tribune totalement apolitique. C\u2019est pourquoi nous souhaitons que tous, autant que nous sommes du canton, nous mobilisions autour de cet \u00e9v\u00e8nement qui pr\u00e9sentera la culture, dans sa globalit\u00e9, de notre canton<\/i>\u2019\u2019, en appelle-t-il.<\/p>\n<p class=\"yiv6535391321MsoNormal\">Laurent Nahounou<\/p>\n","protected":false},"excerpt":{"rendered":"<p>Koumbala, la capitale du canton Palaka, dans la r\u00e9gion du Tchologo, conna\u00eetra une effervescence particuli\u00e8re pendant ces vacances. Samedi 10 Ao\u00fbt prochain, en effet, les filles et fils de ce canton organise la premi\u00e8re \u00e9dition du \u2018\u2019Plaklo Festival\u2019\u2019, plateforme de pr\u00e9sentation de valorisation des us et coutumes, notamment des habitudes alimentaires des autochtones et de [&hellip;]<\/p>\n","protected":false},"author":2,"featured_media":0,"comment_status":"closed","ping_status":"closed","sticky":false,"template":"","format":"standard","meta":{"_acf_changed":false,"footnotes":""},"categories":[3],"tags":[],"class_list":["post-6338","post","type-post","status-publish","format-standard","hentry","category-culture"],"acf":[],"yoast_head":"<!-- This site is optimized with the Yoast SEO plugin v27.5 - https:\/\/yoast.com\/product\/yoast-seo-wordpress\/ -->\n<title>R\u00e9gion du Tchologo \/ A la d\u00e9couverte de la culture du canton Palaka\u00a0: Koumbala organise le Plaklo Festival - Amanien| L&#039;actualit\u00e9 Ivoirienne et Internationale<\/title>\n<meta name=\"robots\" content=\"index, follow, max-snippet:-1, max-image-preview:large, max-video-preview:-1\" \/>\n<link rel=\"canonical\" href=\"https:\/\/www.amanien.info\/news\/region-du-tchologo-a-la-decouverte-de-la-culture-du-canton-palaka-koumbala-organise-le-plaklo-festival\/\" \/>\n<meta property=\"og:locale\" content=\"fr_FR\" \/>\n<meta property=\"og:type\" content=\"article\" \/>\n<meta property=\"og:title\" content=\"R\u00e9gion du Tchologo \/ A la d\u00e9couverte de la culture du canton Palaka\u00a0: Koumbala organise le Plaklo Festival - Amanien| L&#039;actualit\u00e9 Ivoirienne et Internationale\" \/>\n<meta property=\"og:description\" content=\"Koumbala, la capitale du canton Palaka, dans la r\u00e9gion du Tchologo, conna\u00eetra une effervescence particuli\u00e8re pendant ces vacances. Samedi 10 Ao\u00fbt prochain, en effet, les filles et fils de ce canton organise la premi\u00e8re \u00e9dition du \u2018\u2019Plaklo Festival\u2019\u2019, plateforme de pr\u00e9sentation de valorisation des us et coutumes, notamment des habitudes alimentaires des autochtones et de [&hellip;]\" \/>\n<meta property=\"og:url\" content=\"https:\/\/www.amanien.info\/news\/region-du-tchologo-a-la-decouverte-de-la-culture-du-canton-palaka-koumbala-organise-le-plaklo-festival\/\" \/>\n<meta property=\"og:site_name\" content=\"Amanien| L&#039;actualit\u00e9 Ivoirienne et Internationale\" \/>\n<meta property=\"article:published_time\" content=\"2024-07-25T18:31:12+00:00\" \/>\n<meta name=\"author\" content=\"Germain Ndri\" \/>\n<meta name=\"twitter:card\" content=\"summary_large_image\" \/>\n<meta name=\"twitter:label1\" content=\"\u00c9crit par\" \/>\n\t<meta name=\"twitter:data1\" content=\"Germain Ndri\" \/>\n\t<meta name=\"twitter:label2\" content=\"Dur\u00e9e de lecture estim\u00e9e\" \/>\n\t<meta name=\"twitter:data2\" content=\"2 minutes\" \/>\n<script type=\"application\/ld+json\" class=\"yoast-schema-graph\">{\"@context\":\"https:\\\/\\\/schema.org\",\"@graph\":[{\"@type\":\"Article\",\"@id\":\"https:\\\/\\\/www.amanien.info\\\/news\\\/region-du-tchologo-a-la-decouverte-de-la-culture-du-canton-palaka-koumbala-organise-le-plaklo-festival\\\/#article\",\"isPartOf\":{\"@id\":\"https:\\\/\\\/www.amanien.info\\\/news\\\/region-du-tchologo-a-la-decouverte-de-la-culture-du-canton-palaka-koumbala-organise-le-plaklo-festival\\\/\"},\"author\":{\"name\":\"Germain Ndri\",\"@id\":\"https:\\\/\\\/www.amanien.info\\\/news\\\/#\\\/schema\\\/person\\\/b21093345753a1a98242d505bd894f42\"},\"headline\":\"R\u00e9gion du Tchologo \\\/ A la d\u00e9couverte de la culture du canton Palaka\u00a0: Koumbala organise le Plaklo Festival\",\"datePublished\":\"2024-07-25T18:31:12+00:00\",\"mainEntityOfPage\":{\"@id\":\"https:\\\/\\\/www.amanien.info\\\/news\\\/region-du-tchologo-a-la-decouverte-de-la-culture-du-canton-palaka-koumbala-organise-le-plaklo-festival\\\/\"},\"wordCount\":273,\"articleSection\":[\"Culture\"],\"inLanguage\":\"fr-FR\"},{\"@type\":\"WebPage\",\"@id\":\"https:\\\/\\\/www.amanien.info\\\/news\\\/region-du-tchologo-a-la-decouverte-de-la-culture-du-canton-palaka-koumbala-organise-le-plaklo-festival\\\/\",\"url\":\"https:\\\/\\\/www.amanien.info\\\/news\\\/region-du-tchologo-a-la-decouverte-de-la-culture-du-canton-palaka-koumbala-organise-le-plaklo-festival\\\/\",\"name\":\"R\u00e9gion du Tchologo \\\/ A la d\u00e9couverte de la culture du canton Palaka\u00a0: Koumbala organise le Plaklo Festival - Amanien| L&#039;actualit\u00e9 Ivoirienne et Internationale\",\"isPartOf\":{\"@id\":\"https:\\\/\\\/www.amanien.info\\\/news\\\/#website\"},\"datePublished\":\"2024-07-25T18:31:12+00:00\",\"author\":{\"@id\":\"https:\\\/\\\/www.amanien.info\\\/news\\\/#\\\/schema\\\/person\\\/b21093345753a1a98242d505bd894f42\"},\"breadcrumb\":{\"@id\":\"https:\\\/\\\/www.amanien.info\\\/news\\\/region-du-tchologo-a-la-decouverte-de-la-culture-du-canton-palaka-koumbala-organise-le-plaklo-festival\\\/#breadcrumb\"},\"inLanguage\":\"fr-FR\",\"potentialAction\":[{\"@type\":\"ReadAction\",\"target\":[\"https:\\\/\\\/www.amanien.info\\\/news\\\/region-du-tchologo-a-la-decouverte-de-la-culture-du-canton-palaka-koumbala-organise-le-plaklo-festival\\\/\"]}]},{\"@type\":\"BreadcrumbList\",\"@id\":\"https:\\\/\\\/www.amanien.info\\\/news\\\/region-du-tchologo-a-la-decouverte-de-la-culture-du-canton-palaka-koumbala-organise-le-plaklo-festival\\\/#breadcrumb\",\"itemListElement\":[{\"@type\":\"ListItem\",\"position\":1,\"name\":\"Accueil\",\"item\":\"https:\\\/\\\/www.amanien.info\\\/news\\\/\"},{\"@type\":\"ListItem\",\"position\":2,\"name\":\"R\u00e9gion du Tchologo \\\/ A la d\u00e9couverte de la culture du canton Palaka\u00a0: Koumbala organise le Plaklo Festival\"}]},{\"@type\":\"WebSite\",\"@id\":\"https:\\\/\\\/www.amanien.info\\\/news\\\/#website\",\"url\":\"https:\\\/\\\/www.amanien.info\\\/news\\\/\",\"name\":\"Amanien| L&#039;actualit\u00e9 Ivoirienne et Internationale\",\"description\":\"L&#039;actualit\u00e9 Ivoirienne et Internationale\",\"potentialAction\":[{\"@type\":\"SearchAction\",\"target\":{\"@type\":\"EntryPoint\",\"urlTemplate\":\"https:\\\/\\\/www.amanien.info\\\/news\\\/?s={search_term_string}\"},\"query-input\":{\"@type\":\"PropertyValueSpecification\",\"valueRequired\":true,\"valueName\":\"search_term_string\"}}],\"inLanguage\":\"fr-FR\"},{\"@type\":\"Person\",\"@id\":\"https:\\\/\\\/www.amanien.info\\\/news\\\/#\\\/schema\\\/person\\\/b21093345753a1a98242d505bd894f42\",\"name\":\"Germain Ndri\",\"url\":\"https:\\\/\\\/www.amanien.info\\\/news\\\/author\\\/amanien-infos\\\/\"}]}<\/script>\n<!-- \/ Yoast SEO plugin. -->","yoast_head_json":{"title":"R\u00e9gion du Tchologo \/ A la d\u00e9couverte de la culture du canton Palaka\u00a0: Koumbala organise le Plaklo Festival - Amanien| L&#039;actualit\u00e9 Ivoirienne et Internationale","robots":{"index":"index","follow":"follow","max-snippet":"max-snippet:-1","max-image-preview":"max-image-preview:large","max-video-preview":"max-video-preview:-1"},"canonical":"https:\/\/www.amanien.info\/news\/region-du-tchologo-a-la-decouverte-de-la-culture-du-canton-palaka-koumbala-organise-le-plaklo-festival\/","og_locale":"fr_FR","og_type":"article","og_title":"R\u00e9gion du Tchologo \/ A la d\u00e9couverte de la culture du canton Palaka\u00a0: Koumbala organise le Plaklo Festival - Amanien| L&#039;actualit\u00e9 Ivoirienne et Internationale","og_description":"Koumbala, la capitale du canton Palaka, dans la r\u00e9gion du Tchologo, conna\u00eetra une effervescence particuli\u00e8re pendant ces vacances. Samedi 10 Ao\u00fbt prochain, en effet, les filles et fils de ce canton organise la premi\u00e8re \u00e9dition du \u2018\u2019Plaklo Festival\u2019\u2019, plateforme de pr\u00e9sentation de valorisation des us et coutumes, notamment des habitudes alimentaires des autochtones et de [&hellip;]","og_url":"https:\/\/www.amanien.info\/news\/region-du-tchologo-a-la-decouverte-de-la-culture-du-canton-palaka-koumbala-organise-le-plaklo-festival\/","og_site_name":"Amanien| L&#039;actualit\u00e9 Ivoirienne et Internationale","article_published_time":"2024-07-25T18:31:12+00:00","author":"Germain Ndri","twitter_card":"summary_large_image","twitter_misc":{"\u00c9crit par":"Germain Ndri","Dur\u00e9e de lecture estim\u00e9e":"2 minutes"},"schema":{"@context":"https:\/\/schema.org","@graph":[{"@type":"Article","@id":"https:\/\/www.amanien.info\/news\/region-du-tchologo-a-la-decouverte-de-la-culture-du-canton-palaka-koumbala-organise-le-plaklo-festival\/#article","isPartOf":{"@id":"https:\/\/www.amanien.info\/news\/region-du-tchologo-a-la-decouverte-de-la-culture-du-canton-palaka-koumbala-organise-le-plaklo-festival\/"},"author":{"name":"Germain Ndri","@id":"https:\/\/www.amanien.info\/news\/#\/schema\/person\/b21093345753a1a98242d505bd894f42"},"headline":"R\u00e9gion du Tchologo \/ A la d\u00e9couverte de la culture du canton Palaka\u00a0: Koumbala organise le Plaklo Festival","datePublished":"2024-07-25T18:31:12+00:00","mainEntityOfPage":{"@id":"https:\/\/www.amanien.info\/news\/region-du-tchologo-a-la-decouverte-de-la-culture-du-canton-palaka-koumbala-organise-le-plaklo-festival\/"},"wordCount":273,"articleSection":["Culture"],"inLanguage":"fr-FR"},{"@type":"WebPage","@id":"https:\/\/www.amanien.info\/news\/region-du-tchologo-a-la-decouverte-de-la-culture-du-canton-palaka-koumbala-organise-le-plaklo-festival\/","url":"https:\/\/www.amanien.info\/news\/region-du-tchologo-a-la-decouverte-de-la-culture-du-canton-palaka-koumbala-organise-le-plaklo-festival\/","name":"R\u00e9gion du Tchologo \/ A la d\u00e9couverte de la culture du canton Palaka\u00a0: Koumbala organise le Plaklo Festival - Amanien| L&#039;actualit\u00e9 Ivoirienne et Internationale","isPartOf":{"@id":"https:\/\/www.amanien.info\/news\/#website"},"datePublished":"2024-07-25T18:31:12+00:00","author":{"@id":"https:\/\/www.amanien.info\/news\/#\/schema\/person\/b21093345753a1a98242d505bd894f42"},"breadcrumb":{"@id":"https:\/\/www.amanien.info\/news\/region-du-tchologo-a-la-decouverte-de-la-culture-du-canton-palaka-koumbala-organise-le-plaklo-festival\/#breadcrumb"},"inLanguage":"fr-FR","potentialAction":[{"@type":"ReadAction","target":["https:\/\/www.amanien.info\/news\/region-du-tchologo-a-la-decouverte-de-la-culture-du-canton-palaka-koumbala-organise-le-plaklo-festival\/"]}]},{"@type":"BreadcrumbList","@id":"https:\/\/www.amanien.info\/news\/region-du-tchologo-a-la-decouverte-de-la-culture-du-canton-palaka-koumbala-organise-le-plaklo-festival\/#breadcrumb","itemListElement":[{"@type":"ListItem","position":1,"name":"Accueil","item":"https:\/\/www.amanien.info\/news\/"},{"@type":"ListItem","position":2,"name":"R\u00e9gion du Tchologo \/ A la d\u00e9couverte de la culture du canton Palaka\u00a0: Koumbala organise le Plaklo Festival"}]},{"@type":"WebSite","@id":"https:\/\/www.amanien.info\/news\/#website","url":"https:\/\/www.amanien.info\/news\/","name":"Amanien| L&#039;actualit\u00e9 Ivoirienne et Internationale","description":"L&#039;actualit\u00e9 Ivoirienne et Internationale","potentialAction":[{"@type":"SearchAction","target":{"@type":"EntryPoint","urlTemplate":"https:\/\/www.amanien.info\/news\/?s={search_term_string}"},"query-input":{"@type":"PropertyValueSpecification","valueRequired":true,"valueName":"search_term_string"}}],"inLanguage":"fr-FR"},{"@type":"Person","@id":"https:\/\/www.amanien.info\/news\/#\/schema\/person\/b21093345753a1a98242d505bd894f42","name":"Germain Ndri","url":"https:\/\/www.amanien.info\/news\/author\/amanien-infos\/"}]}},"_links":{"self":[{"href":"https:\/\/www.amanien.info\/news\/wp-json\/wp\/v2\/posts\/6338","targetHints":{"allow":["GET"]}}],"collection":[{"href":"https:\/\/www.amanien.info\/news\/wp-json\/wp\/v2\/posts"}],"about":[{"href":"https:\/\/www.amanien.info\/news\/wp-json\/wp\/v2\/types\/post"}],"author":[{"embeddable":true,"href":"https:\/\/www.amanien.info\/news\/wp-json\/wp\/v2\/users\/2"}],"replies":[{"embeddable":true,"href":"https:\/\/www.amanien.info\/news\/wp-json\/wp\/v2\/comments?post=6338"}],"version-history":[{"count":1,"href":"https:\/\/www.amanien.info\/news\/wp-json\/wp\/v2\/posts\/6338\/revisions"}],"predecessor-version":[{"id":6340,"href":"https:\/\/www.amanien.info\/news\/wp-json\/wp\/v2\/posts\/6338\/revisions\/6340"}],"wp:attachment":[{"href":"https:\/\/www.amanien.info\/news\/wp-json\/wp\/v2\/media?parent=6338"}],"wp:term":[{"taxonomy":"category","embeddable":true,"href":"https:\/\/www.amanien.info\/news\/wp-json\/wp\/v2\/categories?post=6338"},{"taxonomy":"post_tag","embeddable":true,"href":"https:\/\/www.amanien.info\/news\/wp-json\/wp\/v2\/tags?post=6338"}],"curies":[{"name":"wp","href":"https:\/\/api.w.org\/{rel}","templated":true}]}}