{"id":6330,"date":"2024-07-24T19:35:51","date_gmt":"2024-07-24T19:35:51","guid":{"rendered":"https:\/\/www.amanien.info\/news\/?p=6330"},"modified":"2024-07-24T19:35:51","modified_gmt":"2024-07-24T19:35:51","slug":"dgi-prevu-ce-mercredi-le-preavis-de-greve-de-trois-jours-de-lasadgi-ci-et-lanadgi-repousse-au-31-juillet-prochain","status":"publish","type":"post","link":"https:\/\/www.amanien.info\/news\/dgi-prevu-ce-mercredi-le-preavis-de-greve-de-trois-jours-de-lasadgi-ci-et-lanadgi-repousse-au-31-juillet-prochain\/","title":{"rendered":"DGI : Pr\u00e9vu ce mercredi, le pr\u00e9avis de gr\u00e8ve de trois jours de l&rsquo;ASADGI-CI et l&rsquo;ANADGI repouss\u00e9 au 31 juillet prochain\u00a0"},"content":{"rendered":"<div><span style=\"text-transform: initial;\">A l&rsquo;issue d&rsquo;une Assembl\u00e9e g\u00e9n\u00e9rale de restitution qui s&rsquo;est tenue, le lundi 22 juillet dernier, \u00e0 Yopougon, l&rsquo;Association Syndicale des Agents de la Direction G\u00e9n\u00e9rale des Imp\u00f4ts de C\u00f4te d&rsquo;Ivoire (ASADGI-CI) et l&rsquo;Alliance Nouvelle des Agents de la Direction G\u00e9n\u00e9rale des Imp\u00f4ts (ANADGI), ont d\u00e9cid\u00e9 de repousser leur pr\u00e9avis de gr\u00e8ve de trois jours , d&rsquo;une semaine suppl\u00e9mentaire c&rsquo;est-\u00e0-dire du mercredi 31 juillet au vendredi 02 Ao\u00fbt prochain, indique un courrier adress\u00e9 \u00e0 la Ministre d&rsquo;Etat, Ministre de la Fonction publique et de la modernisation de l&rsquo;administration, transmis \u00e0 Amanien.info .<\/span><\/div>\n<div>\u00ab\u00a0Par courrier n\u00b0157\/ ASADGI-CI\/ANADGI\/2024\/ docs, l&rsquo;ASADGI-CI et l&rsquo;ANADGI avaient d\u00e9pos\u00e9 un pr\u00e9avis de gr\u00e8ve pour les mercredi 24, jeudi 25 et vendredi 26 juillet 2024. Suite \u00e0 l&rsquo;assembl\u00e9e g\u00e9n\u00e9rale de restitution qui s&rsquo;est tenue au site fiscal de Yopougon le lundi 22 juillet 2024, le pr\u00e9avis de gr\u00e8ve a \u00e9t\u00e9 repouss\u00e9 d&rsquo;une semaine. Ainsi, le pr\u00e9avis de gr\u00e8ve est d\u00e9sormais pour le mercredi 31 juillet, jeudi 1er et vendredi 02 Ao\u00fbt \u00ab\u00a0, dit ledit courrier sign\u00e9 par le Secr\u00e9taire G\u00e9n\u00e9ral de l&rsquo;ASADGI-CI, M. DJEDJEMEL Akpa L\u00e9onard.<\/div>\n<div><\/div>\n<div><\/div>\n<div>Ce pr\u00e9avis de gr\u00e8ve, poursuit le courrier , concerne l&rsquo;ensemble des agents de la Direction G\u00e9n\u00e9rale des Imp\u00f4ts sur toute l&rsquo;\u00e9tendue du territoire ivoirien.<\/div>\n<div><\/div>\n<div><\/div>\n<div>Pour rappel, le d\u00e9p\u00f4t de ce pr\u00e9avis de gr\u00e8ve avait \u00e9t\u00e9 d\u00e9cid\u00e9 par les 8 syndicats de la DGI, lors de l&rsquo;Assembl\u00e9e g\u00e9n\u00e9rale extraordinaire du 19 juin dernier.<\/div>\n<div><\/div>\n<div><\/div>\n<div><\/div>\n<div><b>\u00a0 \u00a0 \u00a0 \u00a0 \u00a0 \u00a0 \u00a0 \u00a0 \u00a0 \u00a0 \u00a0 \u00a0 \u00a0 \u00a0 \u00a0 \u00a0 \u00a0 \u00a0 \u00a0 \u00a0 \u00a0 \u00a0 \u00a0 \u00a0 \u00a0 \u00a0 \u00a0 \u00a0 \u00a0 \u00a0 \u00a0 \u00a0 \u00a0S.A.<\/b><\/div>\n","protected":false},"excerpt":{"rendered":"<p>A l&rsquo;issue d&rsquo;une Assembl\u00e9e g\u00e9n\u00e9rale de restitution qui s&rsquo;est tenue, le lundi 22 juillet dernier, \u00e0 Yopougon, l&rsquo;Association Syndicale des Agents de la Direction G\u00e9n\u00e9rale des Imp\u00f4ts de C\u00f4te d&rsquo;Ivoire (ASADGI-CI) et l&rsquo;Alliance Nouvelle des Agents de la Direction G\u00e9n\u00e9rale des Imp\u00f4ts (ANADGI), ont d\u00e9cid\u00e9 de repousser leur pr\u00e9avis de gr\u00e8ve de trois jours , [&hellip;]<\/p>\n","protected":false},"author":2,"featured_media":6333,"comment_status":"closed","ping_status":"closed","sticky":false,"template":"","format":"standard","meta":{"_acf_changed":false,"footnotes":""},"categories":[],"tags":[],"class_list":["post-6330","post","type-post","status-publish","format-standard","has-post-thumbnail","hentry"],"acf":[],"yoast_head":"<!-- This site is optimized with the Yoast SEO plugin v27.5 - https:\/\/yoast.com\/product\/yoast-seo-wordpress\/ -->\n<title>DGI : Pr\u00e9vu ce mercredi, le pr\u00e9avis de gr\u00e8ve de trois jours de l&#039;ASADGI-CI et l&#039;ANADGI repouss\u00e9 au 31 juillet prochain\u00a0 - Amanien| L&#039;actualit\u00e9 Ivoirienne et Internationale<\/title>\n<meta name=\"robots\" content=\"index, follow, max-snippet:-1, max-image-preview:large, max-video-preview:-1\" \/>\n<link rel=\"canonical\" href=\"https:\/\/www.amanien.info\/news\/dgi-prevu-ce-mercredi-le-preavis-de-greve-de-trois-jours-de-lasadgi-ci-et-lanadgi-repousse-au-31-juillet-prochain\/\" \/>\n<meta property=\"og:locale\" content=\"fr_FR\" \/>\n<meta property=\"og:type\" content=\"article\" \/>\n<meta property=\"og:title\" content=\"DGI : Pr\u00e9vu ce mercredi, le pr\u00e9avis de gr\u00e8ve de trois jours de l&#039;ASADGI-CI et l&#039;ANADGI repouss\u00e9 au 31 juillet prochain\u00a0 - Amanien| L&#039;actualit\u00e9 Ivoirienne et Internationale\" \/>\n<meta property=\"og:description\" content=\"A l&rsquo;issue d&rsquo;une Assembl\u00e9e g\u00e9n\u00e9rale de restitution qui s&rsquo;est tenue, le lundi 22 juillet dernier, \u00e0 Yopougon, l&rsquo;Association Syndicale des Agents de la Direction G\u00e9n\u00e9rale des Imp\u00f4ts de C\u00f4te d&rsquo;Ivoire (ASADGI-CI) et l&rsquo;Alliance Nouvelle des Agents de la Direction G\u00e9n\u00e9rale des Imp\u00f4ts (ANADGI), ont d\u00e9cid\u00e9 de repousser leur pr\u00e9avis de gr\u00e8ve de trois jours , [&hellip;]\" \/>\n<meta property=\"og:url\" content=\"https:\/\/www.amanien.info\/news\/dgi-prevu-ce-mercredi-le-preavis-de-greve-de-trois-jours-de-lasadgi-ci-et-lanadgi-repousse-au-31-juillet-prochain\/\" \/>\n<meta property=\"og:site_name\" content=\"Amanien| L&#039;actualit\u00e9 Ivoirienne et Internationale\" \/>\n<meta property=\"article:published_time\" content=\"2024-07-24T19:35:51+00:00\" \/>\n<meta property=\"og:image\" content=\"https:\/\/www.amanien.info\/news\/wp-content\/uploads\/2024\/07\/IMG-20240724-WA0101.jpg\" \/>\n\t<meta property=\"og:image:width\" content=\"853\" \/>\n\t<meta property=\"og:image:height\" content=\"1280\" \/>\n\t<meta property=\"og:image:type\" content=\"image\/jpeg\" \/>\n<meta name=\"author\" content=\"Germain Ndri\" \/>\n<meta name=\"twitter:card\" content=\"summary_large_image\" \/>\n<meta name=\"twitter:label1\" content=\"\u00c9crit par\" \/>\n\t<meta name=\"twitter:data1\" content=\"Germain Ndri\" \/>\n\t<meta name=\"twitter:label2\" content=\"Dur\u00e9e de lecture estim\u00e9e\" \/>\n\t<meta name=\"twitter:data2\" content=\"2 minutes\" \/>\n<script type=\"application\/ld+json\" class=\"yoast-schema-graph\">{\"@context\":\"https:\\\/\\\/schema.org\",\"@graph\":[{\"@type\":\"Article\",\"@id\":\"https:\\\/\\\/www.amanien.info\\\/news\\\/dgi-prevu-ce-mercredi-le-preavis-de-greve-de-trois-jours-de-lasadgi-ci-et-lanadgi-repousse-au-31-juillet-prochain\\\/#article\",\"isPartOf\":{\"@id\":\"https:\\\/\\\/www.amanien.info\\\/news\\\/dgi-prevu-ce-mercredi-le-preavis-de-greve-de-trois-jours-de-lasadgi-ci-et-lanadgi-repousse-au-31-juillet-prochain\\\/\"},\"author\":{\"name\":\"Germain Ndri\",\"@id\":\"https:\\\/\\\/www.amanien.info\\\/news\\\/#\\\/schema\\\/person\\\/b21093345753a1a98242d505bd894f42\"},\"headline\":\"DGI : Pr\u00e9vu ce mercredi, le pr\u00e9avis de gr\u00e8ve de trois jours de l&rsquo;ASADGI-CI et l&rsquo;ANADGI repouss\u00e9 au 31 juillet prochain\u00a0\",\"datePublished\":\"2024-07-24T19:35:51+00:00\",\"mainEntityOfPage\":{\"@id\":\"https:\\\/\\\/www.amanien.info\\\/news\\\/dgi-prevu-ce-mercredi-le-preavis-de-greve-de-trois-jours-de-lasadgi-ci-et-lanadgi-repousse-au-31-juillet-prochain\\\/\"},\"wordCount\":300,\"image\":{\"@id\":\"https:\\\/\\\/www.amanien.info\\\/news\\\/dgi-prevu-ce-mercredi-le-preavis-de-greve-de-trois-jours-de-lasadgi-ci-et-lanadgi-repousse-au-31-juillet-prochain\\\/#primaryimage\"},\"thumbnailUrl\":\"https:\\\/\\\/www.amanien.info\\\/news\\\/wp-content\\\/uploads\\\/2024\\\/07\\\/IMG-20240724-WA0101.jpg\",\"inLanguage\":\"fr-FR\"},{\"@type\":\"WebPage\",\"@id\":\"https:\\\/\\\/www.amanien.info\\\/news\\\/dgi-prevu-ce-mercredi-le-preavis-de-greve-de-trois-jours-de-lasadgi-ci-et-lanadgi-repousse-au-31-juillet-prochain\\\/\",\"url\":\"https:\\\/\\\/www.amanien.info\\\/news\\\/dgi-prevu-ce-mercredi-le-preavis-de-greve-de-trois-jours-de-lasadgi-ci-et-lanadgi-repousse-au-31-juillet-prochain\\\/\",\"name\":\"DGI : Pr\u00e9vu ce mercredi, le pr\u00e9avis de gr\u00e8ve de trois jours de l'ASADGI-CI et l'ANADGI repouss\u00e9 au 31 juillet prochain\u00a0 - Amanien| L&#039;actualit\u00e9 Ivoirienne et Internationale\",\"isPartOf\":{\"@id\":\"https:\\\/\\\/www.amanien.info\\\/news\\\/#website\"},\"primaryImageOfPage\":{\"@id\":\"https:\\\/\\\/www.amanien.info\\\/news\\\/dgi-prevu-ce-mercredi-le-preavis-de-greve-de-trois-jours-de-lasadgi-ci-et-lanadgi-repousse-au-31-juillet-prochain\\\/#primaryimage\"},\"image\":{\"@id\":\"https:\\\/\\\/www.amanien.info\\\/news\\\/dgi-prevu-ce-mercredi-le-preavis-de-greve-de-trois-jours-de-lasadgi-ci-et-lanadgi-repousse-au-31-juillet-prochain\\\/#primaryimage\"},\"thumbnailUrl\":\"https:\\\/\\\/www.amanien.info\\\/news\\\/wp-content\\\/uploads\\\/2024\\\/07\\\/IMG-20240724-WA0101.jpg\",\"datePublished\":\"2024-07-24T19:35:51+00:00\",\"author\":{\"@id\":\"https:\\\/\\\/www.amanien.info\\\/news\\\/#\\\/schema\\\/person\\\/b21093345753a1a98242d505bd894f42\"},\"breadcrumb\":{\"@id\":\"https:\\\/\\\/www.amanien.info\\\/news\\\/dgi-prevu-ce-mercredi-le-preavis-de-greve-de-trois-jours-de-lasadgi-ci-et-lanadgi-repousse-au-31-juillet-prochain\\\/#breadcrumb\"},\"inLanguage\":\"fr-FR\",\"potentialAction\":[{\"@type\":\"ReadAction\",\"target\":[\"https:\\\/\\\/www.amanien.info\\\/news\\\/dgi-prevu-ce-mercredi-le-preavis-de-greve-de-trois-jours-de-lasadgi-ci-et-lanadgi-repousse-au-31-juillet-prochain\\\/\"]}]},{\"@type\":\"ImageObject\",\"inLanguage\":\"fr-FR\",\"@id\":\"https:\\\/\\\/www.amanien.info\\\/news\\\/dgi-prevu-ce-mercredi-le-preavis-de-greve-de-trois-jours-de-lasadgi-ci-et-lanadgi-repousse-au-31-juillet-prochain\\\/#primaryimage\",\"url\":\"https:\\\/\\\/www.amanien.info\\\/news\\\/wp-content\\\/uploads\\\/2024\\\/07\\\/IMG-20240724-WA0101.jpg\",\"contentUrl\":\"https:\\\/\\\/www.amanien.info\\\/news\\\/wp-content\\\/uploads\\\/2024\\\/07\\\/IMG-20240724-WA0101.jpg\",\"width\":853,\"height\":1280},{\"@type\":\"BreadcrumbList\",\"@id\":\"https:\\\/\\\/www.amanien.info\\\/news\\\/dgi-prevu-ce-mercredi-le-preavis-de-greve-de-trois-jours-de-lasadgi-ci-et-lanadgi-repousse-au-31-juillet-prochain\\\/#breadcrumb\",\"itemListElement\":[{\"@type\":\"ListItem\",\"position\":1,\"name\":\"Accueil\",\"item\":\"https:\\\/\\\/www.amanien.info\\\/news\\\/\"},{\"@type\":\"ListItem\",\"position\":2,\"name\":\"DGI : Pr\u00e9vu ce mercredi, le pr\u00e9avis de gr\u00e8ve de trois jours de l&rsquo;ASADGI-CI et l&rsquo;ANADGI repouss\u00e9 au 31 juillet prochain\u00a0\"}]},{\"@type\":\"WebSite\",\"@id\":\"https:\\\/\\\/www.amanien.info\\\/news\\\/#website\",\"url\":\"https:\\\/\\\/www.amanien.info\\\/news\\\/\",\"name\":\"Amanien| L&#039;actualit\u00e9 Ivoirienne et Internationale\",\"description\":\"L&#039;actualit\u00e9 Ivoirienne et Internationale\",\"potentialAction\":[{\"@type\":\"SearchAction\",\"target\":{\"@type\":\"EntryPoint\",\"urlTemplate\":\"https:\\\/\\\/www.amanien.info\\\/news\\\/?s={search_term_string}\"},\"query-input\":{\"@type\":\"PropertyValueSpecification\",\"valueRequired\":true,\"valueName\":\"search_term_string\"}}],\"inLanguage\":\"fr-FR\"},{\"@type\":\"Person\",\"@id\":\"https:\\\/\\\/www.amanien.info\\\/news\\\/#\\\/schema\\\/person\\\/b21093345753a1a98242d505bd894f42\",\"name\":\"Germain Ndri\",\"url\":\"https:\\\/\\\/www.amanien.info\\\/news\\\/author\\\/amanien-infos\\\/\"}]}<\/script>\n<!-- \/ Yoast SEO plugin. -->","yoast_head_json":{"title":"DGI : Pr\u00e9vu ce mercredi, le pr\u00e9avis de gr\u00e8ve de trois jours de l'ASADGI-CI et l'ANADGI repouss\u00e9 au 31 juillet prochain\u00a0 - Amanien| L&#039;actualit\u00e9 Ivoirienne et Internationale","robots":{"index":"index","follow":"follow","max-snippet":"max-snippet:-1","max-image-preview":"max-image-preview:large","max-video-preview":"max-video-preview:-1"},"canonical":"https:\/\/www.amanien.info\/news\/dgi-prevu-ce-mercredi-le-preavis-de-greve-de-trois-jours-de-lasadgi-ci-et-lanadgi-repousse-au-31-juillet-prochain\/","og_locale":"fr_FR","og_type":"article","og_title":"DGI : Pr\u00e9vu ce mercredi, le pr\u00e9avis de gr\u00e8ve de trois jours de l'ASADGI-CI et l'ANADGI repouss\u00e9 au 31 juillet prochain\u00a0 - Amanien| L&#039;actualit\u00e9 Ivoirienne et Internationale","og_description":"A l&rsquo;issue d&rsquo;une Assembl\u00e9e g\u00e9n\u00e9rale de restitution qui s&rsquo;est tenue, le lundi 22 juillet dernier, \u00e0 Yopougon, l&rsquo;Association Syndicale des Agents de la Direction G\u00e9n\u00e9rale des Imp\u00f4ts de C\u00f4te d&rsquo;Ivoire (ASADGI-CI) et l&rsquo;Alliance Nouvelle des Agents de la Direction G\u00e9n\u00e9rale des Imp\u00f4ts (ANADGI), ont d\u00e9cid\u00e9 de repousser leur pr\u00e9avis de gr\u00e8ve de trois jours , [&hellip;]","og_url":"https:\/\/www.amanien.info\/news\/dgi-prevu-ce-mercredi-le-preavis-de-greve-de-trois-jours-de-lasadgi-ci-et-lanadgi-repousse-au-31-juillet-prochain\/","og_site_name":"Amanien| L&#039;actualit\u00e9 Ivoirienne et Internationale","article_published_time":"2024-07-24T19:35:51+00:00","og_image":[{"width":853,"height":1280,"url":"https:\/\/www.amanien.info\/news\/wp-content\/uploads\/2024\/07\/IMG-20240724-WA0101.jpg","type":"image\/jpeg"}],"author":"Germain Ndri","twitter_card":"summary_large_image","twitter_misc":{"\u00c9crit par":"Germain Ndri","Dur\u00e9e de lecture estim\u00e9e":"2 minutes"},"schema":{"@context":"https:\/\/schema.org","@graph":[{"@type":"Article","@id":"https:\/\/www.amanien.info\/news\/dgi-prevu-ce-mercredi-le-preavis-de-greve-de-trois-jours-de-lasadgi-ci-et-lanadgi-repousse-au-31-juillet-prochain\/#article","isPartOf":{"@id":"https:\/\/www.amanien.info\/news\/dgi-prevu-ce-mercredi-le-preavis-de-greve-de-trois-jours-de-lasadgi-ci-et-lanadgi-repousse-au-31-juillet-prochain\/"},"author":{"name":"Germain Ndri","@id":"https:\/\/www.amanien.info\/news\/#\/schema\/person\/b21093345753a1a98242d505bd894f42"},"headline":"DGI : Pr\u00e9vu ce mercredi, le pr\u00e9avis de gr\u00e8ve de trois jours de l&rsquo;ASADGI-CI et l&rsquo;ANADGI repouss\u00e9 au 31 juillet prochain\u00a0","datePublished":"2024-07-24T19:35:51+00:00","mainEntityOfPage":{"@id":"https:\/\/www.amanien.info\/news\/dgi-prevu-ce-mercredi-le-preavis-de-greve-de-trois-jours-de-lasadgi-ci-et-lanadgi-repousse-au-31-juillet-prochain\/"},"wordCount":300,"image":{"@id":"https:\/\/www.amanien.info\/news\/dgi-prevu-ce-mercredi-le-preavis-de-greve-de-trois-jours-de-lasadgi-ci-et-lanadgi-repousse-au-31-juillet-prochain\/#primaryimage"},"thumbnailUrl":"https:\/\/www.amanien.info\/news\/wp-content\/uploads\/2024\/07\/IMG-20240724-WA0101.jpg","inLanguage":"fr-FR"},{"@type":"WebPage","@id":"https:\/\/www.amanien.info\/news\/dgi-prevu-ce-mercredi-le-preavis-de-greve-de-trois-jours-de-lasadgi-ci-et-lanadgi-repousse-au-31-juillet-prochain\/","url":"https:\/\/www.amanien.info\/news\/dgi-prevu-ce-mercredi-le-preavis-de-greve-de-trois-jours-de-lasadgi-ci-et-lanadgi-repousse-au-31-juillet-prochain\/","name":"DGI : Pr\u00e9vu ce mercredi, le pr\u00e9avis de gr\u00e8ve de trois jours de l'ASADGI-CI et l'ANADGI repouss\u00e9 au 31 juillet prochain\u00a0 - Amanien| L&#039;actualit\u00e9 Ivoirienne et Internationale","isPartOf":{"@id":"https:\/\/www.amanien.info\/news\/#website"},"primaryImageOfPage":{"@id":"https:\/\/www.amanien.info\/news\/dgi-prevu-ce-mercredi-le-preavis-de-greve-de-trois-jours-de-lasadgi-ci-et-lanadgi-repousse-au-31-juillet-prochain\/#primaryimage"},"image":{"@id":"https:\/\/www.amanien.info\/news\/dgi-prevu-ce-mercredi-le-preavis-de-greve-de-trois-jours-de-lasadgi-ci-et-lanadgi-repousse-au-31-juillet-prochain\/#primaryimage"},"thumbnailUrl":"https:\/\/www.amanien.info\/news\/wp-content\/uploads\/2024\/07\/IMG-20240724-WA0101.jpg","datePublished":"2024-07-24T19:35:51+00:00","author":{"@id":"https:\/\/www.amanien.info\/news\/#\/schema\/person\/b21093345753a1a98242d505bd894f42"},"breadcrumb":{"@id":"https:\/\/www.amanien.info\/news\/dgi-prevu-ce-mercredi-le-preavis-de-greve-de-trois-jours-de-lasadgi-ci-et-lanadgi-repousse-au-31-juillet-prochain\/#breadcrumb"},"inLanguage":"fr-FR","potentialAction":[{"@type":"ReadAction","target":["https:\/\/www.amanien.info\/news\/dgi-prevu-ce-mercredi-le-preavis-de-greve-de-trois-jours-de-lasadgi-ci-et-lanadgi-repousse-au-31-juillet-prochain\/"]}]},{"@type":"ImageObject","inLanguage":"fr-FR","@id":"https:\/\/www.amanien.info\/news\/dgi-prevu-ce-mercredi-le-preavis-de-greve-de-trois-jours-de-lasadgi-ci-et-lanadgi-repousse-au-31-juillet-prochain\/#primaryimage","url":"https:\/\/www.amanien.info\/news\/wp-content\/uploads\/2024\/07\/IMG-20240724-WA0101.jpg","contentUrl":"https:\/\/www.amanien.info\/news\/wp-content\/uploads\/2024\/07\/IMG-20240724-WA0101.jpg","width":853,"height":1280},{"@type":"BreadcrumbList","@id":"https:\/\/www.amanien.info\/news\/dgi-prevu-ce-mercredi-le-preavis-de-greve-de-trois-jours-de-lasadgi-ci-et-lanadgi-repousse-au-31-juillet-prochain\/#breadcrumb","itemListElement":[{"@type":"ListItem","position":1,"name":"Accueil","item":"https:\/\/www.amanien.info\/news\/"},{"@type":"ListItem","position":2,"name":"DGI : Pr\u00e9vu ce mercredi, le pr\u00e9avis de gr\u00e8ve de trois jours de l&rsquo;ASADGI-CI et l&rsquo;ANADGI repouss\u00e9 au 31 juillet prochain\u00a0"}]},{"@type":"WebSite","@id":"https:\/\/www.amanien.info\/news\/#website","url":"https:\/\/www.amanien.info\/news\/","name":"Amanien| L&#039;actualit\u00e9 Ivoirienne et Internationale","description":"L&#039;actualit\u00e9 Ivoirienne et Internationale","potentialAction":[{"@type":"SearchAction","target":{"@type":"EntryPoint","urlTemplate":"https:\/\/www.amanien.info\/news\/?s={search_term_string}"},"query-input":{"@type":"PropertyValueSpecification","valueRequired":true,"valueName":"search_term_string"}}],"inLanguage":"fr-FR"},{"@type":"Person","@id":"https:\/\/www.amanien.info\/news\/#\/schema\/person\/b21093345753a1a98242d505bd894f42","name":"Germain Ndri","url":"https:\/\/www.amanien.info\/news\/author\/amanien-infos\/"}]}},"_links":{"self":[{"href":"https:\/\/www.amanien.info\/news\/wp-json\/wp\/v2\/posts\/6330","targetHints":{"allow":["GET"]}}],"collection":[{"href":"https:\/\/www.amanien.info\/news\/wp-json\/wp\/v2\/posts"}],"about":[{"href":"https:\/\/www.amanien.info\/news\/wp-json\/wp\/v2\/types\/post"}],"author":[{"embeddable":true,"href":"https:\/\/www.amanien.info\/news\/wp-json\/wp\/v2\/users\/2"}],"replies":[{"embeddable":true,"href":"https:\/\/www.amanien.info\/news\/wp-json\/wp\/v2\/comments?post=6330"}],"version-history":[{"count":1,"href":"https:\/\/www.amanien.info\/news\/wp-json\/wp\/v2\/posts\/6330\/revisions"}],"predecessor-version":[{"id":6334,"href":"https:\/\/www.amanien.info\/news\/wp-json\/wp\/v2\/posts\/6330\/revisions\/6334"}],"wp:featuredmedia":[{"embeddable":true,"href":"https:\/\/www.amanien.info\/news\/wp-json\/wp\/v2\/media\/6333"}],"wp:attachment":[{"href":"https:\/\/www.amanien.info\/news\/wp-json\/wp\/v2\/media?parent=6330"}],"wp:term":[{"taxonomy":"category","embeddable":true,"href":"https:\/\/www.amanien.info\/news\/wp-json\/wp\/v2\/categories?post=6330"},{"taxonomy":"post_tag","embeddable":true,"href":"https:\/\/www.amanien.info\/news\/wp-json\/wp\/v2\/tags?post=6330"}],"curies":[{"name":"wp","href":"https:\/\/api.w.org\/{rel}","templated":true}]}}