{"id":6317,"date":"2024-07-23T15:50:22","date_gmt":"2024-07-23T15:50:22","guid":{"rendered":"https:\/\/www.amanien.info\/news\/?p=6317"},"modified":"2024-07-23T15:50:22","modified_gmt":"2024-07-23T15:50:22","slug":"diner-gala-des-10-ans-de-la-fondation-lamour-en-partage-la-construction-dun-centre-daccueil-des-enfants-dune-valeur-d1-milliard-de-fcfa-annoncee","status":"publish","type":"post","link":"https:\/\/www.amanien.info\/news\/diner-gala-des-10-ans-de-la-fondation-lamour-en-partage-la-construction-dun-centre-daccueil-des-enfants-dune-valeur-d1-milliard-de-fcfa-annoncee\/","title":{"rendered":"D\u00eener Gala des 10 ans de la Fondation \u00ab\u00a0l&rsquo;Amour En Partage\u00a0\u00bb: la construction d&rsquo;un Centre d&rsquo;accueil des enfants d&rsquo;une valeur d&rsquo;1 milliard de FCFA annonc\u00e9e"},"content":{"rendered":"<div><span style=\"text-transform: initial;\">Dans le cadre de la c\u00e9l\u00e9bration de ses 10 ann\u00e9es d&rsquo;existence, la Fondation l&rsquo;Amour En Partage a annonc\u00e9 un prestigieux d\u00eener gala qui se tiendra le 11 octobre prochain \u00e0 Ivotel sis \u00e0 Abidjan-Plateau.\u00a0<\/span><\/div>\n<div><\/div>\n<div>Cette annonce a \u00e9t\u00e9 faite , le samedi 20 juillet 2024, \u00e0 Abidjan-Plateau, au cours d&rsquo;une conf\u00e9rence de presse anim\u00e9e\u00a0 par la Pr\u00e9sidente de la Fondation l&rsquo;Amour En Partage, Mme Lys Lawson et la Pr\u00e9sidente du Comit\u00e9 d&rsquo;organisation dudit d\u00eener gala, Mlle Evelyne Kouakou.<\/div>\n<div><\/div>\n<div><\/div>\n<div>Pr\u00e9sentant les perspectives et les objectifs de la Fondation pour les prochaines ann\u00e9es, la PCO, Mlle Evelyne Kouakou, a annonc\u00e9, dans son discours, la construction d&rsquo;un Centre d&rsquo;accueil et d&rsquo;encadrement pouvant accueillir 200 enfants. D&rsquo;un co\u00fbt global d&rsquo;au moins 1 milliard de FCFA, ce \u00ab\u00a0noble\u00a0\u00bb projet de la Fondation est \u00e0 r\u00e9aliser dans un d\u00e9lai de 3 ans maximum, a indiqu\u00e9 la Pr\u00e9sidente du comit\u00e9 d&rsquo;organisation.<\/div>\n<div><\/div>\n<div>Ce projet ambitieux, poursuit-elle, est au \u00ab\u00a0c\u0153ur de notre vision pour l&rsquo;avenir\u00a0\u00bb.<\/div>\n<div><\/div>\n<div>A l&rsquo;en croire, ce nouveau centre sera un havre de paix et de s\u00e9curit\u00e9, offrant un environnement stable et enrichissant pour les enfants les plus vuln\u00e9rables. Il comprenda \u00e9galement des salles de classe modernes, des installations sportives, des espaces de jeux, et des services de sant\u00e9 et de bien-\u00eatre.<\/div>\n<div><\/div>\n<div>De m\u00eame, elle a pr\u00e9cis\u00e9 que ledit Centre \u00ab\u00a0ne sera pas seulement un lieu d&rsquo;h\u00e9bergement, mais un foyer o\u00f9 chaque enfant pourra grandir avec dignit\u00e9, recevoir une \u00e9ducation de qualit\u00e9, et d\u00e9velopper les comp\u00e9tences n\u00e9cessaires pour devenir un citoyen actif et engag\u00e9 \u00ab\u00a0, a-t-elle affirm\u00e9 en substance.<\/div>\n<div><\/div>\n<div><\/div>\n<div>Mlle Evelyne Kouakou a, par ailleurs, d\u00e9voil\u00e9 les grandes articulations de ce d\u00eener gala de charit\u00e9, plac\u00e9 sous le\u00a0 sceau de \u00a0\u00bb LA RECONNAISSANCE \u00ab\u00a0.<\/div>\n<div>Il s&rsquo;agit des ventes aux ench\u00e8res, des prestations artistiques, d&rsquo;une Tombola, des dons, etc.<\/div>\n<div><\/div>\n<div>Ce d\u00eener gala vise \u00e0 collecter des fonds pour l&rsquo;acquisition d&rsquo;un terrain et la construction du Centre d&rsquo;accueil des enfants, \u00e0 avoir de potentiels nouveaux contributeurs, bienfaiteurs et partenaires qui partagent la vision et la cause de la Fondation et \u00e0 accro\u00eetre les activit\u00e9s de la Fondation.<\/div>\n<div><\/div>\n<div><\/div>\n<div><\/div>\n<div>Pour sa part, la Pr\u00e9sidente de la Fondation l&rsquo;Amour En Partage, Mme Lys Lawson a soulign\u00e9 que la Fondation a besoin du soutien, de la g\u00e9n\u00e9rosit\u00e9 et du sens d&rsquo;engagement de tous afin d&rsquo;am\u00e9liorer les conditions de vie d&rsquo;une partie de la population, notamment les enfants en situation de pr\u00e9carit\u00e9.<\/div>\n<div><\/div>\n<div><\/div>\n<div><\/div>\n<div>Pour rappel, la Fondation l&rsquo;Amour En Partage est une Organisation Non Gouvernementale, qui \u0153uvre \u00e0 la prise en charge et la scolarisation des enfants d\u00e9munis, des orphelins, des nouveaux n\u00e9s abandonn\u00e9s. Elle assiste \u00e9galement des \u0153uvres des femmes victimes de violences conjugales et les personnes du troisi\u00e8me \u00e2ge. Elle r\u00e9alise plusieurs activit\u00e9s tout au long de l&rsquo;ann\u00e9e, en faveur des plus vuln\u00e9rables, \u00e0 savoir le Clean up, Soliday, C\u0153ur de m\u00e8re, elders&rsquo; Love, Donnons-leur un avenir et Lovely Christmas.<\/div>\n<div><\/div>\n<div><b>Sunday Alain\u00a0<\/b><\/div>\n","protected":false},"excerpt":{"rendered":"<p>Dans le cadre de la c\u00e9l\u00e9bration de ses 10 ann\u00e9es d&rsquo;existence, la Fondation l&rsquo;Amour En Partage a annonc\u00e9 un prestigieux d\u00eener gala qui se tiendra le 11 octobre prochain \u00e0 Ivotel sis \u00e0 Abidjan-Plateau.\u00a0 Cette annonce a \u00e9t\u00e9 faite , le samedi 20 juillet 2024, \u00e0 Abidjan-Plateau, au cours d&rsquo;une conf\u00e9rence de presse anim\u00e9e\u00a0 par [&hellip;]<\/p>\n","protected":false},"author":2,"featured_media":6318,"comment_status":"closed","ping_status":"closed","sticky":false,"template":"","format":"standard","meta":{"_acf_changed":false,"footnotes":""},"categories":[],"tags":[],"class_list":["post-6317","post","type-post","status-publish","format-standard","has-post-thumbnail","hentry"],"acf":[],"yoast_head":"<!-- This site is optimized with the Yoast SEO plugin v27.5 - https:\/\/yoast.com\/product\/yoast-seo-wordpress\/ -->\n<title>D\u00eener Gala des 10 ans de la Fondation &quot;l&#039;Amour En Partage&quot;: la construction d&#039;un Centre d&#039;accueil des enfants d&#039;une valeur d&#039;1 milliard de FCFA annonc\u00e9e - Amanien| L&#039;actualit\u00e9 Ivoirienne et Internationale<\/title>\n<meta name=\"robots\" content=\"index, follow, max-snippet:-1, max-image-preview:large, max-video-preview:-1\" \/>\n<link rel=\"canonical\" href=\"https:\/\/www.amanien.info\/news\/diner-gala-des-10-ans-de-la-fondation-lamour-en-partage-la-construction-dun-centre-daccueil-des-enfants-dune-valeur-d1-milliard-de-fcfa-annoncee\/\" \/>\n<meta property=\"og:locale\" content=\"fr_FR\" \/>\n<meta property=\"og:type\" content=\"article\" \/>\n<meta property=\"og:title\" content=\"D\u00eener Gala des 10 ans de la Fondation &quot;l&#039;Amour En Partage&quot;: la construction d&#039;un Centre d&#039;accueil des enfants d&#039;une valeur d&#039;1 milliard de FCFA annonc\u00e9e - Amanien| L&#039;actualit\u00e9 Ivoirienne et Internationale\" \/>\n<meta property=\"og:description\" content=\"Dans le cadre de la c\u00e9l\u00e9bration de ses 10 ann\u00e9es d&rsquo;existence, la Fondation l&rsquo;Amour En Partage a annonc\u00e9 un prestigieux d\u00eener gala qui se tiendra le 11 octobre prochain \u00e0 Ivotel sis \u00e0 Abidjan-Plateau.\u00a0 Cette annonce a \u00e9t\u00e9 faite , le samedi 20 juillet 2024, \u00e0 Abidjan-Plateau, au cours d&rsquo;une conf\u00e9rence de presse anim\u00e9e\u00a0 par [&hellip;]\" \/>\n<meta property=\"og:url\" content=\"https:\/\/www.amanien.info\/news\/diner-gala-des-10-ans-de-la-fondation-lamour-en-partage-la-construction-dun-centre-daccueil-des-enfants-dune-valeur-d1-milliard-de-fcfa-annoncee\/\" \/>\n<meta property=\"og:site_name\" content=\"Amanien| L&#039;actualit\u00e9 Ivoirienne et Internationale\" \/>\n<meta property=\"article:published_time\" content=\"2024-07-23T15:50:22+00:00\" \/>\n<meta property=\"og:image\" content=\"https:\/\/www.amanien.info\/news\/wp-content\/uploads\/2024\/07\/IMG-20240723-WA0051.jpg\" \/>\n\t<meta property=\"og:image:width\" content=\"1600\" \/>\n\t<meta property=\"og:image:height\" content=\"1038\" \/>\n\t<meta property=\"og:image:type\" content=\"image\/jpeg\" \/>\n<meta name=\"author\" content=\"Germain Ndri\" \/>\n<meta name=\"twitter:card\" content=\"summary_large_image\" \/>\n<meta name=\"twitter:label1\" content=\"\u00c9crit par\" \/>\n\t<meta name=\"twitter:data1\" content=\"Germain Ndri\" \/>\n\t<meta name=\"twitter:label2\" content=\"Dur\u00e9e de lecture estim\u00e9e\" \/>\n\t<meta name=\"twitter:data2\" content=\"3 minutes\" \/>\n<script type=\"application\/ld+json\" class=\"yoast-schema-graph\">{\"@context\":\"https:\\\/\\\/schema.org\",\"@graph\":[{\"@type\":\"Article\",\"@id\":\"https:\\\/\\\/www.amanien.info\\\/news\\\/diner-gala-des-10-ans-de-la-fondation-lamour-en-partage-la-construction-dun-centre-daccueil-des-enfants-dune-valeur-d1-milliard-de-fcfa-annoncee\\\/#article\",\"isPartOf\":{\"@id\":\"https:\\\/\\\/www.amanien.info\\\/news\\\/diner-gala-des-10-ans-de-la-fondation-lamour-en-partage-la-construction-dun-centre-daccueil-des-enfants-dune-valeur-d1-milliard-de-fcfa-annoncee\\\/\"},\"author\":{\"name\":\"Germain Ndri\",\"@id\":\"https:\\\/\\\/www.amanien.info\\\/news\\\/#\\\/schema\\\/person\\\/b21093345753a1a98242d505bd894f42\"},\"headline\":\"D\u00eener Gala des 10 ans de la Fondation \u00ab\u00a0l&rsquo;Amour En Partage\u00a0\u00bb: la construction d&rsquo;un Centre d&rsquo;accueil des enfants d&rsquo;une valeur d&rsquo;1 milliard de FCFA annonc\u00e9e\",\"datePublished\":\"2024-07-23T15:50:22+00:00\",\"mainEntityOfPage\":{\"@id\":\"https:\\\/\\\/www.amanien.info\\\/news\\\/diner-gala-des-10-ans-de-la-fondation-lamour-en-partage-la-construction-dun-centre-daccueil-des-enfants-dune-valeur-d1-milliard-de-fcfa-annoncee\\\/\"},\"wordCount\":550,\"image\":{\"@id\":\"https:\\\/\\\/www.amanien.info\\\/news\\\/diner-gala-des-10-ans-de-la-fondation-lamour-en-partage-la-construction-dun-centre-daccueil-des-enfants-dune-valeur-d1-milliard-de-fcfa-annoncee\\\/#primaryimage\"},\"thumbnailUrl\":\"https:\\\/\\\/www.amanien.info\\\/news\\\/wp-content\\\/uploads\\\/2024\\\/07\\\/IMG-20240723-WA0051.jpg\",\"inLanguage\":\"fr-FR\"},{\"@type\":\"WebPage\",\"@id\":\"https:\\\/\\\/www.amanien.info\\\/news\\\/diner-gala-des-10-ans-de-la-fondation-lamour-en-partage-la-construction-dun-centre-daccueil-des-enfants-dune-valeur-d1-milliard-de-fcfa-annoncee\\\/\",\"url\":\"https:\\\/\\\/www.amanien.info\\\/news\\\/diner-gala-des-10-ans-de-la-fondation-lamour-en-partage-la-construction-dun-centre-daccueil-des-enfants-dune-valeur-d1-milliard-de-fcfa-annoncee\\\/\",\"name\":\"D\u00eener Gala des 10 ans de la Fondation \\\"l'Amour En Partage\\\": la construction d'un Centre d'accueil des enfants d'une valeur d'1 milliard de FCFA annonc\u00e9e - Amanien| L&#039;actualit\u00e9 Ivoirienne et Internationale\",\"isPartOf\":{\"@id\":\"https:\\\/\\\/www.amanien.info\\\/news\\\/#website\"},\"primaryImageOfPage\":{\"@id\":\"https:\\\/\\\/www.amanien.info\\\/news\\\/diner-gala-des-10-ans-de-la-fondation-lamour-en-partage-la-construction-dun-centre-daccueil-des-enfants-dune-valeur-d1-milliard-de-fcfa-annoncee\\\/#primaryimage\"},\"image\":{\"@id\":\"https:\\\/\\\/www.amanien.info\\\/news\\\/diner-gala-des-10-ans-de-la-fondation-lamour-en-partage-la-construction-dun-centre-daccueil-des-enfants-dune-valeur-d1-milliard-de-fcfa-annoncee\\\/#primaryimage\"},\"thumbnailUrl\":\"https:\\\/\\\/www.amanien.info\\\/news\\\/wp-content\\\/uploads\\\/2024\\\/07\\\/IMG-20240723-WA0051.jpg\",\"datePublished\":\"2024-07-23T15:50:22+00:00\",\"author\":{\"@id\":\"https:\\\/\\\/www.amanien.info\\\/news\\\/#\\\/schema\\\/person\\\/b21093345753a1a98242d505bd894f42\"},\"breadcrumb\":{\"@id\":\"https:\\\/\\\/www.amanien.info\\\/news\\\/diner-gala-des-10-ans-de-la-fondation-lamour-en-partage-la-construction-dun-centre-daccueil-des-enfants-dune-valeur-d1-milliard-de-fcfa-annoncee\\\/#breadcrumb\"},\"inLanguage\":\"fr-FR\",\"potentialAction\":[{\"@type\":\"ReadAction\",\"target\":[\"https:\\\/\\\/www.amanien.info\\\/news\\\/diner-gala-des-10-ans-de-la-fondation-lamour-en-partage-la-construction-dun-centre-daccueil-des-enfants-dune-valeur-d1-milliard-de-fcfa-annoncee\\\/\"]}]},{\"@type\":\"ImageObject\",\"inLanguage\":\"fr-FR\",\"@id\":\"https:\\\/\\\/www.amanien.info\\\/news\\\/diner-gala-des-10-ans-de-la-fondation-lamour-en-partage-la-construction-dun-centre-daccueil-des-enfants-dune-valeur-d1-milliard-de-fcfa-annoncee\\\/#primaryimage\",\"url\":\"https:\\\/\\\/www.amanien.info\\\/news\\\/wp-content\\\/uploads\\\/2024\\\/07\\\/IMG-20240723-WA0051.jpg\",\"contentUrl\":\"https:\\\/\\\/www.amanien.info\\\/news\\\/wp-content\\\/uploads\\\/2024\\\/07\\\/IMG-20240723-WA0051.jpg\",\"width\":1600,\"height\":1038},{\"@type\":\"BreadcrumbList\",\"@id\":\"https:\\\/\\\/www.amanien.info\\\/news\\\/diner-gala-des-10-ans-de-la-fondation-lamour-en-partage-la-construction-dun-centre-daccueil-des-enfants-dune-valeur-d1-milliard-de-fcfa-annoncee\\\/#breadcrumb\",\"itemListElement\":[{\"@type\":\"ListItem\",\"position\":1,\"name\":\"Accueil\",\"item\":\"https:\\\/\\\/www.amanien.info\\\/news\\\/\"},{\"@type\":\"ListItem\",\"position\":2,\"name\":\"D\u00eener Gala des 10 ans de la Fondation \u00ab\u00a0l&rsquo;Amour En Partage\u00a0\u00bb: la construction d&rsquo;un Centre d&rsquo;accueil des enfants d&rsquo;une valeur d&rsquo;1 milliard de FCFA annonc\u00e9e\"}]},{\"@type\":\"WebSite\",\"@id\":\"https:\\\/\\\/www.amanien.info\\\/news\\\/#website\",\"url\":\"https:\\\/\\\/www.amanien.info\\\/news\\\/\",\"name\":\"Amanien| L&#039;actualit\u00e9 Ivoirienne et Internationale\",\"description\":\"L&#039;actualit\u00e9 Ivoirienne et Internationale\",\"potentialAction\":[{\"@type\":\"SearchAction\",\"target\":{\"@type\":\"EntryPoint\",\"urlTemplate\":\"https:\\\/\\\/www.amanien.info\\\/news\\\/?s={search_term_string}\"},\"query-input\":{\"@type\":\"PropertyValueSpecification\",\"valueRequired\":true,\"valueName\":\"search_term_string\"}}],\"inLanguage\":\"fr-FR\"},{\"@type\":\"Person\",\"@id\":\"https:\\\/\\\/www.amanien.info\\\/news\\\/#\\\/schema\\\/person\\\/b21093345753a1a98242d505bd894f42\",\"name\":\"Germain Ndri\",\"url\":\"https:\\\/\\\/www.amanien.info\\\/news\\\/author\\\/amanien-infos\\\/\"}]}<\/script>\n<!-- \/ Yoast SEO plugin. -->","yoast_head_json":{"title":"D\u00eener Gala des 10 ans de la Fondation \"l'Amour En Partage\": la construction d'un Centre d'accueil des enfants d'une valeur d'1 milliard de FCFA annonc\u00e9e - Amanien| L&#039;actualit\u00e9 Ivoirienne et Internationale","robots":{"index":"index","follow":"follow","max-snippet":"max-snippet:-1","max-image-preview":"max-image-preview:large","max-video-preview":"max-video-preview:-1"},"canonical":"https:\/\/www.amanien.info\/news\/diner-gala-des-10-ans-de-la-fondation-lamour-en-partage-la-construction-dun-centre-daccueil-des-enfants-dune-valeur-d1-milliard-de-fcfa-annoncee\/","og_locale":"fr_FR","og_type":"article","og_title":"D\u00eener Gala des 10 ans de la Fondation \"l'Amour En Partage\": la construction d'un Centre d'accueil des enfants d'une valeur d'1 milliard de FCFA annonc\u00e9e - Amanien| L&#039;actualit\u00e9 Ivoirienne et Internationale","og_description":"Dans le cadre de la c\u00e9l\u00e9bration de ses 10 ann\u00e9es d&rsquo;existence, la Fondation l&rsquo;Amour En Partage a annonc\u00e9 un prestigieux d\u00eener gala qui se tiendra le 11 octobre prochain \u00e0 Ivotel sis \u00e0 Abidjan-Plateau.\u00a0 Cette annonce a \u00e9t\u00e9 faite , le samedi 20 juillet 2024, \u00e0 Abidjan-Plateau, au cours d&rsquo;une conf\u00e9rence de presse anim\u00e9e\u00a0 par [&hellip;]","og_url":"https:\/\/www.amanien.info\/news\/diner-gala-des-10-ans-de-la-fondation-lamour-en-partage-la-construction-dun-centre-daccueil-des-enfants-dune-valeur-d1-milliard-de-fcfa-annoncee\/","og_site_name":"Amanien| L&#039;actualit\u00e9 Ivoirienne et Internationale","article_published_time":"2024-07-23T15:50:22+00:00","og_image":[{"width":1600,"height":1038,"url":"https:\/\/www.amanien.info\/news\/wp-content\/uploads\/2024\/07\/IMG-20240723-WA0051.jpg","type":"image\/jpeg"}],"author":"Germain Ndri","twitter_card":"summary_large_image","twitter_misc":{"\u00c9crit par":"Germain Ndri","Dur\u00e9e de lecture estim\u00e9e":"3 minutes"},"schema":{"@context":"https:\/\/schema.org","@graph":[{"@type":"Article","@id":"https:\/\/www.amanien.info\/news\/diner-gala-des-10-ans-de-la-fondation-lamour-en-partage-la-construction-dun-centre-daccueil-des-enfants-dune-valeur-d1-milliard-de-fcfa-annoncee\/#article","isPartOf":{"@id":"https:\/\/www.amanien.info\/news\/diner-gala-des-10-ans-de-la-fondation-lamour-en-partage-la-construction-dun-centre-daccueil-des-enfants-dune-valeur-d1-milliard-de-fcfa-annoncee\/"},"author":{"name":"Germain Ndri","@id":"https:\/\/www.amanien.info\/news\/#\/schema\/person\/b21093345753a1a98242d505bd894f42"},"headline":"D\u00eener Gala des 10 ans de la Fondation \u00ab\u00a0l&rsquo;Amour En Partage\u00a0\u00bb: la construction d&rsquo;un Centre d&rsquo;accueil des enfants d&rsquo;une valeur d&rsquo;1 milliard de FCFA annonc\u00e9e","datePublished":"2024-07-23T15:50:22+00:00","mainEntityOfPage":{"@id":"https:\/\/www.amanien.info\/news\/diner-gala-des-10-ans-de-la-fondation-lamour-en-partage-la-construction-dun-centre-daccueil-des-enfants-dune-valeur-d1-milliard-de-fcfa-annoncee\/"},"wordCount":550,"image":{"@id":"https:\/\/www.amanien.info\/news\/diner-gala-des-10-ans-de-la-fondation-lamour-en-partage-la-construction-dun-centre-daccueil-des-enfants-dune-valeur-d1-milliard-de-fcfa-annoncee\/#primaryimage"},"thumbnailUrl":"https:\/\/www.amanien.info\/news\/wp-content\/uploads\/2024\/07\/IMG-20240723-WA0051.jpg","inLanguage":"fr-FR"},{"@type":"WebPage","@id":"https:\/\/www.amanien.info\/news\/diner-gala-des-10-ans-de-la-fondation-lamour-en-partage-la-construction-dun-centre-daccueil-des-enfants-dune-valeur-d1-milliard-de-fcfa-annoncee\/","url":"https:\/\/www.amanien.info\/news\/diner-gala-des-10-ans-de-la-fondation-lamour-en-partage-la-construction-dun-centre-daccueil-des-enfants-dune-valeur-d1-milliard-de-fcfa-annoncee\/","name":"D\u00eener Gala des 10 ans de la Fondation \"l'Amour En Partage\": la construction d'un Centre d'accueil des enfants d'une valeur d'1 milliard de FCFA annonc\u00e9e - Amanien| L&#039;actualit\u00e9 Ivoirienne et Internationale","isPartOf":{"@id":"https:\/\/www.amanien.info\/news\/#website"},"primaryImageOfPage":{"@id":"https:\/\/www.amanien.info\/news\/diner-gala-des-10-ans-de-la-fondation-lamour-en-partage-la-construction-dun-centre-daccueil-des-enfants-dune-valeur-d1-milliard-de-fcfa-annoncee\/#primaryimage"},"image":{"@id":"https:\/\/www.amanien.info\/news\/diner-gala-des-10-ans-de-la-fondation-lamour-en-partage-la-construction-dun-centre-daccueil-des-enfants-dune-valeur-d1-milliard-de-fcfa-annoncee\/#primaryimage"},"thumbnailUrl":"https:\/\/www.amanien.info\/news\/wp-content\/uploads\/2024\/07\/IMG-20240723-WA0051.jpg","datePublished":"2024-07-23T15:50:22+00:00","author":{"@id":"https:\/\/www.amanien.info\/news\/#\/schema\/person\/b21093345753a1a98242d505bd894f42"},"breadcrumb":{"@id":"https:\/\/www.amanien.info\/news\/diner-gala-des-10-ans-de-la-fondation-lamour-en-partage-la-construction-dun-centre-daccueil-des-enfants-dune-valeur-d1-milliard-de-fcfa-annoncee\/#breadcrumb"},"inLanguage":"fr-FR","potentialAction":[{"@type":"ReadAction","target":["https:\/\/www.amanien.info\/news\/diner-gala-des-10-ans-de-la-fondation-lamour-en-partage-la-construction-dun-centre-daccueil-des-enfants-dune-valeur-d1-milliard-de-fcfa-annoncee\/"]}]},{"@type":"ImageObject","inLanguage":"fr-FR","@id":"https:\/\/www.amanien.info\/news\/diner-gala-des-10-ans-de-la-fondation-lamour-en-partage-la-construction-dun-centre-daccueil-des-enfants-dune-valeur-d1-milliard-de-fcfa-annoncee\/#primaryimage","url":"https:\/\/www.amanien.info\/news\/wp-content\/uploads\/2024\/07\/IMG-20240723-WA0051.jpg","contentUrl":"https:\/\/www.amanien.info\/news\/wp-content\/uploads\/2024\/07\/IMG-20240723-WA0051.jpg","width":1600,"height":1038},{"@type":"BreadcrumbList","@id":"https:\/\/www.amanien.info\/news\/diner-gala-des-10-ans-de-la-fondation-lamour-en-partage-la-construction-dun-centre-daccueil-des-enfants-dune-valeur-d1-milliard-de-fcfa-annoncee\/#breadcrumb","itemListElement":[{"@type":"ListItem","position":1,"name":"Accueil","item":"https:\/\/www.amanien.info\/news\/"},{"@type":"ListItem","position":2,"name":"D\u00eener Gala des 10 ans de la Fondation \u00ab\u00a0l&rsquo;Amour En Partage\u00a0\u00bb: la construction d&rsquo;un Centre d&rsquo;accueil des enfants d&rsquo;une valeur d&rsquo;1 milliard de FCFA annonc\u00e9e"}]},{"@type":"WebSite","@id":"https:\/\/www.amanien.info\/news\/#website","url":"https:\/\/www.amanien.info\/news\/","name":"Amanien| L&#039;actualit\u00e9 Ivoirienne et Internationale","description":"L&#039;actualit\u00e9 Ivoirienne et Internationale","potentialAction":[{"@type":"SearchAction","target":{"@type":"EntryPoint","urlTemplate":"https:\/\/www.amanien.info\/news\/?s={search_term_string}"},"query-input":{"@type":"PropertyValueSpecification","valueRequired":true,"valueName":"search_term_string"}}],"inLanguage":"fr-FR"},{"@type":"Person","@id":"https:\/\/www.amanien.info\/news\/#\/schema\/person\/b21093345753a1a98242d505bd894f42","name":"Germain Ndri","url":"https:\/\/www.amanien.info\/news\/author\/amanien-infos\/"}]}},"_links":{"self":[{"href":"https:\/\/www.amanien.info\/news\/wp-json\/wp\/v2\/posts\/6317","targetHints":{"allow":["GET"]}}],"collection":[{"href":"https:\/\/www.amanien.info\/news\/wp-json\/wp\/v2\/posts"}],"about":[{"href":"https:\/\/www.amanien.info\/news\/wp-json\/wp\/v2\/types\/post"}],"author":[{"embeddable":true,"href":"https:\/\/www.amanien.info\/news\/wp-json\/wp\/v2\/users\/2"}],"replies":[{"embeddable":true,"href":"https:\/\/www.amanien.info\/news\/wp-json\/wp\/v2\/comments?post=6317"}],"version-history":[{"count":1,"href":"https:\/\/www.amanien.info\/news\/wp-json\/wp\/v2\/posts\/6317\/revisions"}],"predecessor-version":[{"id":6319,"href":"https:\/\/www.amanien.info\/news\/wp-json\/wp\/v2\/posts\/6317\/revisions\/6319"}],"wp:featuredmedia":[{"embeddable":true,"href":"https:\/\/www.amanien.info\/news\/wp-json\/wp\/v2\/media\/6318"}],"wp:attachment":[{"href":"https:\/\/www.amanien.info\/news\/wp-json\/wp\/v2\/media?parent=6317"}],"wp:term":[{"taxonomy":"category","embeddable":true,"href":"https:\/\/www.amanien.info\/news\/wp-json\/wp\/v2\/categories?post=6317"},{"taxonomy":"post_tag","embeddable":true,"href":"https:\/\/www.amanien.info\/news\/wp-json\/wp\/v2\/tags?post=6317"}],"curies":[{"name":"wp","href":"https:\/\/api.w.org\/{rel}","templated":true}]}}