{"id":6308,"date":"2024-07-23T06:56:47","date_gmt":"2024-07-23T06:56:47","guid":{"rendered":"https:\/\/www.amanien.info\/news\/?p=6308"},"modified":"2024-07-23T06:56:47","modified_gmt":"2024-07-23T06:56:47","slug":"promotion-des-profils-de-carriere-et-insertion-professionnelle-des-jeunes-ouverture-a-abidjan-de-la-12eme-edition-du-forum-des-stages","status":"publish","type":"post","link":"https:\/\/www.amanien.info\/news\/promotion-des-profils-de-carriere-et-insertion-professionnelle-des-jeunes-ouverture-a-abidjan-de-la-12eme-edition-du-forum-des-stages\/","title":{"rendered":"Promotion des profils de carri\u00e8re et insertion professionnelle des jeunes : Ouverture \u00e0 Abidjan de la 12\u00e8me \u00e9dition du forum des stages"},"content":{"rendered":"<div><span style=\"text-transform: initial;\">La 12\u00e8me \u00e9dition du Forum des stages s&rsquo;est tenue, vendredi 19 juillet 2024, \u00e0 Abidjan-Cocody, autour du th\u00e8me : \u00ab\u00a0Transfert inter- g\u00e9n\u00e9rationnel des comp\u00e9tences pour le d\u00e9veloppement des carri\u00e8res professionnelles\u00a0\u00bb.\u00a0<\/span><\/div>\n<p><!--more--><\/p>\n<div><\/div>\n<div>L&rsquo;objectif de ce forum est de renforcer les capacit\u00e9s de la jeunesse ivoirienne afin qu&rsquo;elle devienne le moteur dynamique de l&rsquo;\u00e9conomie.<\/div>\n<div><\/div>\n<div><\/div>\n<div>Initi\u00e9 par Fanta Traor\u00e9 Sacko, premi\u00e8re responsable du cabinet Empower Talents and Careers, le forum des stages vise \u00e0 favoriser l\u2019employabilit\u00e9 et l\u2019insertion professionnelle des jeunes. Il permet \u00e9galement aux jeunes, qu\u2019ils soient dipl\u00f4m\u00e9s ou non, de d\u00e9crocher des stages ou des primo-emplois, de rencontrer des professionnels du secteur de l\u2019emploi et de s\u2019informer sur les projets et les attentes des entreprises.<\/div>\n<div><\/div>\n<div><\/div>\n<div><\/div>\n<div><\/div>\n<div>\u00ab Le forum des stages est une plateforme qui vise \u00e0 promouvoir les profils des jeunes dipl\u00f4m\u00e9s, afin de leur cr\u00e9er des opportunit\u00e9s de stages au sein des entreprises partenaires. Profitez donc de cette journ\u00e9e pour poser vos questions, vous renseigner, prendre des contacts. Car vous pouvez sortir d\u2019ici sans un stage ou un emploi, mais ne pensez pas que vous avez perdu car les \u00e9changes, les informations que vous aurez vous seront profitables \u00e0 l\u2019avenir \u00bb, a exhort\u00e9 la commissaire g\u00e9n\u00e9rale dudit forum, Fanta Traor\u00e9 Sacko.<\/div>\n<div><\/div>\n<div>Avant d&rsquo;exhorter les jeunes en qu\u00eate d&#8217;emploi, de stage et\/ou de financement \u00e0 profiter au maximum de ce forum, qui est le lieu de rencontre entre acteurs du secteur emploi, formation et entrepreneuriat.<\/div>\n<div><\/div>\n<div>Cette journ\u00e9e a \u00e9t\u00e9 anim\u00e9e par plusieurs activit\u00e9s dont la conf\u00e9rence inaugurale sur le th\u00e8me central du forum,\u00a0 d\u00e9velopp\u00e9e par des responsables de plusieurs structures qui ont appel\u00e9 les jeunes \u00e0 s\u2019informer afin de faire le bon choix pour un parcours professionnel \u00e9panouie.<\/div>\n<div><\/div>\n<div>C\u2019est dans ce contexte que Fr\u00e9d\u00e9ric Kabran, directeur des op\u00e9rations \u00e0 l\u2019Agence Emploi jeune a encourag\u00e9 les jeunes \u00e0 \u00ab\u00a0s\u2019inscrire sur la plateforme de ladite agence afin de b\u00e9n\u00e9ficier des formations et opportunit\u00e9s d\u2019emplois qu\u2019offrent les partenaires. Car \u00e0 l\u2019en croire, la concurrence es rude. Il faut donc accepter de se former\u00a0\u00bb, a-t-il invit\u00e9.<\/div>\n<div><\/div>\n<div><\/div>\n<div>Quant au directeur du capital humain \u00e0 la BNI, Souleymane Traor\u00e9, il a lanc\u00e9 un appel aux entreprises afin de donner des opportunit\u00e9s \u00e0 la jeunesse qui repr\u00e9sente l\u2019avenir de la C\u00f4te d\u2019Ivoire.<\/div>\n<div><\/div>\n<div>\u00a0Il a \u00e9galement instruit les jeunes sur l&rsquo;utilisation des outils pour s&rsquo;acqu\u00e9rir des connaissances et trouver des emplois. \u00ab\u00a0Il faut utiliser les outils informatiques pour s&rsquo;auto-former,\u00a0 \u00eatre ouvert sur le monde \u00e0 limite des dipl\u00f4mes obtenus, car c&rsquo;est \u00e0 vous de transformer vos potentiels en opportunit\u00e9s en entreprise\u00a0\u00bb, a-t-il exhort\u00e9.<\/div>\n<div><\/div>\n<div><\/div>\n<div><\/div>\n<div>Pour ce qui est du concours \u00ab\u00a0pitche ton CV\u00a0\u00bb, qui est l\u2019innovation majeure de cette \u00e9dition, ce sont au total 400 CV qui ont \u00e9t\u00e9 re\u00e7us par le jury.<\/div>\n<div><\/div>\n<div>Notons que plus de 10 000 personnes ont pris part \u00e0 cette \u00e9dition 2024 au cours de laquelle 5000 stages ont \u00e9t\u00e9 av\u00e9r\u00e9s.<\/div>\n<div><\/div>\n<div>Pour rappel, le forum des stages a enregistr\u00e9 en 12 ans, plus de 75 000 visiteurs et 270 entreprises partenaires.<\/div>\n<div><\/div>\n<div><\/div>\n<div><\/div>\n<div><b>S.A.<\/b><\/div>\n","protected":false},"excerpt":{"rendered":"<p>La 12\u00e8me \u00e9dition du Forum des stages s&rsquo;est tenue, vendredi 19 juillet 2024, \u00e0 Abidjan-Cocody, autour du th\u00e8me : \u00ab\u00a0Transfert inter- g\u00e9n\u00e9rationnel des comp\u00e9tences pour le d\u00e9veloppement des carri\u00e8res professionnelles\u00a0\u00bb.\u00a0<\/p>\n","protected":false},"author":2,"featured_media":6310,"comment_status":"closed","ping_status":"closed","sticky":false,"template":"","format":"standard","meta":{"_acf_changed":false,"footnotes":""},"categories":[],"tags":[12],"class_list":["post-6308","post","type-post","status-publish","format-standard","has-post-thumbnail","hentry","tag-societe"],"acf":[],"yoast_head":"<!-- This site is optimized with the Yoast SEO plugin v27.5 - https:\/\/yoast.com\/product\/yoast-seo-wordpress\/ -->\n<title>Promotion des profils de carri\u00e8re et insertion professionnelle des jeunes : Ouverture \u00e0 Abidjan de la 12\u00e8me \u00e9dition du forum des stages - Amanien| L&#039;actualit\u00e9 Ivoirienne et Internationale<\/title>\n<meta name=\"robots\" content=\"index, follow, max-snippet:-1, max-image-preview:large, max-video-preview:-1\" \/>\n<link rel=\"canonical\" href=\"https:\/\/www.amanien.info\/news\/promotion-des-profils-de-carriere-et-insertion-professionnelle-des-jeunes-ouverture-a-abidjan-de-la-12eme-edition-du-forum-des-stages\/\" \/>\n<meta property=\"og:locale\" content=\"fr_FR\" \/>\n<meta property=\"og:type\" content=\"article\" \/>\n<meta property=\"og:title\" content=\"Promotion des profils de carri\u00e8re et insertion professionnelle des jeunes : Ouverture \u00e0 Abidjan de la 12\u00e8me \u00e9dition du forum des stages - Amanien| L&#039;actualit\u00e9 Ivoirienne et Internationale\" \/>\n<meta property=\"og:description\" content=\"La 12\u00e8me \u00e9dition du Forum des stages s&rsquo;est tenue, vendredi 19 juillet 2024, \u00e0 Abidjan-Cocody, autour du th\u00e8me : \u00ab\u00a0Transfert inter- g\u00e9n\u00e9rationnel des comp\u00e9tences pour le d\u00e9veloppement des carri\u00e8res professionnelles\u00a0\u00bb.\u00a0\" \/>\n<meta property=\"og:url\" content=\"https:\/\/www.amanien.info\/news\/promotion-des-profils-de-carriere-et-insertion-professionnelle-des-jeunes-ouverture-a-abidjan-de-la-12eme-edition-du-forum-des-stages\/\" \/>\n<meta property=\"og:site_name\" content=\"Amanien| L&#039;actualit\u00e9 Ivoirienne et Internationale\" \/>\n<meta property=\"article:published_time\" content=\"2024-07-23T06:56:47+00:00\" \/>\n<meta property=\"og:image\" content=\"https:\/\/www.amanien.info\/news\/wp-content\/uploads\/2024\/07\/hl-46125653387-1.jpeg\" \/>\n\t<meta property=\"og:image:width\" content=\"512\" \/>\n\t<meta property=\"og:image:height\" content=\"341\" \/>\n\t<meta property=\"og:image:type\" content=\"image\/jpeg\" \/>\n<meta name=\"author\" content=\"Germain Ndri\" \/>\n<meta name=\"twitter:card\" content=\"summary_large_image\" \/>\n<meta name=\"twitter:label1\" content=\"\u00c9crit par\" \/>\n\t<meta name=\"twitter:data1\" content=\"Germain Ndri\" \/>\n\t<meta name=\"twitter:label2\" content=\"Dur\u00e9e de lecture estim\u00e9e\" \/>\n\t<meta name=\"twitter:data2\" content=\"3 minutes\" \/>\n<script type=\"application\/ld+json\" class=\"yoast-schema-graph\">{\"@context\":\"https:\\\/\\\/schema.org\",\"@graph\":[{\"@type\":\"Article\",\"@id\":\"https:\\\/\\\/www.amanien.info\\\/news\\\/promotion-des-profils-de-carriere-et-insertion-professionnelle-des-jeunes-ouverture-a-abidjan-de-la-12eme-edition-du-forum-des-stages\\\/#article\",\"isPartOf\":{\"@id\":\"https:\\\/\\\/www.amanien.info\\\/news\\\/promotion-des-profils-de-carriere-et-insertion-professionnelle-des-jeunes-ouverture-a-abidjan-de-la-12eme-edition-du-forum-des-stages\\\/\"},\"author\":{\"name\":\"Germain Ndri\",\"@id\":\"https:\\\/\\\/www.amanien.info\\\/news\\\/#\\\/schema\\\/person\\\/b21093345753a1a98242d505bd894f42\"},\"headline\":\"Promotion des profils de carri\u00e8re et insertion professionnelle des jeunes : Ouverture \u00e0 Abidjan de la 12\u00e8me \u00e9dition du forum des stages\",\"datePublished\":\"2024-07-23T06:56:47+00:00\",\"mainEntityOfPage\":{\"@id\":\"https:\\\/\\\/www.amanien.info\\\/news\\\/promotion-des-profils-de-carriere-et-insertion-professionnelle-des-jeunes-ouverture-a-abidjan-de-la-12eme-edition-du-forum-des-stages\\\/\"},\"wordCount\":549,\"image\":{\"@id\":\"https:\\\/\\\/www.amanien.info\\\/news\\\/promotion-des-profils-de-carriere-et-insertion-professionnelle-des-jeunes-ouverture-a-abidjan-de-la-12eme-edition-du-forum-des-stages\\\/#primaryimage\"},\"thumbnailUrl\":\"https:\\\/\\\/www.amanien.info\\\/news\\\/wp-content\\\/uploads\\\/2024\\\/07\\\/hl-46125653387-1.jpeg\",\"keywords\":[\"Soci\u00e9t\u00e9\"],\"inLanguage\":\"fr-FR\"},{\"@type\":\"WebPage\",\"@id\":\"https:\\\/\\\/www.amanien.info\\\/news\\\/promotion-des-profils-de-carriere-et-insertion-professionnelle-des-jeunes-ouverture-a-abidjan-de-la-12eme-edition-du-forum-des-stages\\\/\",\"url\":\"https:\\\/\\\/www.amanien.info\\\/news\\\/promotion-des-profils-de-carriere-et-insertion-professionnelle-des-jeunes-ouverture-a-abidjan-de-la-12eme-edition-du-forum-des-stages\\\/\",\"name\":\"Promotion des profils de carri\u00e8re et insertion professionnelle des jeunes : Ouverture \u00e0 Abidjan de la 12\u00e8me \u00e9dition du forum des stages - Amanien| L&#039;actualit\u00e9 Ivoirienne et Internationale\",\"isPartOf\":{\"@id\":\"https:\\\/\\\/www.amanien.info\\\/news\\\/#website\"},\"primaryImageOfPage\":{\"@id\":\"https:\\\/\\\/www.amanien.info\\\/news\\\/promotion-des-profils-de-carriere-et-insertion-professionnelle-des-jeunes-ouverture-a-abidjan-de-la-12eme-edition-du-forum-des-stages\\\/#primaryimage\"},\"image\":{\"@id\":\"https:\\\/\\\/www.amanien.info\\\/news\\\/promotion-des-profils-de-carriere-et-insertion-professionnelle-des-jeunes-ouverture-a-abidjan-de-la-12eme-edition-du-forum-des-stages\\\/#primaryimage\"},\"thumbnailUrl\":\"https:\\\/\\\/www.amanien.info\\\/news\\\/wp-content\\\/uploads\\\/2024\\\/07\\\/hl-46125653387-1.jpeg\",\"datePublished\":\"2024-07-23T06:56:47+00:00\",\"author\":{\"@id\":\"https:\\\/\\\/www.amanien.info\\\/news\\\/#\\\/schema\\\/person\\\/b21093345753a1a98242d505bd894f42\"},\"breadcrumb\":{\"@id\":\"https:\\\/\\\/www.amanien.info\\\/news\\\/promotion-des-profils-de-carriere-et-insertion-professionnelle-des-jeunes-ouverture-a-abidjan-de-la-12eme-edition-du-forum-des-stages\\\/#breadcrumb\"},\"inLanguage\":\"fr-FR\",\"potentialAction\":[{\"@type\":\"ReadAction\",\"target\":[\"https:\\\/\\\/www.amanien.info\\\/news\\\/promotion-des-profils-de-carriere-et-insertion-professionnelle-des-jeunes-ouverture-a-abidjan-de-la-12eme-edition-du-forum-des-stages\\\/\"]}]},{\"@type\":\"ImageObject\",\"inLanguage\":\"fr-FR\",\"@id\":\"https:\\\/\\\/www.amanien.info\\\/news\\\/promotion-des-profils-de-carriere-et-insertion-professionnelle-des-jeunes-ouverture-a-abidjan-de-la-12eme-edition-du-forum-des-stages\\\/#primaryimage\",\"url\":\"https:\\\/\\\/www.amanien.info\\\/news\\\/wp-content\\\/uploads\\\/2024\\\/07\\\/hl-46125653387-1.jpeg\",\"contentUrl\":\"https:\\\/\\\/www.amanien.info\\\/news\\\/wp-content\\\/uploads\\\/2024\\\/07\\\/hl-46125653387-1.jpeg\",\"width\":512,\"height\":341},{\"@type\":\"BreadcrumbList\",\"@id\":\"https:\\\/\\\/www.amanien.info\\\/news\\\/promotion-des-profils-de-carriere-et-insertion-professionnelle-des-jeunes-ouverture-a-abidjan-de-la-12eme-edition-du-forum-des-stages\\\/#breadcrumb\",\"itemListElement\":[{\"@type\":\"ListItem\",\"position\":1,\"name\":\"Accueil\",\"item\":\"https:\\\/\\\/www.amanien.info\\\/news\\\/\"},{\"@type\":\"ListItem\",\"position\":2,\"name\":\"Promotion des profils de carri\u00e8re et insertion professionnelle des jeunes : Ouverture \u00e0 Abidjan de la 12\u00e8me \u00e9dition du forum des stages\"}]},{\"@type\":\"WebSite\",\"@id\":\"https:\\\/\\\/www.amanien.info\\\/news\\\/#website\",\"url\":\"https:\\\/\\\/www.amanien.info\\\/news\\\/\",\"name\":\"Amanien| L&#039;actualit\u00e9 Ivoirienne et Internationale\",\"description\":\"L&#039;actualit\u00e9 Ivoirienne et Internationale\",\"potentialAction\":[{\"@type\":\"SearchAction\",\"target\":{\"@type\":\"EntryPoint\",\"urlTemplate\":\"https:\\\/\\\/www.amanien.info\\\/news\\\/?s={search_term_string}\"},\"query-input\":{\"@type\":\"PropertyValueSpecification\",\"valueRequired\":true,\"valueName\":\"search_term_string\"}}],\"inLanguage\":\"fr-FR\"},{\"@type\":\"Person\",\"@id\":\"https:\\\/\\\/www.amanien.info\\\/news\\\/#\\\/schema\\\/person\\\/b21093345753a1a98242d505bd894f42\",\"name\":\"Germain Ndri\",\"url\":\"https:\\\/\\\/www.amanien.info\\\/news\\\/author\\\/amanien-infos\\\/\"}]}<\/script>\n<!-- \/ Yoast SEO plugin. -->","yoast_head_json":{"title":"Promotion des profils de carri\u00e8re et insertion professionnelle des jeunes : Ouverture \u00e0 Abidjan de la 12\u00e8me \u00e9dition du forum des stages - Amanien| L&#039;actualit\u00e9 Ivoirienne et Internationale","robots":{"index":"index","follow":"follow","max-snippet":"max-snippet:-1","max-image-preview":"max-image-preview:large","max-video-preview":"max-video-preview:-1"},"canonical":"https:\/\/www.amanien.info\/news\/promotion-des-profils-de-carriere-et-insertion-professionnelle-des-jeunes-ouverture-a-abidjan-de-la-12eme-edition-du-forum-des-stages\/","og_locale":"fr_FR","og_type":"article","og_title":"Promotion des profils de carri\u00e8re et insertion professionnelle des jeunes : Ouverture \u00e0 Abidjan de la 12\u00e8me \u00e9dition du forum des stages - Amanien| L&#039;actualit\u00e9 Ivoirienne et Internationale","og_description":"La 12\u00e8me \u00e9dition du Forum des stages s&rsquo;est tenue, vendredi 19 juillet 2024, \u00e0 Abidjan-Cocody, autour du th\u00e8me : \u00ab\u00a0Transfert inter- g\u00e9n\u00e9rationnel des comp\u00e9tences pour le d\u00e9veloppement des carri\u00e8res professionnelles\u00a0\u00bb.\u00a0","og_url":"https:\/\/www.amanien.info\/news\/promotion-des-profils-de-carriere-et-insertion-professionnelle-des-jeunes-ouverture-a-abidjan-de-la-12eme-edition-du-forum-des-stages\/","og_site_name":"Amanien| L&#039;actualit\u00e9 Ivoirienne et Internationale","article_published_time":"2024-07-23T06:56:47+00:00","og_image":[{"width":512,"height":341,"url":"https:\/\/www.amanien.info\/news\/wp-content\/uploads\/2024\/07\/hl-46125653387-1.jpeg","type":"image\/jpeg"}],"author":"Germain Ndri","twitter_card":"summary_large_image","twitter_misc":{"\u00c9crit par":"Germain Ndri","Dur\u00e9e de lecture estim\u00e9e":"3 minutes"},"schema":{"@context":"https:\/\/schema.org","@graph":[{"@type":"Article","@id":"https:\/\/www.amanien.info\/news\/promotion-des-profils-de-carriere-et-insertion-professionnelle-des-jeunes-ouverture-a-abidjan-de-la-12eme-edition-du-forum-des-stages\/#article","isPartOf":{"@id":"https:\/\/www.amanien.info\/news\/promotion-des-profils-de-carriere-et-insertion-professionnelle-des-jeunes-ouverture-a-abidjan-de-la-12eme-edition-du-forum-des-stages\/"},"author":{"name":"Germain Ndri","@id":"https:\/\/www.amanien.info\/news\/#\/schema\/person\/b21093345753a1a98242d505bd894f42"},"headline":"Promotion des profils de carri\u00e8re et insertion professionnelle des jeunes : Ouverture \u00e0 Abidjan de la 12\u00e8me \u00e9dition du forum des stages","datePublished":"2024-07-23T06:56:47+00:00","mainEntityOfPage":{"@id":"https:\/\/www.amanien.info\/news\/promotion-des-profils-de-carriere-et-insertion-professionnelle-des-jeunes-ouverture-a-abidjan-de-la-12eme-edition-du-forum-des-stages\/"},"wordCount":549,"image":{"@id":"https:\/\/www.amanien.info\/news\/promotion-des-profils-de-carriere-et-insertion-professionnelle-des-jeunes-ouverture-a-abidjan-de-la-12eme-edition-du-forum-des-stages\/#primaryimage"},"thumbnailUrl":"https:\/\/www.amanien.info\/news\/wp-content\/uploads\/2024\/07\/hl-46125653387-1.jpeg","keywords":["Soci\u00e9t\u00e9"],"inLanguage":"fr-FR"},{"@type":"WebPage","@id":"https:\/\/www.amanien.info\/news\/promotion-des-profils-de-carriere-et-insertion-professionnelle-des-jeunes-ouverture-a-abidjan-de-la-12eme-edition-du-forum-des-stages\/","url":"https:\/\/www.amanien.info\/news\/promotion-des-profils-de-carriere-et-insertion-professionnelle-des-jeunes-ouverture-a-abidjan-de-la-12eme-edition-du-forum-des-stages\/","name":"Promotion des profils de carri\u00e8re et insertion professionnelle des jeunes : Ouverture \u00e0 Abidjan de la 12\u00e8me \u00e9dition du forum des stages - Amanien| L&#039;actualit\u00e9 Ivoirienne et Internationale","isPartOf":{"@id":"https:\/\/www.amanien.info\/news\/#website"},"primaryImageOfPage":{"@id":"https:\/\/www.amanien.info\/news\/promotion-des-profils-de-carriere-et-insertion-professionnelle-des-jeunes-ouverture-a-abidjan-de-la-12eme-edition-du-forum-des-stages\/#primaryimage"},"image":{"@id":"https:\/\/www.amanien.info\/news\/promotion-des-profils-de-carriere-et-insertion-professionnelle-des-jeunes-ouverture-a-abidjan-de-la-12eme-edition-du-forum-des-stages\/#primaryimage"},"thumbnailUrl":"https:\/\/www.amanien.info\/news\/wp-content\/uploads\/2024\/07\/hl-46125653387-1.jpeg","datePublished":"2024-07-23T06:56:47+00:00","author":{"@id":"https:\/\/www.amanien.info\/news\/#\/schema\/person\/b21093345753a1a98242d505bd894f42"},"breadcrumb":{"@id":"https:\/\/www.amanien.info\/news\/promotion-des-profils-de-carriere-et-insertion-professionnelle-des-jeunes-ouverture-a-abidjan-de-la-12eme-edition-du-forum-des-stages\/#breadcrumb"},"inLanguage":"fr-FR","potentialAction":[{"@type":"ReadAction","target":["https:\/\/www.amanien.info\/news\/promotion-des-profils-de-carriere-et-insertion-professionnelle-des-jeunes-ouverture-a-abidjan-de-la-12eme-edition-du-forum-des-stages\/"]}]},{"@type":"ImageObject","inLanguage":"fr-FR","@id":"https:\/\/www.amanien.info\/news\/promotion-des-profils-de-carriere-et-insertion-professionnelle-des-jeunes-ouverture-a-abidjan-de-la-12eme-edition-du-forum-des-stages\/#primaryimage","url":"https:\/\/www.amanien.info\/news\/wp-content\/uploads\/2024\/07\/hl-46125653387-1.jpeg","contentUrl":"https:\/\/www.amanien.info\/news\/wp-content\/uploads\/2024\/07\/hl-46125653387-1.jpeg","width":512,"height":341},{"@type":"BreadcrumbList","@id":"https:\/\/www.amanien.info\/news\/promotion-des-profils-de-carriere-et-insertion-professionnelle-des-jeunes-ouverture-a-abidjan-de-la-12eme-edition-du-forum-des-stages\/#breadcrumb","itemListElement":[{"@type":"ListItem","position":1,"name":"Accueil","item":"https:\/\/www.amanien.info\/news\/"},{"@type":"ListItem","position":2,"name":"Promotion des profils de carri\u00e8re et insertion professionnelle des jeunes : Ouverture \u00e0 Abidjan de la 12\u00e8me \u00e9dition du forum des stages"}]},{"@type":"WebSite","@id":"https:\/\/www.amanien.info\/news\/#website","url":"https:\/\/www.amanien.info\/news\/","name":"Amanien| L&#039;actualit\u00e9 Ivoirienne et Internationale","description":"L&#039;actualit\u00e9 Ivoirienne et Internationale","potentialAction":[{"@type":"SearchAction","target":{"@type":"EntryPoint","urlTemplate":"https:\/\/www.amanien.info\/news\/?s={search_term_string}"},"query-input":{"@type":"PropertyValueSpecification","valueRequired":true,"valueName":"search_term_string"}}],"inLanguage":"fr-FR"},{"@type":"Person","@id":"https:\/\/www.amanien.info\/news\/#\/schema\/person\/b21093345753a1a98242d505bd894f42","name":"Germain Ndri","url":"https:\/\/www.amanien.info\/news\/author\/amanien-infos\/"}]}},"_links":{"self":[{"href":"https:\/\/www.amanien.info\/news\/wp-json\/wp\/v2\/posts\/6308","targetHints":{"allow":["GET"]}}],"collection":[{"href":"https:\/\/www.amanien.info\/news\/wp-json\/wp\/v2\/posts"}],"about":[{"href":"https:\/\/www.amanien.info\/news\/wp-json\/wp\/v2\/types\/post"}],"author":[{"embeddable":true,"href":"https:\/\/www.amanien.info\/news\/wp-json\/wp\/v2\/users\/2"}],"replies":[{"embeddable":true,"href":"https:\/\/www.amanien.info\/news\/wp-json\/wp\/v2\/comments?post=6308"}],"version-history":[{"count":1,"href":"https:\/\/www.amanien.info\/news\/wp-json\/wp\/v2\/posts\/6308\/revisions"}],"predecessor-version":[{"id":6311,"href":"https:\/\/www.amanien.info\/news\/wp-json\/wp\/v2\/posts\/6308\/revisions\/6311"}],"wp:featuredmedia":[{"embeddable":true,"href":"https:\/\/www.amanien.info\/news\/wp-json\/wp\/v2\/media\/6310"}],"wp:attachment":[{"href":"https:\/\/www.amanien.info\/news\/wp-json\/wp\/v2\/media?parent=6308"}],"wp:term":[{"taxonomy":"category","embeddable":true,"href":"https:\/\/www.amanien.info\/news\/wp-json\/wp\/v2\/categories?post=6308"},{"taxonomy":"post_tag","embeddable":true,"href":"https:\/\/www.amanien.info\/news\/wp-json\/wp\/v2\/tags?post=6308"}],"curies":[{"name":"wp","href":"https:\/\/api.w.org\/{rel}","templated":true}]}}