{"id":6302,"date":"2024-07-20T19:01:59","date_gmt":"2024-07-20T19:01:59","guid":{"rendered":"https:\/\/www.amanien.info\/news\/?p=6302"},"modified":"2024-07-20T19:01:59","modified_gmt":"2024-07-20T19:01:59","slug":"securite-et-protection-des-personnes-et-des-biens-lancement-a-abidjan-de-la-4e-edition-du-forum-de-la-maitrise-globale-des-risques","status":"publish","type":"post","link":"https:\/\/www.amanien.info\/news\/securite-et-protection-des-personnes-et-des-biens-lancement-a-abidjan-de-la-4e-edition-du-forum-de-la-maitrise-globale-des-risques\/","title":{"rendered":"S\u00e9curit\u00e9 et protection des personnes et des biens : Lancement \u00e0 Abidjan de la 4\u00e8 \u00c9dition du Forum de la ma\u00eetrise globale des risques"},"content":{"rendered":"<p>&nbsp;<\/p>\n<div style=\"text-align: right;\"><span style=\"text-transform: initial;\">\u00ab\u00a0Ma\u00eetrise des risques professionnels et protection des personnes : R\u00e9pondre aux d\u00e9fis actuels et anticiper ceux de demain\u00a0\u00bb. Tel est le th\u00e8me de la quatri\u00e8me \u00e9dition du Forum de la ma\u00eetrise globale des risques (SOLUTTHES AFRICA), qui se d\u00e9roulera les 24 et 25 octobre 2024 \u00e0 l&rsquo;h\u00f4tel Radisson Blu, Abidjan-Port-Bou\u00ebt.\u00a0<\/span><\/div>\n<div><\/div>\n<div><\/div>\n<div>Le lancement de cette quatri\u00e8me \u00e9dition, a eu lieu, le vendredi 19 juillet 2024, \u00e0 Marcory, au cours d&rsquo;une importante c\u00e9r\u00e9monie.<\/div>\n<div><i>\u00ab\u00a0Ce forum est une plateforme de r\u00e9flexion , de partage d&rsquo;exp\u00e9riences, de rassemblement des professionnels, pour discuter des probl\u00e8mes qu&rsquo;ils rencontrent et de trouver, ensemble,\u00a0 des solutions qu&rsquo;ils pourront mettre en place au sein de leurs entreprises peu importe le secteur d&rsquo;activit\u00e9 \u00ab\u00a0,\u00a0<\/i>a indiqu\u00e9 Mme A\u00efcha Diabagat\u00e9, Commissaire G\u00e9n\u00e9rale, par ailleurs Directrice G\u00e9n\u00e9rale de Qualivoie.<\/div>\n<div><\/div>\n<div>SOLUTTHES AFRICA regroupe les offres de solutions, de mat\u00e9riels et de technologies dans les principaux domaines domaine de la S\u00fbret\u00e9-Sant\u00e9-S\u00e9curit\u00e9 r\u00e9pondant aux besoins et\u00a0 pr\u00e9occupations des grands sites industriels et d&rsquo;infrastructures, des entreprises, des administrations, des collectivit\u00e9s locales, des ambassades, du r\u00e9sidentiel, etc.<\/div>\n<div><\/div>\n<div>Entre 1200 et 1500 personnes sont attendues \u00e0 ce forum qui enregistrera la participation de plusieurs pays. Il s&rsquo;agit du Burkina Faso, du Mali, du Tchad, du Niger, du Maroc, de la France, a annonc\u00e9 la Consultante en Gestion de la Relation client.<\/div>\n<div><\/div>\n<div>Le Fondateur de Qualivoire Conseil, Mounir Diabagat\u00e9, a, quant \u00e0 lui, annonc\u00e9 les innovations majeures de cette \u00e9dition 2024 qui se tiendra sur deux journ\u00e9es.<\/div>\n<div><\/div>\n<div>A l&rsquo;en croire, la premi\u00e8re journ\u00e9e c&rsquo;est-\u00e0-dire la journ\u00e9e du 24 octobre, sera consacr\u00e9e \u00e0 la sant\u00e9 et la s\u00e9curit\u00e9 au travail.<\/div>\n<div><\/div>\n<div>Quant \u00e0 la seconde et derni\u00e8re journ\u00e9e, celle du 25 octobre, elle sera consacr\u00e9e aux risques li\u00e9es aux situations inh\u00e9rentes (cybers\u00e9curit\u00e9, d\u00e9veloppement durable, catastrophe naturelles, s\u00e9curit\u00e9 routi\u00e8re&#8230;).<\/div>\n<div><\/div>\n<div>Des conf\u00e9rences, des formations, des ateliers, des rencontres d&rsquo;affaires, des r\u00e9compenses et des ateliers d\u00e9mos (3 \u00e0 4 ateliers d\u00e9mos) sont \u00e9galement pr\u00e9vus. Ces ateliers d\u00e9mos permettront de faire un mixte entre la th\u00e9orie dans les salles et la pratique.<\/div>\n<div><\/div>\n<div>Pour rappel, les \u00e9ditions pr\u00e9c\u00e9dentes de SOLUTTHES AFRICA ont enregistr\u00e9 la participation de 500 personnes(fabricants, importateurs, organismes de protection sociale, de contr\u00f4le technique, de normalisation et de certification, cabinets de conseil, professionnels et porteurs de projets \u00e0 la recherche de partenariats d&rsquo;affaires, donneurs d&rsquo;ordre, acheteurs directs, professionnels sp\u00e9cialis\u00e9s et non sp\u00e9cialis\u00e9s, prescripteurs, responsables Qualit\u00e9 &#8211; S\u00e9curit\u00e9 &#8211; Environnement, M\u00e9decins de travail, Consultants, etc) et de 16 pays.\u00a0 Elles ont \u00e9t\u00e9 meubl\u00e9es par 200 B2B.<\/div>\n<div><\/div>\n<div><b>\u00a0 \u00a0 \u00a0 \u00a0 \u00a0 \u00a0 \u00a0 \u00a0 \u00a0 \u00a0 \u00a0 \u00a0 \u00a0 \u00a0 \u00a0 \u00a0 \u00a0 \u00a0 \u00a0 \u00a0 \u00a0 \u00a0 \u00a0 \u00a0 \u00a0 \u00a0 \u00a0 \u00a0 \u00a0 \u00a0 \u00a0 \u00a0S.A.<\/b><\/div>\n","protected":false},"excerpt":{"rendered":"<p>&nbsp; \u00ab\u00a0Ma\u00eetrise des risques professionnels et protection des personnes : R\u00e9pondre aux d\u00e9fis actuels et anticiper ceux de demain\u00a0\u00bb. Tel est le th\u00e8me de la quatri\u00e8me \u00e9dition du Forum de la ma\u00eetrise globale des risques (SOLUTTHES AFRICA), qui se d\u00e9roulera les 24 et 25 octobre 2024 \u00e0 l&rsquo;h\u00f4tel Radisson Blu, Abidjan-Port-Bou\u00ebt.\u00a0 Le lancement de cette [&hellip;]<\/p>\n","protected":false},"author":2,"featured_media":6303,"comment_status":"closed","ping_status":"closed","sticky":false,"template":"","format":"standard","meta":{"_acf_changed":false,"footnotes":""},"categories":[],"tags":[],"class_list":["post-6302","post","type-post","status-publish","format-standard","has-post-thumbnail","hentry"],"acf":[],"yoast_head":"<!-- This site is optimized with the Yoast SEO plugin v27.5 - https:\/\/yoast.com\/product\/yoast-seo-wordpress\/ -->\n<title>S\u00e9curit\u00e9 et protection des personnes et des biens : Lancement \u00e0 Abidjan de la 4\u00e8 \u00c9dition du Forum de la ma\u00eetrise globale des risques - Amanien| L&#039;actualit\u00e9 Ivoirienne et Internationale<\/title>\n<meta name=\"robots\" content=\"index, follow, max-snippet:-1, max-image-preview:large, max-video-preview:-1\" \/>\n<link rel=\"canonical\" href=\"https:\/\/www.amanien.info\/news\/securite-et-protection-des-personnes-et-des-biens-lancement-a-abidjan-de-la-4e-edition-du-forum-de-la-maitrise-globale-des-risques\/\" \/>\n<meta property=\"og:locale\" content=\"fr_FR\" \/>\n<meta property=\"og:type\" content=\"article\" \/>\n<meta property=\"og:title\" content=\"S\u00e9curit\u00e9 et protection des personnes et des biens : Lancement \u00e0 Abidjan de la 4\u00e8 \u00c9dition du Forum de la ma\u00eetrise globale des risques - Amanien| L&#039;actualit\u00e9 Ivoirienne et Internationale\" \/>\n<meta property=\"og:description\" content=\"&nbsp; \u00ab\u00a0Ma\u00eetrise des risques professionnels et protection des personnes : R\u00e9pondre aux d\u00e9fis actuels et anticiper ceux de demain\u00a0\u00bb. Tel est le th\u00e8me de la quatri\u00e8me \u00e9dition du Forum de la ma\u00eetrise globale des risques (SOLUTTHES AFRICA), qui se d\u00e9roulera les 24 et 25 octobre 2024 \u00e0 l&rsquo;h\u00f4tel Radisson Blu, Abidjan-Port-Bou\u00ebt.\u00a0 Le lancement de cette [&hellip;]\" \/>\n<meta property=\"og:url\" content=\"https:\/\/www.amanien.info\/news\/securite-et-protection-des-personnes-et-des-biens-lancement-a-abidjan-de-la-4e-edition-du-forum-de-la-maitrise-globale-des-risques\/\" \/>\n<meta property=\"og:site_name\" content=\"Amanien| L&#039;actualit\u00e9 Ivoirienne et Internationale\" \/>\n<meta property=\"article:published_time\" content=\"2024-07-20T19:01:59+00:00\" \/>\n<meta property=\"og:image\" content=\"https:\/\/www.amanien.info\/news\/wp-content\/uploads\/2024\/07\/IMG-20240720-WA0024.jpg\" \/>\n\t<meta property=\"og:image:width\" content=\"1280\" \/>\n\t<meta property=\"og:image:height\" content=\"960\" \/>\n\t<meta property=\"og:image:type\" content=\"image\/jpeg\" \/>\n<meta name=\"author\" content=\"Germain Ndri\" \/>\n<meta name=\"twitter:card\" content=\"summary_large_image\" \/>\n<meta name=\"twitter:label1\" content=\"\u00c9crit par\" \/>\n\t<meta name=\"twitter:data1\" content=\"Germain Ndri\" \/>\n\t<meta name=\"twitter:label2\" content=\"Dur\u00e9e de lecture estim\u00e9e\" \/>\n\t<meta name=\"twitter:data2\" content=\"3 minutes\" \/>\n<script type=\"application\/ld+json\" class=\"yoast-schema-graph\">{\"@context\":\"https:\\\/\\\/schema.org\",\"@graph\":[{\"@type\":\"Article\",\"@id\":\"https:\\\/\\\/www.amanien.info\\\/news\\\/securite-et-protection-des-personnes-et-des-biens-lancement-a-abidjan-de-la-4e-edition-du-forum-de-la-maitrise-globale-des-risques\\\/#article\",\"isPartOf\":{\"@id\":\"https:\\\/\\\/www.amanien.info\\\/news\\\/securite-et-protection-des-personnes-et-des-biens-lancement-a-abidjan-de-la-4e-edition-du-forum-de-la-maitrise-globale-des-risques\\\/\"},\"author\":{\"name\":\"Germain Ndri\",\"@id\":\"https:\\\/\\\/www.amanien.info\\\/news\\\/#\\\/schema\\\/person\\\/b21093345753a1a98242d505bd894f42\"},\"headline\":\"S\u00e9curit\u00e9 et protection des personnes et des biens : Lancement \u00e0 Abidjan de la 4\u00e8 \u00c9dition du Forum de la ma\u00eetrise globale des risques\",\"datePublished\":\"2024-07-20T19:01:59+00:00\",\"mainEntityOfPage\":{\"@id\":\"https:\\\/\\\/www.amanien.info\\\/news\\\/securite-et-protection-des-personnes-et-des-biens-lancement-a-abidjan-de-la-4e-edition-du-forum-de-la-maitrise-globale-des-risques\\\/\"},\"wordCount\":478,\"image\":{\"@id\":\"https:\\\/\\\/www.amanien.info\\\/news\\\/securite-et-protection-des-personnes-et-des-biens-lancement-a-abidjan-de-la-4e-edition-du-forum-de-la-maitrise-globale-des-risques\\\/#primaryimage\"},\"thumbnailUrl\":\"https:\\\/\\\/www.amanien.info\\\/news\\\/wp-content\\\/uploads\\\/2024\\\/07\\\/IMG-20240720-WA0024.jpg\",\"inLanguage\":\"fr-FR\"},{\"@type\":\"WebPage\",\"@id\":\"https:\\\/\\\/www.amanien.info\\\/news\\\/securite-et-protection-des-personnes-et-des-biens-lancement-a-abidjan-de-la-4e-edition-du-forum-de-la-maitrise-globale-des-risques\\\/\",\"url\":\"https:\\\/\\\/www.amanien.info\\\/news\\\/securite-et-protection-des-personnes-et-des-biens-lancement-a-abidjan-de-la-4e-edition-du-forum-de-la-maitrise-globale-des-risques\\\/\",\"name\":\"S\u00e9curit\u00e9 et protection des personnes et des biens : Lancement \u00e0 Abidjan de la 4\u00e8 \u00c9dition du Forum de la ma\u00eetrise globale des risques - Amanien| L&#039;actualit\u00e9 Ivoirienne et Internationale\",\"isPartOf\":{\"@id\":\"https:\\\/\\\/www.amanien.info\\\/news\\\/#website\"},\"primaryImageOfPage\":{\"@id\":\"https:\\\/\\\/www.amanien.info\\\/news\\\/securite-et-protection-des-personnes-et-des-biens-lancement-a-abidjan-de-la-4e-edition-du-forum-de-la-maitrise-globale-des-risques\\\/#primaryimage\"},\"image\":{\"@id\":\"https:\\\/\\\/www.amanien.info\\\/news\\\/securite-et-protection-des-personnes-et-des-biens-lancement-a-abidjan-de-la-4e-edition-du-forum-de-la-maitrise-globale-des-risques\\\/#primaryimage\"},\"thumbnailUrl\":\"https:\\\/\\\/www.amanien.info\\\/news\\\/wp-content\\\/uploads\\\/2024\\\/07\\\/IMG-20240720-WA0024.jpg\",\"datePublished\":\"2024-07-20T19:01:59+00:00\",\"author\":{\"@id\":\"https:\\\/\\\/www.amanien.info\\\/news\\\/#\\\/schema\\\/person\\\/b21093345753a1a98242d505bd894f42\"},\"breadcrumb\":{\"@id\":\"https:\\\/\\\/www.amanien.info\\\/news\\\/securite-et-protection-des-personnes-et-des-biens-lancement-a-abidjan-de-la-4e-edition-du-forum-de-la-maitrise-globale-des-risques\\\/#breadcrumb\"},\"inLanguage\":\"fr-FR\",\"potentialAction\":[{\"@type\":\"ReadAction\",\"target\":[\"https:\\\/\\\/www.amanien.info\\\/news\\\/securite-et-protection-des-personnes-et-des-biens-lancement-a-abidjan-de-la-4e-edition-du-forum-de-la-maitrise-globale-des-risques\\\/\"]}]},{\"@type\":\"ImageObject\",\"inLanguage\":\"fr-FR\",\"@id\":\"https:\\\/\\\/www.amanien.info\\\/news\\\/securite-et-protection-des-personnes-et-des-biens-lancement-a-abidjan-de-la-4e-edition-du-forum-de-la-maitrise-globale-des-risques\\\/#primaryimage\",\"url\":\"https:\\\/\\\/www.amanien.info\\\/news\\\/wp-content\\\/uploads\\\/2024\\\/07\\\/IMG-20240720-WA0024.jpg\",\"contentUrl\":\"https:\\\/\\\/www.amanien.info\\\/news\\\/wp-content\\\/uploads\\\/2024\\\/07\\\/IMG-20240720-WA0024.jpg\",\"width\":1280,\"height\":960},{\"@type\":\"BreadcrumbList\",\"@id\":\"https:\\\/\\\/www.amanien.info\\\/news\\\/securite-et-protection-des-personnes-et-des-biens-lancement-a-abidjan-de-la-4e-edition-du-forum-de-la-maitrise-globale-des-risques\\\/#breadcrumb\",\"itemListElement\":[{\"@type\":\"ListItem\",\"position\":1,\"name\":\"Accueil\",\"item\":\"https:\\\/\\\/www.amanien.info\\\/news\\\/\"},{\"@type\":\"ListItem\",\"position\":2,\"name\":\"S\u00e9curit\u00e9 et protection des personnes et des biens : Lancement \u00e0 Abidjan de la 4\u00e8 \u00c9dition du Forum de la ma\u00eetrise globale des risques\"}]},{\"@type\":\"WebSite\",\"@id\":\"https:\\\/\\\/www.amanien.info\\\/news\\\/#website\",\"url\":\"https:\\\/\\\/www.amanien.info\\\/news\\\/\",\"name\":\"Amanien| L&#039;actualit\u00e9 Ivoirienne et Internationale\",\"description\":\"L&#039;actualit\u00e9 Ivoirienne et Internationale\",\"potentialAction\":[{\"@type\":\"SearchAction\",\"target\":{\"@type\":\"EntryPoint\",\"urlTemplate\":\"https:\\\/\\\/www.amanien.info\\\/news\\\/?s={search_term_string}\"},\"query-input\":{\"@type\":\"PropertyValueSpecification\",\"valueRequired\":true,\"valueName\":\"search_term_string\"}}],\"inLanguage\":\"fr-FR\"},{\"@type\":\"Person\",\"@id\":\"https:\\\/\\\/www.amanien.info\\\/news\\\/#\\\/schema\\\/person\\\/b21093345753a1a98242d505bd894f42\",\"name\":\"Germain Ndri\",\"url\":\"https:\\\/\\\/www.amanien.info\\\/news\\\/author\\\/amanien-infos\\\/\"}]}<\/script>\n<!-- \/ Yoast SEO plugin. -->","yoast_head_json":{"title":"S\u00e9curit\u00e9 et protection des personnes et des biens : Lancement \u00e0 Abidjan de la 4\u00e8 \u00c9dition du Forum de la ma\u00eetrise globale des risques - Amanien| L&#039;actualit\u00e9 Ivoirienne et Internationale","robots":{"index":"index","follow":"follow","max-snippet":"max-snippet:-1","max-image-preview":"max-image-preview:large","max-video-preview":"max-video-preview:-1"},"canonical":"https:\/\/www.amanien.info\/news\/securite-et-protection-des-personnes-et-des-biens-lancement-a-abidjan-de-la-4e-edition-du-forum-de-la-maitrise-globale-des-risques\/","og_locale":"fr_FR","og_type":"article","og_title":"S\u00e9curit\u00e9 et protection des personnes et des biens : Lancement \u00e0 Abidjan de la 4\u00e8 \u00c9dition du Forum de la ma\u00eetrise globale des risques - Amanien| L&#039;actualit\u00e9 Ivoirienne et Internationale","og_description":"&nbsp; \u00ab\u00a0Ma\u00eetrise des risques professionnels et protection des personnes : R\u00e9pondre aux d\u00e9fis actuels et anticiper ceux de demain\u00a0\u00bb. Tel est le th\u00e8me de la quatri\u00e8me \u00e9dition du Forum de la ma\u00eetrise globale des risques (SOLUTTHES AFRICA), qui se d\u00e9roulera les 24 et 25 octobre 2024 \u00e0 l&rsquo;h\u00f4tel Radisson Blu, Abidjan-Port-Bou\u00ebt.\u00a0 Le lancement de cette [&hellip;]","og_url":"https:\/\/www.amanien.info\/news\/securite-et-protection-des-personnes-et-des-biens-lancement-a-abidjan-de-la-4e-edition-du-forum-de-la-maitrise-globale-des-risques\/","og_site_name":"Amanien| L&#039;actualit\u00e9 Ivoirienne et Internationale","article_published_time":"2024-07-20T19:01:59+00:00","og_image":[{"width":1280,"height":960,"url":"https:\/\/www.amanien.info\/news\/wp-content\/uploads\/2024\/07\/IMG-20240720-WA0024.jpg","type":"image\/jpeg"}],"author":"Germain Ndri","twitter_card":"summary_large_image","twitter_misc":{"\u00c9crit par":"Germain Ndri","Dur\u00e9e de lecture estim\u00e9e":"3 minutes"},"schema":{"@context":"https:\/\/schema.org","@graph":[{"@type":"Article","@id":"https:\/\/www.amanien.info\/news\/securite-et-protection-des-personnes-et-des-biens-lancement-a-abidjan-de-la-4e-edition-du-forum-de-la-maitrise-globale-des-risques\/#article","isPartOf":{"@id":"https:\/\/www.amanien.info\/news\/securite-et-protection-des-personnes-et-des-biens-lancement-a-abidjan-de-la-4e-edition-du-forum-de-la-maitrise-globale-des-risques\/"},"author":{"name":"Germain Ndri","@id":"https:\/\/www.amanien.info\/news\/#\/schema\/person\/b21093345753a1a98242d505bd894f42"},"headline":"S\u00e9curit\u00e9 et protection des personnes et des biens : Lancement \u00e0 Abidjan de la 4\u00e8 \u00c9dition du Forum de la ma\u00eetrise globale des risques","datePublished":"2024-07-20T19:01:59+00:00","mainEntityOfPage":{"@id":"https:\/\/www.amanien.info\/news\/securite-et-protection-des-personnes-et-des-biens-lancement-a-abidjan-de-la-4e-edition-du-forum-de-la-maitrise-globale-des-risques\/"},"wordCount":478,"image":{"@id":"https:\/\/www.amanien.info\/news\/securite-et-protection-des-personnes-et-des-biens-lancement-a-abidjan-de-la-4e-edition-du-forum-de-la-maitrise-globale-des-risques\/#primaryimage"},"thumbnailUrl":"https:\/\/www.amanien.info\/news\/wp-content\/uploads\/2024\/07\/IMG-20240720-WA0024.jpg","inLanguage":"fr-FR"},{"@type":"WebPage","@id":"https:\/\/www.amanien.info\/news\/securite-et-protection-des-personnes-et-des-biens-lancement-a-abidjan-de-la-4e-edition-du-forum-de-la-maitrise-globale-des-risques\/","url":"https:\/\/www.amanien.info\/news\/securite-et-protection-des-personnes-et-des-biens-lancement-a-abidjan-de-la-4e-edition-du-forum-de-la-maitrise-globale-des-risques\/","name":"S\u00e9curit\u00e9 et protection des personnes et des biens : Lancement \u00e0 Abidjan de la 4\u00e8 \u00c9dition du Forum de la ma\u00eetrise globale des risques - Amanien| L&#039;actualit\u00e9 Ivoirienne et Internationale","isPartOf":{"@id":"https:\/\/www.amanien.info\/news\/#website"},"primaryImageOfPage":{"@id":"https:\/\/www.amanien.info\/news\/securite-et-protection-des-personnes-et-des-biens-lancement-a-abidjan-de-la-4e-edition-du-forum-de-la-maitrise-globale-des-risques\/#primaryimage"},"image":{"@id":"https:\/\/www.amanien.info\/news\/securite-et-protection-des-personnes-et-des-biens-lancement-a-abidjan-de-la-4e-edition-du-forum-de-la-maitrise-globale-des-risques\/#primaryimage"},"thumbnailUrl":"https:\/\/www.amanien.info\/news\/wp-content\/uploads\/2024\/07\/IMG-20240720-WA0024.jpg","datePublished":"2024-07-20T19:01:59+00:00","author":{"@id":"https:\/\/www.amanien.info\/news\/#\/schema\/person\/b21093345753a1a98242d505bd894f42"},"breadcrumb":{"@id":"https:\/\/www.amanien.info\/news\/securite-et-protection-des-personnes-et-des-biens-lancement-a-abidjan-de-la-4e-edition-du-forum-de-la-maitrise-globale-des-risques\/#breadcrumb"},"inLanguage":"fr-FR","potentialAction":[{"@type":"ReadAction","target":["https:\/\/www.amanien.info\/news\/securite-et-protection-des-personnes-et-des-biens-lancement-a-abidjan-de-la-4e-edition-du-forum-de-la-maitrise-globale-des-risques\/"]}]},{"@type":"ImageObject","inLanguage":"fr-FR","@id":"https:\/\/www.amanien.info\/news\/securite-et-protection-des-personnes-et-des-biens-lancement-a-abidjan-de-la-4e-edition-du-forum-de-la-maitrise-globale-des-risques\/#primaryimage","url":"https:\/\/www.amanien.info\/news\/wp-content\/uploads\/2024\/07\/IMG-20240720-WA0024.jpg","contentUrl":"https:\/\/www.amanien.info\/news\/wp-content\/uploads\/2024\/07\/IMG-20240720-WA0024.jpg","width":1280,"height":960},{"@type":"BreadcrumbList","@id":"https:\/\/www.amanien.info\/news\/securite-et-protection-des-personnes-et-des-biens-lancement-a-abidjan-de-la-4e-edition-du-forum-de-la-maitrise-globale-des-risques\/#breadcrumb","itemListElement":[{"@type":"ListItem","position":1,"name":"Accueil","item":"https:\/\/www.amanien.info\/news\/"},{"@type":"ListItem","position":2,"name":"S\u00e9curit\u00e9 et protection des personnes et des biens : Lancement \u00e0 Abidjan de la 4\u00e8 \u00c9dition du Forum de la ma\u00eetrise globale des risques"}]},{"@type":"WebSite","@id":"https:\/\/www.amanien.info\/news\/#website","url":"https:\/\/www.amanien.info\/news\/","name":"Amanien| L&#039;actualit\u00e9 Ivoirienne et Internationale","description":"L&#039;actualit\u00e9 Ivoirienne et Internationale","potentialAction":[{"@type":"SearchAction","target":{"@type":"EntryPoint","urlTemplate":"https:\/\/www.amanien.info\/news\/?s={search_term_string}"},"query-input":{"@type":"PropertyValueSpecification","valueRequired":true,"valueName":"search_term_string"}}],"inLanguage":"fr-FR"},{"@type":"Person","@id":"https:\/\/www.amanien.info\/news\/#\/schema\/person\/b21093345753a1a98242d505bd894f42","name":"Germain Ndri","url":"https:\/\/www.amanien.info\/news\/author\/amanien-infos\/"}]}},"_links":{"self":[{"href":"https:\/\/www.amanien.info\/news\/wp-json\/wp\/v2\/posts\/6302","targetHints":{"allow":["GET"]}}],"collection":[{"href":"https:\/\/www.amanien.info\/news\/wp-json\/wp\/v2\/posts"}],"about":[{"href":"https:\/\/www.amanien.info\/news\/wp-json\/wp\/v2\/types\/post"}],"author":[{"embeddable":true,"href":"https:\/\/www.amanien.info\/news\/wp-json\/wp\/v2\/users\/2"}],"replies":[{"embeddable":true,"href":"https:\/\/www.amanien.info\/news\/wp-json\/wp\/v2\/comments?post=6302"}],"version-history":[{"count":1,"href":"https:\/\/www.amanien.info\/news\/wp-json\/wp\/v2\/posts\/6302\/revisions"}],"predecessor-version":[{"id":6304,"href":"https:\/\/www.amanien.info\/news\/wp-json\/wp\/v2\/posts\/6302\/revisions\/6304"}],"wp:featuredmedia":[{"embeddable":true,"href":"https:\/\/www.amanien.info\/news\/wp-json\/wp\/v2\/media\/6303"}],"wp:attachment":[{"href":"https:\/\/www.amanien.info\/news\/wp-json\/wp\/v2\/media?parent=6302"}],"wp:term":[{"taxonomy":"category","embeddable":true,"href":"https:\/\/www.amanien.info\/news\/wp-json\/wp\/v2\/categories?post=6302"},{"taxonomy":"post_tag","embeddable":true,"href":"https:\/\/www.amanien.info\/news\/wp-json\/wp\/v2\/tags?post=6302"}],"curies":[{"name":"wp","href":"https:\/\/api.w.org\/{rel}","templated":true}]}}