{"id":6297,"date":"2024-07-20T18:54:43","date_gmt":"2024-07-20T18:54:43","guid":{"rendered":"https:\/\/www.amanien.info\/news\/?p=6297"},"modified":"2024-07-20T18:54:43","modified_gmt":"2024-07-20T18:54:43","slug":"2eme-edition-du-forum-africain-de-lindustrie-les-pays-africains-invites-a-aller-vers-la-transformation-locale-de-toutes-leurs-matieres-premieres","status":"publish","type":"post","link":"https:\/\/www.amanien.info\/news\/2eme-edition-du-forum-africain-de-lindustrie-les-pays-africains-invites-a-aller-vers-la-transformation-locale-de-toutes-leurs-matieres-premieres\/","title":{"rendered":"2\u00e8me \u00e9dition du Forum Africain de l&rsquo;industrie : les pays africains invit\u00e9s \u00e0 \u00ab\u00a0aller vers la transformation locale de toutes leurs mati\u00e8res premi\u00e8res\u00a0\u00bb"},"content":{"rendered":"<div><span style=\"text-transform: initial;\">La deuxi\u00e8me \u00e9dition du Forum Africain de l&rsquo;industrie s&rsquo;est tenue, le jeudi 18 juillet 2024, \u00e0 Abidjan, autour du th\u00e8me : \u00ab\u00a0Enjeu strat\u00e9gique de la souverainet\u00e9 industrielle\u00a0\u00bb.\u00a0<\/span><\/div>\n<div><\/div>\n<div>Plateforme qui r\u00e9unit les acteurs de l&rsquo;\u00e9cosyst\u00e8me industriel Africain, le forum Africain de l&rsquo;industrie vise, \u00e0 proposer des solutions innovantes et d&rsquo;accompagner les PME et les autorit\u00e9s des pays africains \u00e0 aller vers la transformation locale des mati\u00e8res premi\u00e8res, a affirm\u00e9 Mounir Diabagat\u00e9, Commissaire G\u00e9n\u00e9ral dudit forum.<\/div>\n<div><\/div>\n<div>Mieux, ce forum permet, selon lui, \u00ab\u00a0d&rsquo;identifier de nouvelles opportunit\u00e9s, de formuler des actions concr\u00e8tes qui propulseront nos industries vers la comp\u00e9titivit\u00e9, a-t-il dit.<\/div>\n<div><\/div>\n<div>Exhortant les Etats Africains \u00e0 la transformation locale de toutes leurs mati\u00e8res premi\u00e8res en vue de r\u00e9soudre le probl\u00e8me du ch\u00f4mage des jeunes, a-t-il soutenu.<\/div>\n<div><\/div>\n<div><\/div>\n<div>Mounir Diabagat\u00e9 a \u00e9galement invit\u00e9 les Etats Africains \u00e0 la vulgarisation des outils d&rsquo;appui \u00e0 la transformation locale.<\/div>\n<div><\/div>\n<div><\/div>\n<div><\/div>\n<div>Repr\u00e9sentant le Ministre d&rsquo;Etat, Ministre de l&rsquo;agriculture, du d\u00e9veloppement durable et des productions vivri\u00e8res, par ailleurs Directeur G\u00e9n\u00e9ral de la promotion de la riziculture,\u00a0 Kassoum KARAMOKO, a rappel\u00e9 la vision \u00e9conomique de l&rsquo;\u00c9tat de C\u00f4te d&rsquo;Ivoire, celle de la mise en place d&rsquo;un projet pour faciliter l&rsquo;industrialisation et la transformation totale de sa production.<\/div>\n<div><\/div>\n<div>Aussi a-t-il pr\u00e9sent\u00e9 les strat\u00e9gies mises en \u0153uvre pour moderniser les infrastructures et promouvoir l&rsquo;innovation technologique.<\/div>\n<div><\/div>\n<div>Pour sa part, le Repr\u00e9sentant du Ministre du Commerce et de l&rsquo;industrie et Directeur G\u00e9n\u00e9ral de l&rsquo;industrie, Tra Bi Emmanuel, s&rsquo;est f\u00e9licit\u00e9 de la tenue de ce grand forum et a assur\u00e9 le soutien du minist\u00e8re de tutelle.<\/div>\n<div><\/div>\n<div>Ce forum, note-t-on , a \u00e9t\u00e9 riche en activit\u00e9s, \u00e0 savoir, des expositions, des \u00e9changes professionnels, des conf\u00e9rences, des panels ainsi que des formations.<\/div>\n<div><\/div>\n<div>Les \u00e9changes et les panels ont permis aux acteurs du secteur, de faire des recommandations\u00a0 concr\u00e8tes en vue d&rsquo;acc\u00e9l\u00e9rer le processus d&rsquo;industrialisation et de favoriser une croissance \u00e9conomique durable et inclusive en C\u00f4te d&rsquo;Ivoire.<\/div>\n<div><\/div>\n<div><\/div>\n<div><\/div>\n<div>Initi\u00e9 par Qualivoire Conseil et ses partenaires, le forum Africain de l&rsquo;industrie(\u00e9dition 2024) a r\u00e9uni plus de 1000 visiteurs et a tenu toutes ses promesses.<\/div>\n<div><\/div>\n<div><b>\u00a0 \u00a0 \u00a0 \u00a0 \u00a0 \u00a0 \u00a0 \u00a0 \u00a0 \u00a0 \u00a0 \u00a0 \u00a0 \u00a0 \u00a0 \u00a0 \u00a0 \u00a0 \u00a0 \u00a0 \u00a0 \u00a0 \u00a0 \u00a0 \u00a0 \u00a0 \u00a0 \u00a0 \u00a0 \u00a0 \u00a0 \u00a0S.A.<\/b><\/div>\n","protected":false},"excerpt":{"rendered":"<p>La deuxi\u00e8me \u00e9dition du Forum Africain de l&rsquo;industrie s&rsquo;est tenue, le jeudi 18 juillet 2024, \u00e0 Abidjan, autour du th\u00e8me : \u00ab\u00a0Enjeu strat\u00e9gique de la souverainet\u00e9 industrielle\u00a0\u00bb.\u00a0 Plateforme qui r\u00e9unit les acteurs de l&rsquo;\u00e9cosyst\u00e8me industriel Africain, le forum Africain de l&rsquo;industrie vise, \u00e0 proposer des solutions innovantes et d&rsquo;accompagner les PME et les autorit\u00e9s des [&hellip;]<\/p>\n","protected":false},"author":2,"featured_media":6298,"comment_status":"closed","ping_status":"closed","sticky":false,"template":"","format":"standard","meta":{"_acf_changed":false,"footnotes":""},"categories":[5],"tags":[],"class_list":["post-6297","post","type-post","status-publish","format-standard","has-post-thumbnail","hentry","category-economie"],"acf":[],"yoast_head":"<!-- This site is optimized with the Yoast SEO plugin v27.5 - https:\/\/yoast.com\/product\/yoast-seo-wordpress\/ -->\n<title>2\u00e8me \u00e9dition du Forum Africain de l&#039;industrie : les pays africains invit\u00e9s \u00e0 &quot;aller vers la transformation locale de toutes leurs mati\u00e8res premi\u00e8res&quot; - Amanien| L&#039;actualit\u00e9 Ivoirienne et Internationale<\/title>\n<meta name=\"robots\" content=\"index, follow, max-snippet:-1, max-image-preview:large, max-video-preview:-1\" \/>\n<link rel=\"canonical\" href=\"https:\/\/www.amanien.info\/news\/2eme-edition-du-forum-africain-de-lindustrie-les-pays-africains-invites-a-aller-vers-la-transformation-locale-de-toutes-leurs-matieres-premieres\/\" \/>\n<meta property=\"og:locale\" content=\"fr_FR\" \/>\n<meta property=\"og:type\" content=\"article\" \/>\n<meta property=\"og:title\" content=\"2\u00e8me \u00e9dition du Forum Africain de l&#039;industrie : les pays africains invit\u00e9s \u00e0 &quot;aller vers la transformation locale de toutes leurs mati\u00e8res premi\u00e8res&quot; - Amanien| L&#039;actualit\u00e9 Ivoirienne et Internationale\" \/>\n<meta property=\"og:description\" content=\"La deuxi\u00e8me \u00e9dition du Forum Africain de l&rsquo;industrie s&rsquo;est tenue, le jeudi 18 juillet 2024, \u00e0 Abidjan, autour du th\u00e8me : \u00ab\u00a0Enjeu strat\u00e9gique de la souverainet\u00e9 industrielle\u00a0\u00bb.\u00a0 Plateforme qui r\u00e9unit les acteurs de l&rsquo;\u00e9cosyst\u00e8me industriel Africain, le forum Africain de l&rsquo;industrie vise, \u00e0 proposer des solutions innovantes et d&rsquo;accompagner les PME et les autorit\u00e9s des [&hellip;]\" \/>\n<meta property=\"og:url\" content=\"https:\/\/www.amanien.info\/news\/2eme-edition-du-forum-africain-de-lindustrie-les-pays-africains-invites-a-aller-vers-la-transformation-locale-de-toutes-leurs-matieres-premieres\/\" \/>\n<meta property=\"og:site_name\" content=\"Amanien| L&#039;actualit\u00e9 Ivoirienne et Internationale\" \/>\n<meta property=\"article:published_time\" content=\"2024-07-20T18:54:43+00:00\" \/>\n<meta property=\"og:image\" content=\"https:\/\/www.amanien.info\/news\/wp-content\/uploads\/2024\/07\/IMG-20240720-WA0030-1.jpg\" \/>\n\t<meta property=\"og:image:width\" content=\"1024\" \/>\n\t<meta property=\"og:image:height\" content=\"460\" \/>\n\t<meta property=\"og:image:type\" content=\"image\/jpeg\" \/>\n<meta name=\"author\" content=\"Germain Ndri\" \/>\n<meta name=\"twitter:card\" content=\"summary_large_image\" \/>\n<meta name=\"twitter:label1\" content=\"\u00c9crit par\" \/>\n\t<meta name=\"twitter:data1\" content=\"Germain Ndri\" \/>\n\t<meta name=\"twitter:label2\" content=\"Dur\u00e9e de lecture estim\u00e9e\" \/>\n\t<meta name=\"twitter:data2\" content=\"2 minutes\" \/>\n<script type=\"application\/ld+json\" class=\"yoast-schema-graph\">{\"@context\":\"https:\\\/\\\/schema.org\",\"@graph\":[{\"@type\":\"Article\",\"@id\":\"https:\\\/\\\/www.amanien.info\\\/news\\\/2eme-edition-du-forum-africain-de-lindustrie-les-pays-africains-invites-a-aller-vers-la-transformation-locale-de-toutes-leurs-matieres-premieres\\\/#article\",\"isPartOf\":{\"@id\":\"https:\\\/\\\/www.amanien.info\\\/news\\\/2eme-edition-du-forum-africain-de-lindustrie-les-pays-africains-invites-a-aller-vers-la-transformation-locale-de-toutes-leurs-matieres-premieres\\\/\"},\"author\":{\"name\":\"Germain Ndri\",\"@id\":\"https:\\\/\\\/www.amanien.info\\\/news\\\/#\\\/schema\\\/person\\\/b21093345753a1a98242d505bd894f42\"},\"headline\":\"2\u00e8me \u00e9dition du Forum Africain de l&rsquo;industrie : les pays africains invit\u00e9s \u00e0 \u00ab\u00a0aller vers la transformation locale de toutes leurs mati\u00e8res premi\u00e8res\u00a0\u00bb\",\"datePublished\":\"2024-07-20T18:54:43+00:00\",\"mainEntityOfPage\":{\"@id\":\"https:\\\/\\\/www.amanien.info\\\/news\\\/2eme-edition-du-forum-africain-de-lindustrie-les-pays-africains-invites-a-aller-vers-la-transformation-locale-de-toutes-leurs-matieres-premieres\\\/\"},\"wordCount\":406,\"image\":{\"@id\":\"https:\\\/\\\/www.amanien.info\\\/news\\\/2eme-edition-du-forum-africain-de-lindustrie-les-pays-africains-invites-a-aller-vers-la-transformation-locale-de-toutes-leurs-matieres-premieres\\\/#primaryimage\"},\"thumbnailUrl\":\"https:\\\/\\\/www.amanien.info\\\/news\\\/wp-content\\\/uploads\\\/2024\\\/07\\\/IMG-20240720-WA0030-1.jpg\",\"articleSection\":[\"Economie\"],\"inLanguage\":\"fr-FR\"},{\"@type\":\"WebPage\",\"@id\":\"https:\\\/\\\/www.amanien.info\\\/news\\\/2eme-edition-du-forum-africain-de-lindustrie-les-pays-africains-invites-a-aller-vers-la-transformation-locale-de-toutes-leurs-matieres-premieres\\\/\",\"url\":\"https:\\\/\\\/www.amanien.info\\\/news\\\/2eme-edition-du-forum-africain-de-lindustrie-les-pays-africains-invites-a-aller-vers-la-transformation-locale-de-toutes-leurs-matieres-premieres\\\/\",\"name\":\"2\u00e8me \u00e9dition du Forum Africain de l'industrie : les pays africains invit\u00e9s \u00e0 \\\"aller vers la transformation locale de toutes leurs mati\u00e8res premi\u00e8res\\\" - Amanien| L&#039;actualit\u00e9 Ivoirienne et Internationale\",\"isPartOf\":{\"@id\":\"https:\\\/\\\/www.amanien.info\\\/news\\\/#website\"},\"primaryImageOfPage\":{\"@id\":\"https:\\\/\\\/www.amanien.info\\\/news\\\/2eme-edition-du-forum-africain-de-lindustrie-les-pays-africains-invites-a-aller-vers-la-transformation-locale-de-toutes-leurs-matieres-premieres\\\/#primaryimage\"},\"image\":{\"@id\":\"https:\\\/\\\/www.amanien.info\\\/news\\\/2eme-edition-du-forum-africain-de-lindustrie-les-pays-africains-invites-a-aller-vers-la-transformation-locale-de-toutes-leurs-matieres-premieres\\\/#primaryimage\"},\"thumbnailUrl\":\"https:\\\/\\\/www.amanien.info\\\/news\\\/wp-content\\\/uploads\\\/2024\\\/07\\\/IMG-20240720-WA0030-1.jpg\",\"datePublished\":\"2024-07-20T18:54:43+00:00\",\"author\":{\"@id\":\"https:\\\/\\\/www.amanien.info\\\/news\\\/#\\\/schema\\\/person\\\/b21093345753a1a98242d505bd894f42\"},\"breadcrumb\":{\"@id\":\"https:\\\/\\\/www.amanien.info\\\/news\\\/2eme-edition-du-forum-africain-de-lindustrie-les-pays-africains-invites-a-aller-vers-la-transformation-locale-de-toutes-leurs-matieres-premieres\\\/#breadcrumb\"},\"inLanguage\":\"fr-FR\",\"potentialAction\":[{\"@type\":\"ReadAction\",\"target\":[\"https:\\\/\\\/www.amanien.info\\\/news\\\/2eme-edition-du-forum-africain-de-lindustrie-les-pays-africains-invites-a-aller-vers-la-transformation-locale-de-toutes-leurs-matieres-premieres\\\/\"]}]},{\"@type\":\"ImageObject\",\"inLanguage\":\"fr-FR\",\"@id\":\"https:\\\/\\\/www.amanien.info\\\/news\\\/2eme-edition-du-forum-africain-de-lindustrie-les-pays-africains-invites-a-aller-vers-la-transformation-locale-de-toutes-leurs-matieres-premieres\\\/#primaryimage\",\"url\":\"https:\\\/\\\/www.amanien.info\\\/news\\\/wp-content\\\/uploads\\\/2024\\\/07\\\/IMG-20240720-WA0030-1.jpg\",\"contentUrl\":\"https:\\\/\\\/www.amanien.info\\\/news\\\/wp-content\\\/uploads\\\/2024\\\/07\\\/IMG-20240720-WA0030-1.jpg\",\"width\":1024,\"height\":460},{\"@type\":\"BreadcrumbList\",\"@id\":\"https:\\\/\\\/www.amanien.info\\\/news\\\/2eme-edition-du-forum-africain-de-lindustrie-les-pays-africains-invites-a-aller-vers-la-transformation-locale-de-toutes-leurs-matieres-premieres\\\/#breadcrumb\",\"itemListElement\":[{\"@type\":\"ListItem\",\"position\":1,\"name\":\"Accueil\",\"item\":\"https:\\\/\\\/www.amanien.info\\\/news\\\/\"},{\"@type\":\"ListItem\",\"position\":2,\"name\":\"2\u00e8me \u00e9dition du Forum Africain de l&rsquo;industrie : les pays africains invit\u00e9s \u00e0 \u00ab\u00a0aller vers la transformation locale de toutes leurs mati\u00e8res premi\u00e8res\u00a0\u00bb\"}]},{\"@type\":\"WebSite\",\"@id\":\"https:\\\/\\\/www.amanien.info\\\/news\\\/#website\",\"url\":\"https:\\\/\\\/www.amanien.info\\\/news\\\/\",\"name\":\"Amanien| L&#039;actualit\u00e9 Ivoirienne et Internationale\",\"description\":\"L&#039;actualit\u00e9 Ivoirienne et Internationale\",\"potentialAction\":[{\"@type\":\"SearchAction\",\"target\":{\"@type\":\"EntryPoint\",\"urlTemplate\":\"https:\\\/\\\/www.amanien.info\\\/news\\\/?s={search_term_string}\"},\"query-input\":{\"@type\":\"PropertyValueSpecification\",\"valueRequired\":true,\"valueName\":\"search_term_string\"}}],\"inLanguage\":\"fr-FR\"},{\"@type\":\"Person\",\"@id\":\"https:\\\/\\\/www.amanien.info\\\/news\\\/#\\\/schema\\\/person\\\/b21093345753a1a98242d505bd894f42\",\"name\":\"Germain Ndri\",\"url\":\"https:\\\/\\\/www.amanien.info\\\/news\\\/author\\\/amanien-infos\\\/\"}]}<\/script>\n<!-- \/ Yoast SEO plugin. -->","yoast_head_json":{"title":"2\u00e8me \u00e9dition du Forum Africain de l'industrie : les pays africains invit\u00e9s \u00e0 \"aller vers la transformation locale de toutes leurs mati\u00e8res premi\u00e8res\" - Amanien| L&#039;actualit\u00e9 Ivoirienne et Internationale","robots":{"index":"index","follow":"follow","max-snippet":"max-snippet:-1","max-image-preview":"max-image-preview:large","max-video-preview":"max-video-preview:-1"},"canonical":"https:\/\/www.amanien.info\/news\/2eme-edition-du-forum-africain-de-lindustrie-les-pays-africains-invites-a-aller-vers-la-transformation-locale-de-toutes-leurs-matieres-premieres\/","og_locale":"fr_FR","og_type":"article","og_title":"2\u00e8me \u00e9dition du Forum Africain de l'industrie : les pays africains invit\u00e9s \u00e0 \"aller vers la transformation locale de toutes leurs mati\u00e8res premi\u00e8res\" - Amanien| L&#039;actualit\u00e9 Ivoirienne et Internationale","og_description":"La deuxi\u00e8me \u00e9dition du Forum Africain de l&rsquo;industrie s&rsquo;est tenue, le jeudi 18 juillet 2024, \u00e0 Abidjan, autour du th\u00e8me : \u00ab\u00a0Enjeu strat\u00e9gique de la souverainet\u00e9 industrielle\u00a0\u00bb.\u00a0 Plateforme qui r\u00e9unit les acteurs de l&rsquo;\u00e9cosyst\u00e8me industriel Africain, le forum Africain de l&rsquo;industrie vise, \u00e0 proposer des solutions innovantes et d&rsquo;accompagner les PME et les autorit\u00e9s des [&hellip;]","og_url":"https:\/\/www.amanien.info\/news\/2eme-edition-du-forum-africain-de-lindustrie-les-pays-africains-invites-a-aller-vers-la-transformation-locale-de-toutes-leurs-matieres-premieres\/","og_site_name":"Amanien| L&#039;actualit\u00e9 Ivoirienne et Internationale","article_published_time":"2024-07-20T18:54:43+00:00","og_image":[{"width":1024,"height":460,"url":"https:\/\/www.amanien.info\/news\/wp-content\/uploads\/2024\/07\/IMG-20240720-WA0030-1.jpg","type":"image\/jpeg"}],"author":"Germain Ndri","twitter_card":"summary_large_image","twitter_misc":{"\u00c9crit par":"Germain Ndri","Dur\u00e9e de lecture estim\u00e9e":"2 minutes"},"schema":{"@context":"https:\/\/schema.org","@graph":[{"@type":"Article","@id":"https:\/\/www.amanien.info\/news\/2eme-edition-du-forum-africain-de-lindustrie-les-pays-africains-invites-a-aller-vers-la-transformation-locale-de-toutes-leurs-matieres-premieres\/#article","isPartOf":{"@id":"https:\/\/www.amanien.info\/news\/2eme-edition-du-forum-africain-de-lindustrie-les-pays-africains-invites-a-aller-vers-la-transformation-locale-de-toutes-leurs-matieres-premieres\/"},"author":{"name":"Germain Ndri","@id":"https:\/\/www.amanien.info\/news\/#\/schema\/person\/b21093345753a1a98242d505bd894f42"},"headline":"2\u00e8me \u00e9dition du Forum Africain de l&rsquo;industrie : les pays africains invit\u00e9s \u00e0 \u00ab\u00a0aller vers la transformation locale de toutes leurs mati\u00e8res premi\u00e8res\u00a0\u00bb","datePublished":"2024-07-20T18:54:43+00:00","mainEntityOfPage":{"@id":"https:\/\/www.amanien.info\/news\/2eme-edition-du-forum-africain-de-lindustrie-les-pays-africains-invites-a-aller-vers-la-transformation-locale-de-toutes-leurs-matieres-premieres\/"},"wordCount":406,"image":{"@id":"https:\/\/www.amanien.info\/news\/2eme-edition-du-forum-africain-de-lindustrie-les-pays-africains-invites-a-aller-vers-la-transformation-locale-de-toutes-leurs-matieres-premieres\/#primaryimage"},"thumbnailUrl":"https:\/\/www.amanien.info\/news\/wp-content\/uploads\/2024\/07\/IMG-20240720-WA0030-1.jpg","articleSection":["Economie"],"inLanguage":"fr-FR"},{"@type":"WebPage","@id":"https:\/\/www.amanien.info\/news\/2eme-edition-du-forum-africain-de-lindustrie-les-pays-africains-invites-a-aller-vers-la-transformation-locale-de-toutes-leurs-matieres-premieres\/","url":"https:\/\/www.amanien.info\/news\/2eme-edition-du-forum-africain-de-lindustrie-les-pays-africains-invites-a-aller-vers-la-transformation-locale-de-toutes-leurs-matieres-premieres\/","name":"2\u00e8me \u00e9dition du Forum Africain de l'industrie : les pays africains invit\u00e9s \u00e0 \"aller vers la transformation locale de toutes leurs mati\u00e8res premi\u00e8res\" - Amanien| L&#039;actualit\u00e9 Ivoirienne et Internationale","isPartOf":{"@id":"https:\/\/www.amanien.info\/news\/#website"},"primaryImageOfPage":{"@id":"https:\/\/www.amanien.info\/news\/2eme-edition-du-forum-africain-de-lindustrie-les-pays-africains-invites-a-aller-vers-la-transformation-locale-de-toutes-leurs-matieres-premieres\/#primaryimage"},"image":{"@id":"https:\/\/www.amanien.info\/news\/2eme-edition-du-forum-africain-de-lindustrie-les-pays-africains-invites-a-aller-vers-la-transformation-locale-de-toutes-leurs-matieres-premieres\/#primaryimage"},"thumbnailUrl":"https:\/\/www.amanien.info\/news\/wp-content\/uploads\/2024\/07\/IMG-20240720-WA0030-1.jpg","datePublished":"2024-07-20T18:54:43+00:00","author":{"@id":"https:\/\/www.amanien.info\/news\/#\/schema\/person\/b21093345753a1a98242d505bd894f42"},"breadcrumb":{"@id":"https:\/\/www.amanien.info\/news\/2eme-edition-du-forum-africain-de-lindustrie-les-pays-africains-invites-a-aller-vers-la-transformation-locale-de-toutes-leurs-matieres-premieres\/#breadcrumb"},"inLanguage":"fr-FR","potentialAction":[{"@type":"ReadAction","target":["https:\/\/www.amanien.info\/news\/2eme-edition-du-forum-africain-de-lindustrie-les-pays-africains-invites-a-aller-vers-la-transformation-locale-de-toutes-leurs-matieres-premieres\/"]}]},{"@type":"ImageObject","inLanguage":"fr-FR","@id":"https:\/\/www.amanien.info\/news\/2eme-edition-du-forum-africain-de-lindustrie-les-pays-africains-invites-a-aller-vers-la-transformation-locale-de-toutes-leurs-matieres-premieres\/#primaryimage","url":"https:\/\/www.amanien.info\/news\/wp-content\/uploads\/2024\/07\/IMG-20240720-WA0030-1.jpg","contentUrl":"https:\/\/www.amanien.info\/news\/wp-content\/uploads\/2024\/07\/IMG-20240720-WA0030-1.jpg","width":1024,"height":460},{"@type":"BreadcrumbList","@id":"https:\/\/www.amanien.info\/news\/2eme-edition-du-forum-africain-de-lindustrie-les-pays-africains-invites-a-aller-vers-la-transformation-locale-de-toutes-leurs-matieres-premieres\/#breadcrumb","itemListElement":[{"@type":"ListItem","position":1,"name":"Accueil","item":"https:\/\/www.amanien.info\/news\/"},{"@type":"ListItem","position":2,"name":"2\u00e8me \u00e9dition du Forum Africain de l&rsquo;industrie : les pays africains invit\u00e9s \u00e0 \u00ab\u00a0aller vers la transformation locale de toutes leurs mati\u00e8res premi\u00e8res\u00a0\u00bb"}]},{"@type":"WebSite","@id":"https:\/\/www.amanien.info\/news\/#website","url":"https:\/\/www.amanien.info\/news\/","name":"Amanien| L&#039;actualit\u00e9 Ivoirienne et Internationale","description":"L&#039;actualit\u00e9 Ivoirienne et Internationale","potentialAction":[{"@type":"SearchAction","target":{"@type":"EntryPoint","urlTemplate":"https:\/\/www.amanien.info\/news\/?s={search_term_string}"},"query-input":{"@type":"PropertyValueSpecification","valueRequired":true,"valueName":"search_term_string"}}],"inLanguage":"fr-FR"},{"@type":"Person","@id":"https:\/\/www.amanien.info\/news\/#\/schema\/person\/b21093345753a1a98242d505bd894f42","name":"Germain Ndri","url":"https:\/\/www.amanien.info\/news\/author\/amanien-infos\/"}]}},"_links":{"self":[{"href":"https:\/\/www.amanien.info\/news\/wp-json\/wp\/v2\/posts\/6297","targetHints":{"allow":["GET"]}}],"collection":[{"href":"https:\/\/www.amanien.info\/news\/wp-json\/wp\/v2\/posts"}],"about":[{"href":"https:\/\/www.amanien.info\/news\/wp-json\/wp\/v2\/types\/post"}],"author":[{"embeddable":true,"href":"https:\/\/www.amanien.info\/news\/wp-json\/wp\/v2\/users\/2"}],"replies":[{"embeddable":true,"href":"https:\/\/www.amanien.info\/news\/wp-json\/wp\/v2\/comments?post=6297"}],"version-history":[{"count":1,"href":"https:\/\/www.amanien.info\/news\/wp-json\/wp\/v2\/posts\/6297\/revisions"}],"predecessor-version":[{"id":6299,"href":"https:\/\/www.amanien.info\/news\/wp-json\/wp\/v2\/posts\/6297\/revisions\/6299"}],"wp:featuredmedia":[{"embeddable":true,"href":"https:\/\/www.amanien.info\/news\/wp-json\/wp\/v2\/media\/6298"}],"wp:attachment":[{"href":"https:\/\/www.amanien.info\/news\/wp-json\/wp\/v2\/media?parent=6297"}],"wp:term":[{"taxonomy":"category","embeddable":true,"href":"https:\/\/www.amanien.info\/news\/wp-json\/wp\/v2\/categories?post=6297"},{"taxonomy":"post_tag","embeddable":true,"href":"https:\/\/www.amanien.info\/news\/wp-json\/wp\/v2\/tags?post=6297"}],"curies":[{"name":"wp","href":"https:\/\/api.w.org\/{rel}","templated":true}]}}