{"id":6185,"date":"2024-06-01T07:13:31","date_gmt":"2024-06-01T07:13:31","guid":{"rendered":"https:\/\/www.amanien.info\/news\/?p=6185"},"modified":"2024-06-01T07:13:31","modified_gmt":"2024-06-01T07:13:31","slug":"premier-rdv-depr-les-grandes-innovations-du-nouveau-statut-general-de-la-fonction-publique-au-menu-des-echanges","status":"publish","type":"post","link":"https:\/\/www.amanien.info\/news\/premier-rdv-depr-les-grandes-innovations-du-nouveau-statut-general-de-la-fonction-publique-au-menu-des-echanges\/","title":{"rendered":"Premier RDV d&rsquo;EPR : Les grandes innovations du nouveau statut g\u00e9n\u00e9ral de la fonction publique au menu des \u00e9changes\u00a0"},"content":{"rendered":"<div><span style=\"text-transform: initial;\">Le tout premier Rendez-vous\u00a0 du Cercle de r\u00e9flexion, Engag\u00e9s pour la R\u00e9publique (EPR), un mouvement citoyen proche du RHDP, a eu lieu le jeudi 30 mai 2024, \u00e0 Abidjan-Plateau, autour du th\u00e8me : \u00ab\u00a0Les grandes innovations du nouveau statut de la fonction publique\u00a0\u00bb.<\/span><\/div>\n<div><\/div>\n<div><\/div>\n<div>Dans son allocution, le Pr\u00e9sident d&rsquo;EPR, Solomann Abraham Sanogo,\u00a0 a indiqu\u00e9 les enjeux de cette nouvelle tribune et les objectifs du mouvement. \u00ab\u00a0Ce rendez-vous marque le d\u00e9but d\u2019une s\u00e9rie de rencontres destin\u00e9es \u00e0 promouvoir des \u00e9changes constructifs et enrichissants avec d\u2019\u00e9minentes personnalit\u00e9s et des experts de divers secteurs d\u2019activit\u00e9s sur des sujets d\u2019actualit\u00e9 et d\u2019int\u00e9r\u00eat g\u00e9n\u00e9ral qui impactent qualitativement la soci\u00e9t\u00e9 et la vie de nos concitoyens\u00a0\u00bb, a-t-il d\u00e9clar\u00e9.<\/div>\n<div><\/div>\n<div>A en croire le Pr\u00e9sident National d&rsquo;EPR, l&rsquo;objectif principal de ce rendez-vous est de cr\u00e9er un espace de dialogue ouvert o\u00f9 nous pouvons explorer des id\u00e9es, poser des questions et approfondir notre compr\u00e9hension des sujets cruciaux qui fa\u00e7onnent notre nation.<\/div>\n<div><\/div>\n<div>Il s\u2019agira,\u00a0 pour nous, \u00e0 travers \u00ab\u00a0Les RDV d&rsquo;EPR\u00a0\u00bb,\u00a0 de permettre au citoyen lambda de mieux comprendre et de s\u2019approprier tous les grands projets et programmes gouvernementaux\u00a0\u00bb, a-t-il dit.<\/div>\n<div><\/div>\n<div>Ajoutant que le th\u00e8me choisi est crucial, car le nouveau Statut G\u00e9n\u00e9ral de la Fonction Publique repr\u00e9sente une avanc\u00e9e significative pour l\u2019administration publique et pour tous les fonctionnaires du pays. \u00ab\u00a0Par le dialogue et l\u2019engagement, tous les citoyens pourront contribuer \u00e0 b\u00e2tir une R\u00e9publique moderne et solidaire\u00a0\u00bb, a-t-il soulign\u00e9.<\/div>\n<div><\/div>\n<div>Premier invit\u00e9 des rendez-vous du mouvement citoyen, Engag\u00e9s pour la R\u00e9publique (EPR), le Directeur G\u00e9n\u00e9ral de la Fonction publique, SORO Gninagafol a, pour sa part, expliqu\u00e9 les grandes lignes de ce nouveau statut g\u00e9n\u00e9ral de la fonction publique.<\/div>\n<div><\/div>\n<div>Il a rappel\u00e9 que la loi n\u00b0 92-570 du 11 septembre 1992, portant Statut G\u00e9n\u00e9ral de la Fonction Publique, \u00ab\u00a0constituait, au moment de son adoption, une avanc\u00e9e significative pour les droits et obligations liant l\u2019\u00c9tat aux fonctionnaires et agents. Cependant, apr\u00e8s trente(30) ans d\u2019application, des voix se sont \u00e9lev\u00e9es contre certaines dispositions de cette loi, tant au sein des organisations syndicales que de l\u2019administration elle-m\u00eame. C\u2019est ainsi qu\u2019un nouveau Statut G\u00e9n\u00e9ral a \u00e9t\u00e9 adopt\u00e9 pour am\u00e9liorer les conditions de vie et de travail des fonctionnaires\u00a0\u00bb, a-t-il affirm\u00e9.<\/div>\n<div><\/div>\n<div>Aux dires du Conf\u00e9rencier, le projet de loi consensuel, vot\u00e9 \u00e0 l\u2019unanimit\u00e9 \u00e0 l\u2019Assembl\u00e9e Nationale le 30 mai 2023 et au S\u00e9nat le 7 novembre 2023, a \u00e9t\u00e9 promulgu\u00e9 par le Pr\u00e9sident de la R\u00e9publique sous le num\u00e9ro 2023-892 du 23 novembre 2023.<\/div>\n<div><\/div>\n<div>Ce nouveau statut vise, selon lui, \u00e0 apporter une meilleure organisation des emplois ainsi que des droits et obligations des fonctionnaires en C\u00f4te d\u2019Ivoire. \u00ab\u00a0Notre administration va se doter d\u2019un outil moderne pour g\u00e9rer nos fonctionnaires et les mettre dans des conditions de travail optimales en vue de la performance attendue, \u00ab\u00a0a-t-il pr\u00e9cis\u00e9.<\/div>\n<div><\/div>\n<div>Avant de relever les grandes lignes de ces innovations. Il s&rsquo;agit , entre autres, de la classification et le profil de carri\u00e8re, de l&#8217;emploi et la mobilit\u00e9 professionnelle, des Agents contractuels, des droits et obligations des fonctionnaires, de l&rsquo;\u00e9valuation-Formation continue-Promotion-Distinction Honorifique, de la r\u00e9mun\u00e9ration et des avantages sociaux, de la Discipline, de la cessation d\u00e9finitive des fonctions et la Pension.<\/div>\n<div><\/div>\n<div><\/div>\n<div>Selon lui, 17 d\u00e9crets sont \u00e0 prendre pour rendre op\u00e9rationnel les nouvelles lois sur le statut g\u00e9n\u00e9ral de la fonction publique.<\/div>\n<div><\/div>\n<div>A ce jour, la C\u00f4te d&rsquo;Ivoire compte 285 000 Fonctionnaires et Agents de l&rsquo;Etat, uniquement des civils.<\/div>\n<div><\/div>\n<div><b>S.A.<\/b><\/div>\n<div><\/div>\n","protected":false},"excerpt":{"rendered":"<p>Le tout premier Rendez-vous\u00a0 du Cercle de r\u00e9flexion, Engag\u00e9s pour la R\u00e9publique (EPR), un mouvement citoyen proche du RHDP, a eu lieu le jeudi 30 mai 2024, \u00e0 Abidjan-Plateau, autour du th\u00e8me : \u00ab\u00a0Les grandes innovations du nouveau statut de la fonction publique\u00a0\u00bb. Dans son allocution, le Pr\u00e9sident d&rsquo;EPR, Solomann Abraham Sanogo,\u00a0 a indiqu\u00e9 les [&hellip;]<\/p>\n","protected":false},"author":2,"featured_media":6186,"comment_status":"closed","ping_status":"closed","sticky":false,"template":"","format":"standard","meta":{"_acf_changed":false,"footnotes":""},"categories":[],"tags":[],"class_list":["post-6185","post","type-post","status-publish","format-standard","has-post-thumbnail","hentry"],"acf":[],"yoast_head":"<!-- This site is optimized with the Yoast SEO plugin v27.5 - https:\/\/yoast.com\/product\/yoast-seo-wordpress\/ -->\n<title>Premier RDV d&#039;EPR : Les grandes innovations du nouveau statut g\u00e9n\u00e9ral de la fonction publique au menu des \u00e9changes\u00a0 - Amanien| L&#039;actualit\u00e9 Ivoirienne et Internationale<\/title>\n<meta name=\"robots\" content=\"index, follow, max-snippet:-1, max-image-preview:large, max-video-preview:-1\" \/>\n<link rel=\"canonical\" href=\"https:\/\/www.amanien.info\/news\/premier-rdv-depr-les-grandes-innovations-du-nouveau-statut-general-de-la-fonction-publique-au-menu-des-echanges\/\" \/>\n<meta property=\"og:locale\" content=\"fr_FR\" \/>\n<meta property=\"og:type\" content=\"article\" \/>\n<meta property=\"og:title\" content=\"Premier RDV d&#039;EPR : Les grandes innovations du nouveau statut g\u00e9n\u00e9ral de la fonction publique au menu des \u00e9changes\u00a0 - Amanien| L&#039;actualit\u00e9 Ivoirienne et Internationale\" \/>\n<meta property=\"og:description\" content=\"Le tout premier Rendez-vous\u00a0 du Cercle de r\u00e9flexion, Engag\u00e9s pour la R\u00e9publique (EPR), un mouvement citoyen proche du RHDP, a eu lieu le jeudi 30 mai 2024, \u00e0 Abidjan-Plateau, autour du th\u00e8me : \u00ab\u00a0Les grandes innovations du nouveau statut de la fonction publique\u00a0\u00bb. Dans son allocution, le Pr\u00e9sident d&rsquo;EPR, Solomann Abraham Sanogo,\u00a0 a indiqu\u00e9 les [&hellip;]\" \/>\n<meta property=\"og:url\" content=\"https:\/\/www.amanien.info\/news\/premier-rdv-depr-les-grandes-innovations-du-nouveau-statut-general-de-la-fonction-publique-au-menu-des-echanges\/\" \/>\n<meta property=\"og:site_name\" content=\"Amanien| L&#039;actualit\u00e9 Ivoirienne et Internationale\" \/>\n<meta property=\"article:published_time\" content=\"2024-06-01T07:13:31+00:00\" \/>\n<meta property=\"og:image\" content=\"https:\/\/www.amanien.info\/news\/wp-content\/uploads\/2024\/06\/IMG-20240530-WA0097.jpg\" \/>\n\t<meta property=\"og:image:width\" content=\"1280\" \/>\n\t<meta property=\"og:image:height\" content=\"853\" \/>\n\t<meta property=\"og:image:type\" content=\"image\/jpeg\" \/>\n<meta name=\"author\" content=\"Germain Ndri\" \/>\n<meta name=\"twitter:card\" content=\"summary_large_image\" \/>\n<meta name=\"twitter:label1\" content=\"\u00c9crit par\" \/>\n\t<meta name=\"twitter:data1\" content=\"Germain Ndri\" \/>\n\t<meta name=\"twitter:label2\" content=\"Dur\u00e9e de lecture estim\u00e9e\" \/>\n\t<meta name=\"twitter:data2\" content=\"4 minutes\" \/>\n<script type=\"application\/ld+json\" class=\"yoast-schema-graph\">{\"@context\":\"https:\\\/\\\/schema.org\",\"@graph\":[{\"@type\":\"Article\",\"@id\":\"https:\\\/\\\/www.amanien.info\\\/news\\\/premier-rdv-depr-les-grandes-innovations-du-nouveau-statut-general-de-la-fonction-publique-au-menu-des-echanges\\\/#article\",\"isPartOf\":{\"@id\":\"https:\\\/\\\/www.amanien.info\\\/news\\\/premier-rdv-depr-les-grandes-innovations-du-nouveau-statut-general-de-la-fonction-publique-au-menu-des-echanges\\\/\"},\"author\":{\"name\":\"Germain Ndri\",\"@id\":\"https:\\\/\\\/www.amanien.info\\\/news\\\/#\\\/schema\\\/person\\\/b21093345753a1a98242d505bd894f42\"},\"headline\":\"Premier RDV d&rsquo;EPR : Les grandes innovations du nouveau statut g\u00e9n\u00e9ral de la fonction publique au menu des \u00e9changes\u00a0\",\"datePublished\":\"2024-06-01T07:13:31+00:00\",\"mainEntityOfPage\":{\"@id\":\"https:\\\/\\\/www.amanien.info\\\/news\\\/premier-rdv-depr-les-grandes-innovations-du-nouveau-statut-general-de-la-fonction-publique-au-menu-des-echanges\\\/\"},\"wordCount\":637,\"image\":{\"@id\":\"https:\\\/\\\/www.amanien.info\\\/news\\\/premier-rdv-depr-les-grandes-innovations-du-nouveau-statut-general-de-la-fonction-publique-au-menu-des-echanges\\\/#primaryimage\"},\"thumbnailUrl\":\"https:\\\/\\\/www.amanien.info\\\/news\\\/wp-content\\\/uploads\\\/2024\\\/06\\\/IMG-20240530-WA0097.jpg\",\"inLanguage\":\"fr-FR\"},{\"@type\":\"WebPage\",\"@id\":\"https:\\\/\\\/www.amanien.info\\\/news\\\/premier-rdv-depr-les-grandes-innovations-du-nouveau-statut-general-de-la-fonction-publique-au-menu-des-echanges\\\/\",\"url\":\"https:\\\/\\\/www.amanien.info\\\/news\\\/premier-rdv-depr-les-grandes-innovations-du-nouveau-statut-general-de-la-fonction-publique-au-menu-des-echanges\\\/\",\"name\":\"Premier RDV d'EPR : Les grandes innovations du nouveau statut g\u00e9n\u00e9ral de la fonction publique au menu des \u00e9changes\u00a0 - Amanien| L&#039;actualit\u00e9 Ivoirienne et Internationale\",\"isPartOf\":{\"@id\":\"https:\\\/\\\/www.amanien.info\\\/news\\\/#website\"},\"primaryImageOfPage\":{\"@id\":\"https:\\\/\\\/www.amanien.info\\\/news\\\/premier-rdv-depr-les-grandes-innovations-du-nouveau-statut-general-de-la-fonction-publique-au-menu-des-echanges\\\/#primaryimage\"},\"image\":{\"@id\":\"https:\\\/\\\/www.amanien.info\\\/news\\\/premier-rdv-depr-les-grandes-innovations-du-nouveau-statut-general-de-la-fonction-publique-au-menu-des-echanges\\\/#primaryimage\"},\"thumbnailUrl\":\"https:\\\/\\\/www.amanien.info\\\/news\\\/wp-content\\\/uploads\\\/2024\\\/06\\\/IMG-20240530-WA0097.jpg\",\"datePublished\":\"2024-06-01T07:13:31+00:00\",\"author\":{\"@id\":\"https:\\\/\\\/www.amanien.info\\\/news\\\/#\\\/schema\\\/person\\\/b21093345753a1a98242d505bd894f42\"},\"breadcrumb\":{\"@id\":\"https:\\\/\\\/www.amanien.info\\\/news\\\/premier-rdv-depr-les-grandes-innovations-du-nouveau-statut-general-de-la-fonction-publique-au-menu-des-echanges\\\/#breadcrumb\"},\"inLanguage\":\"fr-FR\",\"potentialAction\":[{\"@type\":\"ReadAction\",\"target\":[\"https:\\\/\\\/www.amanien.info\\\/news\\\/premier-rdv-depr-les-grandes-innovations-du-nouveau-statut-general-de-la-fonction-publique-au-menu-des-echanges\\\/\"]}]},{\"@type\":\"ImageObject\",\"inLanguage\":\"fr-FR\",\"@id\":\"https:\\\/\\\/www.amanien.info\\\/news\\\/premier-rdv-depr-les-grandes-innovations-du-nouveau-statut-general-de-la-fonction-publique-au-menu-des-echanges\\\/#primaryimage\",\"url\":\"https:\\\/\\\/www.amanien.info\\\/news\\\/wp-content\\\/uploads\\\/2024\\\/06\\\/IMG-20240530-WA0097.jpg\",\"contentUrl\":\"https:\\\/\\\/www.amanien.info\\\/news\\\/wp-content\\\/uploads\\\/2024\\\/06\\\/IMG-20240530-WA0097.jpg\",\"width\":1280,\"height\":853},{\"@type\":\"BreadcrumbList\",\"@id\":\"https:\\\/\\\/www.amanien.info\\\/news\\\/premier-rdv-depr-les-grandes-innovations-du-nouveau-statut-general-de-la-fonction-publique-au-menu-des-echanges\\\/#breadcrumb\",\"itemListElement\":[{\"@type\":\"ListItem\",\"position\":1,\"name\":\"Accueil\",\"item\":\"https:\\\/\\\/www.amanien.info\\\/news\\\/\"},{\"@type\":\"ListItem\",\"position\":2,\"name\":\"Premier RDV d&rsquo;EPR : Les grandes innovations du nouveau statut g\u00e9n\u00e9ral de la fonction publique au menu des \u00e9changes\u00a0\"}]},{\"@type\":\"WebSite\",\"@id\":\"https:\\\/\\\/www.amanien.info\\\/news\\\/#website\",\"url\":\"https:\\\/\\\/www.amanien.info\\\/news\\\/\",\"name\":\"Amanien| L&#039;actualit\u00e9 Ivoirienne et Internationale\",\"description\":\"L&#039;actualit\u00e9 Ivoirienne et Internationale\",\"potentialAction\":[{\"@type\":\"SearchAction\",\"target\":{\"@type\":\"EntryPoint\",\"urlTemplate\":\"https:\\\/\\\/www.amanien.info\\\/news\\\/?s={search_term_string}\"},\"query-input\":{\"@type\":\"PropertyValueSpecification\",\"valueRequired\":true,\"valueName\":\"search_term_string\"}}],\"inLanguage\":\"fr-FR\"},{\"@type\":\"Person\",\"@id\":\"https:\\\/\\\/www.amanien.info\\\/news\\\/#\\\/schema\\\/person\\\/b21093345753a1a98242d505bd894f42\",\"name\":\"Germain Ndri\",\"url\":\"https:\\\/\\\/www.amanien.info\\\/news\\\/author\\\/amanien-infos\\\/\"}]}<\/script>\n<!-- \/ Yoast SEO plugin. -->","yoast_head_json":{"title":"Premier RDV d'EPR : Les grandes innovations du nouveau statut g\u00e9n\u00e9ral de la fonction publique au menu des \u00e9changes\u00a0 - Amanien| L&#039;actualit\u00e9 Ivoirienne et Internationale","robots":{"index":"index","follow":"follow","max-snippet":"max-snippet:-1","max-image-preview":"max-image-preview:large","max-video-preview":"max-video-preview:-1"},"canonical":"https:\/\/www.amanien.info\/news\/premier-rdv-depr-les-grandes-innovations-du-nouveau-statut-general-de-la-fonction-publique-au-menu-des-echanges\/","og_locale":"fr_FR","og_type":"article","og_title":"Premier RDV d'EPR : Les grandes innovations du nouveau statut g\u00e9n\u00e9ral de la fonction publique au menu des \u00e9changes\u00a0 - Amanien| L&#039;actualit\u00e9 Ivoirienne et Internationale","og_description":"Le tout premier Rendez-vous\u00a0 du Cercle de r\u00e9flexion, Engag\u00e9s pour la R\u00e9publique (EPR), un mouvement citoyen proche du RHDP, a eu lieu le jeudi 30 mai 2024, \u00e0 Abidjan-Plateau, autour du th\u00e8me : \u00ab\u00a0Les grandes innovations du nouveau statut de la fonction publique\u00a0\u00bb. Dans son allocution, le Pr\u00e9sident d&rsquo;EPR, Solomann Abraham Sanogo,\u00a0 a indiqu\u00e9 les [&hellip;]","og_url":"https:\/\/www.amanien.info\/news\/premier-rdv-depr-les-grandes-innovations-du-nouveau-statut-general-de-la-fonction-publique-au-menu-des-echanges\/","og_site_name":"Amanien| L&#039;actualit\u00e9 Ivoirienne et Internationale","article_published_time":"2024-06-01T07:13:31+00:00","og_image":[{"width":1280,"height":853,"url":"https:\/\/www.amanien.info\/news\/wp-content\/uploads\/2024\/06\/IMG-20240530-WA0097.jpg","type":"image\/jpeg"}],"author":"Germain Ndri","twitter_card":"summary_large_image","twitter_misc":{"\u00c9crit par":"Germain Ndri","Dur\u00e9e de lecture estim\u00e9e":"4 minutes"},"schema":{"@context":"https:\/\/schema.org","@graph":[{"@type":"Article","@id":"https:\/\/www.amanien.info\/news\/premier-rdv-depr-les-grandes-innovations-du-nouveau-statut-general-de-la-fonction-publique-au-menu-des-echanges\/#article","isPartOf":{"@id":"https:\/\/www.amanien.info\/news\/premier-rdv-depr-les-grandes-innovations-du-nouveau-statut-general-de-la-fonction-publique-au-menu-des-echanges\/"},"author":{"name":"Germain Ndri","@id":"https:\/\/www.amanien.info\/news\/#\/schema\/person\/b21093345753a1a98242d505bd894f42"},"headline":"Premier RDV d&rsquo;EPR : Les grandes innovations du nouveau statut g\u00e9n\u00e9ral de la fonction publique au menu des \u00e9changes\u00a0","datePublished":"2024-06-01T07:13:31+00:00","mainEntityOfPage":{"@id":"https:\/\/www.amanien.info\/news\/premier-rdv-depr-les-grandes-innovations-du-nouveau-statut-general-de-la-fonction-publique-au-menu-des-echanges\/"},"wordCount":637,"image":{"@id":"https:\/\/www.amanien.info\/news\/premier-rdv-depr-les-grandes-innovations-du-nouveau-statut-general-de-la-fonction-publique-au-menu-des-echanges\/#primaryimage"},"thumbnailUrl":"https:\/\/www.amanien.info\/news\/wp-content\/uploads\/2024\/06\/IMG-20240530-WA0097.jpg","inLanguage":"fr-FR"},{"@type":"WebPage","@id":"https:\/\/www.amanien.info\/news\/premier-rdv-depr-les-grandes-innovations-du-nouveau-statut-general-de-la-fonction-publique-au-menu-des-echanges\/","url":"https:\/\/www.amanien.info\/news\/premier-rdv-depr-les-grandes-innovations-du-nouveau-statut-general-de-la-fonction-publique-au-menu-des-echanges\/","name":"Premier RDV d'EPR : Les grandes innovations du nouveau statut g\u00e9n\u00e9ral de la fonction publique au menu des \u00e9changes\u00a0 - Amanien| L&#039;actualit\u00e9 Ivoirienne et Internationale","isPartOf":{"@id":"https:\/\/www.amanien.info\/news\/#website"},"primaryImageOfPage":{"@id":"https:\/\/www.amanien.info\/news\/premier-rdv-depr-les-grandes-innovations-du-nouveau-statut-general-de-la-fonction-publique-au-menu-des-echanges\/#primaryimage"},"image":{"@id":"https:\/\/www.amanien.info\/news\/premier-rdv-depr-les-grandes-innovations-du-nouveau-statut-general-de-la-fonction-publique-au-menu-des-echanges\/#primaryimage"},"thumbnailUrl":"https:\/\/www.amanien.info\/news\/wp-content\/uploads\/2024\/06\/IMG-20240530-WA0097.jpg","datePublished":"2024-06-01T07:13:31+00:00","author":{"@id":"https:\/\/www.amanien.info\/news\/#\/schema\/person\/b21093345753a1a98242d505bd894f42"},"breadcrumb":{"@id":"https:\/\/www.amanien.info\/news\/premier-rdv-depr-les-grandes-innovations-du-nouveau-statut-general-de-la-fonction-publique-au-menu-des-echanges\/#breadcrumb"},"inLanguage":"fr-FR","potentialAction":[{"@type":"ReadAction","target":["https:\/\/www.amanien.info\/news\/premier-rdv-depr-les-grandes-innovations-du-nouveau-statut-general-de-la-fonction-publique-au-menu-des-echanges\/"]}]},{"@type":"ImageObject","inLanguage":"fr-FR","@id":"https:\/\/www.amanien.info\/news\/premier-rdv-depr-les-grandes-innovations-du-nouveau-statut-general-de-la-fonction-publique-au-menu-des-echanges\/#primaryimage","url":"https:\/\/www.amanien.info\/news\/wp-content\/uploads\/2024\/06\/IMG-20240530-WA0097.jpg","contentUrl":"https:\/\/www.amanien.info\/news\/wp-content\/uploads\/2024\/06\/IMG-20240530-WA0097.jpg","width":1280,"height":853},{"@type":"BreadcrumbList","@id":"https:\/\/www.amanien.info\/news\/premier-rdv-depr-les-grandes-innovations-du-nouveau-statut-general-de-la-fonction-publique-au-menu-des-echanges\/#breadcrumb","itemListElement":[{"@type":"ListItem","position":1,"name":"Accueil","item":"https:\/\/www.amanien.info\/news\/"},{"@type":"ListItem","position":2,"name":"Premier RDV d&rsquo;EPR : Les grandes innovations du nouveau statut g\u00e9n\u00e9ral de la fonction publique au menu des \u00e9changes\u00a0"}]},{"@type":"WebSite","@id":"https:\/\/www.amanien.info\/news\/#website","url":"https:\/\/www.amanien.info\/news\/","name":"Amanien| L&#039;actualit\u00e9 Ivoirienne et Internationale","description":"L&#039;actualit\u00e9 Ivoirienne et Internationale","potentialAction":[{"@type":"SearchAction","target":{"@type":"EntryPoint","urlTemplate":"https:\/\/www.amanien.info\/news\/?s={search_term_string}"},"query-input":{"@type":"PropertyValueSpecification","valueRequired":true,"valueName":"search_term_string"}}],"inLanguage":"fr-FR"},{"@type":"Person","@id":"https:\/\/www.amanien.info\/news\/#\/schema\/person\/b21093345753a1a98242d505bd894f42","name":"Germain Ndri","url":"https:\/\/www.amanien.info\/news\/author\/amanien-infos\/"}]}},"_links":{"self":[{"href":"https:\/\/www.amanien.info\/news\/wp-json\/wp\/v2\/posts\/6185","targetHints":{"allow":["GET"]}}],"collection":[{"href":"https:\/\/www.amanien.info\/news\/wp-json\/wp\/v2\/posts"}],"about":[{"href":"https:\/\/www.amanien.info\/news\/wp-json\/wp\/v2\/types\/post"}],"author":[{"embeddable":true,"href":"https:\/\/www.amanien.info\/news\/wp-json\/wp\/v2\/users\/2"}],"replies":[{"embeddable":true,"href":"https:\/\/www.amanien.info\/news\/wp-json\/wp\/v2\/comments?post=6185"}],"version-history":[{"count":1,"href":"https:\/\/www.amanien.info\/news\/wp-json\/wp\/v2\/posts\/6185\/revisions"}],"predecessor-version":[{"id":6187,"href":"https:\/\/www.amanien.info\/news\/wp-json\/wp\/v2\/posts\/6185\/revisions\/6187"}],"wp:featuredmedia":[{"embeddable":true,"href":"https:\/\/www.amanien.info\/news\/wp-json\/wp\/v2\/media\/6186"}],"wp:attachment":[{"href":"https:\/\/www.amanien.info\/news\/wp-json\/wp\/v2\/media?parent=6185"}],"wp:term":[{"taxonomy":"category","embeddable":true,"href":"https:\/\/www.amanien.info\/news\/wp-json\/wp\/v2\/categories?post=6185"},{"taxonomy":"post_tag","embeddable":true,"href":"https:\/\/www.amanien.info\/news\/wp-json\/wp\/v2\/tags?post=6185"}],"curies":[{"name":"wp","href":"https:\/\/api.w.org\/{rel}","templated":true}]}}