{"id":6182,"date":"2024-05-31T20:43:34","date_gmt":"2024-05-31T20:43:34","guid":{"rendered":"https:\/\/www.amanien.info\/news\/?p=6182"},"modified":"2024-05-31T20:43:34","modified_gmt":"2024-05-31T20:43:34","slug":"la-conference-annuelle-de-l-eglise-methodiste-unie-de-cote-divoire-annonce-son-retrait-de-la-conference-mondiale","status":"publish","type":"post","link":"https:\/\/www.amanien.info\/news\/la-conference-annuelle-de-l-eglise-methodiste-unie-de-cote-divoire-annonce-son-retrait-de-la-conference-mondiale\/","title":{"rendered":"la Conf\u00e9rence Annuelle de L&rsquo; \u00c9glise M\u00e9thodiste Unie de C\u00f4te d&rsquo;Ivoire annonce son retrait de la Conf\u00e9rence mondiale\u00a0"},"content":{"rendered":"<p>&nbsp;<\/p>\n<div><span style=\"text-transform: initial;\">La Conf\u00e9rence Annuelle de l\u2019\u00c9glise M\u00e9thodiste Unie de C\u00f4te d\u2019Ivoire a annonc\u00e9, le jeudi 30 mai 2024, son retrait de l\u2019\u00c9glise m\u00e9thodiste unie, en raison de divergences sur la question de l\u2019homosexualit\u00e9. Cette annonce a \u00e9t\u00e9 faite au cours d\u2019un point-presse anim\u00e9 par le R\u00e9v\u00e9rend Isaac Bodj\u00e9 au temple Jubil\u00e9 de Cocody Abidjan.<\/span><\/div>\n<div>\n<div><\/div>\n<div>Dans une d\u00e9claration, le R\u00e9v\u00e9rend Isaac Bodj\u00e9, Secr\u00e9taire de la Conf\u00e9rence de l\u2019Eglise m\u00e9thodiste unie C\u00f4te d\u2019Ivoire, a soulign\u00e9 que cette d\u00e9cision a \u00e9t\u00e9 prise lors d\u2019une session extraordinaire convoqu\u00e9e par le Bishop Benjamin Boni, Pr\u00e9sident de la Conf\u00e9rence annuelle.<\/div>\n<div><\/div>\n<\/div>\n<div>\n<div>Nous vous proposons l\u2019int\u00e9gralit\u00e9 de la d\u00e9claration :<\/div>\n<div><\/div>\n<div><\/div>\n<div><b>D\u00e9claration<\/b>\u00a0<b>de<\/b>\u00a0<b>la<\/b>\u00a0<b>Conf\u00e9rence<\/b>\u00a0<b>Annuelle<\/b>\u00a0<b>de<\/b>\u00a0<b>l\u2019\u00c9glise<\/b>\u00a0<b>M\u00e9thodiste<\/b>\u00a0<b>Unie<\/b>\u00a0<b>de<\/b>\u00a0<b>C\u00f4te<\/b>\u00a0<b>d\u2019Ivoire<\/b><\/div>\n<div><\/div>\n<div>La Conf\u00e9rence G\u00e9n\u00e9rale de l\u2019\u00c9glise M\u00e9thodiste Unie, initialement pr\u00e9vue en 2020 et report\u00e9e en 2024, s\u2019est tenue du 23 avril au 3 mai 2024 \u00e0 Charlotte, Caroline du Nord (USA), sous le th\u00e8me : \u00ab \u2026 et sachez que je suis Dieu \u00bb (Psaumes 46:10).<\/div>\n<div><\/div>\n<div>Cette Conf\u00e9rence a marqu\u00e9 une rupture historique avec les pr\u00e9c\u00e9dentes, notamment celle de 2019, en adoptant des r\u00e9solutions in\u00e9dites sur la r\u00e9gionalisation et la promotion de l\u2019homosexualit\u00e9.<\/div>\n<div><\/div>\n<div>Sur la r\u00e9gionalisation, bien que ce concept ait pu repr\u00e9senter un mod\u00e8le g\u00e9ographique salutaire, il a \u00e9t\u00e9 d\u00e9tourn\u00e9 pour introduire des pratiques contraires aux enseignements bibliques, notamment la reconnaissance et la promotion de l\u2019homosexualit\u00e9. La Bible condamne clairement ces pratiques (L\u00e9vitique 18:22, Romains 1:18-29), et la destruction de Sodome et Gomorrhe (Gen\u00e8se 19) en est une illustration.<\/div>\n<div><\/div>\n<div><\/div>\n<div>La nouvelle politique de r\u00e9gionalisation, adopt\u00e9e malgr\u00e9 son rejet en 2019, repose sur des normes culturelles plut\u00f4t que sur la Parole de Dieu. Elle demande d\u2019adapter le Livre de Discipline aux contextes culturels, ouvrant ainsi la voie \u00e0 des pratiques contraires aux valeurs bibliques. La Conf\u00e9rence Annuelle de C\u00f4te d\u2019Ivoire refuse de se rallier \u00e0 cette politique qui s\u2019oppose aux enseignements scripturaires.<\/div>\n<div><\/div>\n<div>Concernant la nouvelle d\u00e9finition du mariage, l\u2019\u00c9glise M\u00e9thodiste Unie red\u00e9finit le mariage comme \u00ab l\u2019union entre deux personnes de foi \u00bb, en contradiction avec la d\u00e9finition biblique qui est l\u2019union entre un homme et une femme (Gen\u00e8se 1:27-28).<\/div>\n<div><\/div>\n<div>La Conf\u00e9rence Annuelle de C\u00f4te d\u2019Ivoire se conforme \u00e0 la loi ivoirienne de 2019, qui reconna\u00eet le mariage comme l\u2019union d\u2019un homme et d\u2019une femme. La nouvelle d\u00e9finition de l\u2019\u00c9glise M\u00e9thodiste Unie est per\u00e7ue comme une d\u00e9viation pernicieuse de la Parole de Dieu et de l\u2019enseignement traditionnel de l\u2019\u00c9glise.<\/div>\n<div><\/div>\n<div>Sur les questions de doctrine et de discipline, lors de la Conf\u00e9rence G\u00e9n\u00e9rale, des excuses publiques ont \u00e9t\u00e9 pr\u00e9sent\u00e9es aux LGBTQIA+, reconnaissant l\u2019inconduite sexuelle au sein de l\u2019\u00c9glise.<\/div>\n<div><\/div>\n<div>Toutefois, la promotion de l\u2019homosexualit\u00e9 est per\u00e7ue comme une compromission grave des principes doctrinaux et disciplinaires. L\u2019\u00c9glise M\u00e9thodiste Unie semble sacrifier sa cr\u00e9dibilit\u00e9 th\u00e9ologique en acceptant des pratiques condamn\u00e9es par la Bible et en pr\u00f4nant une vie libertine, contraire aux enseignements de la gr\u00e2ce.<\/div>\n<div><\/div>\n<div><\/div>\n<div>La Conf\u00e9rence Annuelle de C\u00f4te d\u2019Ivoire d\u00e9clare que l\u2019\u00c9glise M\u00e9thodiste Unie, issue de la Conf\u00e9rence de 2024, ne repose sur aucune valeur biblique et disciplinaire. Elle est d\u00e9sormais fond\u00e9e sur des valeurs socio-culturelles qui compromettent son int\u00e9grit\u00e9 doctrinale.<\/div>\n<div><\/div>\n<div>Elle a sacrifi\u00e9 son honorabilit\u00e9 pour valoriser des pratiques mondaines. Ce nouveau profil ne convient plus \u00e0 la Conf\u00e9rence Annuelle de C\u00f4te d\u2019Ivoire. Par cons\u00e9quent, la Conf\u00e9rence Annuelle de C\u00f4te d\u2019Ivoire, r\u00e9unie en session extraordinaire le 28 mai 2024 au Temple EMUCI-le Jubil\u00e9 de Cocody, d\u00e9cide de se retirer de la d\u00e9nomination \u00c9glise M\u00e9thodiste Unie, par motif de conscience devant Dieu et sa Parole.<\/div>\n<div><\/div>\n<div>Que Dieu continue d\u2019\u00e9clairer son \u00c9glise, dont J\u00e9sus-Christ est le Chef. AMEN !<\/div>\n<div><\/div>\n<div>Fait \u00e0 Abidjan, le 28 mai 2024<\/div>\n<\/div>\n<div><\/div>\n","protected":false},"excerpt":{"rendered":"<p>&nbsp; La Conf\u00e9rence Annuelle de l\u2019\u00c9glise M\u00e9thodiste Unie de C\u00f4te d\u2019Ivoire a annonc\u00e9, le jeudi 30 mai 2024, son retrait de l\u2019\u00c9glise m\u00e9thodiste unie, en raison de divergences sur la question de l\u2019homosexualit\u00e9. Cette annonce a \u00e9t\u00e9 faite au cours d\u2019un point-presse anim\u00e9 par le R\u00e9v\u00e9rend Isaac Bodj\u00e9 au temple Jubil\u00e9 de Cocody Abidjan. Dans [&hellip;]<\/p>\n","protected":false},"author":2,"featured_media":6183,"comment_status":"closed","ping_status":"closed","sticky":false,"template":"","format":"standard","meta":{"_acf_changed":false,"footnotes":""},"categories":[6],"tags":[],"class_list":["post-6182","post","type-post","status-publish","format-standard","has-post-thumbnail","hentry","category-religion"],"acf":[],"yoast_head":"<!-- This site is optimized with the Yoast SEO plugin v27.5 - https:\/\/yoast.com\/product\/yoast-seo-wordpress\/ -->\n<title>la Conf\u00e9rence Annuelle de L&#039; \u00c9glise M\u00e9thodiste Unie de C\u00f4te d&#039;Ivoire annonce son retrait de la Conf\u00e9rence mondiale\u00a0 - Amanien| L&#039;actualit\u00e9 Ivoirienne et Internationale<\/title>\n<meta name=\"robots\" content=\"index, follow, max-snippet:-1, max-image-preview:large, max-video-preview:-1\" \/>\n<link rel=\"canonical\" href=\"https:\/\/www.amanien.info\/news\/la-conference-annuelle-de-l-eglise-methodiste-unie-de-cote-divoire-annonce-son-retrait-de-la-conference-mondiale\/\" \/>\n<meta property=\"og:locale\" content=\"fr_FR\" \/>\n<meta property=\"og:type\" content=\"article\" \/>\n<meta property=\"og:title\" content=\"la Conf\u00e9rence Annuelle de L&#039; \u00c9glise M\u00e9thodiste Unie de C\u00f4te d&#039;Ivoire annonce son retrait de la Conf\u00e9rence mondiale\u00a0 - Amanien| L&#039;actualit\u00e9 Ivoirienne et Internationale\" \/>\n<meta property=\"og:description\" content=\"&nbsp; La Conf\u00e9rence Annuelle de l\u2019\u00c9glise M\u00e9thodiste Unie de C\u00f4te d\u2019Ivoire a annonc\u00e9, le jeudi 30 mai 2024, son retrait de l\u2019\u00c9glise m\u00e9thodiste unie, en raison de divergences sur la question de l\u2019homosexualit\u00e9. Cette annonce a \u00e9t\u00e9 faite au cours d\u2019un point-presse anim\u00e9 par le R\u00e9v\u00e9rend Isaac Bodj\u00e9 au temple Jubil\u00e9 de Cocody Abidjan. Dans [&hellip;]\" \/>\n<meta property=\"og:url\" content=\"https:\/\/www.amanien.info\/news\/la-conference-annuelle-de-l-eglise-methodiste-unie-de-cote-divoire-annonce-son-retrait-de-la-conference-mondiale\/\" \/>\n<meta property=\"og:site_name\" content=\"Amanien| L&#039;actualit\u00e9 Ivoirienne et Internationale\" \/>\n<meta property=\"article:published_time\" content=\"2024-05-31T20:43:34+00:00\" \/>\n<meta property=\"og:image\" content=\"https:\/\/www.amanien.info\/news\/wp-content\/uploads\/2024\/05\/image_870x_6659870f3ca91.jpg\" \/>\n\t<meta property=\"og:image:width\" content=\"870\" \/>\n\t<meta property=\"og:image:height\" content=\"451\" \/>\n\t<meta property=\"og:image:type\" content=\"image\/jpeg\" \/>\n<meta name=\"author\" content=\"Germain Ndri\" \/>\n<meta name=\"twitter:card\" content=\"summary_large_image\" \/>\n<meta name=\"twitter:label1\" content=\"\u00c9crit par\" \/>\n\t<meta name=\"twitter:data1\" content=\"Germain Ndri\" \/>\n\t<meta name=\"twitter:label2\" content=\"Dur\u00e9e de lecture estim\u00e9e\" \/>\n\t<meta name=\"twitter:data2\" content=\"4 minutes\" \/>\n<script type=\"application\/ld+json\" class=\"yoast-schema-graph\">{\"@context\":\"https:\\\/\\\/schema.org\",\"@graph\":[{\"@type\":\"Article\",\"@id\":\"https:\\\/\\\/www.amanien.info\\\/news\\\/la-conference-annuelle-de-l-eglise-methodiste-unie-de-cote-divoire-annonce-son-retrait-de-la-conference-mondiale\\\/#article\",\"isPartOf\":{\"@id\":\"https:\\\/\\\/www.amanien.info\\\/news\\\/la-conference-annuelle-de-l-eglise-methodiste-unie-de-cote-divoire-annonce-son-retrait-de-la-conference-mondiale\\\/\"},\"author\":{\"name\":\"Germain Ndri\",\"@id\":\"https:\\\/\\\/www.amanien.info\\\/news\\\/#\\\/schema\\\/person\\\/b21093345753a1a98242d505bd894f42\"},\"headline\":\"la Conf\u00e9rence Annuelle de L&rsquo; \u00c9glise M\u00e9thodiste Unie de C\u00f4te d&rsquo;Ivoire annonce son retrait de la Conf\u00e9rence mondiale\u00a0\",\"datePublished\":\"2024-05-31T20:43:34+00:00\",\"mainEntityOfPage\":{\"@id\":\"https:\\\/\\\/www.amanien.info\\\/news\\\/la-conference-annuelle-de-l-eglise-methodiste-unie-de-cote-divoire-annonce-son-retrait-de-la-conference-mondiale\\\/\"},\"wordCount\":704,\"image\":{\"@id\":\"https:\\\/\\\/www.amanien.info\\\/news\\\/la-conference-annuelle-de-l-eglise-methodiste-unie-de-cote-divoire-annonce-son-retrait-de-la-conference-mondiale\\\/#primaryimage\"},\"thumbnailUrl\":\"https:\\\/\\\/www.amanien.info\\\/news\\\/wp-content\\\/uploads\\\/2024\\\/05\\\/image_870x_6659870f3ca91.jpg\",\"articleSection\":[\"Religion\"],\"inLanguage\":\"fr-FR\"},{\"@type\":\"WebPage\",\"@id\":\"https:\\\/\\\/www.amanien.info\\\/news\\\/la-conference-annuelle-de-l-eglise-methodiste-unie-de-cote-divoire-annonce-son-retrait-de-la-conference-mondiale\\\/\",\"url\":\"https:\\\/\\\/www.amanien.info\\\/news\\\/la-conference-annuelle-de-l-eglise-methodiste-unie-de-cote-divoire-annonce-son-retrait-de-la-conference-mondiale\\\/\",\"name\":\"la Conf\u00e9rence Annuelle de L' \u00c9glise M\u00e9thodiste Unie de C\u00f4te d'Ivoire annonce son retrait de la Conf\u00e9rence mondiale\u00a0 - Amanien| L&#039;actualit\u00e9 Ivoirienne et Internationale\",\"isPartOf\":{\"@id\":\"https:\\\/\\\/www.amanien.info\\\/news\\\/#website\"},\"primaryImageOfPage\":{\"@id\":\"https:\\\/\\\/www.amanien.info\\\/news\\\/la-conference-annuelle-de-l-eglise-methodiste-unie-de-cote-divoire-annonce-son-retrait-de-la-conference-mondiale\\\/#primaryimage\"},\"image\":{\"@id\":\"https:\\\/\\\/www.amanien.info\\\/news\\\/la-conference-annuelle-de-l-eglise-methodiste-unie-de-cote-divoire-annonce-son-retrait-de-la-conference-mondiale\\\/#primaryimage\"},\"thumbnailUrl\":\"https:\\\/\\\/www.amanien.info\\\/news\\\/wp-content\\\/uploads\\\/2024\\\/05\\\/image_870x_6659870f3ca91.jpg\",\"datePublished\":\"2024-05-31T20:43:34+00:00\",\"author\":{\"@id\":\"https:\\\/\\\/www.amanien.info\\\/news\\\/#\\\/schema\\\/person\\\/b21093345753a1a98242d505bd894f42\"},\"breadcrumb\":{\"@id\":\"https:\\\/\\\/www.amanien.info\\\/news\\\/la-conference-annuelle-de-l-eglise-methodiste-unie-de-cote-divoire-annonce-son-retrait-de-la-conference-mondiale\\\/#breadcrumb\"},\"inLanguage\":\"fr-FR\",\"potentialAction\":[{\"@type\":\"ReadAction\",\"target\":[\"https:\\\/\\\/www.amanien.info\\\/news\\\/la-conference-annuelle-de-l-eglise-methodiste-unie-de-cote-divoire-annonce-son-retrait-de-la-conference-mondiale\\\/\"]}]},{\"@type\":\"ImageObject\",\"inLanguage\":\"fr-FR\",\"@id\":\"https:\\\/\\\/www.amanien.info\\\/news\\\/la-conference-annuelle-de-l-eglise-methodiste-unie-de-cote-divoire-annonce-son-retrait-de-la-conference-mondiale\\\/#primaryimage\",\"url\":\"https:\\\/\\\/www.amanien.info\\\/news\\\/wp-content\\\/uploads\\\/2024\\\/05\\\/image_870x_6659870f3ca91.jpg\",\"contentUrl\":\"https:\\\/\\\/www.amanien.info\\\/news\\\/wp-content\\\/uploads\\\/2024\\\/05\\\/image_870x_6659870f3ca91.jpg\",\"width\":870,\"height\":451},{\"@type\":\"BreadcrumbList\",\"@id\":\"https:\\\/\\\/www.amanien.info\\\/news\\\/la-conference-annuelle-de-l-eglise-methodiste-unie-de-cote-divoire-annonce-son-retrait-de-la-conference-mondiale\\\/#breadcrumb\",\"itemListElement\":[{\"@type\":\"ListItem\",\"position\":1,\"name\":\"Accueil\",\"item\":\"https:\\\/\\\/www.amanien.info\\\/news\\\/\"},{\"@type\":\"ListItem\",\"position\":2,\"name\":\"la Conf\u00e9rence Annuelle de L&rsquo; \u00c9glise M\u00e9thodiste Unie de C\u00f4te d&rsquo;Ivoire annonce son retrait de la Conf\u00e9rence mondiale\u00a0\"}]},{\"@type\":\"WebSite\",\"@id\":\"https:\\\/\\\/www.amanien.info\\\/news\\\/#website\",\"url\":\"https:\\\/\\\/www.amanien.info\\\/news\\\/\",\"name\":\"Amanien| L&#039;actualit\u00e9 Ivoirienne et Internationale\",\"description\":\"L&#039;actualit\u00e9 Ivoirienne et Internationale\",\"potentialAction\":[{\"@type\":\"SearchAction\",\"target\":{\"@type\":\"EntryPoint\",\"urlTemplate\":\"https:\\\/\\\/www.amanien.info\\\/news\\\/?s={search_term_string}\"},\"query-input\":{\"@type\":\"PropertyValueSpecification\",\"valueRequired\":true,\"valueName\":\"search_term_string\"}}],\"inLanguage\":\"fr-FR\"},{\"@type\":\"Person\",\"@id\":\"https:\\\/\\\/www.amanien.info\\\/news\\\/#\\\/schema\\\/person\\\/b21093345753a1a98242d505bd894f42\",\"name\":\"Germain Ndri\",\"url\":\"https:\\\/\\\/www.amanien.info\\\/news\\\/author\\\/amanien-infos\\\/\"}]}<\/script>\n<!-- \/ Yoast SEO plugin. -->","yoast_head_json":{"title":"la Conf\u00e9rence Annuelle de L' \u00c9glise M\u00e9thodiste Unie de C\u00f4te d'Ivoire annonce son retrait de la Conf\u00e9rence mondiale\u00a0 - Amanien| L&#039;actualit\u00e9 Ivoirienne et Internationale","robots":{"index":"index","follow":"follow","max-snippet":"max-snippet:-1","max-image-preview":"max-image-preview:large","max-video-preview":"max-video-preview:-1"},"canonical":"https:\/\/www.amanien.info\/news\/la-conference-annuelle-de-l-eglise-methodiste-unie-de-cote-divoire-annonce-son-retrait-de-la-conference-mondiale\/","og_locale":"fr_FR","og_type":"article","og_title":"la Conf\u00e9rence Annuelle de L' \u00c9glise M\u00e9thodiste Unie de C\u00f4te d'Ivoire annonce son retrait de la Conf\u00e9rence mondiale\u00a0 - Amanien| L&#039;actualit\u00e9 Ivoirienne et Internationale","og_description":"&nbsp; La Conf\u00e9rence Annuelle de l\u2019\u00c9glise M\u00e9thodiste Unie de C\u00f4te d\u2019Ivoire a annonc\u00e9, le jeudi 30 mai 2024, son retrait de l\u2019\u00c9glise m\u00e9thodiste unie, en raison de divergences sur la question de l\u2019homosexualit\u00e9. Cette annonce a \u00e9t\u00e9 faite au cours d\u2019un point-presse anim\u00e9 par le R\u00e9v\u00e9rend Isaac Bodj\u00e9 au temple Jubil\u00e9 de Cocody Abidjan. Dans [&hellip;]","og_url":"https:\/\/www.amanien.info\/news\/la-conference-annuelle-de-l-eglise-methodiste-unie-de-cote-divoire-annonce-son-retrait-de-la-conference-mondiale\/","og_site_name":"Amanien| L&#039;actualit\u00e9 Ivoirienne et Internationale","article_published_time":"2024-05-31T20:43:34+00:00","og_image":[{"width":870,"height":451,"url":"https:\/\/www.amanien.info\/news\/wp-content\/uploads\/2024\/05\/image_870x_6659870f3ca91.jpg","type":"image\/jpeg"}],"author":"Germain Ndri","twitter_card":"summary_large_image","twitter_misc":{"\u00c9crit par":"Germain Ndri","Dur\u00e9e de lecture estim\u00e9e":"4 minutes"},"schema":{"@context":"https:\/\/schema.org","@graph":[{"@type":"Article","@id":"https:\/\/www.amanien.info\/news\/la-conference-annuelle-de-l-eglise-methodiste-unie-de-cote-divoire-annonce-son-retrait-de-la-conference-mondiale\/#article","isPartOf":{"@id":"https:\/\/www.amanien.info\/news\/la-conference-annuelle-de-l-eglise-methodiste-unie-de-cote-divoire-annonce-son-retrait-de-la-conference-mondiale\/"},"author":{"name":"Germain Ndri","@id":"https:\/\/www.amanien.info\/news\/#\/schema\/person\/b21093345753a1a98242d505bd894f42"},"headline":"la Conf\u00e9rence Annuelle de L&rsquo; \u00c9glise M\u00e9thodiste Unie de C\u00f4te d&rsquo;Ivoire annonce son retrait de la Conf\u00e9rence mondiale\u00a0","datePublished":"2024-05-31T20:43:34+00:00","mainEntityOfPage":{"@id":"https:\/\/www.amanien.info\/news\/la-conference-annuelle-de-l-eglise-methodiste-unie-de-cote-divoire-annonce-son-retrait-de-la-conference-mondiale\/"},"wordCount":704,"image":{"@id":"https:\/\/www.amanien.info\/news\/la-conference-annuelle-de-l-eglise-methodiste-unie-de-cote-divoire-annonce-son-retrait-de-la-conference-mondiale\/#primaryimage"},"thumbnailUrl":"https:\/\/www.amanien.info\/news\/wp-content\/uploads\/2024\/05\/image_870x_6659870f3ca91.jpg","articleSection":["Religion"],"inLanguage":"fr-FR"},{"@type":"WebPage","@id":"https:\/\/www.amanien.info\/news\/la-conference-annuelle-de-l-eglise-methodiste-unie-de-cote-divoire-annonce-son-retrait-de-la-conference-mondiale\/","url":"https:\/\/www.amanien.info\/news\/la-conference-annuelle-de-l-eglise-methodiste-unie-de-cote-divoire-annonce-son-retrait-de-la-conference-mondiale\/","name":"la Conf\u00e9rence Annuelle de L' \u00c9glise M\u00e9thodiste Unie de C\u00f4te d'Ivoire annonce son retrait de la Conf\u00e9rence mondiale\u00a0 - Amanien| L&#039;actualit\u00e9 Ivoirienne et Internationale","isPartOf":{"@id":"https:\/\/www.amanien.info\/news\/#website"},"primaryImageOfPage":{"@id":"https:\/\/www.amanien.info\/news\/la-conference-annuelle-de-l-eglise-methodiste-unie-de-cote-divoire-annonce-son-retrait-de-la-conference-mondiale\/#primaryimage"},"image":{"@id":"https:\/\/www.amanien.info\/news\/la-conference-annuelle-de-l-eglise-methodiste-unie-de-cote-divoire-annonce-son-retrait-de-la-conference-mondiale\/#primaryimage"},"thumbnailUrl":"https:\/\/www.amanien.info\/news\/wp-content\/uploads\/2024\/05\/image_870x_6659870f3ca91.jpg","datePublished":"2024-05-31T20:43:34+00:00","author":{"@id":"https:\/\/www.amanien.info\/news\/#\/schema\/person\/b21093345753a1a98242d505bd894f42"},"breadcrumb":{"@id":"https:\/\/www.amanien.info\/news\/la-conference-annuelle-de-l-eglise-methodiste-unie-de-cote-divoire-annonce-son-retrait-de-la-conference-mondiale\/#breadcrumb"},"inLanguage":"fr-FR","potentialAction":[{"@type":"ReadAction","target":["https:\/\/www.amanien.info\/news\/la-conference-annuelle-de-l-eglise-methodiste-unie-de-cote-divoire-annonce-son-retrait-de-la-conference-mondiale\/"]}]},{"@type":"ImageObject","inLanguage":"fr-FR","@id":"https:\/\/www.amanien.info\/news\/la-conference-annuelle-de-l-eglise-methodiste-unie-de-cote-divoire-annonce-son-retrait-de-la-conference-mondiale\/#primaryimage","url":"https:\/\/www.amanien.info\/news\/wp-content\/uploads\/2024\/05\/image_870x_6659870f3ca91.jpg","contentUrl":"https:\/\/www.amanien.info\/news\/wp-content\/uploads\/2024\/05\/image_870x_6659870f3ca91.jpg","width":870,"height":451},{"@type":"BreadcrumbList","@id":"https:\/\/www.amanien.info\/news\/la-conference-annuelle-de-l-eglise-methodiste-unie-de-cote-divoire-annonce-son-retrait-de-la-conference-mondiale\/#breadcrumb","itemListElement":[{"@type":"ListItem","position":1,"name":"Accueil","item":"https:\/\/www.amanien.info\/news\/"},{"@type":"ListItem","position":2,"name":"la Conf\u00e9rence Annuelle de L&rsquo; \u00c9glise M\u00e9thodiste Unie de C\u00f4te d&rsquo;Ivoire annonce son retrait de la Conf\u00e9rence mondiale\u00a0"}]},{"@type":"WebSite","@id":"https:\/\/www.amanien.info\/news\/#website","url":"https:\/\/www.amanien.info\/news\/","name":"Amanien| L&#039;actualit\u00e9 Ivoirienne et Internationale","description":"L&#039;actualit\u00e9 Ivoirienne et Internationale","potentialAction":[{"@type":"SearchAction","target":{"@type":"EntryPoint","urlTemplate":"https:\/\/www.amanien.info\/news\/?s={search_term_string}"},"query-input":{"@type":"PropertyValueSpecification","valueRequired":true,"valueName":"search_term_string"}}],"inLanguage":"fr-FR"},{"@type":"Person","@id":"https:\/\/www.amanien.info\/news\/#\/schema\/person\/b21093345753a1a98242d505bd894f42","name":"Germain Ndri","url":"https:\/\/www.amanien.info\/news\/author\/amanien-infos\/"}]}},"_links":{"self":[{"href":"https:\/\/www.amanien.info\/news\/wp-json\/wp\/v2\/posts\/6182","targetHints":{"allow":["GET"]}}],"collection":[{"href":"https:\/\/www.amanien.info\/news\/wp-json\/wp\/v2\/posts"}],"about":[{"href":"https:\/\/www.amanien.info\/news\/wp-json\/wp\/v2\/types\/post"}],"author":[{"embeddable":true,"href":"https:\/\/www.amanien.info\/news\/wp-json\/wp\/v2\/users\/2"}],"replies":[{"embeddable":true,"href":"https:\/\/www.amanien.info\/news\/wp-json\/wp\/v2\/comments?post=6182"}],"version-history":[{"count":1,"href":"https:\/\/www.amanien.info\/news\/wp-json\/wp\/v2\/posts\/6182\/revisions"}],"predecessor-version":[{"id":6184,"href":"https:\/\/www.amanien.info\/news\/wp-json\/wp\/v2\/posts\/6182\/revisions\/6184"}],"wp:featuredmedia":[{"embeddable":true,"href":"https:\/\/www.amanien.info\/news\/wp-json\/wp\/v2\/media\/6183"}],"wp:attachment":[{"href":"https:\/\/www.amanien.info\/news\/wp-json\/wp\/v2\/media?parent=6182"}],"wp:term":[{"taxonomy":"category","embeddable":true,"href":"https:\/\/www.amanien.info\/news\/wp-json\/wp\/v2\/categories?post=6182"},{"taxonomy":"post_tag","embeddable":true,"href":"https:\/\/www.amanien.info\/news\/wp-json\/wp\/v2\/tags?post=6182"}],"curies":[{"name":"wp","href":"https:\/\/api.w.org\/{rel}","templated":true}]}}