{"id":6164,"date":"2024-05-27T19:39:47","date_gmt":"2024-05-27T19:39:47","guid":{"rendered":"https:\/\/www.amanien.info\/news\/?p=6164"},"modified":"2024-05-27T19:39:47","modified_gmt":"2024-05-27T19:39:47","slug":"investiture-du-coordinateur-estudiantin-epr-du-rhdp-les-etudiants-invites-a-sinscrire-massivement-sur-la-liste-electorale","status":"publish","type":"post","link":"https:\/\/www.amanien.info\/news\/investiture-du-coordinateur-estudiantin-epr-du-rhdp-les-etudiants-invites-a-sinscrire-massivement-sur-la-liste-electorale\/","title":{"rendered":"Investiture du Coordinateur estudiantin EPR du RHDP : les \u00e9tudiants invit\u00e9s \u00e0 s&rsquo;inscrire massivement sur la liste \u00e9lectorale\u00a0"},"content":{"rendered":"<div>Investiture du Coordinateur estudiantin EPR du RHDP : les \u00e9tudiants invit\u00e9s \u00e0 s&rsquo;inscrire massivement sur la li<\/div>\n<div><\/div>\n<div><\/div>\n<div><\/div>\n<div><\/div>\n<div>Le Coordinateur des \u00c9tudiants Engag\u00e9s pour la R\u00e9publique (EPR) du Rassemblement des Houphou\u00ebtistes pour la D\u00e9mocratie et la Paix (RHDP) a \u00e9t\u00e9 investi, le dimanche 26 mai 2024, \u00e0 l&rsquo;h\u00f4tel du district d&rsquo;Abidjan-Plateau, au cours d&rsquo;une importante c\u00e9r\u00e9monie qui avait pour th\u00e8me : \u00ab\u00a0Quels militants pour la victoire du RHDP en 2025?\u00a0\u00bb.<\/div>\n<div><\/div>\n<div>A cette occasion, le Pr\u00e9sident National<\/div>\n<div>EPR, Solomann Abraham Sanogo, a exhort\u00e9 les jeunes \u00e9tudiants \u00e0 s&rsquo;inscrire massivement sur la liste \u00e9lectorale lors du prochain processus d&rsquo;enr\u00f4lement que lancera la Commission \u00c9lectorale Ind\u00e9pendante (CEI).\u00a0<i>\u00ab\u00a0Faites-vous enr\u00f4ler et faites enr\u00f4ler tous vos amis, vos fr\u00e8res et s\u0153urs sur la liste \u00e9lectorale lorsque la CEI va lancer le processus. C&rsquo;est cet important travail d&rsquo;inscription sur la liste \u00e9lectorale des nouveaux \u00e9tudiants majeurs qui va garantir la victoire de notre candidat au premier tour \u00e0 l&rsquo;\u00e9lection pr\u00e9sidentielle d&rsquo;octobre 2025\u00a0\u00bb,\u00a0<\/i>a-t-il d\u00e9clar\u00e9, soutenant\u00a0 que l&rsquo;inscription sur la liste \u00e9lectorale est une \u00ab\u00a0action citoyenne\u00a0\u00bb.<\/div>\n<div><\/div>\n<div>Il a assur\u00e9 que des moyens seront mis \u00e0 leur disposition pour atteindre l&rsquo;objectif.<\/div>\n<div><\/div>\n<div>Aussi a-t-il invit\u00e9 les \u00e9tudiants \u00e0 soutenir les id\u00e9aux et les actions du Pr\u00e9sident de la R\u00e9publique, Alassane Ouattara, afin de contribuer \u00e0 l&rsquo;\u00e9dification d&rsquo;une nation \u00ab\u00a0forte, unie et prosp\u00e8re\u00a0\u00bb, a-t-il affirm\u00e9.<\/div>\n<div><\/div>\n<div>Non sans manquer de prodiguer des conseils aux \u00e9tudiants.\u00a0<i>\u00ab\u00a0En tant qu&rsquo;\u00e9tudiants, vous devez continuer \u00e0 exceller dans vos \u00e9tudes, \u00e0 vous impliquer activement dans les projets communautaires et \u00e0 porter haut les valeurs de notre mouvement. Ne c\u00e9dez pas \u00e0 la provocation car ceux qui gagnent quand il y a la paix et la stabilit\u00e9, c&rsquo;est nous (RHDP)\u00a0\u00bb,<\/i>\u00a0a-t-il dit.<\/div>\n<div><\/div>\n<div><\/div>\n<div>Repr\u00e9sentant le Secr\u00e9taire Ex\u00e9cutif du RHDP, \u00e9galement Parrain de la c\u00e9r\u00e9monie, Ibrahim Kouassi, abondant dans le m\u00eame sens, a exhort\u00e9 les \u00e9tudiants \u00e0 investir le terrain.\u00a0<i>\u00ab\u00a0Chers jeunes \u00e9tudiants, envahissez le terrain. On a besoin des \u00e9tudiants nouveaux majeurs pour apporter une plus-value\u00a0\u00bb,\u00a0<\/i>a-t-il fait savoir.<\/div>\n<div><\/div>\n<div>Avant de les inviter \u00e0 prendre part aux d\u00e9bats politiques et intellectuels, \u00e0 la discipline, \u00e0 la formation ainsi qu&rsquo;\u00e0 la culture de l&rsquo;excellence.<\/div>\n<div><\/div>\n<div>Quant \u00e0 lui, le Coordinateur des \u00e9tudiants EPR, KE\u00cfTA Alioune Djigui, a t\u00e9moign\u00e9 sa reconnaissance et marqu\u00e9 son attachement au Pr\u00e9sident de la R\u00e9publique pour ses actions men\u00e9es de d\u00e9veloppement men\u00e9es, de 2011 \u00e0 2024.<\/div>\n<div><\/div>\n<div>Il a, par ailleurs, r\u00e9affirm\u00e9 la d\u00e9termination de la coordination \u00e0 \u0153uvrer pour le d\u00e9veloppement et la prosp\u00e9rit\u00e9 de la C\u00f4te d&rsquo;Ivoire, en suivant les pas du Pr\u00e9sident de la R\u00e9publique, en restant unis et en travaillant sans rel\u00e2che pour un \u00ab\u00a0avenir meilleur\u00a0\u00bb.<\/div>\n<div><\/div>\n<div><\/div>\n<div>Bien avant, le Pr\u00e9sident du Comit\u00e9 d&rsquo;organisation, Coulibaly Y\u00e9on Isma\u00ebl, a encourag\u00e9 ses camarades \u00e0 \u00ab\u00a0porter haut leurs responsabilit\u00e9s, \u00e0 \u00e9couter attentivement les voix de leurs camarades et \u00e0 agir avec int\u00e9grit\u00e9 et empathie dans tout ce qu&rsquo;ils entreprendront\u00a0\u00bb, a-t-il soulign\u00e9.<\/div>\n<div><\/div>\n<div>La pr\u00e9sentation des 30 membres du Bureau Ex\u00e9cutif National de la Coordination estudiantine EPR et la lecture de la motion de soutien \u00e0 la candidature du Pr\u00e9sident de la R\u00e9publique Alassane Ouattara \u00e0 la pr\u00e9sidentielle d&rsquo;octobre 2025, ont meubl\u00e9 cette belle c\u00e9r\u00e9monie qui a enregistr\u00e9 la participation de Jean St\u00e9phane Akichy, Vice-pr\u00e9sident en charge des relations ext\u00e9rieures et Repr\u00e9sentant le Directeur G\u00e9n\u00e9ral Adjoint de la Lonaci et plus de cinq cents (500) \u00e9tudiants.<\/div>\n<div><\/div>\n<div><\/div>\n<div><\/div>\n<div><\/div>\n<div>Pour rappel, la Coordination estudiantine EPR est un mouvement citoyen proche du RHDP. Elle a pour mission, la vulgarisation des actions de d\u00e9veloppement r\u00e9alis\u00e9es par le Pr\u00e9sident de la R\u00e9publique, notamment dans le domaine de l&rsquo;\u00e9ducation, et la mise en \u0153uvre de plusieurs initiatives au profit des \u00e9tudiants.<\/div>\n<div><\/div>\n<div><\/div>\n<div><b>S.A.<\/b><\/div>\n","protected":false},"excerpt":{"rendered":"<p>Investiture du Coordinateur estudiantin EPR du RHDP : les \u00e9tudiants invit\u00e9s \u00e0 s&rsquo;inscrire massivement sur la li Le Coordinateur des \u00c9tudiants Engag\u00e9s pour la R\u00e9publique (EPR) du Rassemblement des Houphou\u00ebtistes pour la D\u00e9mocratie et la Paix (RHDP) a \u00e9t\u00e9 investi, le dimanche 26 mai 2024, \u00e0 l&rsquo;h\u00f4tel du district d&rsquo;Abidjan-Plateau, au cours d&rsquo;une importante c\u00e9r\u00e9monie [&hellip;]<\/p>\n","protected":false},"author":2,"featured_media":6165,"comment_status":"closed","ping_status":"closed","sticky":false,"template":"","format":"standard","meta":{"_acf_changed":false,"footnotes":""},"categories":[1],"tags":[],"class_list":["post-6164","post","type-post","status-publish","format-standard","has-post-thumbnail","hentry","category-national"],"acf":[],"yoast_head":"<!-- This site is optimized with the Yoast SEO plugin v27.5 - https:\/\/yoast.com\/product\/yoast-seo-wordpress\/ -->\n<title>Investiture du Coordinateur estudiantin EPR du RHDP : les \u00e9tudiants invit\u00e9s \u00e0 s&#039;inscrire massivement sur la liste \u00e9lectorale\u00a0 - Amanien| L&#039;actualit\u00e9 Ivoirienne et Internationale<\/title>\n<meta name=\"robots\" content=\"index, follow, max-snippet:-1, max-image-preview:large, max-video-preview:-1\" \/>\n<link rel=\"canonical\" href=\"https:\/\/www.amanien.info\/news\/investiture-du-coordinateur-estudiantin-epr-du-rhdp-les-etudiants-invites-a-sinscrire-massivement-sur-la-liste-electorale\/\" \/>\n<meta property=\"og:locale\" content=\"fr_FR\" \/>\n<meta property=\"og:type\" content=\"article\" \/>\n<meta property=\"og:title\" content=\"Investiture du Coordinateur estudiantin EPR du RHDP : les \u00e9tudiants invit\u00e9s \u00e0 s&#039;inscrire massivement sur la liste \u00e9lectorale\u00a0 - Amanien| L&#039;actualit\u00e9 Ivoirienne et Internationale\" \/>\n<meta property=\"og:description\" content=\"Investiture du Coordinateur estudiantin EPR du RHDP : les \u00e9tudiants invit\u00e9s \u00e0 s&rsquo;inscrire massivement sur la li Le Coordinateur des \u00c9tudiants Engag\u00e9s pour la R\u00e9publique (EPR) du Rassemblement des Houphou\u00ebtistes pour la D\u00e9mocratie et la Paix (RHDP) a \u00e9t\u00e9 investi, le dimanche 26 mai 2024, \u00e0 l&rsquo;h\u00f4tel du district d&rsquo;Abidjan-Plateau, au cours d&rsquo;une importante c\u00e9r\u00e9monie [&hellip;]\" \/>\n<meta property=\"og:url\" content=\"https:\/\/www.amanien.info\/news\/investiture-du-coordinateur-estudiantin-epr-du-rhdp-les-etudiants-invites-a-sinscrire-massivement-sur-la-liste-electorale\/\" \/>\n<meta property=\"og:site_name\" content=\"Amanien| L&#039;actualit\u00e9 Ivoirienne et Internationale\" \/>\n<meta property=\"article:published_time\" content=\"2024-05-27T19:39:47+00:00\" \/>\n<meta property=\"og:image\" content=\"https:\/\/www.amanien.info\/news\/wp-content\/uploads\/2024\/05\/IMG-20240526-WA0059.jpg\" \/>\n\t<meta property=\"og:image:width\" content=\"1080\" \/>\n\t<meta property=\"og:image:height\" content=\"720\" \/>\n\t<meta property=\"og:image:type\" content=\"image\/jpeg\" \/>\n<meta name=\"author\" content=\"Germain Ndri\" \/>\n<meta name=\"twitter:card\" content=\"summary_large_image\" \/>\n<meta name=\"twitter:label1\" content=\"\u00c9crit par\" \/>\n\t<meta name=\"twitter:data1\" content=\"Germain Ndri\" \/>\n\t<meta name=\"twitter:label2\" content=\"Dur\u00e9e de lecture estim\u00e9e\" \/>\n\t<meta name=\"twitter:data2\" content=\"4 minutes\" \/>\n<script type=\"application\/ld+json\" class=\"yoast-schema-graph\">{\"@context\":\"https:\\\/\\\/schema.org\",\"@graph\":[{\"@type\":\"Article\",\"@id\":\"https:\\\/\\\/www.amanien.info\\\/news\\\/investiture-du-coordinateur-estudiantin-epr-du-rhdp-les-etudiants-invites-a-sinscrire-massivement-sur-la-liste-electorale\\\/#article\",\"isPartOf\":{\"@id\":\"https:\\\/\\\/www.amanien.info\\\/news\\\/investiture-du-coordinateur-estudiantin-epr-du-rhdp-les-etudiants-invites-a-sinscrire-massivement-sur-la-liste-electorale\\\/\"},\"author\":{\"name\":\"Germain Ndri\",\"@id\":\"https:\\\/\\\/www.amanien.info\\\/news\\\/#\\\/schema\\\/person\\\/b21093345753a1a98242d505bd894f42\"},\"headline\":\"Investiture du Coordinateur estudiantin EPR du RHDP : les \u00e9tudiants invit\u00e9s \u00e0 s&rsquo;inscrire massivement sur la liste \u00e9lectorale\u00a0\",\"datePublished\":\"2024-05-27T19:39:47+00:00\",\"mainEntityOfPage\":{\"@id\":\"https:\\\/\\\/www.amanien.info\\\/news\\\/investiture-du-coordinateur-estudiantin-epr-du-rhdp-les-etudiants-invites-a-sinscrire-massivement-sur-la-liste-electorale\\\/\"},\"wordCount\":661,\"image\":{\"@id\":\"https:\\\/\\\/www.amanien.info\\\/news\\\/investiture-du-coordinateur-estudiantin-epr-du-rhdp-les-etudiants-invites-a-sinscrire-massivement-sur-la-liste-electorale\\\/#primaryimage\"},\"thumbnailUrl\":\"https:\\\/\\\/www.amanien.info\\\/news\\\/wp-content\\\/uploads\\\/2024\\\/05\\\/IMG-20240526-WA0059.jpg\",\"articleSection\":[\"National\"],\"inLanguage\":\"fr-FR\"},{\"@type\":\"WebPage\",\"@id\":\"https:\\\/\\\/www.amanien.info\\\/news\\\/investiture-du-coordinateur-estudiantin-epr-du-rhdp-les-etudiants-invites-a-sinscrire-massivement-sur-la-liste-electorale\\\/\",\"url\":\"https:\\\/\\\/www.amanien.info\\\/news\\\/investiture-du-coordinateur-estudiantin-epr-du-rhdp-les-etudiants-invites-a-sinscrire-massivement-sur-la-liste-electorale\\\/\",\"name\":\"Investiture du Coordinateur estudiantin EPR du RHDP : les \u00e9tudiants invit\u00e9s \u00e0 s'inscrire massivement sur la liste \u00e9lectorale\u00a0 - Amanien| L&#039;actualit\u00e9 Ivoirienne et Internationale\",\"isPartOf\":{\"@id\":\"https:\\\/\\\/www.amanien.info\\\/news\\\/#website\"},\"primaryImageOfPage\":{\"@id\":\"https:\\\/\\\/www.amanien.info\\\/news\\\/investiture-du-coordinateur-estudiantin-epr-du-rhdp-les-etudiants-invites-a-sinscrire-massivement-sur-la-liste-electorale\\\/#primaryimage\"},\"image\":{\"@id\":\"https:\\\/\\\/www.amanien.info\\\/news\\\/investiture-du-coordinateur-estudiantin-epr-du-rhdp-les-etudiants-invites-a-sinscrire-massivement-sur-la-liste-electorale\\\/#primaryimage\"},\"thumbnailUrl\":\"https:\\\/\\\/www.amanien.info\\\/news\\\/wp-content\\\/uploads\\\/2024\\\/05\\\/IMG-20240526-WA0059.jpg\",\"datePublished\":\"2024-05-27T19:39:47+00:00\",\"author\":{\"@id\":\"https:\\\/\\\/www.amanien.info\\\/news\\\/#\\\/schema\\\/person\\\/b21093345753a1a98242d505bd894f42\"},\"breadcrumb\":{\"@id\":\"https:\\\/\\\/www.amanien.info\\\/news\\\/investiture-du-coordinateur-estudiantin-epr-du-rhdp-les-etudiants-invites-a-sinscrire-massivement-sur-la-liste-electorale\\\/#breadcrumb\"},\"inLanguage\":\"fr-FR\",\"potentialAction\":[{\"@type\":\"ReadAction\",\"target\":[\"https:\\\/\\\/www.amanien.info\\\/news\\\/investiture-du-coordinateur-estudiantin-epr-du-rhdp-les-etudiants-invites-a-sinscrire-massivement-sur-la-liste-electorale\\\/\"]}]},{\"@type\":\"ImageObject\",\"inLanguage\":\"fr-FR\",\"@id\":\"https:\\\/\\\/www.amanien.info\\\/news\\\/investiture-du-coordinateur-estudiantin-epr-du-rhdp-les-etudiants-invites-a-sinscrire-massivement-sur-la-liste-electorale\\\/#primaryimage\",\"url\":\"https:\\\/\\\/www.amanien.info\\\/news\\\/wp-content\\\/uploads\\\/2024\\\/05\\\/IMG-20240526-WA0059.jpg\",\"contentUrl\":\"https:\\\/\\\/www.amanien.info\\\/news\\\/wp-content\\\/uploads\\\/2024\\\/05\\\/IMG-20240526-WA0059.jpg\",\"width\":1080,\"height\":720},{\"@type\":\"BreadcrumbList\",\"@id\":\"https:\\\/\\\/www.amanien.info\\\/news\\\/investiture-du-coordinateur-estudiantin-epr-du-rhdp-les-etudiants-invites-a-sinscrire-massivement-sur-la-liste-electorale\\\/#breadcrumb\",\"itemListElement\":[{\"@type\":\"ListItem\",\"position\":1,\"name\":\"Accueil\",\"item\":\"https:\\\/\\\/www.amanien.info\\\/news\\\/\"},{\"@type\":\"ListItem\",\"position\":2,\"name\":\"Investiture du Coordinateur estudiantin EPR du RHDP : les \u00e9tudiants invit\u00e9s \u00e0 s&rsquo;inscrire massivement sur la liste \u00e9lectorale\u00a0\"}]},{\"@type\":\"WebSite\",\"@id\":\"https:\\\/\\\/www.amanien.info\\\/news\\\/#website\",\"url\":\"https:\\\/\\\/www.amanien.info\\\/news\\\/\",\"name\":\"Amanien| L&#039;actualit\u00e9 Ivoirienne et Internationale\",\"description\":\"L&#039;actualit\u00e9 Ivoirienne et Internationale\",\"potentialAction\":[{\"@type\":\"SearchAction\",\"target\":{\"@type\":\"EntryPoint\",\"urlTemplate\":\"https:\\\/\\\/www.amanien.info\\\/news\\\/?s={search_term_string}\"},\"query-input\":{\"@type\":\"PropertyValueSpecification\",\"valueRequired\":true,\"valueName\":\"search_term_string\"}}],\"inLanguage\":\"fr-FR\"},{\"@type\":\"Person\",\"@id\":\"https:\\\/\\\/www.amanien.info\\\/news\\\/#\\\/schema\\\/person\\\/b21093345753a1a98242d505bd894f42\",\"name\":\"Germain Ndri\",\"url\":\"https:\\\/\\\/www.amanien.info\\\/news\\\/author\\\/amanien-infos\\\/\"}]}<\/script>\n<!-- \/ Yoast SEO plugin. -->","yoast_head_json":{"title":"Investiture du Coordinateur estudiantin EPR du RHDP : les \u00e9tudiants invit\u00e9s \u00e0 s'inscrire massivement sur la liste \u00e9lectorale\u00a0 - Amanien| L&#039;actualit\u00e9 Ivoirienne et Internationale","robots":{"index":"index","follow":"follow","max-snippet":"max-snippet:-1","max-image-preview":"max-image-preview:large","max-video-preview":"max-video-preview:-1"},"canonical":"https:\/\/www.amanien.info\/news\/investiture-du-coordinateur-estudiantin-epr-du-rhdp-les-etudiants-invites-a-sinscrire-massivement-sur-la-liste-electorale\/","og_locale":"fr_FR","og_type":"article","og_title":"Investiture du Coordinateur estudiantin EPR du RHDP : les \u00e9tudiants invit\u00e9s \u00e0 s'inscrire massivement sur la liste \u00e9lectorale\u00a0 - Amanien| L&#039;actualit\u00e9 Ivoirienne et Internationale","og_description":"Investiture du Coordinateur estudiantin EPR du RHDP : les \u00e9tudiants invit\u00e9s \u00e0 s&rsquo;inscrire massivement sur la li Le Coordinateur des \u00c9tudiants Engag\u00e9s pour la R\u00e9publique (EPR) du Rassemblement des Houphou\u00ebtistes pour la D\u00e9mocratie et la Paix (RHDP) a \u00e9t\u00e9 investi, le dimanche 26 mai 2024, \u00e0 l&rsquo;h\u00f4tel du district d&rsquo;Abidjan-Plateau, au cours d&rsquo;une importante c\u00e9r\u00e9monie [&hellip;]","og_url":"https:\/\/www.amanien.info\/news\/investiture-du-coordinateur-estudiantin-epr-du-rhdp-les-etudiants-invites-a-sinscrire-massivement-sur-la-liste-electorale\/","og_site_name":"Amanien| L&#039;actualit\u00e9 Ivoirienne et Internationale","article_published_time":"2024-05-27T19:39:47+00:00","og_image":[{"width":1080,"height":720,"url":"https:\/\/www.amanien.info\/news\/wp-content\/uploads\/2024\/05\/IMG-20240526-WA0059.jpg","type":"image\/jpeg"}],"author":"Germain Ndri","twitter_card":"summary_large_image","twitter_misc":{"\u00c9crit par":"Germain Ndri","Dur\u00e9e de lecture estim\u00e9e":"4 minutes"},"schema":{"@context":"https:\/\/schema.org","@graph":[{"@type":"Article","@id":"https:\/\/www.amanien.info\/news\/investiture-du-coordinateur-estudiantin-epr-du-rhdp-les-etudiants-invites-a-sinscrire-massivement-sur-la-liste-electorale\/#article","isPartOf":{"@id":"https:\/\/www.amanien.info\/news\/investiture-du-coordinateur-estudiantin-epr-du-rhdp-les-etudiants-invites-a-sinscrire-massivement-sur-la-liste-electorale\/"},"author":{"name":"Germain Ndri","@id":"https:\/\/www.amanien.info\/news\/#\/schema\/person\/b21093345753a1a98242d505bd894f42"},"headline":"Investiture du Coordinateur estudiantin EPR du RHDP : les \u00e9tudiants invit\u00e9s \u00e0 s&rsquo;inscrire massivement sur la liste \u00e9lectorale\u00a0","datePublished":"2024-05-27T19:39:47+00:00","mainEntityOfPage":{"@id":"https:\/\/www.amanien.info\/news\/investiture-du-coordinateur-estudiantin-epr-du-rhdp-les-etudiants-invites-a-sinscrire-massivement-sur-la-liste-electorale\/"},"wordCount":661,"image":{"@id":"https:\/\/www.amanien.info\/news\/investiture-du-coordinateur-estudiantin-epr-du-rhdp-les-etudiants-invites-a-sinscrire-massivement-sur-la-liste-electorale\/#primaryimage"},"thumbnailUrl":"https:\/\/www.amanien.info\/news\/wp-content\/uploads\/2024\/05\/IMG-20240526-WA0059.jpg","articleSection":["National"],"inLanguage":"fr-FR"},{"@type":"WebPage","@id":"https:\/\/www.amanien.info\/news\/investiture-du-coordinateur-estudiantin-epr-du-rhdp-les-etudiants-invites-a-sinscrire-massivement-sur-la-liste-electorale\/","url":"https:\/\/www.amanien.info\/news\/investiture-du-coordinateur-estudiantin-epr-du-rhdp-les-etudiants-invites-a-sinscrire-massivement-sur-la-liste-electorale\/","name":"Investiture du Coordinateur estudiantin EPR du RHDP : les \u00e9tudiants invit\u00e9s \u00e0 s'inscrire massivement sur la liste \u00e9lectorale\u00a0 - Amanien| L&#039;actualit\u00e9 Ivoirienne et Internationale","isPartOf":{"@id":"https:\/\/www.amanien.info\/news\/#website"},"primaryImageOfPage":{"@id":"https:\/\/www.amanien.info\/news\/investiture-du-coordinateur-estudiantin-epr-du-rhdp-les-etudiants-invites-a-sinscrire-massivement-sur-la-liste-electorale\/#primaryimage"},"image":{"@id":"https:\/\/www.amanien.info\/news\/investiture-du-coordinateur-estudiantin-epr-du-rhdp-les-etudiants-invites-a-sinscrire-massivement-sur-la-liste-electorale\/#primaryimage"},"thumbnailUrl":"https:\/\/www.amanien.info\/news\/wp-content\/uploads\/2024\/05\/IMG-20240526-WA0059.jpg","datePublished":"2024-05-27T19:39:47+00:00","author":{"@id":"https:\/\/www.amanien.info\/news\/#\/schema\/person\/b21093345753a1a98242d505bd894f42"},"breadcrumb":{"@id":"https:\/\/www.amanien.info\/news\/investiture-du-coordinateur-estudiantin-epr-du-rhdp-les-etudiants-invites-a-sinscrire-massivement-sur-la-liste-electorale\/#breadcrumb"},"inLanguage":"fr-FR","potentialAction":[{"@type":"ReadAction","target":["https:\/\/www.amanien.info\/news\/investiture-du-coordinateur-estudiantin-epr-du-rhdp-les-etudiants-invites-a-sinscrire-massivement-sur-la-liste-electorale\/"]}]},{"@type":"ImageObject","inLanguage":"fr-FR","@id":"https:\/\/www.amanien.info\/news\/investiture-du-coordinateur-estudiantin-epr-du-rhdp-les-etudiants-invites-a-sinscrire-massivement-sur-la-liste-electorale\/#primaryimage","url":"https:\/\/www.amanien.info\/news\/wp-content\/uploads\/2024\/05\/IMG-20240526-WA0059.jpg","contentUrl":"https:\/\/www.amanien.info\/news\/wp-content\/uploads\/2024\/05\/IMG-20240526-WA0059.jpg","width":1080,"height":720},{"@type":"BreadcrumbList","@id":"https:\/\/www.amanien.info\/news\/investiture-du-coordinateur-estudiantin-epr-du-rhdp-les-etudiants-invites-a-sinscrire-massivement-sur-la-liste-electorale\/#breadcrumb","itemListElement":[{"@type":"ListItem","position":1,"name":"Accueil","item":"https:\/\/www.amanien.info\/news\/"},{"@type":"ListItem","position":2,"name":"Investiture du Coordinateur estudiantin EPR du RHDP : les \u00e9tudiants invit\u00e9s \u00e0 s&rsquo;inscrire massivement sur la liste \u00e9lectorale\u00a0"}]},{"@type":"WebSite","@id":"https:\/\/www.amanien.info\/news\/#website","url":"https:\/\/www.amanien.info\/news\/","name":"Amanien| L&#039;actualit\u00e9 Ivoirienne et Internationale","description":"L&#039;actualit\u00e9 Ivoirienne et Internationale","potentialAction":[{"@type":"SearchAction","target":{"@type":"EntryPoint","urlTemplate":"https:\/\/www.amanien.info\/news\/?s={search_term_string}"},"query-input":{"@type":"PropertyValueSpecification","valueRequired":true,"valueName":"search_term_string"}}],"inLanguage":"fr-FR"},{"@type":"Person","@id":"https:\/\/www.amanien.info\/news\/#\/schema\/person\/b21093345753a1a98242d505bd894f42","name":"Germain Ndri","url":"https:\/\/www.amanien.info\/news\/author\/amanien-infos\/"}]}},"_links":{"self":[{"href":"https:\/\/www.amanien.info\/news\/wp-json\/wp\/v2\/posts\/6164","targetHints":{"allow":["GET"]}}],"collection":[{"href":"https:\/\/www.amanien.info\/news\/wp-json\/wp\/v2\/posts"}],"about":[{"href":"https:\/\/www.amanien.info\/news\/wp-json\/wp\/v2\/types\/post"}],"author":[{"embeddable":true,"href":"https:\/\/www.amanien.info\/news\/wp-json\/wp\/v2\/users\/2"}],"replies":[{"embeddable":true,"href":"https:\/\/www.amanien.info\/news\/wp-json\/wp\/v2\/comments?post=6164"}],"version-history":[{"count":1,"href":"https:\/\/www.amanien.info\/news\/wp-json\/wp\/v2\/posts\/6164\/revisions"}],"predecessor-version":[{"id":6166,"href":"https:\/\/www.amanien.info\/news\/wp-json\/wp\/v2\/posts\/6164\/revisions\/6166"}],"wp:featuredmedia":[{"embeddable":true,"href":"https:\/\/www.amanien.info\/news\/wp-json\/wp\/v2\/media\/6165"}],"wp:attachment":[{"href":"https:\/\/www.amanien.info\/news\/wp-json\/wp\/v2\/media?parent=6164"}],"wp:term":[{"taxonomy":"category","embeddable":true,"href":"https:\/\/www.amanien.info\/news\/wp-json\/wp\/v2\/categories?post=6164"},{"taxonomy":"post_tag","embeddable":true,"href":"https:\/\/www.amanien.info\/news\/wp-json\/wp\/v2\/tags?post=6164"}],"curies":[{"name":"wp","href":"https:\/\/api.w.org\/{rel}","templated":true}]}}