{"id":6156,"date":"2024-05-26T09:53:42","date_gmt":"2024-05-26T09:53:42","guid":{"rendered":"https:\/\/www.amanien.info\/news\/?p=6156"},"modified":"2024-05-26T09:53:42","modified_gmt":"2024-05-26T09:53:42","slug":"celebration-de-lexcellence-lancement-a-abidjan-de-la-2eme-edition-du-festival-des-bacheliers-festibac","status":"publish","type":"post","link":"https:\/\/www.amanien.info\/news\/celebration-de-lexcellence-lancement-a-abidjan-de-la-2eme-edition-du-festival-des-bacheliers-festibac\/","title":{"rendered":"C\u00e9l\u00e9bration de l&rsquo;excellence : Lancement \u00e0 Abidjan de la 2\u00e8me \u00e9dition du Festival des bacheliers (Festibac)"},"content":{"rendered":"<div><span style=\"text-transform: initial;\">Contribuer \u00e0 am\u00e9liorer les performances du syst\u00e8me \u00e9ducatif, sensibiliser les candidats en vue de les inciter \u00e0 la r\u00e9ussite, am\u00e9liorer le taux de r\u00e9ussite du Baccalaur\u00e9at en C\u00f4te d\u2019Ivoire, d\u00e9nicher des \u00e9lites de demain et cr\u00e9er les conditions d\u2019un encadrement efficace. Tels sont les objectifs du Festival des bacheliers (Festibac) qui se tiendra du 12 au 13 juillet prochain au stade de l\u2019Universit\u00e9 FHB d&rsquo;Abidjan-Cocody.\u00a0<\/span><\/div>\n<div><\/div>\n<div><\/div>\n<div>L\u2019information de l\u2019organisation de cette deuxi\u00e8me \u00e9dition a \u00e9t\u00e9 livr\u00e9e le vendredi 24 mai \u00e0 Abidjan-Plateau, au cours de la conf\u00e9rence de presse de lancement, anim\u00e9e par le Commissaire G\u00e9n\u00e9ral, Yannick Kouadio.<\/div>\n<div><\/div>\n<div>Le commissaire g\u00e9n\u00e9ral par ailleurs Ceo de Masterclays, structure \u00e9v\u00e9nementielle promotrice du festival des bacheliers, a affirm\u00e9 que le festival des bacheliers est un grand rendez-vous populaire qui c\u00e9l\u00e8bre les nouveaux bacheliers.<\/div>\n<div><\/div>\n<div>Cette ann\u00e9e, plus de 400 000 candidats sont appel\u00e9s \u00e0 composer au baccalaur\u00e9at. Et plus de 35 000 personnes sont attendues au Festibac, a-t-il indiqu\u00e9.<\/div>\n<div><\/div>\n<div>Plusieurs activit\u00e9s meubleront cette \u00e9dition. A savoir,\u00a0 des expositions, des r\u00e9compenses, des c\u00e9l\u00e9brations et des concerts.<\/div>\n<div><\/div>\n<div>\u00ab Pour ce qui concerne les r\u00e9compenses, il est pr\u00e9vu pour les bacheliers, 2 mini- v\u00e9hicules (au premier bachelier et la premi\u00e8re bacheli\u00e8re), 2 billets d\u2019avion, 2 ordinateurs, 2 t\u00e9l\u00e9phones, 2 bourses d\u2019\u00e9tudes. Pour les \u00e9tablissements scolaires, il est pr\u00e9vu comme r\u00e9compenses, 1 billet d\u2019avion, 1 ordinateur,\u00a0 1 t\u00e9l\u00e9phone \u00bb, a indiqu\u00e9 le Commissaire G\u00e9n\u00e9ral.<\/div>\n<div><\/div>\n<div>A l&rsquo;en croire, l\u2019acc\u00e8s au site est enti\u00e8rement gratuit. Le vendredi 12 et le samedi 13 juillet jusqu\u2019\u00e0 15h pour les expositions. Le concert de c\u00e9l\u00e9bration d\u00e9butera le Samedi 13 juillet \u00e0 16h.<\/div>\n<div><\/div>\n<div>Les festivaliers devront se munir d\u2019un Pass d\u2019acc\u00e8s Payable par Mobile money<\/div>\n<div><\/div>\n<div><\/div>\n<div>\n<div>Cette deuxi\u00e8me \u00e9dition du Festibac s&rsquo;inscrit \u00e9galement dans la lign\u00e9e des initiatives visant \u00e0 promouvoir l&rsquo;excellence scolaire en C\u00f4te d&rsquo;Ivoire, \u00e0 l&rsquo;instar de la Journ\u00e9e Nationale de l&rsquo;Excellence, c\u00e9l\u00e9br\u00e9e chaque ann\u00e9e, par le Pr\u00e9sident de la R\u00e9publique.<\/div>\n<div><\/div>\n<div>L&rsquo;occasion sera donn\u00e9e aussi aux bacheliers de s&rsquo;informer sur le choix des fili\u00e8res et profils de carri\u00e8re, en allant vers les stands des grandes \u00e9coles, universit\u00e9s et entreprises pr\u00e9sentes \u00e0 ce festival, a invit\u00e9 M. Kouadio.<\/div>\n<div><\/div>\n<div><\/div>\n<\/div>\n<div>Il a, par ailleurs,\u00a0 annonc\u00e9 deux autres festivals qu&rsquo;organise la structure Masterclays, que sont : le festival des Gbaos(des \u00e9l\u00e8ves admis au CEPE) pr\u00e9vu le 27 juin 2024 au palais de la culture de la Culture de la Cit\u00e9 N&rsquo;Zassa, en l&rsquo;occurrence Treichville et celui des brevet\u00e9s (des \u00e9l\u00e8ves admis au BEPC ), pr\u00e9vu le 22 juin au stade de la BAE sis \u00e0 Yopougon.<\/div>\n<div><\/div>\n<div><\/div>\n<div><\/div>\n<div><b>S.A.<\/b><\/div>\n<div><\/div>\n","protected":false},"excerpt":{"rendered":"<p>Contribuer \u00e0 am\u00e9liorer les performances du syst\u00e8me \u00e9ducatif, sensibiliser les candidats en vue de les inciter \u00e0 la r\u00e9ussite, am\u00e9liorer le taux de r\u00e9ussite du Baccalaur\u00e9at en C\u00f4te d\u2019Ivoire, d\u00e9nicher des \u00e9lites de demain et cr\u00e9er les conditions d\u2019un encadrement efficace. Tels sont les objectifs du Festival des bacheliers (Festibac) qui se tiendra du 12 [&hellip;]<\/p>\n","protected":false},"author":2,"featured_media":6160,"comment_status":"closed","ping_status":"closed","sticky":false,"template":"","format":"standard","meta":{"_acf_changed":false,"footnotes":""},"categories":[],"tags":[],"class_list":["post-6156","post","type-post","status-publish","format-standard","has-post-thumbnail","hentry"],"acf":[],"yoast_head":"<!-- This site is optimized with the Yoast SEO plugin v27.5 - https:\/\/yoast.com\/product\/yoast-seo-wordpress\/ -->\n<title>C\u00e9l\u00e9bration de l&#039;excellence : Lancement \u00e0 Abidjan de la 2\u00e8me \u00e9dition du Festival des bacheliers (Festibac) - Amanien| L&#039;actualit\u00e9 Ivoirienne et Internationale<\/title>\n<meta name=\"robots\" content=\"index, follow, max-snippet:-1, max-image-preview:large, max-video-preview:-1\" \/>\n<link rel=\"canonical\" href=\"https:\/\/www.amanien.info\/news\/celebration-de-lexcellence-lancement-a-abidjan-de-la-2eme-edition-du-festival-des-bacheliers-festibac\/\" \/>\n<meta property=\"og:locale\" content=\"fr_FR\" \/>\n<meta property=\"og:type\" content=\"article\" \/>\n<meta property=\"og:title\" content=\"C\u00e9l\u00e9bration de l&#039;excellence : Lancement \u00e0 Abidjan de la 2\u00e8me \u00e9dition du Festival des bacheliers (Festibac) - Amanien| L&#039;actualit\u00e9 Ivoirienne et Internationale\" \/>\n<meta property=\"og:description\" content=\"Contribuer \u00e0 am\u00e9liorer les performances du syst\u00e8me \u00e9ducatif, sensibiliser les candidats en vue de les inciter \u00e0 la r\u00e9ussite, am\u00e9liorer le taux de r\u00e9ussite du Baccalaur\u00e9at en C\u00f4te d\u2019Ivoire, d\u00e9nicher des \u00e9lites de demain et cr\u00e9er les conditions d\u2019un encadrement efficace. Tels sont les objectifs du Festival des bacheliers (Festibac) qui se tiendra du 12 [&hellip;]\" \/>\n<meta property=\"og:url\" content=\"https:\/\/www.amanien.info\/news\/celebration-de-lexcellence-lancement-a-abidjan-de-la-2eme-edition-du-festival-des-bacheliers-festibac\/\" \/>\n<meta property=\"og:site_name\" content=\"Amanien| L&#039;actualit\u00e9 Ivoirienne et Internationale\" \/>\n<meta property=\"article:published_time\" content=\"2024-05-26T09:53:42+00:00\" \/>\n<meta property=\"og:image\" content=\"https:\/\/www.amanien.info\/news\/wp-content\/uploads\/2024\/05\/IphkN7GR4l4MvTU.jpg\" \/>\n\t<meta property=\"og:image:width\" content=\"2048\" \/>\n\t<meta property=\"og:image:height\" content=\"1365\" \/>\n\t<meta property=\"og:image:type\" content=\"image\/jpeg\" \/>\n<meta name=\"author\" content=\"Germain Ndri\" \/>\n<meta name=\"twitter:card\" content=\"summary_large_image\" \/>\n<meta name=\"twitter:label1\" content=\"\u00c9crit par\" \/>\n\t<meta name=\"twitter:data1\" content=\"Germain Ndri\" \/>\n\t<meta name=\"twitter:label2\" content=\"Dur\u00e9e de lecture estim\u00e9e\" \/>\n\t<meta name=\"twitter:data2\" content=\"3 minutes\" \/>\n<script type=\"application\/ld+json\" class=\"yoast-schema-graph\">{\"@context\":\"https:\\\/\\\/schema.org\",\"@graph\":[{\"@type\":\"Article\",\"@id\":\"https:\\\/\\\/www.amanien.info\\\/news\\\/celebration-de-lexcellence-lancement-a-abidjan-de-la-2eme-edition-du-festival-des-bacheliers-festibac\\\/#article\",\"isPartOf\":{\"@id\":\"https:\\\/\\\/www.amanien.info\\\/news\\\/celebration-de-lexcellence-lancement-a-abidjan-de-la-2eme-edition-du-festival-des-bacheliers-festibac\\\/\"},\"author\":{\"name\":\"Germain Ndri\",\"@id\":\"https:\\\/\\\/www.amanien.info\\\/news\\\/#\\\/schema\\\/person\\\/b21093345753a1a98242d505bd894f42\"},\"headline\":\"C\u00e9l\u00e9bration de l&rsquo;excellence : Lancement \u00e0 Abidjan de la 2\u00e8me \u00e9dition du Festival des bacheliers (Festibac)\",\"datePublished\":\"2024-05-26T09:53:42+00:00\",\"mainEntityOfPage\":{\"@id\":\"https:\\\/\\\/www.amanien.info\\\/news\\\/celebration-de-lexcellence-lancement-a-abidjan-de-la-2eme-edition-du-festival-des-bacheliers-festibac\\\/\"},\"wordCount\":483,\"image\":{\"@id\":\"https:\\\/\\\/www.amanien.info\\\/news\\\/celebration-de-lexcellence-lancement-a-abidjan-de-la-2eme-edition-du-festival-des-bacheliers-festibac\\\/#primaryimage\"},\"thumbnailUrl\":\"https:\\\/\\\/www.amanien.info\\\/news\\\/wp-content\\\/uploads\\\/2024\\\/05\\\/IphkN7GR4l4MvTU.jpg\",\"inLanguage\":\"fr-FR\"},{\"@type\":\"WebPage\",\"@id\":\"https:\\\/\\\/www.amanien.info\\\/news\\\/celebration-de-lexcellence-lancement-a-abidjan-de-la-2eme-edition-du-festival-des-bacheliers-festibac\\\/\",\"url\":\"https:\\\/\\\/www.amanien.info\\\/news\\\/celebration-de-lexcellence-lancement-a-abidjan-de-la-2eme-edition-du-festival-des-bacheliers-festibac\\\/\",\"name\":\"C\u00e9l\u00e9bration de l'excellence : Lancement \u00e0 Abidjan de la 2\u00e8me \u00e9dition du Festival des bacheliers (Festibac) - Amanien| L&#039;actualit\u00e9 Ivoirienne et Internationale\",\"isPartOf\":{\"@id\":\"https:\\\/\\\/www.amanien.info\\\/news\\\/#website\"},\"primaryImageOfPage\":{\"@id\":\"https:\\\/\\\/www.amanien.info\\\/news\\\/celebration-de-lexcellence-lancement-a-abidjan-de-la-2eme-edition-du-festival-des-bacheliers-festibac\\\/#primaryimage\"},\"image\":{\"@id\":\"https:\\\/\\\/www.amanien.info\\\/news\\\/celebration-de-lexcellence-lancement-a-abidjan-de-la-2eme-edition-du-festival-des-bacheliers-festibac\\\/#primaryimage\"},\"thumbnailUrl\":\"https:\\\/\\\/www.amanien.info\\\/news\\\/wp-content\\\/uploads\\\/2024\\\/05\\\/IphkN7GR4l4MvTU.jpg\",\"datePublished\":\"2024-05-26T09:53:42+00:00\",\"author\":{\"@id\":\"https:\\\/\\\/www.amanien.info\\\/news\\\/#\\\/schema\\\/person\\\/b21093345753a1a98242d505bd894f42\"},\"breadcrumb\":{\"@id\":\"https:\\\/\\\/www.amanien.info\\\/news\\\/celebration-de-lexcellence-lancement-a-abidjan-de-la-2eme-edition-du-festival-des-bacheliers-festibac\\\/#breadcrumb\"},\"inLanguage\":\"fr-FR\",\"potentialAction\":[{\"@type\":\"ReadAction\",\"target\":[\"https:\\\/\\\/www.amanien.info\\\/news\\\/celebration-de-lexcellence-lancement-a-abidjan-de-la-2eme-edition-du-festival-des-bacheliers-festibac\\\/\"]}]},{\"@type\":\"ImageObject\",\"inLanguage\":\"fr-FR\",\"@id\":\"https:\\\/\\\/www.amanien.info\\\/news\\\/celebration-de-lexcellence-lancement-a-abidjan-de-la-2eme-edition-du-festival-des-bacheliers-festibac\\\/#primaryimage\",\"url\":\"https:\\\/\\\/www.amanien.info\\\/news\\\/wp-content\\\/uploads\\\/2024\\\/05\\\/IphkN7GR4l4MvTU.jpg\",\"contentUrl\":\"https:\\\/\\\/www.amanien.info\\\/news\\\/wp-content\\\/uploads\\\/2024\\\/05\\\/IphkN7GR4l4MvTU.jpg\",\"width\":2048,\"height\":1365},{\"@type\":\"BreadcrumbList\",\"@id\":\"https:\\\/\\\/www.amanien.info\\\/news\\\/celebration-de-lexcellence-lancement-a-abidjan-de-la-2eme-edition-du-festival-des-bacheliers-festibac\\\/#breadcrumb\",\"itemListElement\":[{\"@type\":\"ListItem\",\"position\":1,\"name\":\"Accueil\",\"item\":\"https:\\\/\\\/www.amanien.info\\\/news\\\/\"},{\"@type\":\"ListItem\",\"position\":2,\"name\":\"C\u00e9l\u00e9bration de l&rsquo;excellence : Lancement \u00e0 Abidjan de la 2\u00e8me \u00e9dition du Festival des bacheliers (Festibac)\"}]},{\"@type\":\"WebSite\",\"@id\":\"https:\\\/\\\/www.amanien.info\\\/news\\\/#website\",\"url\":\"https:\\\/\\\/www.amanien.info\\\/news\\\/\",\"name\":\"Amanien| L&#039;actualit\u00e9 Ivoirienne et Internationale\",\"description\":\"L&#039;actualit\u00e9 Ivoirienne et Internationale\",\"potentialAction\":[{\"@type\":\"SearchAction\",\"target\":{\"@type\":\"EntryPoint\",\"urlTemplate\":\"https:\\\/\\\/www.amanien.info\\\/news\\\/?s={search_term_string}\"},\"query-input\":{\"@type\":\"PropertyValueSpecification\",\"valueRequired\":true,\"valueName\":\"search_term_string\"}}],\"inLanguage\":\"fr-FR\"},{\"@type\":\"Person\",\"@id\":\"https:\\\/\\\/www.amanien.info\\\/news\\\/#\\\/schema\\\/person\\\/b21093345753a1a98242d505bd894f42\",\"name\":\"Germain Ndri\",\"url\":\"https:\\\/\\\/www.amanien.info\\\/news\\\/author\\\/amanien-infos\\\/\"}]}<\/script>\n<!-- \/ Yoast SEO plugin. -->","yoast_head_json":{"title":"C\u00e9l\u00e9bration de l'excellence : Lancement \u00e0 Abidjan de la 2\u00e8me \u00e9dition du Festival des bacheliers (Festibac) - Amanien| L&#039;actualit\u00e9 Ivoirienne et Internationale","robots":{"index":"index","follow":"follow","max-snippet":"max-snippet:-1","max-image-preview":"max-image-preview:large","max-video-preview":"max-video-preview:-1"},"canonical":"https:\/\/www.amanien.info\/news\/celebration-de-lexcellence-lancement-a-abidjan-de-la-2eme-edition-du-festival-des-bacheliers-festibac\/","og_locale":"fr_FR","og_type":"article","og_title":"C\u00e9l\u00e9bration de l'excellence : Lancement \u00e0 Abidjan de la 2\u00e8me \u00e9dition du Festival des bacheliers (Festibac) - Amanien| L&#039;actualit\u00e9 Ivoirienne et Internationale","og_description":"Contribuer \u00e0 am\u00e9liorer les performances du syst\u00e8me \u00e9ducatif, sensibiliser les candidats en vue de les inciter \u00e0 la r\u00e9ussite, am\u00e9liorer le taux de r\u00e9ussite du Baccalaur\u00e9at en C\u00f4te d\u2019Ivoire, d\u00e9nicher des \u00e9lites de demain et cr\u00e9er les conditions d\u2019un encadrement efficace. Tels sont les objectifs du Festival des bacheliers (Festibac) qui se tiendra du 12 [&hellip;]","og_url":"https:\/\/www.amanien.info\/news\/celebration-de-lexcellence-lancement-a-abidjan-de-la-2eme-edition-du-festival-des-bacheliers-festibac\/","og_site_name":"Amanien| L&#039;actualit\u00e9 Ivoirienne et Internationale","article_published_time":"2024-05-26T09:53:42+00:00","og_image":[{"width":2048,"height":1365,"url":"https:\/\/www.amanien.info\/news\/wp-content\/uploads\/2024\/05\/IphkN7GR4l4MvTU.jpg","type":"image\/jpeg"}],"author":"Germain Ndri","twitter_card":"summary_large_image","twitter_misc":{"\u00c9crit par":"Germain Ndri","Dur\u00e9e de lecture estim\u00e9e":"3 minutes"},"schema":{"@context":"https:\/\/schema.org","@graph":[{"@type":"Article","@id":"https:\/\/www.amanien.info\/news\/celebration-de-lexcellence-lancement-a-abidjan-de-la-2eme-edition-du-festival-des-bacheliers-festibac\/#article","isPartOf":{"@id":"https:\/\/www.amanien.info\/news\/celebration-de-lexcellence-lancement-a-abidjan-de-la-2eme-edition-du-festival-des-bacheliers-festibac\/"},"author":{"name":"Germain Ndri","@id":"https:\/\/www.amanien.info\/news\/#\/schema\/person\/b21093345753a1a98242d505bd894f42"},"headline":"C\u00e9l\u00e9bration de l&rsquo;excellence : Lancement \u00e0 Abidjan de la 2\u00e8me \u00e9dition du Festival des bacheliers (Festibac)","datePublished":"2024-05-26T09:53:42+00:00","mainEntityOfPage":{"@id":"https:\/\/www.amanien.info\/news\/celebration-de-lexcellence-lancement-a-abidjan-de-la-2eme-edition-du-festival-des-bacheliers-festibac\/"},"wordCount":483,"image":{"@id":"https:\/\/www.amanien.info\/news\/celebration-de-lexcellence-lancement-a-abidjan-de-la-2eme-edition-du-festival-des-bacheliers-festibac\/#primaryimage"},"thumbnailUrl":"https:\/\/www.amanien.info\/news\/wp-content\/uploads\/2024\/05\/IphkN7GR4l4MvTU.jpg","inLanguage":"fr-FR"},{"@type":"WebPage","@id":"https:\/\/www.amanien.info\/news\/celebration-de-lexcellence-lancement-a-abidjan-de-la-2eme-edition-du-festival-des-bacheliers-festibac\/","url":"https:\/\/www.amanien.info\/news\/celebration-de-lexcellence-lancement-a-abidjan-de-la-2eme-edition-du-festival-des-bacheliers-festibac\/","name":"C\u00e9l\u00e9bration de l'excellence : Lancement \u00e0 Abidjan de la 2\u00e8me \u00e9dition du Festival des bacheliers (Festibac) - Amanien| L&#039;actualit\u00e9 Ivoirienne et Internationale","isPartOf":{"@id":"https:\/\/www.amanien.info\/news\/#website"},"primaryImageOfPage":{"@id":"https:\/\/www.amanien.info\/news\/celebration-de-lexcellence-lancement-a-abidjan-de-la-2eme-edition-du-festival-des-bacheliers-festibac\/#primaryimage"},"image":{"@id":"https:\/\/www.amanien.info\/news\/celebration-de-lexcellence-lancement-a-abidjan-de-la-2eme-edition-du-festival-des-bacheliers-festibac\/#primaryimage"},"thumbnailUrl":"https:\/\/www.amanien.info\/news\/wp-content\/uploads\/2024\/05\/IphkN7GR4l4MvTU.jpg","datePublished":"2024-05-26T09:53:42+00:00","author":{"@id":"https:\/\/www.amanien.info\/news\/#\/schema\/person\/b21093345753a1a98242d505bd894f42"},"breadcrumb":{"@id":"https:\/\/www.amanien.info\/news\/celebration-de-lexcellence-lancement-a-abidjan-de-la-2eme-edition-du-festival-des-bacheliers-festibac\/#breadcrumb"},"inLanguage":"fr-FR","potentialAction":[{"@type":"ReadAction","target":["https:\/\/www.amanien.info\/news\/celebration-de-lexcellence-lancement-a-abidjan-de-la-2eme-edition-du-festival-des-bacheliers-festibac\/"]}]},{"@type":"ImageObject","inLanguage":"fr-FR","@id":"https:\/\/www.amanien.info\/news\/celebration-de-lexcellence-lancement-a-abidjan-de-la-2eme-edition-du-festival-des-bacheliers-festibac\/#primaryimage","url":"https:\/\/www.amanien.info\/news\/wp-content\/uploads\/2024\/05\/IphkN7GR4l4MvTU.jpg","contentUrl":"https:\/\/www.amanien.info\/news\/wp-content\/uploads\/2024\/05\/IphkN7GR4l4MvTU.jpg","width":2048,"height":1365},{"@type":"BreadcrumbList","@id":"https:\/\/www.amanien.info\/news\/celebration-de-lexcellence-lancement-a-abidjan-de-la-2eme-edition-du-festival-des-bacheliers-festibac\/#breadcrumb","itemListElement":[{"@type":"ListItem","position":1,"name":"Accueil","item":"https:\/\/www.amanien.info\/news\/"},{"@type":"ListItem","position":2,"name":"C\u00e9l\u00e9bration de l&rsquo;excellence : Lancement \u00e0 Abidjan de la 2\u00e8me \u00e9dition du Festival des bacheliers (Festibac)"}]},{"@type":"WebSite","@id":"https:\/\/www.amanien.info\/news\/#website","url":"https:\/\/www.amanien.info\/news\/","name":"Amanien| L&#039;actualit\u00e9 Ivoirienne et Internationale","description":"L&#039;actualit\u00e9 Ivoirienne et Internationale","potentialAction":[{"@type":"SearchAction","target":{"@type":"EntryPoint","urlTemplate":"https:\/\/www.amanien.info\/news\/?s={search_term_string}"},"query-input":{"@type":"PropertyValueSpecification","valueRequired":true,"valueName":"search_term_string"}}],"inLanguage":"fr-FR"},{"@type":"Person","@id":"https:\/\/www.amanien.info\/news\/#\/schema\/person\/b21093345753a1a98242d505bd894f42","name":"Germain Ndri","url":"https:\/\/www.amanien.info\/news\/author\/amanien-infos\/"}]}},"_links":{"self":[{"href":"https:\/\/www.amanien.info\/news\/wp-json\/wp\/v2\/posts\/6156","targetHints":{"allow":["GET"]}}],"collection":[{"href":"https:\/\/www.amanien.info\/news\/wp-json\/wp\/v2\/posts"}],"about":[{"href":"https:\/\/www.amanien.info\/news\/wp-json\/wp\/v2\/types\/post"}],"author":[{"embeddable":true,"href":"https:\/\/www.amanien.info\/news\/wp-json\/wp\/v2\/users\/2"}],"replies":[{"embeddable":true,"href":"https:\/\/www.amanien.info\/news\/wp-json\/wp\/v2\/comments?post=6156"}],"version-history":[{"count":1,"href":"https:\/\/www.amanien.info\/news\/wp-json\/wp\/v2\/posts\/6156\/revisions"}],"predecessor-version":[{"id":6161,"href":"https:\/\/www.amanien.info\/news\/wp-json\/wp\/v2\/posts\/6156\/revisions\/6161"}],"wp:featuredmedia":[{"embeddable":true,"href":"https:\/\/www.amanien.info\/news\/wp-json\/wp\/v2\/media\/6160"}],"wp:attachment":[{"href":"https:\/\/www.amanien.info\/news\/wp-json\/wp\/v2\/media?parent=6156"}],"wp:term":[{"taxonomy":"category","embeddable":true,"href":"https:\/\/www.amanien.info\/news\/wp-json\/wp\/v2\/categories?post=6156"},{"taxonomy":"post_tag","embeddable":true,"href":"https:\/\/www.amanien.info\/news\/wp-json\/wp\/v2\/tags?post=6156"}],"curies":[{"name":"wp","href":"https:\/\/api.w.org\/{rel}","templated":true}]}}