{"id":6134,"date":"2024-05-16T05:38:32","date_gmt":"2024-05-16T05:38:32","guid":{"rendered":"https:\/\/www.amanien.info\/news\/?p=6134"},"modified":"2024-05-16T05:38:32","modified_gmt":"2024-05-16T05:38:32","slug":"prise-en-charge-et-inclusion-sociale-des-aveugles-linipa-celebre-ses-50-ans","status":"publish","type":"post","link":"https:\/\/www.amanien.info\/news\/prise-en-charge-et-inclusion-sociale-des-aveugles-linipa-celebre-ses-50-ans\/","title":{"rendered":"Prise en charge et inclusion sociale des aveugles : l&rsquo;INIPA c\u00e9l\u00e8bre ses 50 ans\u00a0"},"content":{"rendered":"<p>&nbsp;<\/p>\n<div><span style=\"text-transform: initial;\">Les festivit\u00e9s du cinquantenaire de l&rsquo;Institut National Ivoirien pour la Promotion des Aveugles (INIPA) ont d\u00e9but\u00e9, ce mercredi 15 mai 2024, dans les locaux de ladite institution, dans plus grande commune de C\u00f4te d&rsquo;Ivoire, Yopougon.\u00a0<\/span><\/div>\n<div><\/div>\n<div>\u00c9taient pr\u00e9sents \u00e0 la c\u00e9r\u00e9monie d&rsquo;ouverture, des Chefs d&rsquo;entreprise, des partenaires, des associations de bienveillance et ONG, des Repr\u00e9sentants de Chefs d&rsquo;\u00e9tablissements et d\u00e9l\u00e9gations d&rsquo;\u00e9l\u00e8ves des lyc\u00e9es et coll\u00e8ges, parents d&rsquo;\u00e9l\u00e8ves, des personnes ayant servi dans l&rsquo;encadrement des pensionnaires ainsi que des ex-pensionnaires.<\/div>\n<div><\/div>\n<div><\/div>\n<div><\/div>\n<div>L&rsquo;objectif de ce cinquantaine est, aux dires du Directeur de l&rsquo;INIPA, M. Pokou Komenan dit Anzoumanan, de marquer un arr\u00eat puis dresser le bilan et proposer des perspectives.<\/div>\n<div><\/div>\n<div>Dans son intervention, il s&rsquo;est r\u00e9joui et a affirm\u00e9 que le bilan est positif. En effet, depuis son arriv\u00e9e \u00e0 la t\u00eate de l&rsquo;\u00e9tablissement en septembre 2006, le nombre de b\u00e2timents construits est pass\u00e9 de 13 \u00e0 22(soit 09 nouveaux b\u00e2timents construits). Au niveau de la p\u00e9dagogie, l&rsquo;INIPA dispose aujourd&rsquo;hui de mat\u00e9riels didactiques (tablettes, ordinateurs, etc) disponibles pour tous les apprenants et de personnels administratifs, a-t-il indiqu\u00e9, confiant qu&rsquo;il y a pr\u00e8s de 200 mat\u00e9riels stock\u00e9s.<\/div>\n<div><\/div>\n<div>Cependant, souligne-t-il, il y a \u00ab\u00a0beaucoup \u00e0 faire\u00a0\u00bb. A savoir, des grands travaux de r\u00e9habilitation au sein de l&rsquo;Institut, la construction d&rsquo;un coll\u00e8ge d&rsquo;inclusion au sein de l&rsquo;INIPA, a-t-il relev\u00e9.<\/div>\n<div><\/div>\n<div>Avant de souhaiter l&rsquo;obtention de nouveaux cars de ramassage des \u00e9l\u00e8ves.<\/div>\n<div><\/div>\n<div>Repr\u00e9sentant la Directrice G\u00e9n\u00e9rale \u00e0 cette importante c\u00e9r\u00e9monie, le Pr\u00e9sident du comit\u00e9 de Planification et de strat\u00e9gie du Groupe SNEIDAI, M. Goly Kouassi, a r\u00e9affirm\u00e9 l&rsquo;engagement et le soutien de l&rsquo;entreprise citoyenne, en l&rsquo;occurrence Sneidai \u00e0 l&rsquo;INIPA. A l&rsquo;en croire, le Groupe SNEIDAI a r\u00e9habilit\u00e9 et \u00e9quip\u00e9 les locaux de l&rsquo;INIPA \u00e0 hauteur de 40 millions de FCFA.<\/div>\n<div><\/div>\n<div><\/div>\n<div>Cette r\u00e9habilitation des locaux de l&rsquo;institution a concern\u00e9 les b\u00e2timents( salles de classe, aires de jeu, dortoirs, r\u00e9fectoire, ateliers de formation, centre de sant\u00e9, ferme&#8230;), avec des travaux compl\u00e9mentaires comprenant la r\u00e9paration d&rsquo;installation sanitaire, la modernisation des dortoirs filles et gar\u00e7ons, la mise en place d&rsquo;un syst\u00e8me d&rsquo;\u00e9clairage et de ventilation am\u00e9lior\u00e9, la cr\u00e9ation de chemins et espaces sp\u00e9cifiques, etc.<\/div>\n<div><\/div>\n<div>A l&rsquo;occasion de la c\u00e9l\u00e9bration de ce cinquantenaire, le Groupe SNEIDAI a \u00e9galement fait un don symbolique \u00e0 l&rsquo;INIPA, compos\u00e9 200 serviettes de bain, de 100 corbeilles \u00e0 papier ainsi que 100 draps et al\u00e8ses une place.<\/div>\n<div><\/div>\n<div>Le programme d&rsquo;entreprise engag\u00e9e et responsable de SNEIDAI Groupe, faut-il le souligner, encourage \u00e0 promouvoir et \u00e0 participer activement \u00e0 tout projet de performance durable, pour le bien-\u00eatre des populations.<\/div>\n<div><\/div>\n<div>Notons que ces festivit\u00e9s, qui se d\u00e9rouleront sur trois (3) journ\u00e9es (15, 16 et 17 mai), seront riches en activit\u00e9s notamment des t\u00e9moignages de parents pensionnaires, une d\u00e9monstration de c\u00e9cifoot, des ballets, des concours de danse du personnel, un mini-concert , un fitness du personnel, un match de gala qui mettra aux prises le personnel INIPA et personnel ECIS (\u00c9cole Ivoirienne des Sourds), un match de c\u00e9cifoot des pensionnaires, des prestations d&rsquo;artistes, une kermesse, etc.<\/div>\n<div>Elles s&rsquo;ach\u00e8veront par une c\u00e9r\u00e9monie, qui se tiendra, vendredi, \u00e0 l&rsquo;Ecole ivoirienne des Sourds.<\/div>\n<div><\/div>\n<div>Cr\u00e9\u00e9 depuis 1974, rappelle-t-on, l&rsquo;INIPA est le principal Centre national d\u00e9di\u00e9 \u00e0 la prise en charge et l&rsquo;inclusion sociale des mal voyants en C\u00f4te d&rsquo;Ivoire. Il comprend plus de 150 personnes au niveau de son personnel administratif, plus de 300 pensionnaires dont 154 internes issus de la maternelle, du primaire, des coll\u00e8ges,\u00a0 des lyc\u00e9es et formations professionnelles. Il est b\u00e2ti sur une superficie de 4 hectares et situ\u00e9 \u00e0 Yopougon Groupement Foncier.<\/div>\n<div><\/div>\n<div><b>Sunday Alain\u00a0<\/b><\/div>\n<div><\/div>\n","protected":false},"excerpt":{"rendered":"<p>&nbsp; Les festivit\u00e9s du cinquantenaire de l&rsquo;Institut National Ivoirien pour la Promotion des Aveugles (INIPA) ont d\u00e9but\u00e9, ce mercredi 15 mai 2024, dans les locaux de ladite institution, dans plus grande commune de C\u00f4te d&rsquo;Ivoire, Yopougon.\u00a0 \u00c9taient pr\u00e9sents \u00e0 la c\u00e9r\u00e9monie d&rsquo;ouverture, des Chefs d&rsquo;entreprise, des partenaires, des associations de bienveillance et ONG, des Repr\u00e9sentants [&hellip;]<\/p>\n","protected":false},"author":2,"featured_media":6136,"comment_status":"closed","ping_status":"closed","sticky":false,"template":"","format":"standard","meta":{"_acf_changed":false,"footnotes":""},"categories":[1],"tags":[],"class_list":["post-6134","post","type-post","status-publish","format-standard","has-post-thumbnail","hentry","category-national"],"acf":[],"yoast_head":"<!-- This site is optimized with the Yoast SEO plugin v27.5 - https:\/\/yoast.com\/product\/yoast-seo-wordpress\/ -->\n<title>Prise en charge et inclusion sociale des aveugles : l&#039;INIPA c\u00e9l\u00e8bre ses 50 ans\u00a0 - Amanien| L&#039;actualit\u00e9 Ivoirienne et Internationale<\/title>\n<meta name=\"robots\" content=\"index, follow, max-snippet:-1, max-image-preview:large, max-video-preview:-1\" \/>\n<link rel=\"canonical\" href=\"https:\/\/www.amanien.info\/news\/prise-en-charge-et-inclusion-sociale-des-aveugles-linipa-celebre-ses-50-ans\/\" \/>\n<meta property=\"og:locale\" content=\"fr_FR\" \/>\n<meta property=\"og:type\" content=\"article\" \/>\n<meta property=\"og:title\" content=\"Prise en charge et inclusion sociale des aveugles : l&#039;INIPA c\u00e9l\u00e8bre ses 50 ans\u00a0 - Amanien| L&#039;actualit\u00e9 Ivoirienne et Internationale\" \/>\n<meta property=\"og:description\" content=\"&nbsp; Les festivit\u00e9s du cinquantenaire de l&rsquo;Institut National Ivoirien pour la Promotion des Aveugles (INIPA) ont d\u00e9but\u00e9, ce mercredi 15 mai 2024, dans les locaux de ladite institution, dans plus grande commune de C\u00f4te d&rsquo;Ivoire, Yopougon.\u00a0 \u00c9taient pr\u00e9sents \u00e0 la c\u00e9r\u00e9monie d&rsquo;ouverture, des Chefs d&rsquo;entreprise, des partenaires, des associations de bienveillance et ONG, des Repr\u00e9sentants [&hellip;]\" \/>\n<meta property=\"og:url\" content=\"https:\/\/www.amanien.info\/news\/prise-en-charge-et-inclusion-sociale-des-aveugles-linipa-celebre-ses-50-ans\/\" \/>\n<meta property=\"og:site_name\" content=\"Amanien| L&#039;actualit\u00e9 Ivoirienne et Internationale\" \/>\n<meta property=\"article:published_time\" content=\"2024-05-16T05:38:32+00:00\" \/>\n<meta property=\"og:image\" content=\"https:\/\/www.amanien.info\/news\/wp-content\/uploads\/2024\/05\/IMG-20240515-WA0075.jpg\" \/>\n\t<meta property=\"og:image:width\" content=\"1120\" \/>\n\t<meta property=\"og:image:height\" content=\"504\" \/>\n\t<meta property=\"og:image:type\" content=\"image\/jpeg\" \/>\n<meta name=\"author\" content=\"Germain Ndri\" \/>\n<meta name=\"twitter:card\" content=\"summary_large_image\" \/>\n<meta name=\"twitter:label1\" content=\"\u00c9crit par\" \/>\n\t<meta name=\"twitter:data1\" content=\"Germain Ndri\" \/>\n\t<meta name=\"twitter:label2\" content=\"Dur\u00e9e de lecture estim\u00e9e\" \/>\n\t<meta name=\"twitter:data2\" content=\"4 minutes\" \/>\n<script type=\"application\/ld+json\" class=\"yoast-schema-graph\">{\"@context\":\"https:\\\/\\\/schema.org\",\"@graph\":[{\"@type\":\"Article\",\"@id\":\"https:\\\/\\\/www.amanien.info\\\/news\\\/prise-en-charge-et-inclusion-sociale-des-aveugles-linipa-celebre-ses-50-ans\\\/#article\",\"isPartOf\":{\"@id\":\"https:\\\/\\\/www.amanien.info\\\/news\\\/prise-en-charge-et-inclusion-sociale-des-aveugles-linipa-celebre-ses-50-ans\\\/\"},\"author\":{\"name\":\"Germain Ndri\",\"@id\":\"https:\\\/\\\/www.amanien.info\\\/news\\\/#\\\/schema\\\/person\\\/b21093345753a1a98242d505bd894f42\"},\"headline\":\"Prise en charge et inclusion sociale des aveugles : l&rsquo;INIPA c\u00e9l\u00e8bre ses 50 ans\u00a0\",\"datePublished\":\"2024-05-16T05:38:32+00:00\",\"mainEntityOfPage\":{\"@id\":\"https:\\\/\\\/www.amanien.info\\\/news\\\/prise-en-charge-et-inclusion-sociale-des-aveugles-linipa-celebre-ses-50-ans\\\/\"},\"wordCount\":658,\"image\":{\"@id\":\"https:\\\/\\\/www.amanien.info\\\/news\\\/prise-en-charge-et-inclusion-sociale-des-aveugles-linipa-celebre-ses-50-ans\\\/#primaryimage\"},\"thumbnailUrl\":\"https:\\\/\\\/www.amanien.info\\\/news\\\/wp-content\\\/uploads\\\/2024\\\/05\\\/IMG-20240515-WA0075.jpg\",\"articleSection\":[\"National\"],\"inLanguage\":\"fr-FR\"},{\"@type\":\"WebPage\",\"@id\":\"https:\\\/\\\/www.amanien.info\\\/news\\\/prise-en-charge-et-inclusion-sociale-des-aveugles-linipa-celebre-ses-50-ans\\\/\",\"url\":\"https:\\\/\\\/www.amanien.info\\\/news\\\/prise-en-charge-et-inclusion-sociale-des-aveugles-linipa-celebre-ses-50-ans\\\/\",\"name\":\"Prise en charge et inclusion sociale des aveugles : l'INIPA c\u00e9l\u00e8bre ses 50 ans\u00a0 - Amanien| L&#039;actualit\u00e9 Ivoirienne et Internationale\",\"isPartOf\":{\"@id\":\"https:\\\/\\\/www.amanien.info\\\/news\\\/#website\"},\"primaryImageOfPage\":{\"@id\":\"https:\\\/\\\/www.amanien.info\\\/news\\\/prise-en-charge-et-inclusion-sociale-des-aveugles-linipa-celebre-ses-50-ans\\\/#primaryimage\"},\"image\":{\"@id\":\"https:\\\/\\\/www.amanien.info\\\/news\\\/prise-en-charge-et-inclusion-sociale-des-aveugles-linipa-celebre-ses-50-ans\\\/#primaryimage\"},\"thumbnailUrl\":\"https:\\\/\\\/www.amanien.info\\\/news\\\/wp-content\\\/uploads\\\/2024\\\/05\\\/IMG-20240515-WA0075.jpg\",\"datePublished\":\"2024-05-16T05:38:32+00:00\",\"author\":{\"@id\":\"https:\\\/\\\/www.amanien.info\\\/news\\\/#\\\/schema\\\/person\\\/b21093345753a1a98242d505bd894f42\"},\"breadcrumb\":{\"@id\":\"https:\\\/\\\/www.amanien.info\\\/news\\\/prise-en-charge-et-inclusion-sociale-des-aveugles-linipa-celebre-ses-50-ans\\\/#breadcrumb\"},\"inLanguage\":\"fr-FR\",\"potentialAction\":[{\"@type\":\"ReadAction\",\"target\":[\"https:\\\/\\\/www.amanien.info\\\/news\\\/prise-en-charge-et-inclusion-sociale-des-aveugles-linipa-celebre-ses-50-ans\\\/\"]}]},{\"@type\":\"ImageObject\",\"inLanguage\":\"fr-FR\",\"@id\":\"https:\\\/\\\/www.amanien.info\\\/news\\\/prise-en-charge-et-inclusion-sociale-des-aveugles-linipa-celebre-ses-50-ans\\\/#primaryimage\",\"url\":\"https:\\\/\\\/www.amanien.info\\\/news\\\/wp-content\\\/uploads\\\/2024\\\/05\\\/IMG-20240515-WA0075.jpg\",\"contentUrl\":\"https:\\\/\\\/www.amanien.info\\\/news\\\/wp-content\\\/uploads\\\/2024\\\/05\\\/IMG-20240515-WA0075.jpg\",\"width\":1120,\"height\":504},{\"@type\":\"BreadcrumbList\",\"@id\":\"https:\\\/\\\/www.amanien.info\\\/news\\\/prise-en-charge-et-inclusion-sociale-des-aveugles-linipa-celebre-ses-50-ans\\\/#breadcrumb\",\"itemListElement\":[{\"@type\":\"ListItem\",\"position\":1,\"name\":\"Accueil\",\"item\":\"https:\\\/\\\/www.amanien.info\\\/news\\\/\"},{\"@type\":\"ListItem\",\"position\":2,\"name\":\"Prise en charge et inclusion sociale des aveugles : l&rsquo;INIPA c\u00e9l\u00e8bre ses 50 ans\u00a0\"}]},{\"@type\":\"WebSite\",\"@id\":\"https:\\\/\\\/www.amanien.info\\\/news\\\/#website\",\"url\":\"https:\\\/\\\/www.amanien.info\\\/news\\\/\",\"name\":\"Amanien| L&#039;actualit\u00e9 Ivoirienne et Internationale\",\"description\":\"L&#039;actualit\u00e9 Ivoirienne et Internationale\",\"potentialAction\":[{\"@type\":\"SearchAction\",\"target\":{\"@type\":\"EntryPoint\",\"urlTemplate\":\"https:\\\/\\\/www.amanien.info\\\/news\\\/?s={search_term_string}\"},\"query-input\":{\"@type\":\"PropertyValueSpecification\",\"valueRequired\":true,\"valueName\":\"search_term_string\"}}],\"inLanguage\":\"fr-FR\"},{\"@type\":\"Person\",\"@id\":\"https:\\\/\\\/www.amanien.info\\\/news\\\/#\\\/schema\\\/person\\\/b21093345753a1a98242d505bd894f42\",\"name\":\"Germain Ndri\",\"url\":\"https:\\\/\\\/www.amanien.info\\\/news\\\/author\\\/amanien-infos\\\/\"}]}<\/script>\n<!-- \/ Yoast SEO plugin. -->","yoast_head_json":{"title":"Prise en charge et inclusion sociale des aveugles : l'INIPA c\u00e9l\u00e8bre ses 50 ans\u00a0 - Amanien| L&#039;actualit\u00e9 Ivoirienne et Internationale","robots":{"index":"index","follow":"follow","max-snippet":"max-snippet:-1","max-image-preview":"max-image-preview:large","max-video-preview":"max-video-preview:-1"},"canonical":"https:\/\/www.amanien.info\/news\/prise-en-charge-et-inclusion-sociale-des-aveugles-linipa-celebre-ses-50-ans\/","og_locale":"fr_FR","og_type":"article","og_title":"Prise en charge et inclusion sociale des aveugles : l'INIPA c\u00e9l\u00e8bre ses 50 ans\u00a0 - Amanien| L&#039;actualit\u00e9 Ivoirienne et Internationale","og_description":"&nbsp; Les festivit\u00e9s du cinquantenaire de l&rsquo;Institut National Ivoirien pour la Promotion des Aveugles (INIPA) ont d\u00e9but\u00e9, ce mercredi 15 mai 2024, dans les locaux de ladite institution, dans plus grande commune de C\u00f4te d&rsquo;Ivoire, Yopougon.\u00a0 \u00c9taient pr\u00e9sents \u00e0 la c\u00e9r\u00e9monie d&rsquo;ouverture, des Chefs d&rsquo;entreprise, des partenaires, des associations de bienveillance et ONG, des Repr\u00e9sentants [&hellip;]","og_url":"https:\/\/www.amanien.info\/news\/prise-en-charge-et-inclusion-sociale-des-aveugles-linipa-celebre-ses-50-ans\/","og_site_name":"Amanien| L&#039;actualit\u00e9 Ivoirienne et Internationale","article_published_time":"2024-05-16T05:38:32+00:00","og_image":[{"width":1120,"height":504,"url":"https:\/\/www.amanien.info\/news\/wp-content\/uploads\/2024\/05\/IMG-20240515-WA0075.jpg","type":"image\/jpeg"}],"author":"Germain Ndri","twitter_card":"summary_large_image","twitter_misc":{"\u00c9crit par":"Germain Ndri","Dur\u00e9e de lecture estim\u00e9e":"4 minutes"},"schema":{"@context":"https:\/\/schema.org","@graph":[{"@type":"Article","@id":"https:\/\/www.amanien.info\/news\/prise-en-charge-et-inclusion-sociale-des-aveugles-linipa-celebre-ses-50-ans\/#article","isPartOf":{"@id":"https:\/\/www.amanien.info\/news\/prise-en-charge-et-inclusion-sociale-des-aveugles-linipa-celebre-ses-50-ans\/"},"author":{"name":"Germain Ndri","@id":"https:\/\/www.amanien.info\/news\/#\/schema\/person\/b21093345753a1a98242d505bd894f42"},"headline":"Prise en charge et inclusion sociale des aveugles : l&rsquo;INIPA c\u00e9l\u00e8bre ses 50 ans\u00a0","datePublished":"2024-05-16T05:38:32+00:00","mainEntityOfPage":{"@id":"https:\/\/www.amanien.info\/news\/prise-en-charge-et-inclusion-sociale-des-aveugles-linipa-celebre-ses-50-ans\/"},"wordCount":658,"image":{"@id":"https:\/\/www.amanien.info\/news\/prise-en-charge-et-inclusion-sociale-des-aveugles-linipa-celebre-ses-50-ans\/#primaryimage"},"thumbnailUrl":"https:\/\/www.amanien.info\/news\/wp-content\/uploads\/2024\/05\/IMG-20240515-WA0075.jpg","articleSection":["National"],"inLanguage":"fr-FR"},{"@type":"WebPage","@id":"https:\/\/www.amanien.info\/news\/prise-en-charge-et-inclusion-sociale-des-aveugles-linipa-celebre-ses-50-ans\/","url":"https:\/\/www.amanien.info\/news\/prise-en-charge-et-inclusion-sociale-des-aveugles-linipa-celebre-ses-50-ans\/","name":"Prise en charge et inclusion sociale des aveugles : l'INIPA c\u00e9l\u00e8bre ses 50 ans\u00a0 - Amanien| L&#039;actualit\u00e9 Ivoirienne et Internationale","isPartOf":{"@id":"https:\/\/www.amanien.info\/news\/#website"},"primaryImageOfPage":{"@id":"https:\/\/www.amanien.info\/news\/prise-en-charge-et-inclusion-sociale-des-aveugles-linipa-celebre-ses-50-ans\/#primaryimage"},"image":{"@id":"https:\/\/www.amanien.info\/news\/prise-en-charge-et-inclusion-sociale-des-aveugles-linipa-celebre-ses-50-ans\/#primaryimage"},"thumbnailUrl":"https:\/\/www.amanien.info\/news\/wp-content\/uploads\/2024\/05\/IMG-20240515-WA0075.jpg","datePublished":"2024-05-16T05:38:32+00:00","author":{"@id":"https:\/\/www.amanien.info\/news\/#\/schema\/person\/b21093345753a1a98242d505bd894f42"},"breadcrumb":{"@id":"https:\/\/www.amanien.info\/news\/prise-en-charge-et-inclusion-sociale-des-aveugles-linipa-celebre-ses-50-ans\/#breadcrumb"},"inLanguage":"fr-FR","potentialAction":[{"@type":"ReadAction","target":["https:\/\/www.amanien.info\/news\/prise-en-charge-et-inclusion-sociale-des-aveugles-linipa-celebre-ses-50-ans\/"]}]},{"@type":"ImageObject","inLanguage":"fr-FR","@id":"https:\/\/www.amanien.info\/news\/prise-en-charge-et-inclusion-sociale-des-aveugles-linipa-celebre-ses-50-ans\/#primaryimage","url":"https:\/\/www.amanien.info\/news\/wp-content\/uploads\/2024\/05\/IMG-20240515-WA0075.jpg","contentUrl":"https:\/\/www.amanien.info\/news\/wp-content\/uploads\/2024\/05\/IMG-20240515-WA0075.jpg","width":1120,"height":504},{"@type":"BreadcrumbList","@id":"https:\/\/www.amanien.info\/news\/prise-en-charge-et-inclusion-sociale-des-aveugles-linipa-celebre-ses-50-ans\/#breadcrumb","itemListElement":[{"@type":"ListItem","position":1,"name":"Accueil","item":"https:\/\/www.amanien.info\/news\/"},{"@type":"ListItem","position":2,"name":"Prise en charge et inclusion sociale des aveugles : l&rsquo;INIPA c\u00e9l\u00e8bre ses 50 ans\u00a0"}]},{"@type":"WebSite","@id":"https:\/\/www.amanien.info\/news\/#website","url":"https:\/\/www.amanien.info\/news\/","name":"Amanien| L&#039;actualit\u00e9 Ivoirienne et Internationale","description":"L&#039;actualit\u00e9 Ivoirienne et Internationale","potentialAction":[{"@type":"SearchAction","target":{"@type":"EntryPoint","urlTemplate":"https:\/\/www.amanien.info\/news\/?s={search_term_string}"},"query-input":{"@type":"PropertyValueSpecification","valueRequired":true,"valueName":"search_term_string"}}],"inLanguage":"fr-FR"},{"@type":"Person","@id":"https:\/\/www.amanien.info\/news\/#\/schema\/person\/b21093345753a1a98242d505bd894f42","name":"Germain Ndri","url":"https:\/\/www.amanien.info\/news\/author\/amanien-infos\/"}]}},"_links":{"self":[{"href":"https:\/\/www.amanien.info\/news\/wp-json\/wp\/v2\/posts\/6134","targetHints":{"allow":["GET"]}}],"collection":[{"href":"https:\/\/www.amanien.info\/news\/wp-json\/wp\/v2\/posts"}],"about":[{"href":"https:\/\/www.amanien.info\/news\/wp-json\/wp\/v2\/types\/post"}],"author":[{"embeddable":true,"href":"https:\/\/www.amanien.info\/news\/wp-json\/wp\/v2\/users\/2"}],"replies":[{"embeddable":true,"href":"https:\/\/www.amanien.info\/news\/wp-json\/wp\/v2\/comments?post=6134"}],"version-history":[{"count":1,"href":"https:\/\/www.amanien.info\/news\/wp-json\/wp\/v2\/posts\/6134\/revisions"}],"predecessor-version":[{"id":6137,"href":"https:\/\/www.amanien.info\/news\/wp-json\/wp\/v2\/posts\/6134\/revisions\/6137"}],"wp:featuredmedia":[{"embeddable":true,"href":"https:\/\/www.amanien.info\/news\/wp-json\/wp\/v2\/media\/6136"}],"wp:attachment":[{"href":"https:\/\/www.amanien.info\/news\/wp-json\/wp\/v2\/media?parent=6134"}],"wp:term":[{"taxonomy":"category","embeddable":true,"href":"https:\/\/www.amanien.info\/news\/wp-json\/wp\/v2\/categories?post=6134"},{"taxonomy":"post_tag","embeddable":true,"href":"https:\/\/www.amanien.info\/news\/wp-json\/wp\/v2\/tags?post=6134"}],"curies":[{"name":"wp","href":"https:\/\/api.w.org\/{rel}","templated":true}]}}