{"id":6127,"date":"2024-05-13T18:14:37","date_gmt":"2024-05-13T18:14:37","guid":{"rendered":"https:\/\/www.amanien.info\/news\/?p=6127"},"modified":"2024-05-13T18:14:37","modified_gmt":"2024-05-13T18:14:37","slug":"musique-mandingue-oumou-sangare-annoncee-a-abidjan-en-juin-prochain","status":"publish","type":"post","link":"https:\/\/www.amanien.info\/news\/musique-mandingue-oumou-sangare-annoncee-a-abidjan-en-juin-prochain\/","title":{"rendered":"Musique Mandingue : Oumou Sangar\u00e9 annonc\u00e9e \u00e0 Abidjan en juin prochain\u00a0"},"content":{"rendered":"<div><span style=\"text-transform: initial;\">La c\u00e9l\u00e8bre artiste malienne, Oumou Sangar\u00e9 alias \u00ab\u00a0L&rsquo;oiseau chanteur du Wassoulou\u00a0\u00bb sera en concert live le 21 juin prochain, au bord de la lagune Ebri\u00e9 pr\u00e9cis\u00e9ment au Sofitel H\u00f4tel Ivoire d&rsquo;Abidjan-Cocody. Ce, dans le cadre de la c\u00e9l\u00e9bration de la f\u00eate de Tabaski.\u00a0<\/span><\/div>\n<div><\/div>\n<div>L&rsquo;information a \u00e9t\u00e9 livr\u00e9e par le Pr\u00e9sident du comit\u00e9 d&rsquo;organisation, Koudou Jean-Marc et Kassi Aliali, Charg\u00e9 de protocole du concert, au cours d&rsquo;une conf\u00e9rence de presse qu&rsquo;ils ont anim\u00e9e, vendredi, \u00e0 Abidjan-Cocody.<\/div>\n<div><\/div>\n<div>Ce concert live est, aux dires des organisateurs, l&rsquo;expression de la diversit\u00e9 et du brassage culturel, mais surtout de la coh\u00e9sion sociale entre les deux peuples fr\u00e8res, la C\u00f4te d&rsquo;Ivoire et le Mali.<\/div>\n<div><\/div>\n<div><\/div>\n<div>Ce grand rendez-vous marque \u00e9galement l&rsquo;int\u00e9gration et la fraternit\u00e9 sous-r\u00e9gionale.<\/div>\n<div><\/div>\n<div>En effet, la particularit\u00e9 de ce concert est de permettre aux amoureux de la bonne musique de se retrouver, d&rsquo;\u00e9changer, de se rencontrer et de communier avec l&rsquo;artiste.<\/div>\n<div><\/div>\n<div>\u00ab\u00a0Notre vision est aussi de maintenir et sauvegarder la coh\u00e9sion ; permettre \u00e9galement \u00e0 la communaut\u00e9 musulmane de c\u00e9l\u00e9brer, \u00e0 toutes les couches sociales de participer \u00e0 ce concert\u00a0\u00bb, a affirm\u00e9 Koudou Jean-Marc, Pr\u00e9sident du comit\u00e9 d&rsquo;organisation.<\/div>\n<div><\/div>\n<div><\/div>\n<div>L&rsquo;objectif de ce concert est, selon lui, de rassembler, dans un cadre s\u00e9lect et festif, plus de 1 650 personnes.\u00a0 Valoriser la coh\u00e9sion entre la C\u00f4te d&rsquo;Ivoire et le Mali et s\u00fbr renforcer les liens de fraternit\u00e9 et de brassage culturel.<\/div>\n<div><\/div>\n<div>Il a, par ailleurs, annonc\u00e9 la pr\u00e9sence des artistes guests en play-back et bien d&rsquo;autres surprises de 20h \u00e0 21h30\u00a0 avant la mont\u00e9e sur sc\u00e8ne de la Diva, \u00e0 21h30 pour finir \u00e0 24h(soit 2h30 de prestation).<\/div>\n<div><\/div>\n<div>Non sans manquer d&rsquo;indiquer que des dons seront faits \u00e0 un orphelinat.<\/div>\n<div><\/div>\n<div>Au niveau de la s\u00e9curit\u00e9, il a assur\u00e9 que plus de 100 agents de s\u00e9curit\u00e9 (gendarmerie, police, gardes de corps et militaires) seront pr\u00e9sents. Et au niveau de la sant\u00e9, il y aura la pr\u00e9sence d&rsquo;une \u00e9quipe m\u00e9dicale sur le site tout au long de l&rsquo;\u00e9v\u00e9nement (SAMU).<\/div>\n<div><\/div>\n<div>L&rsquo;artiste sera \u00e0 Abidjan le 16 juin prochain. Et elle animera une conf\u00e9rence de presse le 17 juin 2024, 5 jours avant le concert. Les tickets seront en vente le 15 mai prochain dans les points de vente habituels de 30 000 \u00e0 100 000 de nos Francs.<\/div>\n<div><\/div>\n<div><b>S.A.<\/b><\/div>\n","protected":false},"excerpt":{"rendered":"<p>La c\u00e9l\u00e8bre artiste malienne, Oumou Sangar\u00e9 alias \u00ab\u00a0L&rsquo;oiseau chanteur du Wassoulou\u00a0\u00bb sera en concert live le 21 juin prochain, au bord de la lagune Ebri\u00e9 pr\u00e9cis\u00e9ment au Sofitel H\u00f4tel Ivoire d&rsquo;Abidjan-Cocody. Ce, dans le cadre de la c\u00e9l\u00e9bration de la f\u00eate de Tabaski.\u00a0 L&rsquo;information a \u00e9t\u00e9 livr\u00e9e par le Pr\u00e9sident du comit\u00e9 d&rsquo;organisation, Koudou Jean-Marc [&hellip;]<\/p>\n","protected":false},"author":2,"featured_media":6129,"comment_status":"closed","ping_status":"closed","sticky":false,"template":"","format":"standard","meta":{"_acf_changed":false,"footnotes":""},"categories":[3],"tags":[],"class_list":["post-6127","post","type-post","status-publish","format-standard","has-post-thumbnail","hentry","category-culture"],"acf":[],"yoast_head":"<!-- This site is optimized with the Yoast SEO plugin v27.5 - https:\/\/yoast.com\/product\/yoast-seo-wordpress\/ -->\n<title>Musique Mandingue : Oumou Sangar\u00e9 annonc\u00e9e \u00e0 Abidjan en juin prochain\u00a0 - Amanien| L&#039;actualit\u00e9 Ivoirienne et Internationale<\/title>\n<meta name=\"robots\" content=\"index, follow, max-snippet:-1, max-image-preview:large, max-video-preview:-1\" \/>\n<link rel=\"canonical\" href=\"https:\/\/www.amanien.info\/news\/musique-mandingue-oumou-sangare-annoncee-a-abidjan-en-juin-prochain\/\" \/>\n<meta property=\"og:locale\" content=\"fr_FR\" \/>\n<meta property=\"og:type\" content=\"article\" \/>\n<meta property=\"og:title\" content=\"Musique Mandingue : Oumou Sangar\u00e9 annonc\u00e9e \u00e0 Abidjan en juin prochain\u00a0 - Amanien| L&#039;actualit\u00e9 Ivoirienne et Internationale\" \/>\n<meta property=\"og:description\" content=\"La c\u00e9l\u00e8bre artiste malienne, Oumou Sangar\u00e9 alias \u00ab\u00a0L&rsquo;oiseau chanteur du Wassoulou\u00a0\u00bb sera en concert live le 21 juin prochain, au bord de la lagune Ebri\u00e9 pr\u00e9cis\u00e9ment au Sofitel H\u00f4tel Ivoire d&rsquo;Abidjan-Cocody. Ce, dans le cadre de la c\u00e9l\u00e9bration de la f\u00eate de Tabaski.\u00a0 L&rsquo;information a \u00e9t\u00e9 livr\u00e9e par le Pr\u00e9sident du comit\u00e9 d&rsquo;organisation, Koudou Jean-Marc [&hellip;]\" \/>\n<meta property=\"og:url\" content=\"https:\/\/www.amanien.info\/news\/musique-mandingue-oumou-sangare-annoncee-a-abidjan-en-juin-prochain\/\" \/>\n<meta property=\"og:site_name\" content=\"Amanien| L&#039;actualit\u00e9 Ivoirienne et Internationale\" \/>\n<meta property=\"article:published_time\" content=\"2024-05-13T18:14:37+00:00\" \/>\n<meta property=\"og:image\" content=\"https:\/\/www.amanien.info\/news\/wp-content\/uploads\/2024\/05\/IMG-20240513-WA0058.jpg\" \/>\n\t<meta property=\"og:image:width\" content=\"1280\" \/>\n\t<meta property=\"og:image:height\" content=\"853\" \/>\n\t<meta property=\"og:image:type\" content=\"image\/jpeg\" \/>\n<meta name=\"author\" content=\"Germain Ndri\" \/>\n<meta name=\"twitter:card\" content=\"summary_large_image\" \/>\n<meta name=\"twitter:label1\" content=\"\u00c9crit par\" \/>\n\t<meta name=\"twitter:data1\" content=\"Germain Ndri\" \/>\n\t<meta name=\"twitter:label2\" content=\"Dur\u00e9e de lecture estim\u00e9e\" \/>\n\t<meta name=\"twitter:data2\" content=\"3 minutes\" \/>\n<script type=\"application\/ld+json\" class=\"yoast-schema-graph\">{\"@context\":\"https:\\\/\\\/schema.org\",\"@graph\":[{\"@type\":\"Article\",\"@id\":\"https:\\\/\\\/www.amanien.info\\\/news\\\/musique-mandingue-oumou-sangare-annoncee-a-abidjan-en-juin-prochain\\\/#article\",\"isPartOf\":{\"@id\":\"https:\\\/\\\/www.amanien.info\\\/news\\\/musique-mandingue-oumou-sangare-annoncee-a-abidjan-en-juin-prochain\\\/\"},\"author\":{\"name\":\"Germain Ndri\",\"@id\":\"https:\\\/\\\/www.amanien.info\\\/news\\\/#\\\/schema\\\/person\\\/b21093345753a1a98242d505bd894f42\"},\"headline\":\"Musique Mandingue : Oumou Sangar\u00e9 annonc\u00e9e \u00e0 Abidjan en juin prochain\u00a0\",\"datePublished\":\"2024-05-13T18:14:37+00:00\",\"mainEntityOfPage\":{\"@id\":\"https:\\\/\\\/www.amanien.info\\\/news\\\/musique-mandingue-oumou-sangare-annoncee-a-abidjan-en-juin-prochain\\\/\"},\"wordCount\":411,\"image\":{\"@id\":\"https:\\\/\\\/www.amanien.info\\\/news\\\/musique-mandingue-oumou-sangare-annoncee-a-abidjan-en-juin-prochain\\\/#primaryimage\"},\"thumbnailUrl\":\"https:\\\/\\\/www.amanien.info\\\/news\\\/wp-content\\\/uploads\\\/2024\\\/05\\\/IMG-20240513-WA0058.jpg\",\"articleSection\":[\"Culture\"],\"inLanguage\":\"fr-FR\"},{\"@type\":\"WebPage\",\"@id\":\"https:\\\/\\\/www.amanien.info\\\/news\\\/musique-mandingue-oumou-sangare-annoncee-a-abidjan-en-juin-prochain\\\/\",\"url\":\"https:\\\/\\\/www.amanien.info\\\/news\\\/musique-mandingue-oumou-sangare-annoncee-a-abidjan-en-juin-prochain\\\/\",\"name\":\"Musique Mandingue : Oumou Sangar\u00e9 annonc\u00e9e \u00e0 Abidjan en juin prochain\u00a0 - Amanien| L&#039;actualit\u00e9 Ivoirienne et Internationale\",\"isPartOf\":{\"@id\":\"https:\\\/\\\/www.amanien.info\\\/news\\\/#website\"},\"primaryImageOfPage\":{\"@id\":\"https:\\\/\\\/www.amanien.info\\\/news\\\/musique-mandingue-oumou-sangare-annoncee-a-abidjan-en-juin-prochain\\\/#primaryimage\"},\"image\":{\"@id\":\"https:\\\/\\\/www.amanien.info\\\/news\\\/musique-mandingue-oumou-sangare-annoncee-a-abidjan-en-juin-prochain\\\/#primaryimage\"},\"thumbnailUrl\":\"https:\\\/\\\/www.amanien.info\\\/news\\\/wp-content\\\/uploads\\\/2024\\\/05\\\/IMG-20240513-WA0058.jpg\",\"datePublished\":\"2024-05-13T18:14:37+00:00\",\"author\":{\"@id\":\"https:\\\/\\\/www.amanien.info\\\/news\\\/#\\\/schema\\\/person\\\/b21093345753a1a98242d505bd894f42\"},\"breadcrumb\":{\"@id\":\"https:\\\/\\\/www.amanien.info\\\/news\\\/musique-mandingue-oumou-sangare-annoncee-a-abidjan-en-juin-prochain\\\/#breadcrumb\"},\"inLanguage\":\"fr-FR\",\"potentialAction\":[{\"@type\":\"ReadAction\",\"target\":[\"https:\\\/\\\/www.amanien.info\\\/news\\\/musique-mandingue-oumou-sangare-annoncee-a-abidjan-en-juin-prochain\\\/\"]}]},{\"@type\":\"ImageObject\",\"inLanguage\":\"fr-FR\",\"@id\":\"https:\\\/\\\/www.amanien.info\\\/news\\\/musique-mandingue-oumou-sangare-annoncee-a-abidjan-en-juin-prochain\\\/#primaryimage\",\"url\":\"https:\\\/\\\/www.amanien.info\\\/news\\\/wp-content\\\/uploads\\\/2024\\\/05\\\/IMG-20240513-WA0058.jpg\",\"contentUrl\":\"https:\\\/\\\/www.amanien.info\\\/news\\\/wp-content\\\/uploads\\\/2024\\\/05\\\/IMG-20240513-WA0058.jpg\",\"width\":1280,\"height\":853},{\"@type\":\"BreadcrumbList\",\"@id\":\"https:\\\/\\\/www.amanien.info\\\/news\\\/musique-mandingue-oumou-sangare-annoncee-a-abidjan-en-juin-prochain\\\/#breadcrumb\",\"itemListElement\":[{\"@type\":\"ListItem\",\"position\":1,\"name\":\"Accueil\",\"item\":\"https:\\\/\\\/www.amanien.info\\\/news\\\/\"},{\"@type\":\"ListItem\",\"position\":2,\"name\":\"Musique Mandingue : Oumou Sangar\u00e9 annonc\u00e9e \u00e0 Abidjan en juin prochain\u00a0\"}]},{\"@type\":\"WebSite\",\"@id\":\"https:\\\/\\\/www.amanien.info\\\/news\\\/#website\",\"url\":\"https:\\\/\\\/www.amanien.info\\\/news\\\/\",\"name\":\"Amanien| L&#039;actualit\u00e9 Ivoirienne et Internationale\",\"description\":\"L&#039;actualit\u00e9 Ivoirienne et Internationale\",\"potentialAction\":[{\"@type\":\"SearchAction\",\"target\":{\"@type\":\"EntryPoint\",\"urlTemplate\":\"https:\\\/\\\/www.amanien.info\\\/news\\\/?s={search_term_string}\"},\"query-input\":{\"@type\":\"PropertyValueSpecification\",\"valueRequired\":true,\"valueName\":\"search_term_string\"}}],\"inLanguage\":\"fr-FR\"},{\"@type\":\"Person\",\"@id\":\"https:\\\/\\\/www.amanien.info\\\/news\\\/#\\\/schema\\\/person\\\/b21093345753a1a98242d505bd894f42\",\"name\":\"Germain Ndri\",\"url\":\"https:\\\/\\\/www.amanien.info\\\/news\\\/author\\\/amanien-infos\\\/\"}]}<\/script>\n<!-- \/ Yoast SEO plugin. -->","yoast_head_json":{"title":"Musique Mandingue : Oumou Sangar\u00e9 annonc\u00e9e \u00e0 Abidjan en juin prochain\u00a0 - Amanien| L&#039;actualit\u00e9 Ivoirienne et Internationale","robots":{"index":"index","follow":"follow","max-snippet":"max-snippet:-1","max-image-preview":"max-image-preview:large","max-video-preview":"max-video-preview:-1"},"canonical":"https:\/\/www.amanien.info\/news\/musique-mandingue-oumou-sangare-annoncee-a-abidjan-en-juin-prochain\/","og_locale":"fr_FR","og_type":"article","og_title":"Musique Mandingue : Oumou Sangar\u00e9 annonc\u00e9e \u00e0 Abidjan en juin prochain\u00a0 - Amanien| L&#039;actualit\u00e9 Ivoirienne et Internationale","og_description":"La c\u00e9l\u00e8bre artiste malienne, Oumou Sangar\u00e9 alias \u00ab\u00a0L&rsquo;oiseau chanteur du Wassoulou\u00a0\u00bb sera en concert live le 21 juin prochain, au bord de la lagune Ebri\u00e9 pr\u00e9cis\u00e9ment au Sofitel H\u00f4tel Ivoire d&rsquo;Abidjan-Cocody. Ce, dans le cadre de la c\u00e9l\u00e9bration de la f\u00eate de Tabaski.\u00a0 L&rsquo;information a \u00e9t\u00e9 livr\u00e9e par le Pr\u00e9sident du comit\u00e9 d&rsquo;organisation, Koudou Jean-Marc [&hellip;]","og_url":"https:\/\/www.amanien.info\/news\/musique-mandingue-oumou-sangare-annoncee-a-abidjan-en-juin-prochain\/","og_site_name":"Amanien| L&#039;actualit\u00e9 Ivoirienne et Internationale","article_published_time":"2024-05-13T18:14:37+00:00","og_image":[{"width":1280,"height":853,"url":"https:\/\/www.amanien.info\/news\/wp-content\/uploads\/2024\/05\/IMG-20240513-WA0058.jpg","type":"image\/jpeg"}],"author":"Germain Ndri","twitter_card":"summary_large_image","twitter_misc":{"\u00c9crit par":"Germain Ndri","Dur\u00e9e de lecture estim\u00e9e":"3 minutes"},"schema":{"@context":"https:\/\/schema.org","@graph":[{"@type":"Article","@id":"https:\/\/www.amanien.info\/news\/musique-mandingue-oumou-sangare-annoncee-a-abidjan-en-juin-prochain\/#article","isPartOf":{"@id":"https:\/\/www.amanien.info\/news\/musique-mandingue-oumou-sangare-annoncee-a-abidjan-en-juin-prochain\/"},"author":{"name":"Germain Ndri","@id":"https:\/\/www.amanien.info\/news\/#\/schema\/person\/b21093345753a1a98242d505bd894f42"},"headline":"Musique Mandingue : Oumou Sangar\u00e9 annonc\u00e9e \u00e0 Abidjan en juin prochain\u00a0","datePublished":"2024-05-13T18:14:37+00:00","mainEntityOfPage":{"@id":"https:\/\/www.amanien.info\/news\/musique-mandingue-oumou-sangare-annoncee-a-abidjan-en-juin-prochain\/"},"wordCount":411,"image":{"@id":"https:\/\/www.amanien.info\/news\/musique-mandingue-oumou-sangare-annoncee-a-abidjan-en-juin-prochain\/#primaryimage"},"thumbnailUrl":"https:\/\/www.amanien.info\/news\/wp-content\/uploads\/2024\/05\/IMG-20240513-WA0058.jpg","articleSection":["Culture"],"inLanguage":"fr-FR"},{"@type":"WebPage","@id":"https:\/\/www.amanien.info\/news\/musique-mandingue-oumou-sangare-annoncee-a-abidjan-en-juin-prochain\/","url":"https:\/\/www.amanien.info\/news\/musique-mandingue-oumou-sangare-annoncee-a-abidjan-en-juin-prochain\/","name":"Musique Mandingue : Oumou Sangar\u00e9 annonc\u00e9e \u00e0 Abidjan en juin prochain\u00a0 - Amanien| L&#039;actualit\u00e9 Ivoirienne et Internationale","isPartOf":{"@id":"https:\/\/www.amanien.info\/news\/#website"},"primaryImageOfPage":{"@id":"https:\/\/www.amanien.info\/news\/musique-mandingue-oumou-sangare-annoncee-a-abidjan-en-juin-prochain\/#primaryimage"},"image":{"@id":"https:\/\/www.amanien.info\/news\/musique-mandingue-oumou-sangare-annoncee-a-abidjan-en-juin-prochain\/#primaryimage"},"thumbnailUrl":"https:\/\/www.amanien.info\/news\/wp-content\/uploads\/2024\/05\/IMG-20240513-WA0058.jpg","datePublished":"2024-05-13T18:14:37+00:00","author":{"@id":"https:\/\/www.amanien.info\/news\/#\/schema\/person\/b21093345753a1a98242d505bd894f42"},"breadcrumb":{"@id":"https:\/\/www.amanien.info\/news\/musique-mandingue-oumou-sangare-annoncee-a-abidjan-en-juin-prochain\/#breadcrumb"},"inLanguage":"fr-FR","potentialAction":[{"@type":"ReadAction","target":["https:\/\/www.amanien.info\/news\/musique-mandingue-oumou-sangare-annoncee-a-abidjan-en-juin-prochain\/"]}]},{"@type":"ImageObject","inLanguage":"fr-FR","@id":"https:\/\/www.amanien.info\/news\/musique-mandingue-oumou-sangare-annoncee-a-abidjan-en-juin-prochain\/#primaryimage","url":"https:\/\/www.amanien.info\/news\/wp-content\/uploads\/2024\/05\/IMG-20240513-WA0058.jpg","contentUrl":"https:\/\/www.amanien.info\/news\/wp-content\/uploads\/2024\/05\/IMG-20240513-WA0058.jpg","width":1280,"height":853},{"@type":"BreadcrumbList","@id":"https:\/\/www.amanien.info\/news\/musique-mandingue-oumou-sangare-annoncee-a-abidjan-en-juin-prochain\/#breadcrumb","itemListElement":[{"@type":"ListItem","position":1,"name":"Accueil","item":"https:\/\/www.amanien.info\/news\/"},{"@type":"ListItem","position":2,"name":"Musique Mandingue : Oumou Sangar\u00e9 annonc\u00e9e \u00e0 Abidjan en juin prochain\u00a0"}]},{"@type":"WebSite","@id":"https:\/\/www.amanien.info\/news\/#website","url":"https:\/\/www.amanien.info\/news\/","name":"Amanien| L&#039;actualit\u00e9 Ivoirienne et Internationale","description":"L&#039;actualit\u00e9 Ivoirienne et Internationale","potentialAction":[{"@type":"SearchAction","target":{"@type":"EntryPoint","urlTemplate":"https:\/\/www.amanien.info\/news\/?s={search_term_string}"},"query-input":{"@type":"PropertyValueSpecification","valueRequired":true,"valueName":"search_term_string"}}],"inLanguage":"fr-FR"},{"@type":"Person","@id":"https:\/\/www.amanien.info\/news\/#\/schema\/person\/b21093345753a1a98242d505bd894f42","name":"Germain Ndri","url":"https:\/\/www.amanien.info\/news\/author\/amanien-infos\/"}]}},"_links":{"self":[{"href":"https:\/\/www.amanien.info\/news\/wp-json\/wp\/v2\/posts\/6127","targetHints":{"allow":["GET"]}}],"collection":[{"href":"https:\/\/www.amanien.info\/news\/wp-json\/wp\/v2\/posts"}],"about":[{"href":"https:\/\/www.amanien.info\/news\/wp-json\/wp\/v2\/types\/post"}],"author":[{"embeddable":true,"href":"https:\/\/www.amanien.info\/news\/wp-json\/wp\/v2\/users\/2"}],"replies":[{"embeddable":true,"href":"https:\/\/www.amanien.info\/news\/wp-json\/wp\/v2\/comments?post=6127"}],"version-history":[{"count":1,"href":"https:\/\/www.amanien.info\/news\/wp-json\/wp\/v2\/posts\/6127\/revisions"}],"predecessor-version":[{"id":6130,"href":"https:\/\/www.amanien.info\/news\/wp-json\/wp\/v2\/posts\/6127\/revisions\/6130"}],"wp:featuredmedia":[{"embeddable":true,"href":"https:\/\/www.amanien.info\/news\/wp-json\/wp\/v2\/media\/6129"}],"wp:attachment":[{"href":"https:\/\/www.amanien.info\/news\/wp-json\/wp\/v2\/media?parent=6127"}],"wp:term":[{"taxonomy":"category","embeddable":true,"href":"https:\/\/www.amanien.info\/news\/wp-json\/wp\/v2\/categories?post=6127"},{"taxonomy":"post_tag","embeddable":true,"href":"https:\/\/www.amanien.info\/news\/wp-json\/wp\/v2\/tags?post=6127"}],"curies":[{"name":"wp","href":"https:\/\/api.w.org\/{rel}","templated":true}]}}