{"id":6006,"date":"2024-03-27T15:49:45","date_gmt":"2024-03-27T15:49:45","guid":{"rendered":"https:\/\/www.amanien.info\/news\/?p=6006"},"modified":"2024-03-27T15:51:27","modified_gmt":"2024-03-27T15:51:27","slug":"promotion-du-livre-lancement-officiel-de-la-maison-dedition-denommee-saint-graal","status":"publish","type":"post","link":"https:\/\/www.amanien.info\/news\/promotion-du-livre-lancement-officiel-de-la-maison-dedition-denommee-saint-graal\/","title":{"rendered":"Promotion du livre : Lancement officiel de la maison d\u2019\u00e9dition d\u00e9nomm\u00e9e \u00ab Saint Graal \u00bb\u00a0"},"content":{"rendered":"<div><span style=\"text-transform: initial;\">Le lancement officiel de la maison d\u2019\u00e9dition d\u00e9nomm\u00e9e, \u00ab\u00a0Saint Graal\u00a0\u00bb a eu lieu, le samedi 23 mars 2024, \u00e0 la librairie carrefour Silo\u00e9 de Cocody Saint Jean au cours d&rsquo;une importante c\u00e9r\u00e9monie qui a enregistr\u00e9 la participation de plusieurs\u00a0 de personnalit\u00e9s et acteurs du monde litt\u00e9raire ivoirien.\u00a0<\/span><\/div>\n<div><\/div>\n<div><\/div>\n<div><\/div>\n<div>A cette occasion, le Directeur g\u00e9n\u00e9ral de ladite structure, Yves Ars\u00e8ne Kouakou a indiqu\u00e9 que ce lancement de cette maison d&rsquo;\u00e9dition vise \u00e0 soutenir les jeunes dans leur parcours litt\u00e9raire. \u00ab\u00a0Nous voulons ouvrir des portes aux talents \u00e9mergents et offrir des opportunit\u00e9s aux auteurs de tous horizons\u00a0\u00bb, a-t-il fait savoir.<\/div>\n<div><\/div>\n<div><\/div>\n<div>\u00a0Pour lui, le livre est un tr\u00e9sor culturel et \u00ab\u00a0nous sommes d\u00e9termin\u00e9s \u00e0 pr\u00e9server et encourager la cr\u00e9ation litt\u00e9raire\u00a0\u00bb, a-t-il affirm\u00e9.<\/div>\n<div><\/div>\n<div>Soulignant qu\u2019aujourd\u2019hui, le prix du papier a augment\u00e9, ce qui fait que les romans sont vendus \u00e0 moins de 5000 francs.<\/div>\n<div><\/div>\n<div>Il a, \u00e0 cet effet, lanc\u00e9 un appel aux autorit\u00e9s, de r\u00e9duire le co\u00fbt du papier afin de permettre aux maisons d\u2019\u00e9dition d\u2019 \u00ab\u00a0accompagner efficacement les \u00e9crivains p\u00e9tris de talent\u00a0\u00bb, a-t-il invit\u00e9s.<\/div>\n<div><\/div>\n<div>Le Directeur G\u00e9n\u00e9ral a \u00e9galement expos\u00e9 les enjeux de cette nouvelle structure pour les passionn\u00e9s de la litt\u00e9rature en C\u00f4te d&rsquo;Ivoire.<\/div>\n<div><\/div>\n<div>Pour sa part, le parrain de l\u2019\u00e9v\u00e8nement, Kohou Dean Kader, a soulign\u00e9 qu\u2019en parrainant cette c\u00e9r\u00e9monie, il apporte \u00ab\u00a0son soutien essentiel \u00e0 cette nouvelle maison d\u2019\u00e9dition\u00a0\u00bb et aux \u00ab\u00a0jeunes \u00e9crivains talentueux qui en font partie\u00a0\u00bb.<\/div>\n<div><\/div>\n<div>Il s&rsquo;est engag\u00e9 \u00e0 contribuer \u00e0 la promotion de la culture, au d\u00e9veloppement intellectuel et artistique de notre pays.<\/div>\n<div><\/div>\n<div>Plusieurs ouvrages ont \u00e9t\u00e9 \u00e9dit\u00e9s par Saint Graal Ivoirien au cours de cette c\u00e9r\u00e9monie.<\/div>\n<div><\/div>\n<div><\/div>\n<div>Notons que Saint Graal Ivoirien r\u00e9compensera l&rsquo;auteur le plus actif en fin d&rsquo;ann\u00e9e par un troph\u00e9e et une enveloppe. Ce, pour encourager la production d&rsquo;ouvrages de qualit\u00e9.<\/div>\n<div>Elle valorise, rappelle-t-on, la litt\u00e9rature et soutient les auteurs \u00e0 travers trois types de contrats que sont : le contrat \u00e0 compte d&rsquo;auteur, le contrat \u00e0 compte participatif et le contrat \u00e0 compte d&rsquo;\u00e9diteur.<\/div>\n<div><\/div>\n<div><\/div>\n<div><b>S.A.\u00a0<\/b><\/div>\n","protected":false},"excerpt":{"rendered":"<p>Le lancement officiel de la maison d\u2019\u00e9dition d\u00e9nomm\u00e9e, \u00ab\u00a0Saint Graal\u00a0\u00bb a eu lieu, le samedi 23 mars 2024, \u00e0 la librairie carrefour Silo\u00e9 de Cocody Saint Jean au cours d&rsquo;une importante c\u00e9r\u00e9monie qui a enregistr\u00e9 la participation de plusieurs\u00a0 de personnalit\u00e9s et acteurs du monde litt\u00e9raire ivoirien.\u00a0 A cette occasion, le Directeur g\u00e9n\u00e9ral de ladite [&hellip;]<\/p>\n","protected":false},"author":2,"featured_media":6007,"comment_status":"closed","ping_status":"closed","sticky":false,"template":"","format":"standard","meta":{"_acf_changed":false,"footnotes":""},"categories":[3],"tags":[],"class_list":["post-6006","post","type-post","status-publish","format-standard","has-post-thumbnail","hentry","category-culture"],"acf":[],"yoast_head":"<!-- This site is optimized with the Yoast SEO plugin v27.5 - https:\/\/yoast.com\/product\/yoast-seo-wordpress\/ -->\n<title>Promotion du livre : Lancement officiel de la maison d\u2019\u00e9dition d\u00e9nomm\u00e9e \u00ab Saint Graal \u00bb\u00a0 - Amanien| L&#039;actualit\u00e9 Ivoirienne et Internationale<\/title>\n<meta name=\"robots\" content=\"index, follow, max-snippet:-1, max-image-preview:large, max-video-preview:-1\" \/>\n<link rel=\"canonical\" href=\"https:\/\/www.amanien.info\/news\/promotion-du-livre-lancement-officiel-de-la-maison-dedition-denommee-saint-graal\/\" \/>\n<meta property=\"og:locale\" content=\"fr_FR\" \/>\n<meta property=\"og:type\" content=\"article\" \/>\n<meta property=\"og:title\" content=\"Promotion du livre : Lancement officiel de la maison d\u2019\u00e9dition d\u00e9nomm\u00e9e \u00ab Saint Graal \u00bb\u00a0 - Amanien| L&#039;actualit\u00e9 Ivoirienne et Internationale\" \/>\n<meta property=\"og:description\" content=\"Le lancement officiel de la maison d\u2019\u00e9dition d\u00e9nomm\u00e9e, \u00ab\u00a0Saint Graal\u00a0\u00bb a eu lieu, le samedi 23 mars 2024, \u00e0 la librairie carrefour Silo\u00e9 de Cocody Saint Jean au cours d&rsquo;une importante c\u00e9r\u00e9monie qui a enregistr\u00e9 la participation de plusieurs\u00a0 de personnalit\u00e9s et acteurs du monde litt\u00e9raire ivoirien.\u00a0 A cette occasion, le Directeur g\u00e9n\u00e9ral de ladite [&hellip;]\" \/>\n<meta property=\"og:url\" content=\"https:\/\/www.amanien.info\/news\/promotion-du-livre-lancement-officiel-de-la-maison-dedition-denommee-saint-graal\/\" \/>\n<meta property=\"og:site_name\" content=\"Amanien| L&#039;actualit\u00e9 Ivoirienne et Internationale\" \/>\n<meta property=\"article:published_time\" content=\"2024-03-27T15:49:45+00:00\" \/>\n<meta property=\"article:modified_time\" content=\"2024-03-27T15:51:27+00:00\" \/>\n<meta property=\"og:image\" content=\"https:\/\/www.amanien.info\/news\/wp-content\/uploads\/2024\/03\/photo-st-graal-768x447-1.jpg\" \/>\n\t<meta property=\"og:image:width\" content=\"768\" \/>\n\t<meta property=\"og:image:height\" content=\"447\" \/>\n\t<meta property=\"og:image:type\" content=\"image\/jpeg\" \/>\n<meta name=\"author\" content=\"Germain Ndri\" \/>\n<meta name=\"twitter:card\" content=\"summary_large_image\" \/>\n<meta name=\"twitter:label1\" content=\"\u00c9crit par\" \/>\n\t<meta name=\"twitter:data1\" content=\"Germain Ndri\" \/>\n\t<meta name=\"twitter:label2\" content=\"Dur\u00e9e de lecture estim\u00e9e\" \/>\n\t<meta name=\"twitter:data2\" content=\"2 minutes\" \/>\n<script type=\"application\/ld+json\" class=\"yoast-schema-graph\">{\"@context\":\"https:\\\/\\\/schema.org\",\"@graph\":[{\"@type\":\"Article\",\"@id\":\"https:\\\/\\\/www.amanien.info\\\/news\\\/promotion-du-livre-lancement-officiel-de-la-maison-dedition-denommee-saint-graal\\\/#article\",\"isPartOf\":{\"@id\":\"https:\\\/\\\/www.amanien.info\\\/news\\\/promotion-du-livre-lancement-officiel-de-la-maison-dedition-denommee-saint-graal\\\/\"},\"author\":{\"name\":\"Germain Ndri\",\"@id\":\"https:\\\/\\\/www.amanien.info\\\/news\\\/#\\\/schema\\\/person\\\/b21093345753a1a98242d505bd894f42\"},\"headline\":\"Promotion du livre : Lancement officiel de la maison d\u2019\u00e9dition d\u00e9nomm\u00e9e \u00ab Saint Graal \u00bb\u00a0\",\"datePublished\":\"2024-03-27T15:49:45+00:00\",\"dateModified\":\"2024-03-27T15:51:27+00:00\",\"mainEntityOfPage\":{\"@id\":\"https:\\\/\\\/www.amanien.info\\\/news\\\/promotion-du-livre-lancement-officiel-de-la-maison-dedition-denommee-saint-graal\\\/\"},\"wordCount\":376,\"image\":{\"@id\":\"https:\\\/\\\/www.amanien.info\\\/news\\\/promotion-du-livre-lancement-officiel-de-la-maison-dedition-denommee-saint-graal\\\/#primaryimage\"},\"thumbnailUrl\":\"https:\\\/\\\/www.amanien.info\\\/news\\\/wp-content\\\/uploads\\\/2024\\\/03\\\/photo-st-graal-768x447-1.jpg\",\"articleSection\":[\"Culture\"],\"inLanguage\":\"fr-FR\"},{\"@type\":\"WebPage\",\"@id\":\"https:\\\/\\\/www.amanien.info\\\/news\\\/promotion-du-livre-lancement-officiel-de-la-maison-dedition-denommee-saint-graal\\\/\",\"url\":\"https:\\\/\\\/www.amanien.info\\\/news\\\/promotion-du-livre-lancement-officiel-de-la-maison-dedition-denommee-saint-graal\\\/\",\"name\":\"Promotion du livre : Lancement officiel de la maison d\u2019\u00e9dition d\u00e9nomm\u00e9e \u00ab Saint Graal \u00bb\u00a0 - Amanien| L&#039;actualit\u00e9 Ivoirienne et Internationale\",\"isPartOf\":{\"@id\":\"https:\\\/\\\/www.amanien.info\\\/news\\\/#website\"},\"primaryImageOfPage\":{\"@id\":\"https:\\\/\\\/www.amanien.info\\\/news\\\/promotion-du-livre-lancement-officiel-de-la-maison-dedition-denommee-saint-graal\\\/#primaryimage\"},\"image\":{\"@id\":\"https:\\\/\\\/www.amanien.info\\\/news\\\/promotion-du-livre-lancement-officiel-de-la-maison-dedition-denommee-saint-graal\\\/#primaryimage\"},\"thumbnailUrl\":\"https:\\\/\\\/www.amanien.info\\\/news\\\/wp-content\\\/uploads\\\/2024\\\/03\\\/photo-st-graal-768x447-1.jpg\",\"datePublished\":\"2024-03-27T15:49:45+00:00\",\"dateModified\":\"2024-03-27T15:51:27+00:00\",\"author\":{\"@id\":\"https:\\\/\\\/www.amanien.info\\\/news\\\/#\\\/schema\\\/person\\\/b21093345753a1a98242d505bd894f42\"},\"breadcrumb\":{\"@id\":\"https:\\\/\\\/www.amanien.info\\\/news\\\/promotion-du-livre-lancement-officiel-de-la-maison-dedition-denommee-saint-graal\\\/#breadcrumb\"},\"inLanguage\":\"fr-FR\",\"potentialAction\":[{\"@type\":\"ReadAction\",\"target\":[\"https:\\\/\\\/www.amanien.info\\\/news\\\/promotion-du-livre-lancement-officiel-de-la-maison-dedition-denommee-saint-graal\\\/\"]}]},{\"@type\":\"ImageObject\",\"inLanguage\":\"fr-FR\",\"@id\":\"https:\\\/\\\/www.amanien.info\\\/news\\\/promotion-du-livre-lancement-officiel-de-la-maison-dedition-denommee-saint-graal\\\/#primaryimage\",\"url\":\"https:\\\/\\\/www.amanien.info\\\/news\\\/wp-content\\\/uploads\\\/2024\\\/03\\\/photo-st-graal-768x447-1.jpg\",\"contentUrl\":\"https:\\\/\\\/www.amanien.info\\\/news\\\/wp-content\\\/uploads\\\/2024\\\/03\\\/photo-st-graal-768x447-1.jpg\",\"width\":768,\"height\":447},{\"@type\":\"BreadcrumbList\",\"@id\":\"https:\\\/\\\/www.amanien.info\\\/news\\\/promotion-du-livre-lancement-officiel-de-la-maison-dedition-denommee-saint-graal\\\/#breadcrumb\",\"itemListElement\":[{\"@type\":\"ListItem\",\"position\":1,\"name\":\"Accueil\",\"item\":\"https:\\\/\\\/www.amanien.info\\\/news\\\/\"},{\"@type\":\"ListItem\",\"position\":2,\"name\":\"Promotion du livre : Lancement officiel de la maison d\u2019\u00e9dition d\u00e9nomm\u00e9e \u00ab Saint Graal \u00bb\u00a0\"}]},{\"@type\":\"WebSite\",\"@id\":\"https:\\\/\\\/www.amanien.info\\\/news\\\/#website\",\"url\":\"https:\\\/\\\/www.amanien.info\\\/news\\\/\",\"name\":\"Amanien| L&#039;actualit\u00e9 Ivoirienne et Internationale\",\"description\":\"L&#039;actualit\u00e9 Ivoirienne et Internationale\",\"potentialAction\":[{\"@type\":\"SearchAction\",\"target\":{\"@type\":\"EntryPoint\",\"urlTemplate\":\"https:\\\/\\\/www.amanien.info\\\/news\\\/?s={search_term_string}\"},\"query-input\":{\"@type\":\"PropertyValueSpecification\",\"valueRequired\":true,\"valueName\":\"search_term_string\"}}],\"inLanguage\":\"fr-FR\"},{\"@type\":\"Person\",\"@id\":\"https:\\\/\\\/www.amanien.info\\\/news\\\/#\\\/schema\\\/person\\\/b21093345753a1a98242d505bd894f42\",\"name\":\"Germain Ndri\",\"url\":\"https:\\\/\\\/www.amanien.info\\\/news\\\/author\\\/amanien-infos\\\/\"}]}<\/script>\n<!-- \/ Yoast SEO plugin. -->","yoast_head_json":{"title":"Promotion du livre : Lancement officiel de la maison d\u2019\u00e9dition d\u00e9nomm\u00e9e \u00ab Saint Graal \u00bb\u00a0 - Amanien| L&#039;actualit\u00e9 Ivoirienne et Internationale","robots":{"index":"index","follow":"follow","max-snippet":"max-snippet:-1","max-image-preview":"max-image-preview:large","max-video-preview":"max-video-preview:-1"},"canonical":"https:\/\/www.amanien.info\/news\/promotion-du-livre-lancement-officiel-de-la-maison-dedition-denommee-saint-graal\/","og_locale":"fr_FR","og_type":"article","og_title":"Promotion du livre : Lancement officiel de la maison d\u2019\u00e9dition d\u00e9nomm\u00e9e \u00ab Saint Graal \u00bb\u00a0 - Amanien| L&#039;actualit\u00e9 Ivoirienne et Internationale","og_description":"Le lancement officiel de la maison d\u2019\u00e9dition d\u00e9nomm\u00e9e, \u00ab\u00a0Saint Graal\u00a0\u00bb a eu lieu, le samedi 23 mars 2024, \u00e0 la librairie carrefour Silo\u00e9 de Cocody Saint Jean au cours d&rsquo;une importante c\u00e9r\u00e9monie qui a enregistr\u00e9 la participation de plusieurs\u00a0 de personnalit\u00e9s et acteurs du monde litt\u00e9raire ivoirien.\u00a0 A cette occasion, le Directeur g\u00e9n\u00e9ral de ladite [&hellip;]","og_url":"https:\/\/www.amanien.info\/news\/promotion-du-livre-lancement-officiel-de-la-maison-dedition-denommee-saint-graal\/","og_site_name":"Amanien| L&#039;actualit\u00e9 Ivoirienne et Internationale","article_published_time":"2024-03-27T15:49:45+00:00","article_modified_time":"2024-03-27T15:51:27+00:00","og_image":[{"width":768,"height":447,"url":"https:\/\/www.amanien.info\/news\/wp-content\/uploads\/2024\/03\/photo-st-graal-768x447-1.jpg","type":"image\/jpeg"}],"author":"Germain Ndri","twitter_card":"summary_large_image","twitter_misc":{"\u00c9crit par":"Germain Ndri","Dur\u00e9e de lecture estim\u00e9e":"2 minutes"},"schema":{"@context":"https:\/\/schema.org","@graph":[{"@type":"Article","@id":"https:\/\/www.amanien.info\/news\/promotion-du-livre-lancement-officiel-de-la-maison-dedition-denommee-saint-graal\/#article","isPartOf":{"@id":"https:\/\/www.amanien.info\/news\/promotion-du-livre-lancement-officiel-de-la-maison-dedition-denommee-saint-graal\/"},"author":{"name":"Germain Ndri","@id":"https:\/\/www.amanien.info\/news\/#\/schema\/person\/b21093345753a1a98242d505bd894f42"},"headline":"Promotion du livre : Lancement officiel de la maison d\u2019\u00e9dition d\u00e9nomm\u00e9e \u00ab Saint Graal \u00bb\u00a0","datePublished":"2024-03-27T15:49:45+00:00","dateModified":"2024-03-27T15:51:27+00:00","mainEntityOfPage":{"@id":"https:\/\/www.amanien.info\/news\/promotion-du-livre-lancement-officiel-de-la-maison-dedition-denommee-saint-graal\/"},"wordCount":376,"image":{"@id":"https:\/\/www.amanien.info\/news\/promotion-du-livre-lancement-officiel-de-la-maison-dedition-denommee-saint-graal\/#primaryimage"},"thumbnailUrl":"https:\/\/www.amanien.info\/news\/wp-content\/uploads\/2024\/03\/photo-st-graal-768x447-1.jpg","articleSection":["Culture"],"inLanguage":"fr-FR"},{"@type":"WebPage","@id":"https:\/\/www.amanien.info\/news\/promotion-du-livre-lancement-officiel-de-la-maison-dedition-denommee-saint-graal\/","url":"https:\/\/www.amanien.info\/news\/promotion-du-livre-lancement-officiel-de-la-maison-dedition-denommee-saint-graal\/","name":"Promotion du livre : Lancement officiel de la maison d\u2019\u00e9dition d\u00e9nomm\u00e9e \u00ab Saint Graal \u00bb\u00a0 - Amanien| L&#039;actualit\u00e9 Ivoirienne et Internationale","isPartOf":{"@id":"https:\/\/www.amanien.info\/news\/#website"},"primaryImageOfPage":{"@id":"https:\/\/www.amanien.info\/news\/promotion-du-livre-lancement-officiel-de-la-maison-dedition-denommee-saint-graal\/#primaryimage"},"image":{"@id":"https:\/\/www.amanien.info\/news\/promotion-du-livre-lancement-officiel-de-la-maison-dedition-denommee-saint-graal\/#primaryimage"},"thumbnailUrl":"https:\/\/www.amanien.info\/news\/wp-content\/uploads\/2024\/03\/photo-st-graal-768x447-1.jpg","datePublished":"2024-03-27T15:49:45+00:00","dateModified":"2024-03-27T15:51:27+00:00","author":{"@id":"https:\/\/www.amanien.info\/news\/#\/schema\/person\/b21093345753a1a98242d505bd894f42"},"breadcrumb":{"@id":"https:\/\/www.amanien.info\/news\/promotion-du-livre-lancement-officiel-de-la-maison-dedition-denommee-saint-graal\/#breadcrumb"},"inLanguage":"fr-FR","potentialAction":[{"@type":"ReadAction","target":["https:\/\/www.amanien.info\/news\/promotion-du-livre-lancement-officiel-de-la-maison-dedition-denommee-saint-graal\/"]}]},{"@type":"ImageObject","inLanguage":"fr-FR","@id":"https:\/\/www.amanien.info\/news\/promotion-du-livre-lancement-officiel-de-la-maison-dedition-denommee-saint-graal\/#primaryimage","url":"https:\/\/www.amanien.info\/news\/wp-content\/uploads\/2024\/03\/photo-st-graal-768x447-1.jpg","contentUrl":"https:\/\/www.amanien.info\/news\/wp-content\/uploads\/2024\/03\/photo-st-graal-768x447-1.jpg","width":768,"height":447},{"@type":"BreadcrumbList","@id":"https:\/\/www.amanien.info\/news\/promotion-du-livre-lancement-officiel-de-la-maison-dedition-denommee-saint-graal\/#breadcrumb","itemListElement":[{"@type":"ListItem","position":1,"name":"Accueil","item":"https:\/\/www.amanien.info\/news\/"},{"@type":"ListItem","position":2,"name":"Promotion du livre : Lancement officiel de la maison d\u2019\u00e9dition d\u00e9nomm\u00e9e \u00ab Saint Graal \u00bb\u00a0"}]},{"@type":"WebSite","@id":"https:\/\/www.amanien.info\/news\/#website","url":"https:\/\/www.amanien.info\/news\/","name":"Amanien| L&#039;actualit\u00e9 Ivoirienne et Internationale","description":"L&#039;actualit\u00e9 Ivoirienne et Internationale","potentialAction":[{"@type":"SearchAction","target":{"@type":"EntryPoint","urlTemplate":"https:\/\/www.amanien.info\/news\/?s={search_term_string}"},"query-input":{"@type":"PropertyValueSpecification","valueRequired":true,"valueName":"search_term_string"}}],"inLanguage":"fr-FR"},{"@type":"Person","@id":"https:\/\/www.amanien.info\/news\/#\/schema\/person\/b21093345753a1a98242d505bd894f42","name":"Germain Ndri","url":"https:\/\/www.amanien.info\/news\/author\/amanien-infos\/"}]}},"_links":{"self":[{"href":"https:\/\/www.amanien.info\/news\/wp-json\/wp\/v2\/posts\/6006","targetHints":{"allow":["GET"]}}],"collection":[{"href":"https:\/\/www.amanien.info\/news\/wp-json\/wp\/v2\/posts"}],"about":[{"href":"https:\/\/www.amanien.info\/news\/wp-json\/wp\/v2\/types\/post"}],"author":[{"embeddable":true,"href":"https:\/\/www.amanien.info\/news\/wp-json\/wp\/v2\/users\/2"}],"replies":[{"embeddable":true,"href":"https:\/\/www.amanien.info\/news\/wp-json\/wp\/v2\/comments?post=6006"}],"version-history":[{"count":1,"href":"https:\/\/www.amanien.info\/news\/wp-json\/wp\/v2\/posts\/6006\/revisions"}],"predecessor-version":[{"id":6008,"href":"https:\/\/www.amanien.info\/news\/wp-json\/wp\/v2\/posts\/6006\/revisions\/6008"}],"wp:featuredmedia":[{"embeddable":true,"href":"https:\/\/www.amanien.info\/news\/wp-json\/wp\/v2\/media\/6007"}],"wp:attachment":[{"href":"https:\/\/www.amanien.info\/news\/wp-json\/wp\/v2\/media?parent=6006"}],"wp:term":[{"taxonomy":"category","embeddable":true,"href":"https:\/\/www.amanien.info\/news\/wp-json\/wp\/v2\/categories?post=6006"},{"taxonomy":"post_tag","embeddable":true,"href":"https:\/\/www.amanien.info\/news\/wp-json\/wp\/v2\/tags?post=6006"}],"curies":[{"name":"wp","href":"https:\/\/api.w.org\/{rel}","templated":true}]}}