{"id":5998,"date":"2024-03-24T13:05:02","date_gmt":"2024-03-24T13:05:02","guid":{"rendered":"https:\/\/www.amanien.info\/news\/?p=5998"},"modified":"2024-03-24T13:05:02","modified_gmt":"2024-03-24T13:05:02","slug":"le-sg-du-rice-maizan-k-paul-a-louverture-des-jnce-2024le-commerce-equitable-connait-une-bonne-dynamique-de-croissance","status":"publish","type":"post","link":"https:\/\/www.amanien.info\/news\/le-sg-du-rice-maizan-k-paul-a-louverture-des-jnce-2024le-commerce-equitable-connait-une-bonne-dynamique-de-croissance\/","title":{"rendered":"Le SG du RICE, Maizan K. Paul, \u00e0 l&rsquo;ouverture des JNCE 2024:\u00a0\u00bble commerce \u00e9quitable conna\u00eet une bonne dynamique de croissance \u00ab\u00a0"},"content":{"rendered":"<div><span style=\"text-transform: initial;\">\u00ab\u00a0Commerce \u00e9quitable et durabilit\u00e9 des fili\u00e8res agricoles\u00a0\u00bb. Tel est le th\u00e8me principal de la troisi\u00e8me \u00e9dition des journ\u00e9es nationales du commerce \u00e9quitable (JNCE 2024), qui a ouvert ses portes, le vendredi 22 mars 2024, \u00e0 l&rsquo;auditorium de la Caistab d&rsquo;Abidjan-Plateau, en pr\u00e9sence de M. Bernard Kouassi, Repr\u00e9sentant le Parrain et Ministre de l&rsquo;agriculture, du d\u00e9veloppement durable et des productions vivri\u00e8res.<\/span><\/div>\n<div><\/div>\n<div><\/div>\n<div>A cette occasion, le Secr\u00e9tariat g\u00e9n\u00e9ral du R\u00e9seau ivoirien du commerce \u00e9quitable (RICE), Maizan Kobena Y. Paul a indiqu\u00e9 que le commerce \u00e9quitable \u00ab\u00a0conna\u00eet un d\u00e9veloppement rapide en Afrique de l&rsquo;ouest et particuli\u00e8rement en C\u00f4te d&rsquo;Ivoire. Il conna\u00eet une bonne dynamique de croissance \u00ab\u00a0, a-t-il dit.<\/div>\n<div><\/div>\n<div>D&rsquo;une seule organisation en 2004, poursuit-il, on d\u00e9nombre \u00e0 ce jour, 265 organisations certifi\u00e9es commerce \u00e9quitable. Le volume de cacao aux conditions de commerce \u00e9quitable, sont pass\u00e9es de 25 tonnes en 2004 \u00e0 156 000 tonnes \u00e0 ce jour.<\/div>\n<div><\/div>\n<div>Outre le cacao, les autres fili\u00e8res certifi\u00e9es commerce \u00e9quitable, notamment l&rsquo;anacarde, la banane, la noix de coco, la mangue, le miel, l&rsquo;artisanat, selon lui, connaissent aussi une bonne dynamique de croissance.<\/div>\n<div><\/div>\n<div><\/div>\n<div>Durant ces deux journ\u00e9es, les acteurs de toute la cha\u00eene de valeur ont \u00e9t\u00e9 sensibilis\u00e9s sur la contribution du commerce \u00e9quitable,\u00a0 les voies d&rsquo;am\u00e9lioration de fonctionnement du commerce \u00e9quitable ont \u00e9t\u00e9 \u00e9tudi\u00e9es pour une plus grande efficacit\u00e9 au service des producteurs.<\/div>\n<div><\/div>\n<div>Ces journ\u00e9es ont \u00e9t\u00e9\u00a0 riches en activit\u00e9s notamment des rencontres d&rsquo;\u00e9changes \u00e0 travers des panels, table ronde, atelier d&rsquo;\u00e9changes et espace des expositions ventes.<\/div>\n<div><\/div>\n<div><\/div>\n<div>Cr\u00e9\u00e9 en 2009 \u00e0 l&rsquo;initiative de 09 coop\u00e9ratives, le commerce \u00e9quitable est l&rsquo;association des organisations de producteurs certifi\u00e9es commerce \u00e9quitable en C\u00f4te d&rsquo;Ivoire. Il vise \u00e0 valoriser les \u00e9changes commerciaux \u00e9quitables profitant de toutes les parties prenantes notamment les producteurs et travailleurs.<\/div>\n<div><\/div>\n<div><\/div>\n<div><b>S.A.<\/b><\/div>\n","protected":false},"excerpt":{"rendered":"<p>\u00ab\u00a0Commerce \u00e9quitable et durabilit\u00e9 des fili\u00e8res agricoles\u00a0\u00bb. Tel est le th\u00e8me principal de la troisi\u00e8me \u00e9dition des journ\u00e9es nationales du commerce \u00e9quitable (JNCE 2024), qui a ouvert ses portes, le vendredi 22 mars 2024, \u00e0 l&rsquo;auditorium de la Caistab d&rsquo;Abidjan-Plateau, en pr\u00e9sence de M. Bernard Kouassi, Repr\u00e9sentant le Parrain et Ministre de l&rsquo;agriculture, du d\u00e9veloppement [&hellip;]<\/p>\n","protected":false},"author":2,"featured_media":6000,"comment_status":"closed","ping_status":"closed","sticky":false,"template":"","format":"standard","meta":{"_acf_changed":false,"footnotes":""},"categories":[5],"tags":[],"class_list":["post-5998","post","type-post","status-publish","format-standard","has-post-thumbnail","hentry","category-economie"],"acf":[],"yoast_head":"<!-- This site is optimized with the Yoast SEO plugin v27.5 - https:\/\/yoast.com\/product\/yoast-seo-wordpress\/ -->\n<title>Le SG du RICE, Maizan K. Paul, \u00e0 l&#039;ouverture des JNCE 2024:&quot;le commerce \u00e9quitable conna\u00eet une bonne dynamique de croissance &quot; - Amanien| L&#039;actualit\u00e9 Ivoirienne et Internationale<\/title>\n<meta name=\"robots\" content=\"index, follow, max-snippet:-1, max-image-preview:large, max-video-preview:-1\" \/>\n<link rel=\"canonical\" href=\"https:\/\/www.amanien.info\/news\/le-sg-du-rice-maizan-k-paul-a-louverture-des-jnce-2024le-commerce-equitable-connait-une-bonne-dynamique-de-croissance\/\" \/>\n<meta property=\"og:locale\" content=\"fr_FR\" \/>\n<meta property=\"og:type\" content=\"article\" \/>\n<meta property=\"og:title\" content=\"Le SG du RICE, Maizan K. Paul, \u00e0 l&#039;ouverture des JNCE 2024:&quot;le commerce \u00e9quitable conna\u00eet une bonne dynamique de croissance &quot; - Amanien| L&#039;actualit\u00e9 Ivoirienne et Internationale\" \/>\n<meta property=\"og:description\" content=\"\u00ab\u00a0Commerce \u00e9quitable et durabilit\u00e9 des fili\u00e8res agricoles\u00a0\u00bb. Tel est le th\u00e8me principal de la troisi\u00e8me \u00e9dition des journ\u00e9es nationales du commerce \u00e9quitable (JNCE 2024), qui a ouvert ses portes, le vendredi 22 mars 2024, \u00e0 l&rsquo;auditorium de la Caistab d&rsquo;Abidjan-Plateau, en pr\u00e9sence de M. Bernard Kouassi, Repr\u00e9sentant le Parrain et Ministre de l&rsquo;agriculture, du d\u00e9veloppement [&hellip;]\" \/>\n<meta property=\"og:url\" content=\"https:\/\/www.amanien.info\/news\/le-sg-du-rice-maizan-k-paul-a-louverture-des-jnce-2024le-commerce-equitable-connait-une-bonne-dynamique-de-croissance\/\" \/>\n<meta property=\"og:site_name\" content=\"Amanien| L&#039;actualit\u00e9 Ivoirienne et Internationale\" \/>\n<meta property=\"article:published_time\" content=\"2024-03-24T13:05:02+00:00\" \/>\n<meta property=\"og:image\" content=\"https:\/\/www.amanien.info\/news\/wp-content\/uploads\/2024\/03\/IMG-20240322-WA0026.jpg\" \/>\n\t<meta property=\"og:image:width\" content=\"1040\" \/>\n\t<meta property=\"og:image:height\" content=\"780\" \/>\n\t<meta property=\"og:image:type\" content=\"image\/jpeg\" \/>\n<meta name=\"author\" content=\"Germain Ndri\" \/>\n<meta name=\"twitter:card\" content=\"summary_large_image\" \/>\n<meta name=\"twitter:label1\" content=\"\u00c9crit par\" \/>\n\t<meta name=\"twitter:data1\" content=\"Germain Ndri\" \/>\n\t<meta name=\"twitter:label2\" content=\"Dur\u00e9e de lecture estim\u00e9e\" \/>\n\t<meta name=\"twitter:data2\" content=\"2 minutes\" \/>\n<script type=\"application\/ld+json\" class=\"yoast-schema-graph\">{\"@context\":\"https:\\\/\\\/schema.org\",\"@graph\":[{\"@type\":\"Article\",\"@id\":\"https:\\\/\\\/www.amanien.info\\\/news\\\/le-sg-du-rice-maizan-k-paul-a-louverture-des-jnce-2024le-commerce-equitable-connait-une-bonne-dynamique-de-croissance\\\/#article\",\"isPartOf\":{\"@id\":\"https:\\\/\\\/www.amanien.info\\\/news\\\/le-sg-du-rice-maizan-k-paul-a-louverture-des-jnce-2024le-commerce-equitable-connait-une-bonne-dynamique-de-croissance\\\/\"},\"author\":{\"name\":\"Germain Ndri\",\"@id\":\"https:\\\/\\\/www.amanien.info\\\/news\\\/#\\\/schema\\\/person\\\/b21093345753a1a98242d505bd894f42\"},\"headline\":\"Le SG du RICE, Maizan K. Paul, \u00e0 l&rsquo;ouverture des JNCE 2024:\u00a0\u00bble commerce \u00e9quitable conna\u00eet une bonne dynamique de croissance \u00ab\u00a0\",\"datePublished\":\"2024-03-24T13:05:02+00:00\",\"mainEntityOfPage\":{\"@id\":\"https:\\\/\\\/www.amanien.info\\\/news\\\/le-sg-du-rice-maizan-k-paul-a-louverture-des-jnce-2024le-commerce-equitable-connait-une-bonne-dynamique-de-croissance\\\/\"},\"wordCount\":333,\"image\":{\"@id\":\"https:\\\/\\\/www.amanien.info\\\/news\\\/le-sg-du-rice-maizan-k-paul-a-louverture-des-jnce-2024le-commerce-equitable-connait-une-bonne-dynamique-de-croissance\\\/#primaryimage\"},\"thumbnailUrl\":\"https:\\\/\\\/www.amanien.info\\\/news\\\/wp-content\\\/uploads\\\/2024\\\/03\\\/IMG-20240322-WA0026.jpg\",\"articleSection\":[\"Economie\"],\"inLanguage\":\"fr-FR\"},{\"@type\":\"WebPage\",\"@id\":\"https:\\\/\\\/www.amanien.info\\\/news\\\/le-sg-du-rice-maizan-k-paul-a-louverture-des-jnce-2024le-commerce-equitable-connait-une-bonne-dynamique-de-croissance\\\/\",\"url\":\"https:\\\/\\\/www.amanien.info\\\/news\\\/le-sg-du-rice-maizan-k-paul-a-louverture-des-jnce-2024le-commerce-equitable-connait-une-bonne-dynamique-de-croissance\\\/\",\"name\":\"Le SG du RICE, Maizan K. Paul, \u00e0 l'ouverture des JNCE 2024:\\\"le commerce \u00e9quitable conna\u00eet une bonne dynamique de croissance \\\" - Amanien| L&#039;actualit\u00e9 Ivoirienne et Internationale\",\"isPartOf\":{\"@id\":\"https:\\\/\\\/www.amanien.info\\\/news\\\/#website\"},\"primaryImageOfPage\":{\"@id\":\"https:\\\/\\\/www.amanien.info\\\/news\\\/le-sg-du-rice-maizan-k-paul-a-louverture-des-jnce-2024le-commerce-equitable-connait-une-bonne-dynamique-de-croissance\\\/#primaryimage\"},\"image\":{\"@id\":\"https:\\\/\\\/www.amanien.info\\\/news\\\/le-sg-du-rice-maizan-k-paul-a-louverture-des-jnce-2024le-commerce-equitable-connait-une-bonne-dynamique-de-croissance\\\/#primaryimage\"},\"thumbnailUrl\":\"https:\\\/\\\/www.amanien.info\\\/news\\\/wp-content\\\/uploads\\\/2024\\\/03\\\/IMG-20240322-WA0026.jpg\",\"datePublished\":\"2024-03-24T13:05:02+00:00\",\"author\":{\"@id\":\"https:\\\/\\\/www.amanien.info\\\/news\\\/#\\\/schema\\\/person\\\/b21093345753a1a98242d505bd894f42\"},\"breadcrumb\":{\"@id\":\"https:\\\/\\\/www.amanien.info\\\/news\\\/le-sg-du-rice-maizan-k-paul-a-louverture-des-jnce-2024le-commerce-equitable-connait-une-bonne-dynamique-de-croissance\\\/#breadcrumb\"},\"inLanguage\":\"fr-FR\",\"potentialAction\":[{\"@type\":\"ReadAction\",\"target\":[\"https:\\\/\\\/www.amanien.info\\\/news\\\/le-sg-du-rice-maizan-k-paul-a-louverture-des-jnce-2024le-commerce-equitable-connait-une-bonne-dynamique-de-croissance\\\/\"]}]},{\"@type\":\"ImageObject\",\"inLanguage\":\"fr-FR\",\"@id\":\"https:\\\/\\\/www.amanien.info\\\/news\\\/le-sg-du-rice-maizan-k-paul-a-louverture-des-jnce-2024le-commerce-equitable-connait-une-bonne-dynamique-de-croissance\\\/#primaryimage\",\"url\":\"https:\\\/\\\/www.amanien.info\\\/news\\\/wp-content\\\/uploads\\\/2024\\\/03\\\/IMG-20240322-WA0026.jpg\",\"contentUrl\":\"https:\\\/\\\/www.amanien.info\\\/news\\\/wp-content\\\/uploads\\\/2024\\\/03\\\/IMG-20240322-WA0026.jpg\",\"width\":1040,\"height\":780},{\"@type\":\"BreadcrumbList\",\"@id\":\"https:\\\/\\\/www.amanien.info\\\/news\\\/le-sg-du-rice-maizan-k-paul-a-louverture-des-jnce-2024le-commerce-equitable-connait-une-bonne-dynamique-de-croissance\\\/#breadcrumb\",\"itemListElement\":[{\"@type\":\"ListItem\",\"position\":1,\"name\":\"Accueil\",\"item\":\"https:\\\/\\\/www.amanien.info\\\/news\\\/\"},{\"@type\":\"ListItem\",\"position\":2,\"name\":\"Le SG du RICE, Maizan K. Paul, \u00e0 l&rsquo;ouverture des JNCE 2024:\u00a0\u00bble commerce \u00e9quitable conna\u00eet une bonne dynamique de croissance \u00ab\u00a0\"}]},{\"@type\":\"WebSite\",\"@id\":\"https:\\\/\\\/www.amanien.info\\\/news\\\/#website\",\"url\":\"https:\\\/\\\/www.amanien.info\\\/news\\\/\",\"name\":\"Amanien| L&#039;actualit\u00e9 Ivoirienne et Internationale\",\"description\":\"L&#039;actualit\u00e9 Ivoirienne et Internationale\",\"potentialAction\":[{\"@type\":\"SearchAction\",\"target\":{\"@type\":\"EntryPoint\",\"urlTemplate\":\"https:\\\/\\\/www.amanien.info\\\/news\\\/?s={search_term_string}\"},\"query-input\":{\"@type\":\"PropertyValueSpecification\",\"valueRequired\":true,\"valueName\":\"search_term_string\"}}],\"inLanguage\":\"fr-FR\"},{\"@type\":\"Person\",\"@id\":\"https:\\\/\\\/www.amanien.info\\\/news\\\/#\\\/schema\\\/person\\\/b21093345753a1a98242d505bd894f42\",\"name\":\"Germain Ndri\",\"url\":\"https:\\\/\\\/www.amanien.info\\\/news\\\/author\\\/amanien-infos\\\/\"}]}<\/script>\n<!-- \/ Yoast SEO plugin. -->","yoast_head_json":{"title":"Le SG du RICE, Maizan K. Paul, \u00e0 l'ouverture des JNCE 2024:\"le commerce \u00e9quitable conna\u00eet une bonne dynamique de croissance \" - Amanien| L&#039;actualit\u00e9 Ivoirienne et Internationale","robots":{"index":"index","follow":"follow","max-snippet":"max-snippet:-1","max-image-preview":"max-image-preview:large","max-video-preview":"max-video-preview:-1"},"canonical":"https:\/\/www.amanien.info\/news\/le-sg-du-rice-maizan-k-paul-a-louverture-des-jnce-2024le-commerce-equitable-connait-une-bonne-dynamique-de-croissance\/","og_locale":"fr_FR","og_type":"article","og_title":"Le SG du RICE, Maizan K. Paul, \u00e0 l'ouverture des JNCE 2024:\"le commerce \u00e9quitable conna\u00eet une bonne dynamique de croissance \" - Amanien| L&#039;actualit\u00e9 Ivoirienne et Internationale","og_description":"\u00ab\u00a0Commerce \u00e9quitable et durabilit\u00e9 des fili\u00e8res agricoles\u00a0\u00bb. Tel est le th\u00e8me principal de la troisi\u00e8me \u00e9dition des journ\u00e9es nationales du commerce \u00e9quitable (JNCE 2024), qui a ouvert ses portes, le vendredi 22 mars 2024, \u00e0 l&rsquo;auditorium de la Caistab d&rsquo;Abidjan-Plateau, en pr\u00e9sence de M. Bernard Kouassi, Repr\u00e9sentant le Parrain et Ministre de l&rsquo;agriculture, du d\u00e9veloppement [&hellip;]","og_url":"https:\/\/www.amanien.info\/news\/le-sg-du-rice-maizan-k-paul-a-louverture-des-jnce-2024le-commerce-equitable-connait-une-bonne-dynamique-de-croissance\/","og_site_name":"Amanien| L&#039;actualit\u00e9 Ivoirienne et Internationale","article_published_time":"2024-03-24T13:05:02+00:00","og_image":[{"width":1040,"height":780,"url":"https:\/\/www.amanien.info\/news\/wp-content\/uploads\/2024\/03\/IMG-20240322-WA0026.jpg","type":"image\/jpeg"}],"author":"Germain Ndri","twitter_card":"summary_large_image","twitter_misc":{"\u00c9crit par":"Germain Ndri","Dur\u00e9e de lecture estim\u00e9e":"2 minutes"},"schema":{"@context":"https:\/\/schema.org","@graph":[{"@type":"Article","@id":"https:\/\/www.amanien.info\/news\/le-sg-du-rice-maizan-k-paul-a-louverture-des-jnce-2024le-commerce-equitable-connait-une-bonne-dynamique-de-croissance\/#article","isPartOf":{"@id":"https:\/\/www.amanien.info\/news\/le-sg-du-rice-maizan-k-paul-a-louverture-des-jnce-2024le-commerce-equitable-connait-une-bonne-dynamique-de-croissance\/"},"author":{"name":"Germain Ndri","@id":"https:\/\/www.amanien.info\/news\/#\/schema\/person\/b21093345753a1a98242d505bd894f42"},"headline":"Le SG du RICE, Maizan K. Paul, \u00e0 l&rsquo;ouverture des JNCE 2024:\u00a0\u00bble commerce \u00e9quitable conna\u00eet une bonne dynamique de croissance \u00ab\u00a0","datePublished":"2024-03-24T13:05:02+00:00","mainEntityOfPage":{"@id":"https:\/\/www.amanien.info\/news\/le-sg-du-rice-maizan-k-paul-a-louverture-des-jnce-2024le-commerce-equitable-connait-une-bonne-dynamique-de-croissance\/"},"wordCount":333,"image":{"@id":"https:\/\/www.amanien.info\/news\/le-sg-du-rice-maizan-k-paul-a-louverture-des-jnce-2024le-commerce-equitable-connait-une-bonne-dynamique-de-croissance\/#primaryimage"},"thumbnailUrl":"https:\/\/www.amanien.info\/news\/wp-content\/uploads\/2024\/03\/IMG-20240322-WA0026.jpg","articleSection":["Economie"],"inLanguage":"fr-FR"},{"@type":"WebPage","@id":"https:\/\/www.amanien.info\/news\/le-sg-du-rice-maizan-k-paul-a-louverture-des-jnce-2024le-commerce-equitable-connait-une-bonne-dynamique-de-croissance\/","url":"https:\/\/www.amanien.info\/news\/le-sg-du-rice-maizan-k-paul-a-louverture-des-jnce-2024le-commerce-equitable-connait-une-bonne-dynamique-de-croissance\/","name":"Le SG du RICE, Maizan K. Paul, \u00e0 l'ouverture des JNCE 2024:\"le commerce \u00e9quitable conna\u00eet une bonne dynamique de croissance \" - Amanien| L&#039;actualit\u00e9 Ivoirienne et Internationale","isPartOf":{"@id":"https:\/\/www.amanien.info\/news\/#website"},"primaryImageOfPage":{"@id":"https:\/\/www.amanien.info\/news\/le-sg-du-rice-maizan-k-paul-a-louverture-des-jnce-2024le-commerce-equitable-connait-une-bonne-dynamique-de-croissance\/#primaryimage"},"image":{"@id":"https:\/\/www.amanien.info\/news\/le-sg-du-rice-maizan-k-paul-a-louverture-des-jnce-2024le-commerce-equitable-connait-une-bonne-dynamique-de-croissance\/#primaryimage"},"thumbnailUrl":"https:\/\/www.amanien.info\/news\/wp-content\/uploads\/2024\/03\/IMG-20240322-WA0026.jpg","datePublished":"2024-03-24T13:05:02+00:00","author":{"@id":"https:\/\/www.amanien.info\/news\/#\/schema\/person\/b21093345753a1a98242d505bd894f42"},"breadcrumb":{"@id":"https:\/\/www.amanien.info\/news\/le-sg-du-rice-maizan-k-paul-a-louverture-des-jnce-2024le-commerce-equitable-connait-une-bonne-dynamique-de-croissance\/#breadcrumb"},"inLanguage":"fr-FR","potentialAction":[{"@type":"ReadAction","target":["https:\/\/www.amanien.info\/news\/le-sg-du-rice-maizan-k-paul-a-louverture-des-jnce-2024le-commerce-equitable-connait-une-bonne-dynamique-de-croissance\/"]}]},{"@type":"ImageObject","inLanguage":"fr-FR","@id":"https:\/\/www.amanien.info\/news\/le-sg-du-rice-maizan-k-paul-a-louverture-des-jnce-2024le-commerce-equitable-connait-une-bonne-dynamique-de-croissance\/#primaryimage","url":"https:\/\/www.amanien.info\/news\/wp-content\/uploads\/2024\/03\/IMG-20240322-WA0026.jpg","contentUrl":"https:\/\/www.amanien.info\/news\/wp-content\/uploads\/2024\/03\/IMG-20240322-WA0026.jpg","width":1040,"height":780},{"@type":"BreadcrumbList","@id":"https:\/\/www.amanien.info\/news\/le-sg-du-rice-maizan-k-paul-a-louverture-des-jnce-2024le-commerce-equitable-connait-une-bonne-dynamique-de-croissance\/#breadcrumb","itemListElement":[{"@type":"ListItem","position":1,"name":"Accueil","item":"https:\/\/www.amanien.info\/news\/"},{"@type":"ListItem","position":2,"name":"Le SG du RICE, Maizan K. Paul, \u00e0 l&rsquo;ouverture des JNCE 2024:\u00a0\u00bble commerce \u00e9quitable conna\u00eet une bonne dynamique de croissance \u00ab\u00a0"}]},{"@type":"WebSite","@id":"https:\/\/www.amanien.info\/news\/#website","url":"https:\/\/www.amanien.info\/news\/","name":"Amanien| L&#039;actualit\u00e9 Ivoirienne et Internationale","description":"L&#039;actualit\u00e9 Ivoirienne et Internationale","potentialAction":[{"@type":"SearchAction","target":{"@type":"EntryPoint","urlTemplate":"https:\/\/www.amanien.info\/news\/?s={search_term_string}"},"query-input":{"@type":"PropertyValueSpecification","valueRequired":true,"valueName":"search_term_string"}}],"inLanguage":"fr-FR"},{"@type":"Person","@id":"https:\/\/www.amanien.info\/news\/#\/schema\/person\/b21093345753a1a98242d505bd894f42","name":"Germain Ndri","url":"https:\/\/www.amanien.info\/news\/author\/amanien-infos\/"}]}},"_links":{"self":[{"href":"https:\/\/www.amanien.info\/news\/wp-json\/wp\/v2\/posts\/5998","targetHints":{"allow":["GET"]}}],"collection":[{"href":"https:\/\/www.amanien.info\/news\/wp-json\/wp\/v2\/posts"}],"about":[{"href":"https:\/\/www.amanien.info\/news\/wp-json\/wp\/v2\/types\/post"}],"author":[{"embeddable":true,"href":"https:\/\/www.amanien.info\/news\/wp-json\/wp\/v2\/users\/2"}],"replies":[{"embeddable":true,"href":"https:\/\/www.amanien.info\/news\/wp-json\/wp\/v2\/comments?post=5998"}],"version-history":[{"count":1,"href":"https:\/\/www.amanien.info\/news\/wp-json\/wp\/v2\/posts\/5998\/revisions"}],"predecessor-version":[{"id":6001,"href":"https:\/\/www.amanien.info\/news\/wp-json\/wp\/v2\/posts\/5998\/revisions\/6001"}],"wp:featuredmedia":[{"embeddable":true,"href":"https:\/\/www.amanien.info\/news\/wp-json\/wp\/v2\/media\/6000"}],"wp:attachment":[{"href":"https:\/\/www.amanien.info\/news\/wp-json\/wp\/v2\/media?parent=5998"}],"wp:term":[{"taxonomy":"category","embeddable":true,"href":"https:\/\/www.amanien.info\/news\/wp-json\/wp\/v2\/categories?post=5998"},{"taxonomy":"post_tag","embeddable":true,"href":"https:\/\/www.amanien.info\/news\/wp-json\/wp\/v2\/tags?post=5998"}],"curies":[{"name":"wp","href":"https:\/\/api.w.org\/{rel}","templated":true}]}}