{"id":5974,"date":"2024-03-20T09:59:34","date_gmt":"2024-03-20T09:59:34","guid":{"rendered":"https:\/\/www.amanien.info\/news\/?p=5974"},"modified":"2024-03-20T09:59:34","modified_gmt":"2024-03-20T09:59:34","slug":"abidjan-abritera-la-3e-edition-des-journees-nationales-du-commerce-equitable-jnce-2024-du-21-au-22-mars-prochain","status":"publish","type":"post","link":"https:\/\/www.amanien.info\/news\/abidjan-abritera-la-3e-edition-des-journees-nationales-du-commerce-equitable-jnce-2024-du-21-au-22-mars-prochain\/","title":{"rendered":"Abidjan abritera la 3\u00e8 \u00e9dition des Journ\u00e9es Nationales du commerce \u00e9quitable (JNCE 2024) du 21 au 22 mars prochain\u00a0"},"content":{"rendered":"<p>&nbsp;<\/p>\n<div><b style=\"text-transform: initial;\">\u00ab\u00a0<\/b><span style=\"text-transform: initial;\">Le commerce \u00e9quitable et la durabilit\u00e9 des fili\u00e8res agricoles\u00a0\u00bb. Tel est le th\u00e8me principal de la troisi\u00e8me \u00e9dition des journ\u00e9es nationales du commerce \u00e9quitable (JNCE 2024), qui se d\u00e9roulera du 21 au 22 mars prochain dans la capitale \u00e9conomique ivoirienne, pr\u00e9cis\u00e9ment \u00e0 la Caisse de Stabilisation (Caistab) d&rsquo;Abidjan-Plateau.\u00a0<\/span><\/div>\n<div><\/div>\n<div><\/div>\n<div>Organis\u00e9es par le R\u00e9seau ivoirien du commerce \u00e9quitable (RICE), les JNCE 2024, parrain\u00e9es par le Ministre de l&rsquo;agriculture, du d\u00e9veloppement durable et des productions vivri\u00e8res, visent contribuer \u00e0 am\u00e9liorer la r\u00e9silience \u00e9conomique et environnementale des producteurs et de leurs organisations via le commerce \u00e9quitable.<\/div>\n<div><\/div>\n<div><\/div>\n<div>A l&rsquo;instar des \u00e9ditions pr\u00e9c\u00e9dentes, la troisi\u00e8me \u00e9dition des JNCE sera un cadre d&rsquo;\u00e9changes entre plusieurs acteurs.<\/div>\n<div><\/div>\n<div>Elle verra la participation des minist\u00e8res et institutions publiques et para publiques, organisations de producteurs, industriels et exportateurs, organismes de certification, de formation ou d&rsquo;audit, organisations internationales et partenaires au d\u00e9veloppement ainsi que des structures de financement, etc.<\/div>\n<div><\/div>\n<div><\/div>\n<div>Cette important \u00e9v\u00e9nement, en l&rsquo;occurrence les JNCE, sera riche en activit\u00e9s. Il s&rsquo;agit, entre autres, d&rsquo;une conf\u00e9rence inaugurale portant sur le th\u00e8me :<b>\u00a0les impacts, d\u00e9fis et perspectives du commerce \u00e9quitable<\/b>, deux(02) panels, des sessions d&rsquo;\u00e9changes, une vitrine d&rsquo;innovation, des expositions. Un d\u00eener gala cl\u00f4tura ces journ\u00e9es.<\/div>\n<div><\/div>\n<div><\/div>\n<div>Pour rappel, le commerce \u00e9quitable est partenariat commercial fond\u00e9 sur le dialogue, la transparence et le respect, dont l&rsquo;objectif est de parvenir \u00e0 une grande \u00e9quit\u00e9 dans le commerce mondial. Il contribue au d\u00e9veloppement durable en offrant de meilleures conditions commerciales, en garantissant les droits des producteurs et des travailleurs marginalis\u00e9s, tout particuli\u00e8rement au Sud de la plan\u00e8te.<\/div>\n<div><\/div>\n<div><b>S.A.\u00a0<\/b><\/div>\n<div><\/div>\n","protected":false},"excerpt":{"rendered":"<p>&nbsp; \u00ab\u00a0Le commerce \u00e9quitable et la durabilit\u00e9 des fili\u00e8res agricoles\u00a0\u00bb. Tel est le th\u00e8me principal de la troisi\u00e8me \u00e9dition des journ\u00e9es nationales du commerce \u00e9quitable (JNCE 2024), qui se d\u00e9roulera du 21 au 22 mars prochain dans la capitale \u00e9conomique ivoirienne, pr\u00e9cis\u00e9ment \u00e0 la Caisse de Stabilisation (Caistab) d&rsquo;Abidjan-Plateau.\u00a0 Organis\u00e9es par le R\u00e9seau ivoirien du [&hellip;]<\/p>\n","protected":false},"author":2,"featured_media":5979,"comment_status":"closed","ping_status":"closed","sticky":false,"template":"","format":"standard","meta":{"_acf_changed":false,"footnotes":""},"categories":[5],"tags":[],"class_list":["post-5974","post","type-post","status-publish","format-standard","has-post-thumbnail","hentry","category-economie"],"acf":[],"yoast_head":"<!-- This site is optimized with the Yoast SEO plugin v27.5 - https:\/\/yoast.com\/product\/yoast-seo-wordpress\/ -->\n<title>Abidjan abritera la 3\u00e8 \u00e9dition des Journ\u00e9es Nationales du commerce \u00e9quitable (JNCE 2024) du 21 au 22 mars prochain\u00a0 - Amanien| L&#039;actualit\u00e9 Ivoirienne et Internationale<\/title>\n<meta name=\"robots\" content=\"index, follow, max-snippet:-1, max-image-preview:large, max-video-preview:-1\" \/>\n<link rel=\"canonical\" href=\"https:\/\/www.amanien.info\/news\/abidjan-abritera-la-3e-edition-des-journees-nationales-du-commerce-equitable-jnce-2024-du-21-au-22-mars-prochain\/\" \/>\n<meta property=\"og:locale\" content=\"fr_FR\" \/>\n<meta property=\"og:type\" content=\"article\" \/>\n<meta property=\"og:title\" content=\"Abidjan abritera la 3\u00e8 \u00e9dition des Journ\u00e9es Nationales du commerce \u00e9quitable (JNCE 2024) du 21 au 22 mars prochain\u00a0 - Amanien| L&#039;actualit\u00e9 Ivoirienne et Internationale\" \/>\n<meta property=\"og:description\" content=\"&nbsp; \u00ab\u00a0Le commerce \u00e9quitable et la durabilit\u00e9 des fili\u00e8res agricoles\u00a0\u00bb. Tel est le th\u00e8me principal de la troisi\u00e8me \u00e9dition des journ\u00e9es nationales du commerce \u00e9quitable (JNCE 2024), qui se d\u00e9roulera du 21 au 22 mars prochain dans la capitale \u00e9conomique ivoirienne, pr\u00e9cis\u00e9ment \u00e0 la Caisse de Stabilisation (Caistab) d&rsquo;Abidjan-Plateau.\u00a0 Organis\u00e9es par le R\u00e9seau ivoirien du [&hellip;]\" \/>\n<meta property=\"og:url\" content=\"https:\/\/www.amanien.info\/news\/abidjan-abritera-la-3e-edition-des-journees-nationales-du-commerce-equitable-jnce-2024-du-21-au-22-mars-prochain\/\" \/>\n<meta property=\"og:site_name\" content=\"Amanien| L&#039;actualit\u00e9 Ivoirienne et Internationale\" \/>\n<meta property=\"article:published_time\" content=\"2024-03-20T09:59:34+00:00\" \/>\n<meta property=\"og:image\" content=\"https:\/\/www.amanien.info\/news\/wp-content\/uploads\/2024\/03\/IMG-20240319-WA0039.jpg\" \/>\n\t<meta property=\"og:image:width\" content=\"1080\" \/>\n\t<meta property=\"og:image:height\" content=\"720\" \/>\n\t<meta property=\"og:image:type\" content=\"image\/jpeg\" \/>\n<meta name=\"author\" content=\"Germain Ndri\" \/>\n<meta name=\"twitter:card\" content=\"summary_large_image\" \/>\n<meta name=\"twitter:label1\" content=\"\u00c9crit par\" \/>\n\t<meta name=\"twitter:data1\" content=\"Germain Ndri\" \/>\n\t<meta name=\"twitter:label2\" content=\"Dur\u00e9e de lecture estim\u00e9e\" \/>\n\t<meta name=\"twitter:data2\" content=\"2 minutes\" \/>\n<script type=\"application\/ld+json\" class=\"yoast-schema-graph\">{\"@context\":\"https:\\\/\\\/schema.org\",\"@graph\":[{\"@type\":\"Article\",\"@id\":\"https:\\\/\\\/www.amanien.info\\\/news\\\/abidjan-abritera-la-3e-edition-des-journees-nationales-du-commerce-equitable-jnce-2024-du-21-au-22-mars-prochain\\\/#article\",\"isPartOf\":{\"@id\":\"https:\\\/\\\/www.amanien.info\\\/news\\\/abidjan-abritera-la-3e-edition-des-journees-nationales-du-commerce-equitable-jnce-2024-du-21-au-22-mars-prochain\\\/\"},\"author\":{\"name\":\"Germain Ndri\",\"@id\":\"https:\\\/\\\/www.amanien.info\\\/news\\\/#\\\/schema\\\/person\\\/b21093345753a1a98242d505bd894f42\"},\"headline\":\"Abidjan abritera la 3\u00e8 \u00e9dition des Journ\u00e9es Nationales du commerce \u00e9quitable (JNCE 2024) du 21 au 22 mars prochain\u00a0\",\"datePublished\":\"2024-03-20T09:59:34+00:00\",\"mainEntityOfPage\":{\"@id\":\"https:\\\/\\\/www.amanien.info\\\/news\\\/abidjan-abritera-la-3e-edition-des-journees-nationales-du-commerce-equitable-jnce-2024-du-21-au-22-mars-prochain\\\/\"},\"wordCount\":305,\"image\":{\"@id\":\"https:\\\/\\\/www.amanien.info\\\/news\\\/abidjan-abritera-la-3e-edition-des-journees-nationales-du-commerce-equitable-jnce-2024-du-21-au-22-mars-prochain\\\/#primaryimage\"},\"thumbnailUrl\":\"https:\\\/\\\/www.amanien.info\\\/news\\\/wp-content\\\/uploads\\\/2024\\\/03\\\/IMG-20240319-WA0039.jpg\",\"articleSection\":[\"Economie\"],\"inLanguage\":\"fr-FR\"},{\"@type\":\"WebPage\",\"@id\":\"https:\\\/\\\/www.amanien.info\\\/news\\\/abidjan-abritera-la-3e-edition-des-journees-nationales-du-commerce-equitable-jnce-2024-du-21-au-22-mars-prochain\\\/\",\"url\":\"https:\\\/\\\/www.amanien.info\\\/news\\\/abidjan-abritera-la-3e-edition-des-journees-nationales-du-commerce-equitable-jnce-2024-du-21-au-22-mars-prochain\\\/\",\"name\":\"Abidjan abritera la 3\u00e8 \u00e9dition des Journ\u00e9es Nationales du commerce \u00e9quitable (JNCE 2024) du 21 au 22 mars prochain\u00a0 - Amanien| L&#039;actualit\u00e9 Ivoirienne et Internationale\",\"isPartOf\":{\"@id\":\"https:\\\/\\\/www.amanien.info\\\/news\\\/#website\"},\"primaryImageOfPage\":{\"@id\":\"https:\\\/\\\/www.amanien.info\\\/news\\\/abidjan-abritera-la-3e-edition-des-journees-nationales-du-commerce-equitable-jnce-2024-du-21-au-22-mars-prochain\\\/#primaryimage\"},\"image\":{\"@id\":\"https:\\\/\\\/www.amanien.info\\\/news\\\/abidjan-abritera-la-3e-edition-des-journees-nationales-du-commerce-equitable-jnce-2024-du-21-au-22-mars-prochain\\\/#primaryimage\"},\"thumbnailUrl\":\"https:\\\/\\\/www.amanien.info\\\/news\\\/wp-content\\\/uploads\\\/2024\\\/03\\\/IMG-20240319-WA0039.jpg\",\"datePublished\":\"2024-03-20T09:59:34+00:00\",\"author\":{\"@id\":\"https:\\\/\\\/www.amanien.info\\\/news\\\/#\\\/schema\\\/person\\\/b21093345753a1a98242d505bd894f42\"},\"breadcrumb\":{\"@id\":\"https:\\\/\\\/www.amanien.info\\\/news\\\/abidjan-abritera-la-3e-edition-des-journees-nationales-du-commerce-equitable-jnce-2024-du-21-au-22-mars-prochain\\\/#breadcrumb\"},\"inLanguage\":\"fr-FR\",\"potentialAction\":[{\"@type\":\"ReadAction\",\"target\":[\"https:\\\/\\\/www.amanien.info\\\/news\\\/abidjan-abritera-la-3e-edition-des-journees-nationales-du-commerce-equitable-jnce-2024-du-21-au-22-mars-prochain\\\/\"]}]},{\"@type\":\"ImageObject\",\"inLanguage\":\"fr-FR\",\"@id\":\"https:\\\/\\\/www.amanien.info\\\/news\\\/abidjan-abritera-la-3e-edition-des-journees-nationales-du-commerce-equitable-jnce-2024-du-21-au-22-mars-prochain\\\/#primaryimage\",\"url\":\"https:\\\/\\\/www.amanien.info\\\/news\\\/wp-content\\\/uploads\\\/2024\\\/03\\\/IMG-20240319-WA0039.jpg\",\"contentUrl\":\"https:\\\/\\\/www.amanien.info\\\/news\\\/wp-content\\\/uploads\\\/2024\\\/03\\\/IMG-20240319-WA0039.jpg\",\"width\":1080,\"height\":720},{\"@type\":\"BreadcrumbList\",\"@id\":\"https:\\\/\\\/www.amanien.info\\\/news\\\/abidjan-abritera-la-3e-edition-des-journees-nationales-du-commerce-equitable-jnce-2024-du-21-au-22-mars-prochain\\\/#breadcrumb\",\"itemListElement\":[{\"@type\":\"ListItem\",\"position\":1,\"name\":\"Accueil\",\"item\":\"https:\\\/\\\/www.amanien.info\\\/news\\\/\"},{\"@type\":\"ListItem\",\"position\":2,\"name\":\"Abidjan abritera la 3\u00e8 \u00e9dition des Journ\u00e9es Nationales du commerce \u00e9quitable (JNCE 2024) du 21 au 22 mars prochain\u00a0\"}]},{\"@type\":\"WebSite\",\"@id\":\"https:\\\/\\\/www.amanien.info\\\/news\\\/#website\",\"url\":\"https:\\\/\\\/www.amanien.info\\\/news\\\/\",\"name\":\"Amanien| L&#039;actualit\u00e9 Ivoirienne et Internationale\",\"description\":\"L&#039;actualit\u00e9 Ivoirienne et Internationale\",\"potentialAction\":[{\"@type\":\"SearchAction\",\"target\":{\"@type\":\"EntryPoint\",\"urlTemplate\":\"https:\\\/\\\/www.amanien.info\\\/news\\\/?s={search_term_string}\"},\"query-input\":{\"@type\":\"PropertyValueSpecification\",\"valueRequired\":true,\"valueName\":\"search_term_string\"}}],\"inLanguage\":\"fr-FR\"},{\"@type\":\"Person\",\"@id\":\"https:\\\/\\\/www.amanien.info\\\/news\\\/#\\\/schema\\\/person\\\/b21093345753a1a98242d505bd894f42\",\"name\":\"Germain Ndri\",\"url\":\"https:\\\/\\\/www.amanien.info\\\/news\\\/author\\\/amanien-infos\\\/\"}]}<\/script>\n<!-- \/ Yoast SEO plugin. -->","yoast_head_json":{"title":"Abidjan abritera la 3\u00e8 \u00e9dition des Journ\u00e9es Nationales du commerce \u00e9quitable (JNCE 2024) du 21 au 22 mars prochain\u00a0 - Amanien| L&#039;actualit\u00e9 Ivoirienne et Internationale","robots":{"index":"index","follow":"follow","max-snippet":"max-snippet:-1","max-image-preview":"max-image-preview:large","max-video-preview":"max-video-preview:-1"},"canonical":"https:\/\/www.amanien.info\/news\/abidjan-abritera-la-3e-edition-des-journees-nationales-du-commerce-equitable-jnce-2024-du-21-au-22-mars-prochain\/","og_locale":"fr_FR","og_type":"article","og_title":"Abidjan abritera la 3\u00e8 \u00e9dition des Journ\u00e9es Nationales du commerce \u00e9quitable (JNCE 2024) du 21 au 22 mars prochain\u00a0 - Amanien| L&#039;actualit\u00e9 Ivoirienne et Internationale","og_description":"&nbsp; \u00ab\u00a0Le commerce \u00e9quitable et la durabilit\u00e9 des fili\u00e8res agricoles\u00a0\u00bb. Tel est le th\u00e8me principal de la troisi\u00e8me \u00e9dition des journ\u00e9es nationales du commerce \u00e9quitable (JNCE 2024), qui se d\u00e9roulera du 21 au 22 mars prochain dans la capitale \u00e9conomique ivoirienne, pr\u00e9cis\u00e9ment \u00e0 la Caisse de Stabilisation (Caistab) d&rsquo;Abidjan-Plateau.\u00a0 Organis\u00e9es par le R\u00e9seau ivoirien du [&hellip;]","og_url":"https:\/\/www.amanien.info\/news\/abidjan-abritera-la-3e-edition-des-journees-nationales-du-commerce-equitable-jnce-2024-du-21-au-22-mars-prochain\/","og_site_name":"Amanien| L&#039;actualit\u00e9 Ivoirienne et Internationale","article_published_time":"2024-03-20T09:59:34+00:00","og_image":[{"width":1080,"height":720,"url":"https:\/\/www.amanien.info\/news\/wp-content\/uploads\/2024\/03\/IMG-20240319-WA0039.jpg","type":"image\/jpeg"}],"author":"Germain Ndri","twitter_card":"summary_large_image","twitter_misc":{"\u00c9crit par":"Germain Ndri","Dur\u00e9e de lecture estim\u00e9e":"2 minutes"},"schema":{"@context":"https:\/\/schema.org","@graph":[{"@type":"Article","@id":"https:\/\/www.amanien.info\/news\/abidjan-abritera-la-3e-edition-des-journees-nationales-du-commerce-equitable-jnce-2024-du-21-au-22-mars-prochain\/#article","isPartOf":{"@id":"https:\/\/www.amanien.info\/news\/abidjan-abritera-la-3e-edition-des-journees-nationales-du-commerce-equitable-jnce-2024-du-21-au-22-mars-prochain\/"},"author":{"name":"Germain Ndri","@id":"https:\/\/www.amanien.info\/news\/#\/schema\/person\/b21093345753a1a98242d505bd894f42"},"headline":"Abidjan abritera la 3\u00e8 \u00e9dition des Journ\u00e9es Nationales du commerce \u00e9quitable (JNCE 2024) du 21 au 22 mars prochain\u00a0","datePublished":"2024-03-20T09:59:34+00:00","mainEntityOfPage":{"@id":"https:\/\/www.amanien.info\/news\/abidjan-abritera-la-3e-edition-des-journees-nationales-du-commerce-equitable-jnce-2024-du-21-au-22-mars-prochain\/"},"wordCount":305,"image":{"@id":"https:\/\/www.amanien.info\/news\/abidjan-abritera-la-3e-edition-des-journees-nationales-du-commerce-equitable-jnce-2024-du-21-au-22-mars-prochain\/#primaryimage"},"thumbnailUrl":"https:\/\/www.amanien.info\/news\/wp-content\/uploads\/2024\/03\/IMG-20240319-WA0039.jpg","articleSection":["Economie"],"inLanguage":"fr-FR"},{"@type":"WebPage","@id":"https:\/\/www.amanien.info\/news\/abidjan-abritera-la-3e-edition-des-journees-nationales-du-commerce-equitable-jnce-2024-du-21-au-22-mars-prochain\/","url":"https:\/\/www.amanien.info\/news\/abidjan-abritera-la-3e-edition-des-journees-nationales-du-commerce-equitable-jnce-2024-du-21-au-22-mars-prochain\/","name":"Abidjan abritera la 3\u00e8 \u00e9dition des Journ\u00e9es Nationales du commerce \u00e9quitable (JNCE 2024) du 21 au 22 mars prochain\u00a0 - Amanien| L&#039;actualit\u00e9 Ivoirienne et Internationale","isPartOf":{"@id":"https:\/\/www.amanien.info\/news\/#website"},"primaryImageOfPage":{"@id":"https:\/\/www.amanien.info\/news\/abidjan-abritera-la-3e-edition-des-journees-nationales-du-commerce-equitable-jnce-2024-du-21-au-22-mars-prochain\/#primaryimage"},"image":{"@id":"https:\/\/www.amanien.info\/news\/abidjan-abritera-la-3e-edition-des-journees-nationales-du-commerce-equitable-jnce-2024-du-21-au-22-mars-prochain\/#primaryimage"},"thumbnailUrl":"https:\/\/www.amanien.info\/news\/wp-content\/uploads\/2024\/03\/IMG-20240319-WA0039.jpg","datePublished":"2024-03-20T09:59:34+00:00","author":{"@id":"https:\/\/www.amanien.info\/news\/#\/schema\/person\/b21093345753a1a98242d505bd894f42"},"breadcrumb":{"@id":"https:\/\/www.amanien.info\/news\/abidjan-abritera-la-3e-edition-des-journees-nationales-du-commerce-equitable-jnce-2024-du-21-au-22-mars-prochain\/#breadcrumb"},"inLanguage":"fr-FR","potentialAction":[{"@type":"ReadAction","target":["https:\/\/www.amanien.info\/news\/abidjan-abritera-la-3e-edition-des-journees-nationales-du-commerce-equitable-jnce-2024-du-21-au-22-mars-prochain\/"]}]},{"@type":"ImageObject","inLanguage":"fr-FR","@id":"https:\/\/www.amanien.info\/news\/abidjan-abritera-la-3e-edition-des-journees-nationales-du-commerce-equitable-jnce-2024-du-21-au-22-mars-prochain\/#primaryimage","url":"https:\/\/www.amanien.info\/news\/wp-content\/uploads\/2024\/03\/IMG-20240319-WA0039.jpg","contentUrl":"https:\/\/www.amanien.info\/news\/wp-content\/uploads\/2024\/03\/IMG-20240319-WA0039.jpg","width":1080,"height":720},{"@type":"BreadcrumbList","@id":"https:\/\/www.amanien.info\/news\/abidjan-abritera-la-3e-edition-des-journees-nationales-du-commerce-equitable-jnce-2024-du-21-au-22-mars-prochain\/#breadcrumb","itemListElement":[{"@type":"ListItem","position":1,"name":"Accueil","item":"https:\/\/www.amanien.info\/news\/"},{"@type":"ListItem","position":2,"name":"Abidjan abritera la 3\u00e8 \u00e9dition des Journ\u00e9es Nationales du commerce \u00e9quitable (JNCE 2024) du 21 au 22 mars prochain\u00a0"}]},{"@type":"WebSite","@id":"https:\/\/www.amanien.info\/news\/#website","url":"https:\/\/www.amanien.info\/news\/","name":"Amanien| L&#039;actualit\u00e9 Ivoirienne et Internationale","description":"L&#039;actualit\u00e9 Ivoirienne et Internationale","potentialAction":[{"@type":"SearchAction","target":{"@type":"EntryPoint","urlTemplate":"https:\/\/www.amanien.info\/news\/?s={search_term_string}"},"query-input":{"@type":"PropertyValueSpecification","valueRequired":true,"valueName":"search_term_string"}}],"inLanguage":"fr-FR"},{"@type":"Person","@id":"https:\/\/www.amanien.info\/news\/#\/schema\/person\/b21093345753a1a98242d505bd894f42","name":"Germain Ndri","url":"https:\/\/www.amanien.info\/news\/author\/amanien-infos\/"}]}},"_links":{"self":[{"href":"https:\/\/www.amanien.info\/news\/wp-json\/wp\/v2\/posts\/5974","targetHints":{"allow":["GET"]}}],"collection":[{"href":"https:\/\/www.amanien.info\/news\/wp-json\/wp\/v2\/posts"}],"about":[{"href":"https:\/\/www.amanien.info\/news\/wp-json\/wp\/v2\/types\/post"}],"author":[{"embeddable":true,"href":"https:\/\/www.amanien.info\/news\/wp-json\/wp\/v2\/users\/2"}],"replies":[{"embeddable":true,"href":"https:\/\/www.amanien.info\/news\/wp-json\/wp\/v2\/comments?post=5974"}],"version-history":[{"count":1,"href":"https:\/\/www.amanien.info\/news\/wp-json\/wp\/v2\/posts\/5974\/revisions"}],"predecessor-version":[{"id":5980,"href":"https:\/\/www.amanien.info\/news\/wp-json\/wp\/v2\/posts\/5974\/revisions\/5980"}],"wp:featuredmedia":[{"embeddable":true,"href":"https:\/\/www.amanien.info\/news\/wp-json\/wp\/v2\/media\/5979"}],"wp:attachment":[{"href":"https:\/\/www.amanien.info\/news\/wp-json\/wp\/v2\/media?parent=5974"}],"wp:term":[{"taxonomy":"category","embeddable":true,"href":"https:\/\/www.amanien.info\/news\/wp-json\/wp\/v2\/categories?post=5974"},{"taxonomy":"post_tag","embeddable":true,"href":"https:\/\/www.amanien.info\/news\/wp-json\/wp\/v2\/tags?post=5974"}],"curies":[{"name":"wp","href":"https:\/\/api.w.org\/{rel}","templated":true}]}}