{"id":5972,"date":"2024-03-20T10:41:14","date_gmt":"2024-03-20T10:41:14","guid":{"rendered":"https:\/\/www.amanien.info\/news\/?p=5972"},"modified":"2024-03-20T10:41:14","modified_gmt":"2024-03-20T10:41:14","slug":"droits-de-la-femme-education-et-leadership-feminin-la-nouvelle-direction-executive-du-centre-esd-presentee","status":"publish","type":"post","link":"https:\/\/www.amanien.info\/news\/droits-de-la-femme-education-et-leadership-feminin-la-nouvelle-direction-executive-du-centre-esd-presentee\/","title":{"rendered":"Droits de la femme, \u00e9ducation et leadership f\u00e9minin : La nouvelle Direction ex\u00e9cutive du Centre ESD pr\u00e9sent\u00e9e"},"content":{"rendered":"<div>Droits de la femme, \u00e9ducation et leadership f\u00e9minin : La nouvelle Direction ex\u00e9cutive du Centre ESD pr\u00e9sent\u00e9e<\/div>\n<div><\/div>\n<div><span style=\"text-transform: initial;\">La nouvelle Direction ex\u00e9cutive du centre d&rsquo;\u00e9ducation pour une soci\u00e9t\u00e9 durable (ESD) a \u00e9t\u00e9 pr\u00e9sent\u00e9e, jeudi 14 mars 2024, au cours d&rsquo;une importante c\u00e9r\u00e9monie qui a eu lieu \u00e0 l&rsquo;h\u00f4tel Tiama d&rsquo;Abidjan-Plateau, le jeudi 14 mars 2024.<\/span><\/div>\n<div><\/div>\n<div>Nomm\u00e9e \u00e0 la t\u00eate de cette nouvelle Direction ex\u00e9cutive, compos\u00e9e de huit(08) membres actifs, Mme Blandine Angbako s&rsquo;est r\u00e9jouie et a indiqu\u00e9 les d\u00e9fis qui l&rsquo;attendent pour le prochain triennal.\u00a0<i>\u00ab\u00a0Pour les ann\u00e9es 2024, 2025 et 2026, nous mettrons l&rsquo;accent sur la promotion des droits des femmes, le leadership f\u00e9minin et l&rsquo;innovation\u00a0\u00bb<\/i>, a-t-elle indiqu\u00e9.<\/div>\n<div><\/div>\n<div>Elle a \u00e9galement invit\u00e9 les autres organisations de la soci\u00e9t\u00e9 civile, surtout celles travaillant sur les questions de la femme, \u00e0 se joindre, affirme-t-elle, \u00ab\u00a0\u00e0 nous dans ce vaste chantier, dont le but est de pouvoir \u00e9lever les standardafin s des femmes \u00ab\u00a0.<\/div>\n<div><\/div>\n<div><\/div>\n<div>Dressant le bilan dudit Centre, le Pr\u00e9sident du conseil d&rsquo;administration, Magloire N&rsquo;DEHI a, pour sa part, soulign\u00e9 que ESD a contribu\u00e9 \u00e0 l&rsquo;\u00e9mergence de plusieurs jeunes leaders, professionnels, etc.\u00a0<i>\u00ab\u00a0Des centaines de jeunes, par leur engagement, les programmes de formation, ont pu avoir du travail et apporter quelque chose\u00a0\u00bb<\/i>, a-t-il indiqu\u00e9.<\/div>\n<div><\/div>\n<div>A l&rsquo;en croire, le bilan est \u00ab\u00a0globalement positif\u00a0\u00bb.<\/div>\n<div><\/div>\n<div>En ce qui concerne les perspectives pour les prochaines ann\u00e9es, le Pr\u00e9sident du conseil d&rsquo;administration du Centre ESD a indiqu\u00e9 qu&rsquo;il s&rsquo;agira de renforcer les actions en d\u00e9ployant de nouveaux programmes, de se projeter plus \u00e0 l&rsquo;int\u00e9rieur du pays et de construire un Centre ultramoderne comprenant des salles de formation, des dortoirs et des studios d&rsquo;enregistrement.<\/div>\n<div><\/div>\n<div>Un livre sera \u00e9crit pour raconter l&rsquo;histoire de EDS et l&rsquo;incubateur du leadership f\u00e9minin sera \u00e9galement lanc\u00e9, a-t-il annonc\u00e9.<\/div>\n<div><\/div>\n<div>Non sans manquer de mentionner les nouveaux programmes en cours notamment, l&rsquo;acad\u00e9mie g\u00e9n\u00e9rale d&rsquo;excellence, le volontaire d&rsquo;utilit\u00e9 publique, EMEC, etc.<\/div>\n<div><\/div>\n<div><\/div>\n<div>Cr\u00e9\u00e9 en 2011 par des jeunes ivoiriens, le centre ESD est une organisation ouest-africaine d\u00e9di\u00e9e \u00e0 la promotion des droits humains et \u00e0 l\u2019\u00e9ducation \u00e0 la citoyennet\u00e9.<\/div>\n<div><\/div>\n<div><b>Sunday Alain\u00a0<\/b><\/div>\n","protected":false},"excerpt":{"rendered":"<p>Droits de la femme, \u00e9ducation et leadership f\u00e9minin : La nouvelle Direction ex\u00e9cutive du Centre ESD pr\u00e9sent\u00e9e La nouvelle Direction ex\u00e9cutive du centre d&rsquo;\u00e9ducation pour une soci\u00e9t\u00e9 durable (ESD) a \u00e9t\u00e9 pr\u00e9sent\u00e9e, jeudi 14 mars 2024, au cours d&rsquo;une importante c\u00e9r\u00e9monie qui a eu lieu \u00e0 l&rsquo;h\u00f4tel Tiama d&rsquo;Abidjan-Plateau, le jeudi 14 mars 2024. Nomm\u00e9e [&hellip;]<\/p>\n","protected":false},"author":2,"featured_media":5984,"comment_status":"closed","ping_status":"closed","sticky":false,"template":"","format":"standard","meta":{"_acf_changed":false,"footnotes":""},"categories":[1],"tags":[],"class_list":["post-5972","post","type-post","status-publish","format-standard","has-post-thumbnail","hentry","category-national"],"acf":[],"yoast_head":"<!-- This site is optimized with the Yoast SEO plugin v27.5 - https:\/\/yoast.com\/product\/yoast-seo-wordpress\/ -->\n<title>Droits de la femme, \u00e9ducation et leadership f\u00e9minin : La nouvelle Direction ex\u00e9cutive du Centre ESD pr\u00e9sent\u00e9e - Amanien| L&#039;actualit\u00e9 Ivoirienne et Internationale<\/title>\n<meta name=\"robots\" content=\"index, follow, max-snippet:-1, max-image-preview:large, max-video-preview:-1\" \/>\n<link rel=\"canonical\" href=\"https:\/\/www.amanien.info\/news\/droits-de-la-femme-education-et-leadership-feminin-la-nouvelle-direction-executive-du-centre-esd-presentee\/\" \/>\n<meta property=\"og:locale\" content=\"fr_FR\" \/>\n<meta property=\"og:type\" content=\"article\" \/>\n<meta property=\"og:title\" content=\"Droits de la femme, \u00e9ducation et leadership f\u00e9minin : La nouvelle Direction ex\u00e9cutive du Centre ESD pr\u00e9sent\u00e9e - Amanien| L&#039;actualit\u00e9 Ivoirienne et Internationale\" \/>\n<meta property=\"og:description\" content=\"Droits de la femme, \u00e9ducation et leadership f\u00e9minin : La nouvelle Direction ex\u00e9cutive du Centre ESD pr\u00e9sent\u00e9e La nouvelle Direction ex\u00e9cutive du centre d&rsquo;\u00e9ducation pour une soci\u00e9t\u00e9 durable (ESD) a \u00e9t\u00e9 pr\u00e9sent\u00e9e, jeudi 14 mars 2024, au cours d&rsquo;une importante c\u00e9r\u00e9monie qui a eu lieu \u00e0 l&rsquo;h\u00f4tel Tiama d&rsquo;Abidjan-Plateau, le jeudi 14 mars 2024. Nomm\u00e9e [&hellip;]\" \/>\n<meta property=\"og:url\" content=\"https:\/\/www.amanien.info\/news\/droits-de-la-femme-education-et-leadership-feminin-la-nouvelle-direction-executive-du-centre-esd-presentee\/\" \/>\n<meta property=\"og:site_name\" content=\"Amanien| L&#039;actualit\u00e9 Ivoirienne et Internationale\" \/>\n<meta property=\"article:published_time\" content=\"2024-03-20T10:41:14+00:00\" \/>\n<meta property=\"og:image\" content=\"https:\/\/www.amanien.info\/news\/wp-content\/uploads\/2024\/03\/20-03-2024.jpg\" \/>\n\t<meta property=\"og:image:width\" content=\"1080\" \/>\n\t<meta property=\"og:image:height\" content=\"810\" \/>\n\t<meta property=\"og:image:type\" content=\"image\/jpeg\" \/>\n<meta name=\"author\" content=\"Germain Ndri\" \/>\n<meta name=\"twitter:card\" content=\"summary_large_image\" \/>\n<meta name=\"twitter:label1\" content=\"\u00c9crit par\" \/>\n\t<meta name=\"twitter:data1\" content=\"Germain Ndri\" \/>\n\t<meta name=\"twitter:label2\" content=\"Dur\u00e9e de lecture estim\u00e9e\" \/>\n\t<meta name=\"twitter:data2\" content=\"2 minutes\" \/>\n<script type=\"application\/ld+json\" class=\"yoast-schema-graph\">{\"@context\":\"https:\\\/\\\/schema.org\",\"@graph\":[{\"@type\":\"Article\",\"@id\":\"https:\\\/\\\/www.amanien.info\\\/news\\\/droits-de-la-femme-education-et-leadership-feminin-la-nouvelle-direction-executive-du-centre-esd-presentee\\\/#article\",\"isPartOf\":{\"@id\":\"https:\\\/\\\/www.amanien.info\\\/news\\\/droits-de-la-femme-education-et-leadership-feminin-la-nouvelle-direction-executive-du-centre-esd-presentee\\\/\"},\"author\":{\"name\":\"Germain Ndri\",\"@id\":\"https:\\\/\\\/www.amanien.info\\\/news\\\/#\\\/schema\\\/person\\\/b21093345753a1a98242d505bd894f42\"},\"headline\":\"Droits de la femme, \u00e9ducation et leadership f\u00e9minin : La nouvelle Direction ex\u00e9cutive du Centre ESD pr\u00e9sent\u00e9e\",\"datePublished\":\"2024-03-20T10:41:14+00:00\",\"mainEntityOfPage\":{\"@id\":\"https:\\\/\\\/www.amanien.info\\\/news\\\/droits-de-la-femme-education-et-leadership-feminin-la-nouvelle-direction-executive-du-centre-esd-presentee\\\/\"},\"wordCount\":389,\"image\":{\"@id\":\"https:\\\/\\\/www.amanien.info\\\/news\\\/droits-de-la-femme-education-et-leadership-feminin-la-nouvelle-direction-executive-du-centre-esd-presentee\\\/#primaryimage\"},\"thumbnailUrl\":\"https:\\\/\\\/www.amanien.info\\\/news\\\/wp-content\\\/uploads\\\/2024\\\/03\\\/20-03-2024.jpg\",\"articleSection\":[\"National\"],\"inLanguage\":\"fr-FR\"},{\"@type\":\"WebPage\",\"@id\":\"https:\\\/\\\/www.amanien.info\\\/news\\\/droits-de-la-femme-education-et-leadership-feminin-la-nouvelle-direction-executive-du-centre-esd-presentee\\\/\",\"url\":\"https:\\\/\\\/www.amanien.info\\\/news\\\/droits-de-la-femme-education-et-leadership-feminin-la-nouvelle-direction-executive-du-centre-esd-presentee\\\/\",\"name\":\"Droits de la femme, \u00e9ducation et leadership f\u00e9minin : La nouvelle Direction ex\u00e9cutive du Centre ESD pr\u00e9sent\u00e9e - Amanien| L&#039;actualit\u00e9 Ivoirienne et Internationale\",\"isPartOf\":{\"@id\":\"https:\\\/\\\/www.amanien.info\\\/news\\\/#website\"},\"primaryImageOfPage\":{\"@id\":\"https:\\\/\\\/www.amanien.info\\\/news\\\/droits-de-la-femme-education-et-leadership-feminin-la-nouvelle-direction-executive-du-centre-esd-presentee\\\/#primaryimage\"},\"image\":{\"@id\":\"https:\\\/\\\/www.amanien.info\\\/news\\\/droits-de-la-femme-education-et-leadership-feminin-la-nouvelle-direction-executive-du-centre-esd-presentee\\\/#primaryimage\"},\"thumbnailUrl\":\"https:\\\/\\\/www.amanien.info\\\/news\\\/wp-content\\\/uploads\\\/2024\\\/03\\\/20-03-2024.jpg\",\"datePublished\":\"2024-03-20T10:41:14+00:00\",\"author\":{\"@id\":\"https:\\\/\\\/www.amanien.info\\\/news\\\/#\\\/schema\\\/person\\\/b21093345753a1a98242d505bd894f42\"},\"breadcrumb\":{\"@id\":\"https:\\\/\\\/www.amanien.info\\\/news\\\/droits-de-la-femme-education-et-leadership-feminin-la-nouvelle-direction-executive-du-centre-esd-presentee\\\/#breadcrumb\"},\"inLanguage\":\"fr-FR\",\"potentialAction\":[{\"@type\":\"ReadAction\",\"target\":[\"https:\\\/\\\/www.amanien.info\\\/news\\\/droits-de-la-femme-education-et-leadership-feminin-la-nouvelle-direction-executive-du-centre-esd-presentee\\\/\"]}]},{\"@type\":\"ImageObject\",\"inLanguage\":\"fr-FR\",\"@id\":\"https:\\\/\\\/www.amanien.info\\\/news\\\/droits-de-la-femme-education-et-leadership-feminin-la-nouvelle-direction-executive-du-centre-esd-presentee\\\/#primaryimage\",\"url\":\"https:\\\/\\\/www.amanien.info\\\/news\\\/wp-content\\\/uploads\\\/2024\\\/03\\\/20-03-2024.jpg\",\"contentUrl\":\"https:\\\/\\\/www.amanien.info\\\/news\\\/wp-content\\\/uploads\\\/2024\\\/03\\\/20-03-2024.jpg\",\"width\":1080,\"height\":810},{\"@type\":\"BreadcrumbList\",\"@id\":\"https:\\\/\\\/www.amanien.info\\\/news\\\/droits-de-la-femme-education-et-leadership-feminin-la-nouvelle-direction-executive-du-centre-esd-presentee\\\/#breadcrumb\",\"itemListElement\":[{\"@type\":\"ListItem\",\"position\":1,\"name\":\"Accueil\",\"item\":\"https:\\\/\\\/www.amanien.info\\\/news\\\/\"},{\"@type\":\"ListItem\",\"position\":2,\"name\":\"Droits de la femme, \u00e9ducation et leadership f\u00e9minin : La nouvelle Direction ex\u00e9cutive du Centre ESD pr\u00e9sent\u00e9e\"}]},{\"@type\":\"WebSite\",\"@id\":\"https:\\\/\\\/www.amanien.info\\\/news\\\/#website\",\"url\":\"https:\\\/\\\/www.amanien.info\\\/news\\\/\",\"name\":\"Amanien| L&#039;actualit\u00e9 Ivoirienne et Internationale\",\"description\":\"L&#039;actualit\u00e9 Ivoirienne et Internationale\",\"potentialAction\":[{\"@type\":\"SearchAction\",\"target\":{\"@type\":\"EntryPoint\",\"urlTemplate\":\"https:\\\/\\\/www.amanien.info\\\/news\\\/?s={search_term_string}\"},\"query-input\":{\"@type\":\"PropertyValueSpecification\",\"valueRequired\":true,\"valueName\":\"search_term_string\"}}],\"inLanguage\":\"fr-FR\"},{\"@type\":\"Person\",\"@id\":\"https:\\\/\\\/www.amanien.info\\\/news\\\/#\\\/schema\\\/person\\\/b21093345753a1a98242d505bd894f42\",\"name\":\"Germain Ndri\",\"url\":\"https:\\\/\\\/www.amanien.info\\\/news\\\/author\\\/amanien-infos\\\/\"}]}<\/script>\n<!-- \/ Yoast SEO plugin. -->","yoast_head_json":{"title":"Droits de la femme, \u00e9ducation et leadership f\u00e9minin : La nouvelle Direction ex\u00e9cutive du Centre ESD pr\u00e9sent\u00e9e - Amanien| L&#039;actualit\u00e9 Ivoirienne et Internationale","robots":{"index":"index","follow":"follow","max-snippet":"max-snippet:-1","max-image-preview":"max-image-preview:large","max-video-preview":"max-video-preview:-1"},"canonical":"https:\/\/www.amanien.info\/news\/droits-de-la-femme-education-et-leadership-feminin-la-nouvelle-direction-executive-du-centre-esd-presentee\/","og_locale":"fr_FR","og_type":"article","og_title":"Droits de la femme, \u00e9ducation et leadership f\u00e9minin : La nouvelle Direction ex\u00e9cutive du Centre ESD pr\u00e9sent\u00e9e - Amanien| L&#039;actualit\u00e9 Ivoirienne et Internationale","og_description":"Droits de la femme, \u00e9ducation et leadership f\u00e9minin : La nouvelle Direction ex\u00e9cutive du Centre ESD pr\u00e9sent\u00e9e La nouvelle Direction ex\u00e9cutive du centre d&rsquo;\u00e9ducation pour une soci\u00e9t\u00e9 durable (ESD) a \u00e9t\u00e9 pr\u00e9sent\u00e9e, jeudi 14 mars 2024, au cours d&rsquo;une importante c\u00e9r\u00e9monie qui a eu lieu \u00e0 l&rsquo;h\u00f4tel Tiama d&rsquo;Abidjan-Plateau, le jeudi 14 mars 2024. Nomm\u00e9e [&hellip;]","og_url":"https:\/\/www.amanien.info\/news\/droits-de-la-femme-education-et-leadership-feminin-la-nouvelle-direction-executive-du-centre-esd-presentee\/","og_site_name":"Amanien| L&#039;actualit\u00e9 Ivoirienne et Internationale","article_published_time":"2024-03-20T10:41:14+00:00","og_image":[{"width":1080,"height":810,"url":"https:\/\/www.amanien.info\/news\/wp-content\/uploads\/2024\/03\/20-03-2024.jpg","type":"image\/jpeg"}],"author":"Germain Ndri","twitter_card":"summary_large_image","twitter_misc":{"\u00c9crit par":"Germain Ndri","Dur\u00e9e de lecture estim\u00e9e":"2 minutes"},"schema":{"@context":"https:\/\/schema.org","@graph":[{"@type":"Article","@id":"https:\/\/www.amanien.info\/news\/droits-de-la-femme-education-et-leadership-feminin-la-nouvelle-direction-executive-du-centre-esd-presentee\/#article","isPartOf":{"@id":"https:\/\/www.amanien.info\/news\/droits-de-la-femme-education-et-leadership-feminin-la-nouvelle-direction-executive-du-centre-esd-presentee\/"},"author":{"name":"Germain Ndri","@id":"https:\/\/www.amanien.info\/news\/#\/schema\/person\/b21093345753a1a98242d505bd894f42"},"headline":"Droits de la femme, \u00e9ducation et leadership f\u00e9minin : La nouvelle Direction ex\u00e9cutive du Centre ESD pr\u00e9sent\u00e9e","datePublished":"2024-03-20T10:41:14+00:00","mainEntityOfPage":{"@id":"https:\/\/www.amanien.info\/news\/droits-de-la-femme-education-et-leadership-feminin-la-nouvelle-direction-executive-du-centre-esd-presentee\/"},"wordCount":389,"image":{"@id":"https:\/\/www.amanien.info\/news\/droits-de-la-femme-education-et-leadership-feminin-la-nouvelle-direction-executive-du-centre-esd-presentee\/#primaryimage"},"thumbnailUrl":"https:\/\/www.amanien.info\/news\/wp-content\/uploads\/2024\/03\/20-03-2024.jpg","articleSection":["National"],"inLanguage":"fr-FR"},{"@type":"WebPage","@id":"https:\/\/www.amanien.info\/news\/droits-de-la-femme-education-et-leadership-feminin-la-nouvelle-direction-executive-du-centre-esd-presentee\/","url":"https:\/\/www.amanien.info\/news\/droits-de-la-femme-education-et-leadership-feminin-la-nouvelle-direction-executive-du-centre-esd-presentee\/","name":"Droits de la femme, \u00e9ducation et leadership f\u00e9minin : La nouvelle Direction ex\u00e9cutive du Centre ESD pr\u00e9sent\u00e9e - Amanien| L&#039;actualit\u00e9 Ivoirienne et Internationale","isPartOf":{"@id":"https:\/\/www.amanien.info\/news\/#website"},"primaryImageOfPage":{"@id":"https:\/\/www.amanien.info\/news\/droits-de-la-femme-education-et-leadership-feminin-la-nouvelle-direction-executive-du-centre-esd-presentee\/#primaryimage"},"image":{"@id":"https:\/\/www.amanien.info\/news\/droits-de-la-femme-education-et-leadership-feminin-la-nouvelle-direction-executive-du-centre-esd-presentee\/#primaryimage"},"thumbnailUrl":"https:\/\/www.amanien.info\/news\/wp-content\/uploads\/2024\/03\/20-03-2024.jpg","datePublished":"2024-03-20T10:41:14+00:00","author":{"@id":"https:\/\/www.amanien.info\/news\/#\/schema\/person\/b21093345753a1a98242d505bd894f42"},"breadcrumb":{"@id":"https:\/\/www.amanien.info\/news\/droits-de-la-femme-education-et-leadership-feminin-la-nouvelle-direction-executive-du-centre-esd-presentee\/#breadcrumb"},"inLanguage":"fr-FR","potentialAction":[{"@type":"ReadAction","target":["https:\/\/www.amanien.info\/news\/droits-de-la-femme-education-et-leadership-feminin-la-nouvelle-direction-executive-du-centre-esd-presentee\/"]}]},{"@type":"ImageObject","inLanguage":"fr-FR","@id":"https:\/\/www.amanien.info\/news\/droits-de-la-femme-education-et-leadership-feminin-la-nouvelle-direction-executive-du-centre-esd-presentee\/#primaryimage","url":"https:\/\/www.amanien.info\/news\/wp-content\/uploads\/2024\/03\/20-03-2024.jpg","contentUrl":"https:\/\/www.amanien.info\/news\/wp-content\/uploads\/2024\/03\/20-03-2024.jpg","width":1080,"height":810},{"@type":"BreadcrumbList","@id":"https:\/\/www.amanien.info\/news\/droits-de-la-femme-education-et-leadership-feminin-la-nouvelle-direction-executive-du-centre-esd-presentee\/#breadcrumb","itemListElement":[{"@type":"ListItem","position":1,"name":"Accueil","item":"https:\/\/www.amanien.info\/news\/"},{"@type":"ListItem","position":2,"name":"Droits de la femme, \u00e9ducation et leadership f\u00e9minin : La nouvelle Direction ex\u00e9cutive du Centre ESD pr\u00e9sent\u00e9e"}]},{"@type":"WebSite","@id":"https:\/\/www.amanien.info\/news\/#website","url":"https:\/\/www.amanien.info\/news\/","name":"Amanien| L&#039;actualit\u00e9 Ivoirienne et Internationale","description":"L&#039;actualit\u00e9 Ivoirienne et Internationale","potentialAction":[{"@type":"SearchAction","target":{"@type":"EntryPoint","urlTemplate":"https:\/\/www.amanien.info\/news\/?s={search_term_string}"},"query-input":{"@type":"PropertyValueSpecification","valueRequired":true,"valueName":"search_term_string"}}],"inLanguage":"fr-FR"},{"@type":"Person","@id":"https:\/\/www.amanien.info\/news\/#\/schema\/person\/b21093345753a1a98242d505bd894f42","name":"Germain Ndri","url":"https:\/\/www.amanien.info\/news\/author\/amanien-infos\/"}]}},"_links":{"self":[{"href":"https:\/\/www.amanien.info\/news\/wp-json\/wp\/v2\/posts\/5972","targetHints":{"allow":["GET"]}}],"collection":[{"href":"https:\/\/www.amanien.info\/news\/wp-json\/wp\/v2\/posts"}],"about":[{"href":"https:\/\/www.amanien.info\/news\/wp-json\/wp\/v2\/types\/post"}],"author":[{"embeddable":true,"href":"https:\/\/www.amanien.info\/news\/wp-json\/wp\/v2\/users\/2"}],"replies":[{"embeddable":true,"href":"https:\/\/www.amanien.info\/news\/wp-json\/wp\/v2\/comments?post=5972"}],"version-history":[{"count":1,"href":"https:\/\/www.amanien.info\/news\/wp-json\/wp\/v2\/posts\/5972\/revisions"}],"predecessor-version":[{"id":5985,"href":"https:\/\/www.amanien.info\/news\/wp-json\/wp\/v2\/posts\/5972\/revisions\/5985"}],"wp:featuredmedia":[{"embeddable":true,"href":"https:\/\/www.amanien.info\/news\/wp-json\/wp\/v2\/media\/5984"}],"wp:attachment":[{"href":"https:\/\/www.amanien.info\/news\/wp-json\/wp\/v2\/media?parent=5972"}],"wp:term":[{"taxonomy":"category","embeddable":true,"href":"https:\/\/www.amanien.info\/news\/wp-json\/wp\/v2\/categories?post=5972"},{"taxonomy":"post_tag","embeddable":true,"href":"https:\/\/www.amanien.info\/news\/wp-json\/wp\/v2\/tags?post=5972"}],"curies":[{"name":"wp","href":"https:\/\/api.w.org\/{rel}","templated":true}]}}