{"id":5955,"date":"2024-03-16T14:32:21","date_gmt":"2024-03-16T14:32:21","guid":{"rendered":"https:\/\/www.amanien.info\/news\/?p=5955"},"modified":"2024-03-16T14:32:21","modified_gmt":"2024-03-16T14:32:21","slug":"ramadan-ces-paniers-de-provisions-vendus-en-masse-dans-les-marches-et-centres-commerciaux-a-abidjan","status":"publish","type":"post","link":"https:\/\/www.amanien.info\/news\/ramadan-ces-paniers-de-provisions-vendus-en-masse-dans-les-marches-et-centres-commerciaux-a-abidjan\/","title":{"rendered":"Ramadan. Ces paniers de provisions vendus\u00a0 en masse dans les march\u00e9s et centres commerciaux \u00e0 Abidjan"},"content":{"rendered":"<div><span style=\"text-transform: initial;\">Depuis quelques ann\u00e9es, un nouveau business prend de l&rsquo;ampleur \u00e0 Abidjan, pendant le mois du je\u00fbne musulman. Il s&rsquo;agit de la confection des paniers Ramadan. Ces paquets de provisions emball\u00e9s et d\u00e9cor\u00e9s. En effet , de nombreuses commer\u00e7antes en ont fait leur activit\u00e9 premi\u00e8re durant ce mois. On retrouve aussi ces paniers dans les supermarch\u00e9s et grandes surfaces de la place.<\/span><\/div>\n<div>\n<div><\/div>\n<div>\n<p>Aminata Kon\u00e9 tient une boutique de vente d&rsquo;articles divers au nouveau march\u00e9 de Yopougon Port-Bou\u00ebt 2. Pendant le mois de Ramadan, elle confectionne des paniers de provisions \u00e0\u00a0 offrir. \u00a0\u00bb Les prix commence \u00e0 partir de 5000 Francs CFA. En plus du\u00a0 lait, du sucre, des dattes et autres vivres, nous pouvons rajouter par exemple \u00e0 la demande du client des Coran, chapelets et tapis de pri\u00e8re\u00a0\u00bb, explique la d\u00e9coratrice.<\/p>\n<div><\/div>\n<div>Pour chaque commande, ami s&rsquo;approvisionne dans les boutiques et sup\u00e9rettes. Elle agence les provisions et d\u00e9core le panier, souvent avec du pagne, des tissus et des fleurs. \u00a0\u00bb Chaque Ramadan, je peux re\u00e7evoir 10 \u00e0 20 commande par jour. C&rsquo;est rentable. Cette ann\u00e9e, je suis actuellement \u00e0 50 paniers vendus\u00a0\u00bb, se r\u00e9jouie la d\u00e9coratrice.<\/div>\n<div><\/div>\n<div>Ces paniers ramadan sont\u00a0 tr\u00e8s appr\u00e9ci\u00e9s par les fid\u00e8les musulmans. \u00a0\u00bb Ils sont tr\u00e8s beau. Je vais offrir ces deux paniers \u00e0 mes beaux parents pour leur souhaiter un excellent mois de Ramadan\u00a0\u00bb, nous dit Mathias Dou\u00e9, un client qui venait de r\u00e9cup\u00e9rer sa commande dans la boutique d&rsquo;Aminata.<\/div>\n<div>\n<div><\/div>\n<div>Boubakar Barry<\/div>\n<\/div>\n<\/div>\n<\/div>\n","protected":false},"excerpt":{"rendered":"<p>Depuis quelques ann\u00e9es, un nouveau business prend de l&rsquo;ampleur \u00e0 Abidjan, pendant le mois du je\u00fbne musulman. Il s&rsquo;agit de la confection des paniers Ramadan. Ces paquets de provisions emball\u00e9s et d\u00e9cor\u00e9s. En effet , de nombreuses commer\u00e7antes en ont fait leur activit\u00e9 premi\u00e8re durant ce mois. On retrouve aussi ces paniers dans les supermarch\u00e9s [&hellip;]<\/p>\n","protected":false},"author":2,"featured_media":5963,"comment_status":"closed","ping_status":"closed","sticky":false,"template":"","format":"standard","meta":{"_acf_changed":false,"footnotes":""},"categories":[],"tags":[],"class_list":["post-5955","post","type-post","status-publish","format-standard","has-post-thumbnail","hentry"],"acf":[],"yoast_head":"<!-- This site is optimized with the Yoast SEO plugin v27.5 - https:\/\/yoast.com\/product\/yoast-seo-wordpress\/ -->\n<title>Ramadan. Ces paniers de provisions vendus\u00a0 en masse dans les march\u00e9s et centres commerciaux \u00e0 Abidjan - Amanien| L&#039;actualit\u00e9 Ivoirienne et Internationale<\/title>\n<meta name=\"robots\" content=\"index, follow, max-snippet:-1, max-image-preview:large, max-video-preview:-1\" \/>\n<link rel=\"canonical\" href=\"https:\/\/www.amanien.info\/news\/ramadan-ces-paniers-de-provisions-vendus-en-masse-dans-les-marches-et-centres-commerciaux-a-abidjan\/\" \/>\n<meta property=\"og:locale\" content=\"fr_FR\" \/>\n<meta property=\"og:type\" content=\"article\" \/>\n<meta property=\"og:title\" content=\"Ramadan. Ces paniers de provisions vendus\u00a0 en masse dans les march\u00e9s et centres commerciaux \u00e0 Abidjan - Amanien| L&#039;actualit\u00e9 Ivoirienne et Internationale\" \/>\n<meta property=\"og:description\" content=\"Depuis quelques ann\u00e9es, un nouveau business prend de l&rsquo;ampleur \u00e0 Abidjan, pendant le mois du je\u00fbne musulman. Il s&rsquo;agit de la confection des paniers Ramadan. Ces paquets de provisions emball\u00e9s et d\u00e9cor\u00e9s. En effet , de nombreuses commer\u00e7antes en ont fait leur activit\u00e9 premi\u00e8re durant ce mois. On retrouve aussi ces paniers dans les supermarch\u00e9s [&hellip;]\" \/>\n<meta property=\"og:url\" content=\"https:\/\/www.amanien.info\/news\/ramadan-ces-paniers-de-provisions-vendus-en-masse-dans-les-marches-et-centres-commerciaux-a-abidjan\/\" \/>\n<meta property=\"og:site_name\" content=\"Amanien| L&#039;actualit\u00e9 Ivoirienne et Internationale\" \/>\n<meta property=\"article:published_time\" content=\"2024-03-16T14:32:21+00:00\" \/>\n<meta property=\"og:image\" content=\"https:\/\/www.amanien.info\/news\/wp-content\/uploads\/2024\/03\/kisspng-basket-of-fruit-food-gift-baskets-hamper-fruit-5abe0f57771546.2521756215224052074878-2.jpg\" \/>\n\t<meta property=\"og:image:width\" content=\"900\" \/>\n\t<meta property=\"og:image:height\" content=\"1000\" \/>\n\t<meta property=\"og:image:type\" content=\"image\/jpeg\" \/>\n<meta name=\"author\" content=\"Germain Ndri\" \/>\n<meta name=\"twitter:card\" content=\"summary_large_image\" \/>\n<meta name=\"twitter:label1\" content=\"\u00c9crit par\" \/>\n\t<meta name=\"twitter:data1\" content=\"Germain Ndri\" \/>\n\t<meta name=\"twitter:label2\" content=\"Dur\u00e9e de lecture estim\u00e9e\" \/>\n\t<meta name=\"twitter:data2\" content=\"2 minutes\" \/>\n<script type=\"application\/ld+json\" class=\"yoast-schema-graph\">{\"@context\":\"https:\\\/\\\/schema.org\",\"@graph\":[{\"@type\":\"Article\",\"@id\":\"https:\\\/\\\/www.amanien.info\\\/news\\\/ramadan-ces-paniers-de-provisions-vendus-en-masse-dans-les-marches-et-centres-commerciaux-a-abidjan\\\/#article\",\"isPartOf\":{\"@id\":\"https:\\\/\\\/www.amanien.info\\\/news\\\/ramadan-ces-paniers-de-provisions-vendus-en-masse-dans-les-marches-et-centres-commerciaux-a-abidjan\\\/\"},\"author\":{\"name\":\"Germain Ndri\",\"@id\":\"https:\\\/\\\/www.amanien.info\\\/news\\\/#\\\/schema\\\/person\\\/b21093345753a1a98242d505bd894f42\"},\"headline\":\"Ramadan. Ces paniers de provisions vendus\u00a0 en masse dans les march\u00e9s et centres commerciaux \u00e0 Abidjan\",\"datePublished\":\"2024-03-16T14:32:21+00:00\",\"mainEntityOfPage\":{\"@id\":\"https:\\\/\\\/www.amanien.info\\\/news\\\/ramadan-ces-paniers-de-provisions-vendus-en-masse-dans-les-marches-et-centres-commerciaux-a-abidjan\\\/\"},\"wordCount\":266,\"image\":{\"@id\":\"https:\\\/\\\/www.amanien.info\\\/news\\\/ramadan-ces-paniers-de-provisions-vendus-en-masse-dans-les-marches-et-centres-commerciaux-a-abidjan\\\/#primaryimage\"},\"thumbnailUrl\":\"https:\\\/\\\/www.amanien.info\\\/news\\\/wp-content\\\/uploads\\\/2024\\\/03\\\/kisspng-basket-of-fruit-food-gift-baskets-hamper-fruit-5abe0f57771546.2521756215224052074878-2.jpg\",\"inLanguage\":\"fr-FR\"},{\"@type\":\"WebPage\",\"@id\":\"https:\\\/\\\/www.amanien.info\\\/news\\\/ramadan-ces-paniers-de-provisions-vendus-en-masse-dans-les-marches-et-centres-commerciaux-a-abidjan\\\/\",\"url\":\"https:\\\/\\\/www.amanien.info\\\/news\\\/ramadan-ces-paniers-de-provisions-vendus-en-masse-dans-les-marches-et-centres-commerciaux-a-abidjan\\\/\",\"name\":\"Ramadan. Ces paniers de provisions vendus\u00a0 en masse dans les march\u00e9s et centres commerciaux \u00e0 Abidjan - Amanien| L&#039;actualit\u00e9 Ivoirienne et Internationale\",\"isPartOf\":{\"@id\":\"https:\\\/\\\/www.amanien.info\\\/news\\\/#website\"},\"primaryImageOfPage\":{\"@id\":\"https:\\\/\\\/www.amanien.info\\\/news\\\/ramadan-ces-paniers-de-provisions-vendus-en-masse-dans-les-marches-et-centres-commerciaux-a-abidjan\\\/#primaryimage\"},\"image\":{\"@id\":\"https:\\\/\\\/www.amanien.info\\\/news\\\/ramadan-ces-paniers-de-provisions-vendus-en-masse-dans-les-marches-et-centres-commerciaux-a-abidjan\\\/#primaryimage\"},\"thumbnailUrl\":\"https:\\\/\\\/www.amanien.info\\\/news\\\/wp-content\\\/uploads\\\/2024\\\/03\\\/kisspng-basket-of-fruit-food-gift-baskets-hamper-fruit-5abe0f57771546.2521756215224052074878-2.jpg\",\"datePublished\":\"2024-03-16T14:32:21+00:00\",\"author\":{\"@id\":\"https:\\\/\\\/www.amanien.info\\\/news\\\/#\\\/schema\\\/person\\\/b21093345753a1a98242d505bd894f42\"},\"breadcrumb\":{\"@id\":\"https:\\\/\\\/www.amanien.info\\\/news\\\/ramadan-ces-paniers-de-provisions-vendus-en-masse-dans-les-marches-et-centres-commerciaux-a-abidjan\\\/#breadcrumb\"},\"inLanguage\":\"fr-FR\",\"potentialAction\":[{\"@type\":\"ReadAction\",\"target\":[\"https:\\\/\\\/www.amanien.info\\\/news\\\/ramadan-ces-paniers-de-provisions-vendus-en-masse-dans-les-marches-et-centres-commerciaux-a-abidjan\\\/\"]}]},{\"@type\":\"ImageObject\",\"inLanguage\":\"fr-FR\",\"@id\":\"https:\\\/\\\/www.amanien.info\\\/news\\\/ramadan-ces-paniers-de-provisions-vendus-en-masse-dans-les-marches-et-centres-commerciaux-a-abidjan\\\/#primaryimage\",\"url\":\"https:\\\/\\\/www.amanien.info\\\/news\\\/wp-content\\\/uploads\\\/2024\\\/03\\\/kisspng-basket-of-fruit-food-gift-baskets-hamper-fruit-5abe0f57771546.2521756215224052074878-2.jpg\",\"contentUrl\":\"https:\\\/\\\/www.amanien.info\\\/news\\\/wp-content\\\/uploads\\\/2024\\\/03\\\/kisspng-basket-of-fruit-food-gift-baskets-hamper-fruit-5abe0f57771546.2521756215224052074878-2.jpg\",\"width\":900,\"height\":1000},{\"@type\":\"BreadcrumbList\",\"@id\":\"https:\\\/\\\/www.amanien.info\\\/news\\\/ramadan-ces-paniers-de-provisions-vendus-en-masse-dans-les-marches-et-centres-commerciaux-a-abidjan\\\/#breadcrumb\",\"itemListElement\":[{\"@type\":\"ListItem\",\"position\":1,\"name\":\"Accueil\",\"item\":\"https:\\\/\\\/www.amanien.info\\\/news\\\/\"},{\"@type\":\"ListItem\",\"position\":2,\"name\":\"Ramadan. Ces paniers de provisions vendus\u00a0 en masse dans les march\u00e9s et centres commerciaux \u00e0 Abidjan\"}]},{\"@type\":\"WebSite\",\"@id\":\"https:\\\/\\\/www.amanien.info\\\/news\\\/#website\",\"url\":\"https:\\\/\\\/www.amanien.info\\\/news\\\/\",\"name\":\"Amanien| L&#039;actualit\u00e9 Ivoirienne et Internationale\",\"description\":\"L&#039;actualit\u00e9 Ivoirienne et Internationale\",\"potentialAction\":[{\"@type\":\"SearchAction\",\"target\":{\"@type\":\"EntryPoint\",\"urlTemplate\":\"https:\\\/\\\/www.amanien.info\\\/news\\\/?s={search_term_string}\"},\"query-input\":{\"@type\":\"PropertyValueSpecification\",\"valueRequired\":true,\"valueName\":\"search_term_string\"}}],\"inLanguage\":\"fr-FR\"},{\"@type\":\"Person\",\"@id\":\"https:\\\/\\\/www.amanien.info\\\/news\\\/#\\\/schema\\\/person\\\/b21093345753a1a98242d505bd894f42\",\"name\":\"Germain Ndri\",\"url\":\"https:\\\/\\\/www.amanien.info\\\/news\\\/author\\\/amanien-infos\\\/\"}]}<\/script>\n<!-- \/ Yoast SEO plugin. -->","yoast_head_json":{"title":"Ramadan. Ces paniers de provisions vendus\u00a0 en masse dans les march\u00e9s et centres commerciaux \u00e0 Abidjan - Amanien| L&#039;actualit\u00e9 Ivoirienne et Internationale","robots":{"index":"index","follow":"follow","max-snippet":"max-snippet:-1","max-image-preview":"max-image-preview:large","max-video-preview":"max-video-preview:-1"},"canonical":"https:\/\/www.amanien.info\/news\/ramadan-ces-paniers-de-provisions-vendus-en-masse-dans-les-marches-et-centres-commerciaux-a-abidjan\/","og_locale":"fr_FR","og_type":"article","og_title":"Ramadan. Ces paniers de provisions vendus\u00a0 en masse dans les march\u00e9s et centres commerciaux \u00e0 Abidjan - Amanien| L&#039;actualit\u00e9 Ivoirienne et Internationale","og_description":"Depuis quelques ann\u00e9es, un nouveau business prend de l&rsquo;ampleur \u00e0 Abidjan, pendant le mois du je\u00fbne musulman. Il s&rsquo;agit de la confection des paniers Ramadan. Ces paquets de provisions emball\u00e9s et d\u00e9cor\u00e9s. En effet , de nombreuses commer\u00e7antes en ont fait leur activit\u00e9 premi\u00e8re durant ce mois. On retrouve aussi ces paniers dans les supermarch\u00e9s [&hellip;]","og_url":"https:\/\/www.amanien.info\/news\/ramadan-ces-paniers-de-provisions-vendus-en-masse-dans-les-marches-et-centres-commerciaux-a-abidjan\/","og_site_name":"Amanien| L&#039;actualit\u00e9 Ivoirienne et Internationale","article_published_time":"2024-03-16T14:32:21+00:00","og_image":[{"width":900,"height":1000,"url":"https:\/\/www.amanien.info\/news\/wp-content\/uploads\/2024\/03\/kisspng-basket-of-fruit-food-gift-baskets-hamper-fruit-5abe0f57771546.2521756215224052074878-2.jpg","type":"image\/jpeg"}],"author":"Germain Ndri","twitter_card":"summary_large_image","twitter_misc":{"\u00c9crit par":"Germain Ndri","Dur\u00e9e de lecture estim\u00e9e":"2 minutes"},"schema":{"@context":"https:\/\/schema.org","@graph":[{"@type":"Article","@id":"https:\/\/www.amanien.info\/news\/ramadan-ces-paniers-de-provisions-vendus-en-masse-dans-les-marches-et-centres-commerciaux-a-abidjan\/#article","isPartOf":{"@id":"https:\/\/www.amanien.info\/news\/ramadan-ces-paniers-de-provisions-vendus-en-masse-dans-les-marches-et-centres-commerciaux-a-abidjan\/"},"author":{"name":"Germain Ndri","@id":"https:\/\/www.amanien.info\/news\/#\/schema\/person\/b21093345753a1a98242d505bd894f42"},"headline":"Ramadan. Ces paniers de provisions vendus\u00a0 en masse dans les march\u00e9s et centres commerciaux \u00e0 Abidjan","datePublished":"2024-03-16T14:32:21+00:00","mainEntityOfPage":{"@id":"https:\/\/www.amanien.info\/news\/ramadan-ces-paniers-de-provisions-vendus-en-masse-dans-les-marches-et-centres-commerciaux-a-abidjan\/"},"wordCount":266,"image":{"@id":"https:\/\/www.amanien.info\/news\/ramadan-ces-paniers-de-provisions-vendus-en-masse-dans-les-marches-et-centres-commerciaux-a-abidjan\/#primaryimage"},"thumbnailUrl":"https:\/\/www.amanien.info\/news\/wp-content\/uploads\/2024\/03\/kisspng-basket-of-fruit-food-gift-baskets-hamper-fruit-5abe0f57771546.2521756215224052074878-2.jpg","inLanguage":"fr-FR"},{"@type":"WebPage","@id":"https:\/\/www.amanien.info\/news\/ramadan-ces-paniers-de-provisions-vendus-en-masse-dans-les-marches-et-centres-commerciaux-a-abidjan\/","url":"https:\/\/www.amanien.info\/news\/ramadan-ces-paniers-de-provisions-vendus-en-masse-dans-les-marches-et-centres-commerciaux-a-abidjan\/","name":"Ramadan. Ces paniers de provisions vendus\u00a0 en masse dans les march\u00e9s et centres commerciaux \u00e0 Abidjan - Amanien| L&#039;actualit\u00e9 Ivoirienne et Internationale","isPartOf":{"@id":"https:\/\/www.amanien.info\/news\/#website"},"primaryImageOfPage":{"@id":"https:\/\/www.amanien.info\/news\/ramadan-ces-paniers-de-provisions-vendus-en-masse-dans-les-marches-et-centres-commerciaux-a-abidjan\/#primaryimage"},"image":{"@id":"https:\/\/www.amanien.info\/news\/ramadan-ces-paniers-de-provisions-vendus-en-masse-dans-les-marches-et-centres-commerciaux-a-abidjan\/#primaryimage"},"thumbnailUrl":"https:\/\/www.amanien.info\/news\/wp-content\/uploads\/2024\/03\/kisspng-basket-of-fruit-food-gift-baskets-hamper-fruit-5abe0f57771546.2521756215224052074878-2.jpg","datePublished":"2024-03-16T14:32:21+00:00","author":{"@id":"https:\/\/www.amanien.info\/news\/#\/schema\/person\/b21093345753a1a98242d505bd894f42"},"breadcrumb":{"@id":"https:\/\/www.amanien.info\/news\/ramadan-ces-paniers-de-provisions-vendus-en-masse-dans-les-marches-et-centres-commerciaux-a-abidjan\/#breadcrumb"},"inLanguage":"fr-FR","potentialAction":[{"@type":"ReadAction","target":["https:\/\/www.amanien.info\/news\/ramadan-ces-paniers-de-provisions-vendus-en-masse-dans-les-marches-et-centres-commerciaux-a-abidjan\/"]}]},{"@type":"ImageObject","inLanguage":"fr-FR","@id":"https:\/\/www.amanien.info\/news\/ramadan-ces-paniers-de-provisions-vendus-en-masse-dans-les-marches-et-centres-commerciaux-a-abidjan\/#primaryimage","url":"https:\/\/www.amanien.info\/news\/wp-content\/uploads\/2024\/03\/kisspng-basket-of-fruit-food-gift-baskets-hamper-fruit-5abe0f57771546.2521756215224052074878-2.jpg","contentUrl":"https:\/\/www.amanien.info\/news\/wp-content\/uploads\/2024\/03\/kisspng-basket-of-fruit-food-gift-baskets-hamper-fruit-5abe0f57771546.2521756215224052074878-2.jpg","width":900,"height":1000},{"@type":"BreadcrumbList","@id":"https:\/\/www.amanien.info\/news\/ramadan-ces-paniers-de-provisions-vendus-en-masse-dans-les-marches-et-centres-commerciaux-a-abidjan\/#breadcrumb","itemListElement":[{"@type":"ListItem","position":1,"name":"Accueil","item":"https:\/\/www.amanien.info\/news\/"},{"@type":"ListItem","position":2,"name":"Ramadan. Ces paniers de provisions vendus\u00a0 en masse dans les march\u00e9s et centres commerciaux \u00e0 Abidjan"}]},{"@type":"WebSite","@id":"https:\/\/www.amanien.info\/news\/#website","url":"https:\/\/www.amanien.info\/news\/","name":"Amanien| L&#039;actualit\u00e9 Ivoirienne et Internationale","description":"L&#039;actualit\u00e9 Ivoirienne et Internationale","potentialAction":[{"@type":"SearchAction","target":{"@type":"EntryPoint","urlTemplate":"https:\/\/www.amanien.info\/news\/?s={search_term_string}"},"query-input":{"@type":"PropertyValueSpecification","valueRequired":true,"valueName":"search_term_string"}}],"inLanguage":"fr-FR"},{"@type":"Person","@id":"https:\/\/www.amanien.info\/news\/#\/schema\/person\/b21093345753a1a98242d505bd894f42","name":"Germain Ndri","url":"https:\/\/www.amanien.info\/news\/author\/amanien-infos\/"}]}},"_links":{"self":[{"href":"https:\/\/www.amanien.info\/news\/wp-json\/wp\/v2\/posts\/5955","targetHints":{"allow":["GET"]}}],"collection":[{"href":"https:\/\/www.amanien.info\/news\/wp-json\/wp\/v2\/posts"}],"about":[{"href":"https:\/\/www.amanien.info\/news\/wp-json\/wp\/v2\/types\/post"}],"author":[{"embeddable":true,"href":"https:\/\/www.amanien.info\/news\/wp-json\/wp\/v2\/users\/2"}],"replies":[{"embeddable":true,"href":"https:\/\/www.amanien.info\/news\/wp-json\/wp\/v2\/comments?post=5955"}],"version-history":[{"count":1,"href":"https:\/\/www.amanien.info\/news\/wp-json\/wp\/v2\/posts\/5955\/revisions"}],"predecessor-version":[{"id":5964,"href":"https:\/\/www.amanien.info\/news\/wp-json\/wp\/v2\/posts\/5955\/revisions\/5964"}],"wp:featuredmedia":[{"embeddable":true,"href":"https:\/\/www.amanien.info\/news\/wp-json\/wp\/v2\/media\/5963"}],"wp:attachment":[{"href":"https:\/\/www.amanien.info\/news\/wp-json\/wp\/v2\/media?parent=5955"}],"wp:term":[{"taxonomy":"category","embeddable":true,"href":"https:\/\/www.amanien.info\/news\/wp-json\/wp\/v2\/categories?post=5955"},{"taxonomy":"post_tag","embeddable":true,"href":"https:\/\/www.amanien.info\/news\/wp-json\/wp\/v2\/tags?post=5955"}],"curies":[{"name":"wp","href":"https:\/\/api.w.org\/{rel}","templated":true}]}}