{"id":5946,"date":"2024-03-13T14:07:25","date_gmt":"2024-03-13T14:07:25","guid":{"rendered":"https:\/\/www.amanien.info\/news\/?p=5946"},"modified":"2024-03-13T14:07:25","modified_gmt":"2024-03-13T14:07:25","slug":"presidentielle-2025-lulc-ado-lance-une-petition-pour-la-candidature-dalassane-ouattara","status":"publish","type":"post","link":"https:\/\/www.amanien.info\/news\/presidentielle-2025-lulc-ado-lance-une-petition-pour-la-candidature-dalassane-ouattara\/","title":{"rendered":"Pr\u00e9sidentielle 2025 : l&rsquo;ULC-ADO lance une p\u00e9tition pour la candidature d\u2019Alassane Ouattara"},"content":{"rendered":"<div><span style=\"text-transform: initial;\">L\u2019Union nationale des leaders pour la candidature d\u2019ADO (Ulc-Ado 2025) a proc\u00e9d\u00e9, le mardi 12 mars 2024, au lancement officiel d&rsquo;une p\u00e9tition en vue de mobiliser le maximum de soutiens \u00e0 la candidature du Pr\u00e9sident Alassane Ouattara \u00e0 la pr\u00e9sidentielle d\u2019octobre 2025.<\/span><\/div>\n<div><\/div>\n<div>C\u2019\u00e9tait au cours d&rsquo;une importante c\u00e9r\u00e9monie qui a enregistr\u00e9 la pr\u00e9sence du Pr\u00e9sident de la Chambre Nationale des M\u00e9tiers, Kassoum Bamba, qui s&rsquo;est tenue \u00e0 l&rsquo;h\u00f4tel Tiama.<\/div>\n<div><\/div>\n<div><\/div>\n<div><\/div>\n<div>A cette occasion, le Pr\u00e9sident de l\u2019Union nationale des leaders pour la candidature d\u2019Ado (ULC-Ado 2025), Sanogo Kacou Serges, a donn\u00e9 les motifs de cette initiative. Sous la houlette de l\u2019actuel chef de d\u2019Etat, a-t-il soutenu, \u00ab\u00a0la C\u00f4te d\u2019Ivoire a connu une transformation remarquable. Soulignant que la paix et la stabilit\u00e9 ont \u00e9t\u00e9 restaur\u00e9es. Tandis que l\u2019\u00e9conomie a connu une croissance exponentielle. Avec des progr\u00e8s majeurs r\u00e9alis\u00e9s dans tous les secteurs du d\u00e9veloppement\u00a0\u00bb.<\/div>\n<div><\/div>\n<div><\/div>\n<div><\/div>\n<div>Il a soulign\u00e9 que le choix du Pr\u00e9sident Ouattara, comme candidat pour la prochaine \u00e9lection pr\u00e9sidentielle, est crucial, pour \u00ab\u00a0garantir la continuit\u00e9 des progr\u00e8s\u00a0\u00bb et \u00ab\u00a0assurer un avenir meilleur pour tous les Ivoiriens\u00a0\u00bb, a-t-il dit.<\/div>\n<div><\/div>\n<div>Pour signer cette p\u00e9tition, il suffit de t\u00e9l\u00e9charger l\u2019application mobile \u00ab ADO 2025\u00ab , sur Google play store,\u00a0\u00a0<a href=\"http:\/\/ado2025.com\/\" target=\"_blank\" rel=\"nofollow noopener noreferrer\">ado2025.com<\/a>.<\/div>\n<div><\/div>\n<div>Notons que cette p\u00e9tition vise \u00e0 recueillir les voix de 4 millions de personnes \u00e2g\u00e9es de 17 ans et plus, d&rsquo;ici la fin de la phase d&rsquo;inscription.<\/div>\n<div><\/div>\n<div><\/div>\n<div>\u00a0<b>S.A.\u00a0<\/b><\/div>\n","protected":false},"excerpt":{"rendered":"<p>L\u2019Union nationale des leaders pour la candidature d\u2019ADO (Ulc-Ado 2025) a proc\u00e9d\u00e9, le mardi 12 mars 2024, au lancement officiel d&rsquo;une p\u00e9tition en vue de mobiliser le maximum de soutiens \u00e0 la candidature du Pr\u00e9sident Alassane Ouattara \u00e0 la pr\u00e9sidentielle d\u2019octobre 2025. C\u2019\u00e9tait au cours d&rsquo;une importante c\u00e9r\u00e9monie qui a enregistr\u00e9 la pr\u00e9sence du Pr\u00e9sident [&hellip;]<\/p>\n","protected":false},"author":2,"featured_media":5949,"comment_status":"closed","ping_status":"closed","sticky":false,"template":"","format":"standard","meta":{"_acf_changed":false,"footnotes":""},"categories":[],"tags":[],"class_list":["post-5946","post","type-post","status-publish","format-standard","has-post-thumbnail","hentry"],"acf":[],"yoast_head":"<!-- This site is optimized with the Yoast SEO plugin v27.5 - https:\/\/yoast.com\/product\/yoast-seo-wordpress\/ -->\n<title>Pr\u00e9sidentielle 2025 : l&#039;ULC-ADO lance une p\u00e9tition pour la candidature d\u2019Alassane Ouattara - Amanien| L&#039;actualit\u00e9 Ivoirienne et Internationale<\/title>\n<meta name=\"robots\" content=\"index, follow, max-snippet:-1, max-image-preview:large, max-video-preview:-1\" \/>\n<link rel=\"canonical\" href=\"https:\/\/www.amanien.info\/news\/presidentielle-2025-lulc-ado-lance-une-petition-pour-la-candidature-dalassane-ouattara\/\" \/>\n<meta property=\"og:locale\" content=\"fr_FR\" \/>\n<meta property=\"og:type\" content=\"article\" \/>\n<meta property=\"og:title\" content=\"Pr\u00e9sidentielle 2025 : l&#039;ULC-ADO lance une p\u00e9tition pour la candidature d\u2019Alassane Ouattara - Amanien| L&#039;actualit\u00e9 Ivoirienne et Internationale\" \/>\n<meta property=\"og:description\" content=\"L\u2019Union nationale des leaders pour la candidature d\u2019ADO (Ulc-Ado 2025) a proc\u00e9d\u00e9, le mardi 12 mars 2024, au lancement officiel d&rsquo;une p\u00e9tition en vue de mobiliser le maximum de soutiens \u00e0 la candidature du Pr\u00e9sident Alassane Ouattara \u00e0 la pr\u00e9sidentielle d\u2019octobre 2025. C\u2019\u00e9tait au cours d&rsquo;une importante c\u00e9r\u00e9monie qui a enregistr\u00e9 la pr\u00e9sence du Pr\u00e9sident [&hellip;]\" \/>\n<meta property=\"og:url\" content=\"https:\/\/www.amanien.info\/news\/presidentielle-2025-lulc-ado-lance-une-petition-pour-la-candidature-dalassane-ouattara\/\" \/>\n<meta property=\"og:site_name\" content=\"Amanien| L&#039;actualit\u00e9 Ivoirienne et Internationale\" \/>\n<meta property=\"article:published_time\" content=\"2024-03-13T14:07:25+00:00\" \/>\n<meta property=\"og:image\" content=\"https:\/\/www.amanien.info\/news\/wp-content\/uploads\/2024\/03\/IMG-20240312-WA0025.jpg\" \/>\n\t<meta property=\"og:image:width\" content=\"448\" \/>\n\t<meta property=\"og:image:height\" content=\"299\" \/>\n\t<meta property=\"og:image:type\" content=\"image\/jpeg\" \/>\n<meta name=\"author\" content=\"Germain Ndri\" \/>\n<meta name=\"twitter:card\" content=\"summary_large_image\" \/>\n<meta name=\"twitter:label1\" content=\"\u00c9crit par\" \/>\n\t<meta name=\"twitter:data1\" content=\"Germain Ndri\" \/>\n\t<meta name=\"twitter:label2\" content=\"Dur\u00e9e de lecture estim\u00e9e\" \/>\n\t<meta name=\"twitter:data2\" content=\"2 minutes\" \/>\n<script type=\"application\/ld+json\" class=\"yoast-schema-graph\">{\"@context\":\"https:\\\/\\\/schema.org\",\"@graph\":[{\"@type\":\"Article\",\"@id\":\"https:\\\/\\\/www.amanien.info\\\/news\\\/presidentielle-2025-lulc-ado-lance-une-petition-pour-la-candidature-dalassane-ouattara\\\/#article\",\"isPartOf\":{\"@id\":\"https:\\\/\\\/www.amanien.info\\\/news\\\/presidentielle-2025-lulc-ado-lance-une-petition-pour-la-candidature-dalassane-ouattara\\\/\"},\"author\":{\"name\":\"Germain Ndri\",\"@id\":\"https:\\\/\\\/www.amanien.info\\\/news\\\/#\\\/schema\\\/person\\\/b21093345753a1a98242d505bd894f42\"},\"headline\":\"Pr\u00e9sidentielle 2025 : l&rsquo;ULC-ADO lance une p\u00e9tition pour la candidature d\u2019Alassane Ouattara\",\"datePublished\":\"2024-03-13T14:07:25+00:00\",\"mainEntityOfPage\":{\"@id\":\"https:\\\/\\\/www.amanien.info\\\/news\\\/presidentielle-2025-lulc-ado-lance-une-petition-pour-la-candidature-dalassane-ouattara\\\/\"},\"wordCount\":268,\"image\":{\"@id\":\"https:\\\/\\\/www.amanien.info\\\/news\\\/presidentielle-2025-lulc-ado-lance-une-petition-pour-la-candidature-dalassane-ouattara\\\/#primaryimage\"},\"thumbnailUrl\":\"https:\\\/\\\/www.amanien.info\\\/news\\\/wp-content\\\/uploads\\\/2024\\\/03\\\/IMG-20240312-WA0025.jpg\",\"inLanguage\":\"fr-FR\"},{\"@type\":\"WebPage\",\"@id\":\"https:\\\/\\\/www.amanien.info\\\/news\\\/presidentielle-2025-lulc-ado-lance-une-petition-pour-la-candidature-dalassane-ouattara\\\/\",\"url\":\"https:\\\/\\\/www.amanien.info\\\/news\\\/presidentielle-2025-lulc-ado-lance-une-petition-pour-la-candidature-dalassane-ouattara\\\/\",\"name\":\"Pr\u00e9sidentielle 2025 : l'ULC-ADO lance une p\u00e9tition pour la candidature d\u2019Alassane Ouattara - Amanien| L&#039;actualit\u00e9 Ivoirienne et Internationale\",\"isPartOf\":{\"@id\":\"https:\\\/\\\/www.amanien.info\\\/news\\\/#website\"},\"primaryImageOfPage\":{\"@id\":\"https:\\\/\\\/www.amanien.info\\\/news\\\/presidentielle-2025-lulc-ado-lance-une-petition-pour-la-candidature-dalassane-ouattara\\\/#primaryimage\"},\"image\":{\"@id\":\"https:\\\/\\\/www.amanien.info\\\/news\\\/presidentielle-2025-lulc-ado-lance-une-petition-pour-la-candidature-dalassane-ouattara\\\/#primaryimage\"},\"thumbnailUrl\":\"https:\\\/\\\/www.amanien.info\\\/news\\\/wp-content\\\/uploads\\\/2024\\\/03\\\/IMG-20240312-WA0025.jpg\",\"datePublished\":\"2024-03-13T14:07:25+00:00\",\"author\":{\"@id\":\"https:\\\/\\\/www.amanien.info\\\/news\\\/#\\\/schema\\\/person\\\/b21093345753a1a98242d505bd894f42\"},\"breadcrumb\":{\"@id\":\"https:\\\/\\\/www.amanien.info\\\/news\\\/presidentielle-2025-lulc-ado-lance-une-petition-pour-la-candidature-dalassane-ouattara\\\/#breadcrumb\"},\"inLanguage\":\"fr-FR\",\"potentialAction\":[{\"@type\":\"ReadAction\",\"target\":[\"https:\\\/\\\/www.amanien.info\\\/news\\\/presidentielle-2025-lulc-ado-lance-une-petition-pour-la-candidature-dalassane-ouattara\\\/\"]}]},{\"@type\":\"ImageObject\",\"inLanguage\":\"fr-FR\",\"@id\":\"https:\\\/\\\/www.amanien.info\\\/news\\\/presidentielle-2025-lulc-ado-lance-une-petition-pour-la-candidature-dalassane-ouattara\\\/#primaryimage\",\"url\":\"https:\\\/\\\/www.amanien.info\\\/news\\\/wp-content\\\/uploads\\\/2024\\\/03\\\/IMG-20240312-WA0025.jpg\",\"contentUrl\":\"https:\\\/\\\/www.amanien.info\\\/news\\\/wp-content\\\/uploads\\\/2024\\\/03\\\/IMG-20240312-WA0025.jpg\",\"width\":448,\"height\":299},{\"@type\":\"BreadcrumbList\",\"@id\":\"https:\\\/\\\/www.amanien.info\\\/news\\\/presidentielle-2025-lulc-ado-lance-une-petition-pour-la-candidature-dalassane-ouattara\\\/#breadcrumb\",\"itemListElement\":[{\"@type\":\"ListItem\",\"position\":1,\"name\":\"Accueil\",\"item\":\"https:\\\/\\\/www.amanien.info\\\/news\\\/\"},{\"@type\":\"ListItem\",\"position\":2,\"name\":\"Pr\u00e9sidentielle 2025 : l&rsquo;ULC-ADO lance une p\u00e9tition pour la candidature d\u2019Alassane Ouattara\"}]},{\"@type\":\"WebSite\",\"@id\":\"https:\\\/\\\/www.amanien.info\\\/news\\\/#website\",\"url\":\"https:\\\/\\\/www.amanien.info\\\/news\\\/\",\"name\":\"Amanien| L&#039;actualit\u00e9 Ivoirienne et Internationale\",\"description\":\"L&#039;actualit\u00e9 Ivoirienne et Internationale\",\"potentialAction\":[{\"@type\":\"SearchAction\",\"target\":{\"@type\":\"EntryPoint\",\"urlTemplate\":\"https:\\\/\\\/www.amanien.info\\\/news\\\/?s={search_term_string}\"},\"query-input\":{\"@type\":\"PropertyValueSpecification\",\"valueRequired\":true,\"valueName\":\"search_term_string\"}}],\"inLanguage\":\"fr-FR\"},{\"@type\":\"Person\",\"@id\":\"https:\\\/\\\/www.amanien.info\\\/news\\\/#\\\/schema\\\/person\\\/b21093345753a1a98242d505bd894f42\",\"name\":\"Germain Ndri\",\"url\":\"https:\\\/\\\/www.amanien.info\\\/news\\\/author\\\/amanien-infos\\\/\"}]}<\/script>\n<!-- \/ Yoast SEO plugin. -->","yoast_head_json":{"title":"Pr\u00e9sidentielle 2025 : l'ULC-ADO lance une p\u00e9tition pour la candidature d\u2019Alassane Ouattara - Amanien| L&#039;actualit\u00e9 Ivoirienne et Internationale","robots":{"index":"index","follow":"follow","max-snippet":"max-snippet:-1","max-image-preview":"max-image-preview:large","max-video-preview":"max-video-preview:-1"},"canonical":"https:\/\/www.amanien.info\/news\/presidentielle-2025-lulc-ado-lance-une-petition-pour-la-candidature-dalassane-ouattara\/","og_locale":"fr_FR","og_type":"article","og_title":"Pr\u00e9sidentielle 2025 : l'ULC-ADO lance une p\u00e9tition pour la candidature d\u2019Alassane Ouattara - Amanien| L&#039;actualit\u00e9 Ivoirienne et Internationale","og_description":"L\u2019Union nationale des leaders pour la candidature d\u2019ADO (Ulc-Ado 2025) a proc\u00e9d\u00e9, le mardi 12 mars 2024, au lancement officiel d&rsquo;une p\u00e9tition en vue de mobiliser le maximum de soutiens \u00e0 la candidature du Pr\u00e9sident Alassane Ouattara \u00e0 la pr\u00e9sidentielle d\u2019octobre 2025. C\u2019\u00e9tait au cours d&rsquo;une importante c\u00e9r\u00e9monie qui a enregistr\u00e9 la pr\u00e9sence du Pr\u00e9sident [&hellip;]","og_url":"https:\/\/www.amanien.info\/news\/presidentielle-2025-lulc-ado-lance-une-petition-pour-la-candidature-dalassane-ouattara\/","og_site_name":"Amanien| L&#039;actualit\u00e9 Ivoirienne et Internationale","article_published_time":"2024-03-13T14:07:25+00:00","og_image":[{"width":448,"height":299,"url":"https:\/\/www.amanien.info\/news\/wp-content\/uploads\/2024\/03\/IMG-20240312-WA0025.jpg","type":"image\/jpeg"}],"author":"Germain Ndri","twitter_card":"summary_large_image","twitter_misc":{"\u00c9crit par":"Germain Ndri","Dur\u00e9e de lecture estim\u00e9e":"2 minutes"},"schema":{"@context":"https:\/\/schema.org","@graph":[{"@type":"Article","@id":"https:\/\/www.amanien.info\/news\/presidentielle-2025-lulc-ado-lance-une-petition-pour-la-candidature-dalassane-ouattara\/#article","isPartOf":{"@id":"https:\/\/www.amanien.info\/news\/presidentielle-2025-lulc-ado-lance-une-petition-pour-la-candidature-dalassane-ouattara\/"},"author":{"name":"Germain Ndri","@id":"https:\/\/www.amanien.info\/news\/#\/schema\/person\/b21093345753a1a98242d505bd894f42"},"headline":"Pr\u00e9sidentielle 2025 : l&rsquo;ULC-ADO lance une p\u00e9tition pour la candidature d\u2019Alassane Ouattara","datePublished":"2024-03-13T14:07:25+00:00","mainEntityOfPage":{"@id":"https:\/\/www.amanien.info\/news\/presidentielle-2025-lulc-ado-lance-une-petition-pour-la-candidature-dalassane-ouattara\/"},"wordCount":268,"image":{"@id":"https:\/\/www.amanien.info\/news\/presidentielle-2025-lulc-ado-lance-une-petition-pour-la-candidature-dalassane-ouattara\/#primaryimage"},"thumbnailUrl":"https:\/\/www.amanien.info\/news\/wp-content\/uploads\/2024\/03\/IMG-20240312-WA0025.jpg","inLanguage":"fr-FR"},{"@type":"WebPage","@id":"https:\/\/www.amanien.info\/news\/presidentielle-2025-lulc-ado-lance-une-petition-pour-la-candidature-dalassane-ouattara\/","url":"https:\/\/www.amanien.info\/news\/presidentielle-2025-lulc-ado-lance-une-petition-pour-la-candidature-dalassane-ouattara\/","name":"Pr\u00e9sidentielle 2025 : l'ULC-ADO lance une p\u00e9tition pour la candidature d\u2019Alassane Ouattara - Amanien| L&#039;actualit\u00e9 Ivoirienne et Internationale","isPartOf":{"@id":"https:\/\/www.amanien.info\/news\/#website"},"primaryImageOfPage":{"@id":"https:\/\/www.amanien.info\/news\/presidentielle-2025-lulc-ado-lance-une-petition-pour-la-candidature-dalassane-ouattara\/#primaryimage"},"image":{"@id":"https:\/\/www.amanien.info\/news\/presidentielle-2025-lulc-ado-lance-une-petition-pour-la-candidature-dalassane-ouattara\/#primaryimage"},"thumbnailUrl":"https:\/\/www.amanien.info\/news\/wp-content\/uploads\/2024\/03\/IMG-20240312-WA0025.jpg","datePublished":"2024-03-13T14:07:25+00:00","author":{"@id":"https:\/\/www.amanien.info\/news\/#\/schema\/person\/b21093345753a1a98242d505bd894f42"},"breadcrumb":{"@id":"https:\/\/www.amanien.info\/news\/presidentielle-2025-lulc-ado-lance-une-petition-pour-la-candidature-dalassane-ouattara\/#breadcrumb"},"inLanguage":"fr-FR","potentialAction":[{"@type":"ReadAction","target":["https:\/\/www.amanien.info\/news\/presidentielle-2025-lulc-ado-lance-une-petition-pour-la-candidature-dalassane-ouattara\/"]}]},{"@type":"ImageObject","inLanguage":"fr-FR","@id":"https:\/\/www.amanien.info\/news\/presidentielle-2025-lulc-ado-lance-une-petition-pour-la-candidature-dalassane-ouattara\/#primaryimage","url":"https:\/\/www.amanien.info\/news\/wp-content\/uploads\/2024\/03\/IMG-20240312-WA0025.jpg","contentUrl":"https:\/\/www.amanien.info\/news\/wp-content\/uploads\/2024\/03\/IMG-20240312-WA0025.jpg","width":448,"height":299},{"@type":"BreadcrumbList","@id":"https:\/\/www.amanien.info\/news\/presidentielle-2025-lulc-ado-lance-une-petition-pour-la-candidature-dalassane-ouattara\/#breadcrumb","itemListElement":[{"@type":"ListItem","position":1,"name":"Accueil","item":"https:\/\/www.amanien.info\/news\/"},{"@type":"ListItem","position":2,"name":"Pr\u00e9sidentielle 2025 : l&rsquo;ULC-ADO lance une p\u00e9tition pour la candidature d\u2019Alassane Ouattara"}]},{"@type":"WebSite","@id":"https:\/\/www.amanien.info\/news\/#website","url":"https:\/\/www.amanien.info\/news\/","name":"Amanien| L&#039;actualit\u00e9 Ivoirienne et Internationale","description":"L&#039;actualit\u00e9 Ivoirienne et Internationale","potentialAction":[{"@type":"SearchAction","target":{"@type":"EntryPoint","urlTemplate":"https:\/\/www.amanien.info\/news\/?s={search_term_string}"},"query-input":{"@type":"PropertyValueSpecification","valueRequired":true,"valueName":"search_term_string"}}],"inLanguage":"fr-FR"},{"@type":"Person","@id":"https:\/\/www.amanien.info\/news\/#\/schema\/person\/b21093345753a1a98242d505bd894f42","name":"Germain Ndri","url":"https:\/\/www.amanien.info\/news\/author\/amanien-infos\/"}]}},"_links":{"self":[{"href":"https:\/\/www.amanien.info\/news\/wp-json\/wp\/v2\/posts\/5946","targetHints":{"allow":["GET"]}}],"collection":[{"href":"https:\/\/www.amanien.info\/news\/wp-json\/wp\/v2\/posts"}],"about":[{"href":"https:\/\/www.amanien.info\/news\/wp-json\/wp\/v2\/types\/post"}],"author":[{"embeddable":true,"href":"https:\/\/www.amanien.info\/news\/wp-json\/wp\/v2\/users\/2"}],"replies":[{"embeddable":true,"href":"https:\/\/www.amanien.info\/news\/wp-json\/wp\/v2\/comments?post=5946"}],"version-history":[{"count":1,"href":"https:\/\/www.amanien.info\/news\/wp-json\/wp\/v2\/posts\/5946\/revisions"}],"predecessor-version":[{"id":5950,"href":"https:\/\/www.amanien.info\/news\/wp-json\/wp\/v2\/posts\/5946\/revisions\/5950"}],"wp:featuredmedia":[{"embeddable":true,"href":"https:\/\/www.amanien.info\/news\/wp-json\/wp\/v2\/media\/5949"}],"wp:attachment":[{"href":"https:\/\/www.amanien.info\/news\/wp-json\/wp\/v2\/media?parent=5946"}],"wp:term":[{"taxonomy":"category","embeddable":true,"href":"https:\/\/www.amanien.info\/news\/wp-json\/wp\/v2\/categories?post=5946"},{"taxonomy":"post_tag","embeddable":true,"href":"https:\/\/www.amanien.info\/news\/wp-json\/wp\/v2\/tags?post=5946"}],"curies":[{"name":"wp","href":"https:\/\/api.w.org\/{rel}","templated":true}]}}