{"id":5943,"date":"2024-03-11T20:42:45","date_gmt":"2024-03-11T20:42:45","guid":{"rendered":"https:\/\/www.amanien.info\/news\/?p=5943"},"modified":"2024-03-11T20:42:45","modified_gmt":"2024-03-11T20:42:45","slug":"fenetre-fifa-mars-2024-fae-emerse-devoile-une-liste-de-25-joueurs-contre-le-benin-et-luruguay","status":"publish","type":"post","link":"https:\/\/www.amanien.info\/news\/fenetre-fifa-mars-2024-fae-emerse-devoile-une-liste-de-25-joueurs-contre-le-benin-et-luruguay\/","title":{"rendered":"Fen\u00eatre FIFA mars 2024 : Fa\u00e9 Emerse d\u00e9voile une liste de 25 joueurs contre le B\u00e9nin et l&rsquo;Uruguay\u00a0"},"content":{"rendered":"<div><span style=\"text-transform: initial;\">Le S\u00e9lectionneur des El\u00e9phants de C\u00f4te d&rsquo;Ivoire, Emerse Fa\u00e9 a rendu public une liste de 25 joueurs pour les deux matchs amicaux de la C\u00f4te d&rsquo;Ivoire contre le B\u00e9nin au stade de la licorne \u00e0 Amiens (France) et contre l&rsquo;Uruguay au stade Bollaert-Delelis \u00e0 Lens (France).\u00a0<\/span><\/div>\n<div><\/div>\n<div>C&rsquo;\u00e9tait au cours d&rsquo;une conf\u00e9rence de presse qu&rsquo;il a anim\u00e9e ce lundi 11 mars 2024 au si\u00e8ge de la F\u00e9d\u00e9ration Ivoirienne de Football (FIF) sis \u00e0 Abidjan-Treichville, le coach des El\u00e9phants a fait appel \u00e0 tous les Champions d\u2019Afrique \u00e0 l&rsquo;exception de S\u00e9bastien Haller, Christian Kouam\u00e9 et Serge Aurier, tous bless\u00e9s.<\/div>\n<div><\/div>\n<div><\/div>\n<div><\/div>\n<div>Pour ce match comptant pour la fen\u00eatre Fifa du mois de mars 2024, le coach a fait appel au piston droit de Rennes (Ligue 1 Fran\u00e7aise.), Guela Maho Lewis Dou\u00e9 pour pallier l&rsquo;absence du capitaine Serge St\u00e9phane Aurier.<\/div>\n<div><\/div>\n<div>Nous vous proposons la liste compl\u00e8te des 25 joueurs convoqu\u00e9s par Fa\u00e9 Emerse, dont 03 gardiens de but, 08 d\u00e9fenseurs, 06 milieux de terrain et 08 attaquants :<\/div>\n<div><\/div>\n<div><b>Gardiens de but(03):\u00a0<\/b><b>\u00a0<\/b><\/div>\n<div><b>\u00a0<\/b><\/div>\n<div>Fofana Yahia(Angers Sco, France)<\/div>\n<div><\/div>\n<div>Charles Folly (Asec Mimosas, C\u00f4te d&rsquo;Ivoire)<\/div>\n<div><\/div>\n<div>Badra Ali(Sekhukhune United, Afrique Du Sud)<\/div>\n<div><\/div>\n<div><\/div>\n<div><b>D\u00e9fenseurs(08) :\u00a0<\/b><\/div>\n<div><\/div>\n<div>Dou\u00e9 Guela (Rennes, France),<\/div>\n<div><\/div>\n<div>Bolly Willy (Nottingham, Angleterre)<\/div>\n<div><\/div>\n<div>\u00a0Diallo Ismael( Hajduk Split, Croatie),<\/div>\n<div><\/div>\n<div>\u00a0Diomande Ousmane (Sporting Club Lisborne, Portugal)<\/div>\n<div><\/div>\n<div>\u00a0Ghislain Konan (Al Faiha, Arabie Saoudite)<\/div>\n<div><\/div>\n<div>Kossonou Odilon (Bayer Leverkusen,Allemagne)<\/div>\n<div><\/div>\n<div>Evan Ndicka (As Roma, Italie)<\/div>\n<div><\/div>\n<div>Singo Wilfried (As Monaco, France)<\/div>\n<div><\/div>\n<div><b>Milieux<\/b>\u00a0<b>de<\/b>\u00a0<b>terrain(06)<\/b>\u00a0:<\/div>\n<div><\/div>\n<div><\/div>\n<div>Amani Lazare (Royale Union Saint-Gilloise, Belgique)<\/div>\n<div><\/div>\n<div>Doumbia Idrissa (Al-AhliSc, Qatar),<\/div>\n<div><\/div>\n<div>Seko Fofana ( Al Nassr, Arabie Saoudite)<\/div>\n<div><\/div>\n<div>Franck Kessie ( Al Ahli, Arabie Saoudite)<\/div>\n<div><\/div>\n<div>Ibrahim Sangare (Nottingham Forest, Angleterre)<\/div>\n<div><\/div>\n<div>Jean Micha\u00ebl Seri (Hull City, Angleterre).<\/div>\n<div><\/div>\n<div><\/div>\n<div><b>Attaquants(08) :\u00a0<\/b><\/div>\n<div><\/div>\n<div><\/div>\n<div>Simon Adingra (Brighton, Angleterre),<\/div>\n<div><\/div>\n<div>Jonathan Bamba (Celta Vigo, Espagne),<\/div>\n<div><\/div>\n<div>Boga J\u00e9r\u00e9mie (Ogc Nice, France),<\/div>\n<div><\/div>\n<div>Diakit\u00e9 Oumar (Stade De Reims, France),<\/div>\n<div><\/div>\n<div>\u00a0Max Gradel (Gaziantep Turquie),<\/div>\n<div><\/div>\n<div>Konat\u00e9 Karim (Rb Salzbourg, Autriche),<\/div>\n<div><\/div>\n<div>Krasso Jean Philippe(Etoile Rouge De Belgrade, Serbie)<\/div>\n<div><\/div>\n<div>P\u00e9p\u00e9 Nicolas ( Trabzonspor, Turquie)<\/div>\n<div><\/div>\n<div><\/div>\n<div><\/div>\n<div>Le S\u00e9lectionneur ivoirien Fa\u00e9 Emerse a estim\u00e9 que cette pr\u00e9paration sera, confie-t-il, \u00ab\u00a0un bon test pour nous\u00a0\u00bb. En jouant contre l\u2019Uruguay qui est une grande \u00e9quipe, \u00e7a nous met dans le bain d\u2019une pr\u00e9paration pour la coupe du Monde. Contre le B\u00e9nin, c&rsquo;est un pays que nous n&rsquo;avons pas jou\u00e9 lors de la CAN23, parce que non qualifi\u00e9. Mais qui rentre dans nos objectifs, a-t-il expliqu\u00e9.<\/div>\n<div><\/div>\n<div><\/div>\n<div><b>S.A.<\/b><\/div>\n","protected":false},"excerpt":{"rendered":"<p>Le S\u00e9lectionneur des El\u00e9phants de C\u00f4te d&rsquo;Ivoire, Emerse Fa\u00e9 a rendu public une liste de 25 joueurs pour les deux matchs amicaux de la C\u00f4te d&rsquo;Ivoire contre le B\u00e9nin au stade de la licorne \u00e0 Amiens (France) et contre l&rsquo;Uruguay au stade Bollaert-Delelis \u00e0 Lens (France).\u00a0 C&rsquo;\u00e9tait au cours d&rsquo;une conf\u00e9rence de presse qu&rsquo;il a [&hellip;]<\/p>\n","protected":false},"author":2,"featured_media":5944,"comment_status":"closed","ping_status":"closed","sticky":false,"template":"","format":"standard","meta":{"_acf_changed":false,"footnotes":""},"categories":[4],"tags":[],"class_list":["post-5943","post","type-post","status-publish","format-standard","has-post-thumbnail","hentry","category-sport"],"acf":[],"yoast_head":"<!-- This site is optimized with the Yoast SEO plugin v27.5 - https:\/\/yoast.com\/product\/yoast-seo-wordpress\/ -->\n<title>Fen\u00eatre FIFA mars 2024 : Fa\u00e9 Emerse d\u00e9voile une liste de 25 joueurs contre le B\u00e9nin et l&#039;Uruguay\u00a0 - Amanien| L&#039;actualit\u00e9 Ivoirienne et Internationale<\/title>\n<meta name=\"robots\" content=\"index, follow, max-snippet:-1, max-image-preview:large, max-video-preview:-1\" \/>\n<link rel=\"canonical\" href=\"https:\/\/www.amanien.info\/news\/fenetre-fifa-mars-2024-fae-emerse-devoile-une-liste-de-25-joueurs-contre-le-benin-et-luruguay\/\" \/>\n<meta property=\"og:locale\" content=\"fr_FR\" \/>\n<meta property=\"og:type\" content=\"article\" \/>\n<meta property=\"og:title\" content=\"Fen\u00eatre FIFA mars 2024 : Fa\u00e9 Emerse d\u00e9voile une liste de 25 joueurs contre le B\u00e9nin et l&#039;Uruguay\u00a0 - Amanien| L&#039;actualit\u00e9 Ivoirienne et Internationale\" \/>\n<meta property=\"og:description\" content=\"Le S\u00e9lectionneur des El\u00e9phants de C\u00f4te d&rsquo;Ivoire, Emerse Fa\u00e9 a rendu public une liste de 25 joueurs pour les deux matchs amicaux de la C\u00f4te d&rsquo;Ivoire contre le B\u00e9nin au stade de la licorne \u00e0 Amiens (France) et contre l&rsquo;Uruguay au stade Bollaert-Delelis \u00e0 Lens (France).\u00a0 C&rsquo;\u00e9tait au cours d&rsquo;une conf\u00e9rence de presse qu&rsquo;il a [&hellip;]\" \/>\n<meta property=\"og:url\" content=\"https:\/\/www.amanien.info\/news\/fenetre-fifa-mars-2024-fae-emerse-devoile-une-liste-de-25-joueurs-contre-le-benin-et-luruguay\/\" \/>\n<meta property=\"og:site_name\" content=\"Amanien| L&#039;actualit\u00e9 Ivoirienne et Internationale\" \/>\n<meta property=\"article:published_time\" content=\"2024-03-11T20:42:45+00:00\" \/>\n<meta property=\"og:image\" content=\"https:\/\/www.amanien.info\/news\/wp-content\/uploads\/2024\/03\/conference-de-presse-animee-par-le-coach-des-elephants-de-cote-d-ivoire-eme_7g598cfsb1s-1.jpg\" \/>\n\t<meta property=\"og:image:width\" content=\"900\" \/>\n\t<meta property=\"og:image:height\" content=\"675\" \/>\n\t<meta property=\"og:image:type\" content=\"image\/jpeg\" \/>\n<meta name=\"author\" content=\"Germain Ndri\" \/>\n<meta name=\"twitter:card\" content=\"summary_large_image\" \/>\n<meta name=\"twitter:label1\" content=\"\u00c9crit par\" \/>\n\t<meta name=\"twitter:data1\" content=\"Germain Ndri\" \/>\n\t<meta name=\"twitter:label2\" content=\"Dur\u00e9e de lecture estim\u00e9e\" \/>\n\t<meta name=\"twitter:data2\" content=\"3 minutes\" \/>\n<script type=\"application\/ld+json\" class=\"yoast-schema-graph\">{\"@context\":\"https:\\\/\\\/schema.org\",\"@graph\":[{\"@type\":\"Article\",\"@id\":\"https:\\\/\\\/www.amanien.info\\\/news\\\/fenetre-fifa-mars-2024-fae-emerse-devoile-une-liste-de-25-joueurs-contre-le-benin-et-luruguay\\\/#article\",\"isPartOf\":{\"@id\":\"https:\\\/\\\/www.amanien.info\\\/news\\\/fenetre-fifa-mars-2024-fae-emerse-devoile-une-liste-de-25-joueurs-contre-le-benin-et-luruguay\\\/\"},\"author\":{\"name\":\"Germain Ndri\",\"@id\":\"https:\\\/\\\/www.amanien.info\\\/news\\\/#\\\/schema\\\/person\\\/b21093345753a1a98242d505bd894f42\"},\"headline\":\"Fen\u00eatre FIFA mars 2024 : Fa\u00e9 Emerse d\u00e9voile une liste de 25 joueurs contre le B\u00e9nin et l&rsquo;Uruguay\u00a0\",\"datePublished\":\"2024-03-11T20:42:45+00:00\",\"mainEntityOfPage\":{\"@id\":\"https:\\\/\\\/www.amanien.info\\\/news\\\/fenetre-fifa-mars-2024-fae-emerse-devoile-une-liste-de-25-joueurs-contre-le-benin-et-luruguay\\\/\"},\"wordCount\":417,\"image\":{\"@id\":\"https:\\\/\\\/www.amanien.info\\\/news\\\/fenetre-fifa-mars-2024-fae-emerse-devoile-une-liste-de-25-joueurs-contre-le-benin-et-luruguay\\\/#primaryimage\"},\"thumbnailUrl\":\"https:\\\/\\\/www.amanien.info\\\/news\\\/wp-content\\\/uploads\\\/2024\\\/03\\\/conference-de-presse-animee-par-le-coach-des-elephants-de-cote-d-ivoire-eme_7g598cfsb1s-1.jpg\",\"articleSection\":[\"Sport\"],\"inLanguage\":\"fr-FR\"},{\"@type\":\"WebPage\",\"@id\":\"https:\\\/\\\/www.amanien.info\\\/news\\\/fenetre-fifa-mars-2024-fae-emerse-devoile-une-liste-de-25-joueurs-contre-le-benin-et-luruguay\\\/\",\"url\":\"https:\\\/\\\/www.amanien.info\\\/news\\\/fenetre-fifa-mars-2024-fae-emerse-devoile-une-liste-de-25-joueurs-contre-le-benin-et-luruguay\\\/\",\"name\":\"Fen\u00eatre FIFA mars 2024 : Fa\u00e9 Emerse d\u00e9voile une liste de 25 joueurs contre le B\u00e9nin et l'Uruguay\u00a0 - Amanien| L&#039;actualit\u00e9 Ivoirienne et Internationale\",\"isPartOf\":{\"@id\":\"https:\\\/\\\/www.amanien.info\\\/news\\\/#website\"},\"primaryImageOfPage\":{\"@id\":\"https:\\\/\\\/www.amanien.info\\\/news\\\/fenetre-fifa-mars-2024-fae-emerse-devoile-une-liste-de-25-joueurs-contre-le-benin-et-luruguay\\\/#primaryimage\"},\"image\":{\"@id\":\"https:\\\/\\\/www.amanien.info\\\/news\\\/fenetre-fifa-mars-2024-fae-emerse-devoile-une-liste-de-25-joueurs-contre-le-benin-et-luruguay\\\/#primaryimage\"},\"thumbnailUrl\":\"https:\\\/\\\/www.amanien.info\\\/news\\\/wp-content\\\/uploads\\\/2024\\\/03\\\/conference-de-presse-animee-par-le-coach-des-elephants-de-cote-d-ivoire-eme_7g598cfsb1s-1.jpg\",\"datePublished\":\"2024-03-11T20:42:45+00:00\",\"author\":{\"@id\":\"https:\\\/\\\/www.amanien.info\\\/news\\\/#\\\/schema\\\/person\\\/b21093345753a1a98242d505bd894f42\"},\"breadcrumb\":{\"@id\":\"https:\\\/\\\/www.amanien.info\\\/news\\\/fenetre-fifa-mars-2024-fae-emerse-devoile-une-liste-de-25-joueurs-contre-le-benin-et-luruguay\\\/#breadcrumb\"},\"inLanguage\":\"fr-FR\",\"potentialAction\":[{\"@type\":\"ReadAction\",\"target\":[\"https:\\\/\\\/www.amanien.info\\\/news\\\/fenetre-fifa-mars-2024-fae-emerse-devoile-une-liste-de-25-joueurs-contre-le-benin-et-luruguay\\\/\"]}]},{\"@type\":\"ImageObject\",\"inLanguage\":\"fr-FR\",\"@id\":\"https:\\\/\\\/www.amanien.info\\\/news\\\/fenetre-fifa-mars-2024-fae-emerse-devoile-une-liste-de-25-joueurs-contre-le-benin-et-luruguay\\\/#primaryimage\",\"url\":\"https:\\\/\\\/www.amanien.info\\\/news\\\/wp-content\\\/uploads\\\/2024\\\/03\\\/conference-de-presse-animee-par-le-coach-des-elephants-de-cote-d-ivoire-eme_7g598cfsb1s-1.jpg\",\"contentUrl\":\"https:\\\/\\\/www.amanien.info\\\/news\\\/wp-content\\\/uploads\\\/2024\\\/03\\\/conference-de-presse-animee-par-le-coach-des-elephants-de-cote-d-ivoire-eme_7g598cfsb1s-1.jpg\",\"width\":900,\"height\":675},{\"@type\":\"BreadcrumbList\",\"@id\":\"https:\\\/\\\/www.amanien.info\\\/news\\\/fenetre-fifa-mars-2024-fae-emerse-devoile-une-liste-de-25-joueurs-contre-le-benin-et-luruguay\\\/#breadcrumb\",\"itemListElement\":[{\"@type\":\"ListItem\",\"position\":1,\"name\":\"Accueil\",\"item\":\"https:\\\/\\\/www.amanien.info\\\/news\\\/\"},{\"@type\":\"ListItem\",\"position\":2,\"name\":\"Fen\u00eatre FIFA mars 2024 : Fa\u00e9 Emerse d\u00e9voile une liste de 25 joueurs contre le B\u00e9nin et l&rsquo;Uruguay\u00a0\"}]},{\"@type\":\"WebSite\",\"@id\":\"https:\\\/\\\/www.amanien.info\\\/news\\\/#website\",\"url\":\"https:\\\/\\\/www.amanien.info\\\/news\\\/\",\"name\":\"Amanien| L&#039;actualit\u00e9 Ivoirienne et Internationale\",\"description\":\"L&#039;actualit\u00e9 Ivoirienne et Internationale\",\"potentialAction\":[{\"@type\":\"SearchAction\",\"target\":{\"@type\":\"EntryPoint\",\"urlTemplate\":\"https:\\\/\\\/www.amanien.info\\\/news\\\/?s={search_term_string}\"},\"query-input\":{\"@type\":\"PropertyValueSpecification\",\"valueRequired\":true,\"valueName\":\"search_term_string\"}}],\"inLanguage\":\"fr-FR\"},{\"@type\":\"Person\",\"@id\":\"https:\\\/\\\/www.amanien.info\\\/news\\\/#\\\/schema\\\/person\\\/b21093345753a1a98242d505bd894f42\",\"name\":\"Germain Ndri\",\"url\":\"https:\\\/\\\/www.amanien.info\\\/news\\\/author\\\/amanien-infos\\\/\"}]}<\/script>\n<!-- \/ Yoast SEO plugin. -->","yoast_head_json":{"title":"Fen\u00eatre FIFA mars 2024 : Fa\u00e9 Emerse d\u00e9voile une liste de 25 joueurs contre le B\u00e9nin et l'Uruguay\u00a0 - Amanien| L&#039;actualit\u00e9 Ivoirienne et Internationale","robots":{"index":"index","follow":"follow","max-snippet":"max-snippet:-1","max-image-preview":"max-image-preview:large","max-video-preview":"max-video-preview:-1"},"canonical":"https:\/\/www.amanien.info\/news\/fenetre-fifa-mars-2024-fae-emerse-devoile-une-liste-de-25-joueurs-contre-le-benin-et-luruguay\/","og_locale":"fr_FR","og_type":"article","og_title":"Fen\u00eatre FIFA mars 2024 : Fa\u00e9 Emerse d\u00e9voile une liste de 25 joueurs contre le B\u00e9nin et l'Uruguay\u00a0 - Amanien| L&#039;actualit\u00e9 Ivoirienne et Internationale","og_description":"Le S\u00e9lectionneur des El\u00e9phants de C\u00f4te d&rsquo;Ivoire, Emerse Fa\u00e9 a rendu public une liste de 25 joueurs pour les deux matchs amicaux de la C\u00f4te d&rsquo;Ivoire contre le B\u00e9nin au stade de la licorne \u00e0 Amiens (France) et contre l&rsquo;Uruguay au stade Bollaert-Delelis \u00e0 Lens (France).\u00a0 C&rsquo;\u00e9tait au cours d&rsquo;une conf\u00e9rence de presse qu&rsquo;il a [&hellip;]","og_url":"https:\/\/www.amanien.info\/news\/fenetre-fifa-mars-2024-fae-emerse-devoile-une-liste-de-25-joueurs-contre-le-benin-et-luruguay\/","og_site_name":"Amanien| L&#039;actualit\u00e9 Ivoirienne et Internationale","article_published_time":"2024-03-11T20:42:45+00:00","og_image":[{"width":900,"height":675,"url":"https:\/\/www.amanien.info\/news\/wp-content\/uploads\/2024\/03\/conference-de-presse-animee-par-le-coach-des-elephants-de-cote-d-ivoire-eme_7g598cfsb1s-1.jpg","type":"image\/jpeg"}],"author":"Germain Ndri","twitter_card":"summary_large_image","twitter_misc":{"\u00c9crit par":"Germain Ndri","Dur\u00e9e de lecture estim\u00e9e":"3 minutes"},"schema":{"@context":"https:\/\/schema.org","@graph":[{"@type":"Article","@id":"https:\/\/www.amanien.info\/news\/fenetre-fifa-mars-2024-fae-emerse-devoile-une-liste-de-25-joueurs-contre-le-benin-et-luruguay\/#article","isPartOf":{"@id":"https:\/\/www.amanien.info\/news\/fenetre-fifa-mars-2024-fae-emerse-devoile-une-liste-de-25-joueurs-contre-le-benin-et-luruguay\/"},"author":{"name":"Germain Ndri","@id":"https:\/\/www.amanien.info\/news\/#\/schema\/person\/b21093345753a1a98242d505bd894f42"},"headline":"Fen\u00eatre FIFA mars 2024 : Fa\u00e9 Emerse d\u00e9voile une liste de 25 joueurs contre le B\u00e9nin et l&rsquo;Uruguay\u00a0","datePublished":"2024-03-11T20:42:45+00:00","mainEntityOfPage":{"@id":"https:\/\/www.amanien.info\/news\/fenetre-fifa-mars-2024-fae-emerse-devoile-une-liste-de-25-joueurs-contre-le-benin-et-luruguay\/"},"wordCount":417,"image":{"@id":"https:\/\/www.amanien.info\/news\/fenetre-fifa-mars-2024-fae-emerse-devoile-une-liste-de-25-joueurs-contre-le-benin-et-luruguay\/#primaryimage"},"thumbnailUrl":"https:\/\/www.amanien.info\/news\/wp-content\/uploads\/2024\/03\/conference-de-presse-animee-par-le-coach-des-elephants-de-cote-d-ivoire-eme_7g598cfsb1s-1.jpg","articleSection":["Sport"],"inLanguage":"fr-FR"},{"@type":"WebPage","@id":"https:\/\/www.amanien.info\/news\/fenetre-fifa-mars-2024-fae-emerse-devoile-une-liste-de-25-joueurs-contre-le-benin-et-luruguay\/","url":"https:\/\/www.amanien.info\/news\/fenetre-fifa-mars-2024-fae-emerse-devoile-une-liste-de-25-joueurs-contre-le-benin-et-luruguay\/","name":"Fen\u00eatre FIFA mars 2024 : Fa\u00e9 Emerse d\u00e9voile une liste de 25 joueurs contre le B\u00e9nin et l'Uruguay\u00a0 - Amanien| L&#039;actualit\u00e9 Ivoirienne et Internationale","isPartOf":{"@id":"https:\/\/www.amanien.info\/news\/#website"},"primaryImageOfPage":{"@id":"https:\/\/www.amanien.info\/news\/fenetre-fifa-mars-2024-fae-emerse-devoile-une-liste-de-25-joueurs-contre-le-benin-et-luruguay\/#primaryimage"},"image":{"@id":"https:\/\/www.amanien.info\/news\/fenetre-fifa-mars-2024-fae-emerse-devoile-une-liste-de-25-joueurs-contre-le-benin-et-luruguay\/#primaryimage"},"thumbnailUrl":"https:\/\/www.amanien.info\/news\/wp-content\/uploads\/2024\/03\/conference-de-presse-animee-par-le-coach-des-elephants-de-cote-d-ivoire-eme_7g598cfsb1s-1.jpg","datePublished":"2024-03-11T20:42:45+00:00","author":{"@id":"https:\/\/www.amanien.info\/news\/#\/schema\/person\/b21093345753a1a98242d505bd894f42"},"breadcrumb":{"@id":"https:\/\/www.amanien.info\/news\/fenetre-fifa-mars-2024-fae-emerse-devoile-une-liste-de-25-joueurs-contre-le-benin-et-luruguay\/#breadcrumb"},"inLanguage":"fr-FR","potentialAction":[{"@type":"ReadAction","target":["https:\/\/www.amanien.info\/news\/fenetre-fifa-mars-2024-fae-emerse-devoile-une-liste-de-25-joueurs-contre-le-benin-et-luruguay\/"]}]},{"@type":"ImageObject","inLanguage":"fr-FR","@id":"https:\/\/www.amanien.info\/news\/fenetre-fifa-mars-2024-fae-emerse-devoile-une-liste-de-25-joueurs-contre-le-benin-et-luruguay\/#primaryimage","url":"https:\/\/www.amanien.info\/news\/wp-content\/uploads\/2024\/03\/conference-de-presse-animee-par-le-coach-des-elephants-de-cote-d-ivoire-eme_7g598cfsb1s-1.jpg","contentUrl":"https:\/\/www.amanien.info\/news\/wp-content\/uploads\/2024\/03\/conference-de-presse-animee-par-le-coach-des-elephants-de-cote-d-ivoire-eme_7g598cfsb1s-1.jpg","width":900,"height":675},{"@type":"BreadcrumbList","@id":"https:\/\/www.amanien.info\/news\/fenetre-fifa-mars-2024-fae-emerse-devoile-une-liste-de-25-joueurs-contre-le-benin-et-luruguay\/#breadcrumb","itemListElement":[{"@type":"ListItem","position":1,"name":"Accueil","item":"https:\/\/www.amanien.info\/news\/"},{"@type":"ListItem","position":2,"name":"Fen\u00eatre FIFA mars 2024 : Fa\u00e9 Emerse d\u00e9voile une liste de 25 joueurs contre le B\u00e9nin et l&rsquo;Uruguay\u00a0"}]},{"@type":"WebSite","@id":"https:\/\/www.amanien.info\/news\/#website","url":"https:\/\/www.amanien.info\/news\/","name":"Amanien| L&#039;actualit\u00e9 Ivoirienne et Internationale","description":"L&#039;actualit\u00e9 Ivoirienne et Internationale","potentialAction":[{"@type":"SearchAction","target":{"@type":"EntryPoint","urlTemplate":"https:\/\/www.amanien.info\/news\/?s={search_term_string}"},"query-input":{"@type":"PropertyValueSpecification","valueRequired":true,"valueName":"search_term_string"}}],"inLanguage":"fr-FR"},{"@type":"Person","@id":"https:\/\/www.amanien.info\/news\/#\/schema\/person\/b21093345753a1a98242d505bd894f42","name":"Germain Ndri","url":"https:\/\/www.amanien.info\/news\/author\/amanien-infos\/"}]}},"_links":{"self":[{"href":"https:\/\/www.amanien.info\/news\/wp-json\/wp\/v2\/posts\/5943","targetHints":{"allow":["GET"]}}],"collection":[{"href":"https:\/\/www.amanien.info\/news\/wp-json\/wp\/v2\/posts"}],"about":[{"href":"https:\/\/www.amanien.info\/news\/wp-json\/wp\/v2\/types\/post"}],"author":[{"embeddable":true,"href":"https:\/\/www.amanien.info\/news\/wp-json\/wp\/v2\/users\/2"}],"replies":[{"embeddable":true,"href":"https:\/\/www.amanien.info\/news\/wp-json\/wp\/v2\/comments?post=5943"}],"version-history":[{"count":1,"href":"https:\/\/www.amanien.info\/news\/wp-json\/wp\/v2\/posts\/5943\/revisions"}],"predecessor-version":[{"id":5945,"href":"https:\/\/www.amanien.info\/news\/wp-json\/wp\/v2\/posts\/5943\/revisions\/5945"}],"wp:featuredmedia":[{"embeddable":true,"href":"https:\/\/www.amanien.info\/news\/wp-json\/wp\/v2\/media\/5944"}],"wp:attachment":[{"href":"https:\/\/www.amanien.info\/news\/wp-json\/wp\/v2\/media?parent=5943"}],"wp:term":[{"taxonomy":"category","embeddable":true,"href":"https:\/\/www.amanien.info\/news\/wp-json\/wp\/v2\/categories?post=5943"},{"taxonomy":"post_tag","embeddable":true,"href":"https:\/\/www.amanien.info\/news\/wp-json\/wp\/v2\/tags?post=5943"}],"curies":[{"name":"wp","href":"https:\/\/api.w.org\/{rel}","templated":true}]}}