{"id":5931,"date":"2024-03-10T18:53:47","date_gmt":"2024-03-10T18:53:47","guid":{"rendered":"https:\/\/www.amanien.info\/news\/?p=5931"},"modified":"2024-03-10T18:53:47","modified_gmt":"2024-03-10T18:53:47","slug":"defense-des-interets-des-populations-des-organisations-de-la-societe-civile-mettent-en-place-la-plateforme-agir-pour-le-peuple-agip","status":"publish","type":"post","link":"https:\/\/www.amanien.info\/news\/defense-des-interets-des-populations-des-organisations-de-la-societe-civile-mettent-en-place-la-plateforme-agir-pour-le-peuple-agip\/","title":{"rendered":"D\u00e9fense des int\u00e9r\u00eats des populations : des Organisations de la soci\u00e9t\u00e9 civile mettent en place la plateforme \u00ab\u00a0Agir pour le peuple (AGIP)\u00a0\u00bb"},"content":{"rendered":"<div><span style=\"text-transform: initial;\">Face aux maux qui minent la soci\u00e9t\u00e9 ivoirienne, des organisations de la soci\u00e9t\u00e9 civile n\u2019entendent pas rester muettes et sans actions. Elles ont ainsi d\u00e9cid\u00e9 de la mise en place d\u2019une plateforme d\u00e9nomm\u00e9e \u00ab\u00a0Agir pour le peuple\u00a0\u00bb(AGIP). Le lancement de ce plan d\u2019actions commun a eu lieu le samedi 9 mars 2024. C\u2019\u00e9tait au cours d&rsquo;une rencontre qui s&rsquo;est tenue \u00e0 l\u2019h\u00f4tel Assonvon sis \u00e0 Yopougon(Abidjan).<\/span><\/div>\n<div><\/div>\n<div><\/div>\n<div><\/div>\n<div>A cette importante rencontre , le pr\u00e9sident du comit\u00e9 ad \u2019hoc, Armand Krikpeu, a d\u00e9fini les cinq objectifs essentiels d\u2019Agir pour le peuple (Agip). Il s&rsquo;agit de \u00ab lutter contre la chert\u00e9 de la vie, la gabegie financi\u00e8re au sommet de l\u2019Etat. Mais aussi contre l\u2019impunit\u00e9 des acteurs de d\u00e9tournement de deniers publics \u00bb, a-t-il indiqu\u00e9.<\/div>\n<div><\/div>\n<div>Sans oublier de \u00ab faire stopper \u00e0 tout prix les d\u00e9guerpissements anarchiques et abusifs des populations, sans aucune contrepartie, et exiger un d\u00e9dommagement pour les populations qui en sont d\u00e9j\u00e0 victimes \u00bb, a ajout\u00e9 le Pr\u00e9sident du Comit\u00e9 ad&rsquo;hoc, qui avait \u00e0 ses c\u00f4t\u00e9s certains de ses collaborateurs.<\/div>\n<div><\/div>\n<div>S&rsquo;agissant du dernier point, d\u00e9voile le porte-parole, il s\u2019agira pour les signataires d\u2019\u0153uvrer pour \u00ab\u00a0une \u00e9lection inclusive, juste, \u00e9quitable et transparente en C\u00f4te d\u2019Ivoire, gage d\u2019une r\u00e9conciliation vraie et durable\u00a0\u00bb.<\/div>\n<div><\/div>\n<div>Dans le souci de mener \u00e0 bien cette mission d\u2019envergure, l\u2019union envisage des rencontres avec les acteurs politiques de tout bord. Sans exclure les chefs religieux et traditionnels, les leaders d\u2019opinion. A l\u2019issue de ces \u00e9changes, il sera d\u00e9termin\u00e9 un plan d\u2019actions commun, pour r\u00e9pondre aux attentes du peuple ivoirien.<\/div>\n<div><\/div>\n<div><\/div>\n<div>Notons que la mise en place de la plateforme \u00ab\u00a0Agir pour le peuple (Agip)\u00a0\u00bb a fait, au pr\u00e9alable, l&rsquo;objet de r\u00e9unions de concertation, du 21 f\u00e9vrier au 2 mars dernier, \u00e0 Yopougon.. Ces r\u00e9unions visaient\u00a0 \u00e0 d\u00e9terminer le cadre l\u00e9gal de la collaboration.<\/div>\n<div>Le projet est port\u00e9 par 78 organisations de la soci\u00e9t\u00e9 civile. De fa\u00e7on symbolique, cinq parmi elles ont proc\u00e9d\u00e9 \u00e0 la signature de la convention au cours cette rencontre capitale.<\/div>\n<div><\/div>\n<div><\/div>\n<div><b>S.A.<\/b><\/div>\n<div><\/div>\n","protected":false},"excerpt":{"rendered":"<p>Face aux maux qui minent la soci\u00e9t\u00e9 ivoirienne, des organisations de la soci\u00e9t\u00e9 civile n\u2019entendent pas rester muettes et sans actions. Elles ont ainsi d\u00e9cid\u00e9 de la mise en place d\u2019une plateforme d\u00e9nomm\u00e9e \u00ab\u00a0Agir pour le peuple\u00a0\u00bb(AGIP). Le lancement de ce plan d\u2019actions commun a eu lieu le samedi 9 mars 2024. C\u2019\u00e9tait au cours [&hellip;]<\/p>\n","protected":false},"author":2,"featured_media":5933,"comment_status":"closed","ping_status":"closed","sticky":false,"template":"","format":"standard","meta":{"_acf_changed":false,"footnotes":""},"categories":[],"tags":[],"class_list":["post-5931","post","type-post","status-publish","format-standard","has-post-thumbnail","hentry"],"acf":[],"yoast_head":"<!-- This site is optimized with the Yoast SEO plugin v27.5 - https:\/\/yoast.com\/product\/yoast-seo-wordpress\/ -->\n<title>D\u00e9fense des int\u00e9r\u00eats des populations : des Organisations de la soci\u00e9t\u00e9 civile mettent en place la plateforme &quot;Agir pour le peuple (AGIP)&quot; - Amanien| L&#039;actualit\u00e9 Ivoirienne et Internationale<\/title>\n<meta name=\"robots\" content=\"index, follow, max-snippet:-1, max-image-preview:large, max-video-preview:-1\" \/>\n<link rel=\"canonical\" href=\"https:\/\/www.amanien.info\/news\/defense-des-interets-des-populations-des-organisations-de-la-societe-civile-mettent-en-place-la-plateforme-agir-pour-le-peuple-agip\/\" \/>\n<meta property=\"og:locale\" content=\"fr_FR\" \/>\n<meta property=\"og:type\" content=\"article\" \/>\n<meta property=\"og:title\" content=\"D\u00e9fense des int\u00e9r\u00eats des populations : des Organisations de la soci\u00e9t\u00e9 civile mettent en place la plateforme &quot;Agir pour le peuple (AGIP)&quot; - Amanien| L&#039;actualit\u00e9 Ivoirienne et Internationale\" \/>\n<meta property=\"og:description\" content=\"Face aux maux qui minent la soci\u00e9t\u00e9 ivoirienne, des organisations de la soci\u00e9t\u00e9 civile n\u2019entendent pas rester muettes et sans actions. Elles ont ainsi d\u00e9cid\u00e9 de la mise en place d\u2019une plateforme d\u00e9nomm\u00e9e \u00ab\u00a0Agir pour le peuple\u00a0\u00bb(AGIP). Le lancement de ce plan d\u2019actions commun a eu lieu le samedi 9 mars 2024. C\u2019\u00e9tait au cours [&hellip;]\" \/>\n<meta property=\"og:url\" content=\"https:\/\/www.amanien.info\/news\/defense-des-interets-des-populations-des-organisations-de-la-societe-civile-mettent-en-place-la-plateforme-agir-pour-le-peuple-agip\/\" \/>\n<meta property=\"og:site_name\" content=\"Amanien| L&#039;actualit\u00e9 Ivoirienne et Internationale\" \/>\n<meta property=\"article:published_time\" content=\"2024-03-10T18:53:47+00:00\" \/>\n<meta property=\"og:image\" content=\"https:\/\/www.amanien.info\/news\/wp-content\/uploads\/2024\/03\/WhatsApp-Image-2024-03-10-at-10_14_39-1.jpeg\" \/>\n\t<meta property=\"og:image:width\" content=\"696\" \/>\n\t<meta property=\"og:image:height\" content=\"437\" \/>\n\t<meta property=\"og:image:type\" content=\"image\/jpeg\" \/>\n<meta name=\"author\" content=\"Germain Ndri\" \/>\n<meta name=\"twitter:card\" content=\"summary_large_image\" \/>\n<meta name=\"twitter:label1\" content=\"\u00c9crit par\" \/>\n\t<meta name=\"twitter:data1\" content=\"Germain Ndri\" \/>\n\t<meta name=\"twitter:label2\" content=\"Dur\u00e9e de lecture estim\u00e9e\" \/>\n\t<meta name=\"twitter:data2\" content=\"2 minutes\" \/>\n<script type=\"application\/ld+json\" class=\"yoast-schema-graph\">{\"@context\":\"https:\\\/\\\/schema.org\",\"@graph\":[{\"@type\":\"Article\",\"@id\":\"https:\\\/\\\/www.amanien.info\\\/news\\\/defense-des-interets-des-populations-des-organisations-de-la-societe-civile-mettent-en-place-la-plateforme-agir-pour-le-peuple-agip\\\/#article\",\"isPartOf\":{\"@id\":\"https:\\\/\\\/www.amanien.info\\\/news\\\/defense-des-interets-des-populations-des-organisations-de-la-societe-civile-mettent-en-place-la-plateforme-agir-pour-le-peuple-agip\\\/\"},\"author\":{\"name\":\"Germain Ndri\",\"@id\":\"https:\\\/\\\/www.amanien.info\\\/news\\\/#\\\/schema\\\/person\\\/b21093345753a1a98242d505bd894f42\"},\"headline\":\"D\u00e9fense des int\u00e9r\u00eats des populations : des Organisations de la soci\u00e9t\u00e9 civile mettent en place la plateforme \u00ab\u00a0Agir pour le peuple (AGIP)\u00a0\u00bb\",\"datePublished\":\"2024-03-10T18:53:47+00:00\",\"mainEntityOfPage\":{\"@id\":\"https:\\\/\\\/www.amanien.info\\\/news\\\/defense-des-interets-des-populations-des-organisations-de-la-societe-civile-mettent-en-place-la-plateforme-agir-pour-le-peuple-agip\\\/\"},\"wordCount\":387,\"image\":{\"@id\":\"https:\\\/\\\/www.amanien.info\\\/news\\\/defense-des-interets-des-populations-des-organisations-de-la-societe-civile-mettent-en-place-la-plateforme-agir-pour-le-peuple-agip\\\/#primaryimage\"},\"thumbnailUrl\":\"https:\\\/\\\/www.amanien.info\\\/news\\\/wp-content\\\/uploads\\\/2024\\\/03\\\/WhatsApp-Image-2024-03-10-at-10_14_39-1.jpeg\",\"inLanguage\":\"fr-FR\"},{\"@type\":\"WebPage\",\"@id\":\"https:\\\/\\\/www.amanien.info\\\/news\\\/defense-des-interets-des-populations-des-organisations-de-la-societe-civile-mettent-en-place-la-plateforme-agir-pour-le-peuple-agip\\\/\",\"url\":\"https:\\\/\\\/www.amanien.info\\\/news\\\/defense-des-interets-des-populations-des-organisations-de-la-societe-civile-mettent-en-place-la-plateforme-agir-pour-le-peuple-agip\\\/\",\"name\":\"D\u00e9fense des int\u00e9r\u00eats des populations : des Organisations de la soci\u00e9t\u00e9 civile mettent en place la plateforme \\\"Agir pour le peuple (AGIP)\\\" - Amanien| L&#039;actualit\u00e9 Ivoirienne et Internationale\",\"isPartOf\":{\"@id\":\"https:\\\/\\\/www.amanien.info\\\/news\\\/#website\"},\"primaryImageOfPage\":{\"@id\":\"https:\\\/\\\/www.amanien.info\\\/news\\\/defense-des-interets-des-populations-des-organisations-de-la-societe-civile-mettent-en-place-la-plateforme-agir-pour-le-peuple-agip\\\/#primaryimage\"},\"image\":{\"@id\":\"https:\\\/\\\/www.amanien.info\\\/news\\\/defense-des-interets-des-populations-des-organisations-de-la-societe-civile-mettent-en-place-la-plateforme-agir-pour-le-peuple-agip\\\/#primaryimage\"},\"thumbnailUrl\":\"https:\\\/\\\/www.amanien.info\\\/news\\\/wp-content\\\/uploads\\\/2024\\\/03\\\/WhatsApp-Image-2024-03-10-at-10_14_39-1.jpeg\",\"datePublished\":\"2024-03-10T18:53:47+00:00\",\"author\":{\"@id\":\"https:\\\/\\\/www.amanien.info\\\/news\\\/#\\\/schema\\\/person\\\/b21093345753a1a98242d505bd894f42\"},\"breadcrumb\":{\"@id\":\"https:\\\/\\\/www.amanien.info\\\/news\\\/defense-des-interets-des-populations-des-organisations-de-la-societe-civile-mettent-en-place-la-plateforme-agir-pour-le-peuple-agip\\\/#breadcrumb\"},\"inLanguage\":\"fr-FR\",\"potentialAction\":[{\"@type\":\"ReadAction\",\"target\":[\"https:\\\/\\\/www.amanien.info\\\/news\\\/defense-des-interets-des-populations-des-organisations-de-la-societe-civile-mettent-en-place-la-plateforme-agir-pour-le-peuple-agip\\\/\"]}]},{\"@type\":\"ImageObject\",\"inLanguage\":\"fr-FR\",\"@id\":\"https:\\\/\\\/www.amanien.info\\\/news\\\/defense-des-interets-des-populations-des-organisations-de-la-societe-civile-mettent-en-place-la-plateforme-agir-pour-le-peuple-agip\\\/#primaryimage\",\"url\":\"https:\\\/\\\/www.amanien.info\\\/news\\\/wp-content\\\/uploads\\\/2024\\\/03\\\/WhatsApp-Image-2024-03-10-at-10_14_39-1.jpeg\",\"contentUrl\":\"https:\\\/\\\/www.amanien.info\\\/news\\\/wp-content\\\/uploads\\\/2024\\\/03\\\/WhatsApp-Image-2024-03-10-at-10_14_39-1.jpeg\",\"width\":696,\"height\":437},{\"@type\":\"BreadcrumbList\",\"@id\":\"https:\\\/\\\/www.amanien.info\\\/news\\\/defense-des-interets-des-populations-des-organisations-de-la-societe-civile-mettent-en-place-la-plateforme-agir-pour-le-peuple-agip\\\/#breadcrumb\",\"itemListElement\":[{\"@type\":\"ListItem\",\"position\":1,\"name\":\"Accueil\",\"item\":\"https:\\\/\\\/www.amanien.info\\\/news\\\/\"},{\"@type\":\"ListItem\",\"position\":2,\"name\":\"D\u00e9fense des int\u00e9r\u00eats des populations : des Organisations de la soci\u00e9t\u00e9 civile mettent en place la plateforme \u00ab\u00a0Agir pour le peuple (AGIP)\u00a0\u00bb\"}]},{\"@type\":\"WebSite\",\"@id\":\"https:\\\/\\\/www.amanien.info\\\/news\\\/#website\",\"url\":\"https:\\\/\\\/www.amanien.info\\\/news\\\/\",\"name\":\"Amanien| L&#039;actualit\u00e9 Ivoirienne et Internationale\",\"description\":\"L&#039;actualit\u00e9 Ivoirienne et Internationale\",\"potentialAction\":[{\"@type\":\"SearchAction\",\"target\":{\"@type\":\"EntryPoint\",\"urlTemplate\":\"https:\\\/\\\/www.amanien.info\\\/news\\\/?s={search_term_string}\"},\"query-input\":{\"@type\":\"PropertyValueSpecification\",\"valueRequired\":true,\"valueName\":\"search_term_string\"}}],\"inLanguage\":\"fr-FR\"},{\"@type\":\"Person\",\"@id\":\"https:\\\/\\\/www.amanien.info\\\/news\\\/#\\\/schema\\\/person\\\/b21093345753a1a98242d505bd894f42\",\"name\":\"Germain Ndri\",\"url\":\"https:\\\/\\\/www.amanien.info\\\/news\\\/author\\\/amanien-infos\\\/\"}]}<\/script>\n<!-- \/ Yoast SEO plugin. -->","yoast_head_json":{"title":"D\u00e9fense des int\u00e9r\u00eats des populations : des Organisations de la soci\u00e9t\u00e9 civile mettent en place la plateforme \"Agir pour le peuple (AGIP)\" - Amanien| L&#039;actualit\u00e9 Ivoirienne et Internationale","robots":{"index":"index","follow":"follow","max-snippet":"max-snippet:-1","max-image-preview":"max-image-preview:large","max-video-preview":"max-video-preview:-1"},"canonical":"https:\/\/www.amanien.info\/news\/defense-des-interets-des-populations-des-organisations-de-la-societe-civile-mettent-en-place-la-plateforme-agir-pour-le-peuple-agip\/","og_locale":"fr_FR","og_type":"article","og_title":"D\u00e9fense des int\u00e9r\u00eats des populations : des Organisations de la soci\u00e9t\u00e9 civile mettent en place la plateforme \"Agir pour le peuple (AGIP)\" - Amanien| L&#039;actualit\u00e9 Ivoirienne et Internationale","og_description":"Face aux maux qui minent la soci\u00e9t\u00e9 ivoirienne, des organisations de la soci\u00e9t\u00e9 civile n\u2019entendent pas rester muettes et sans actions. Elles ont ainsi d\u00e9cid\u00e9 de la mise en place d\u2019une plateforme d\u00e9nomm\u00e9e \u00ab\u00a0Agir pour le peuple\u00a0\u00bb(AGIP). Le lancement de ce plan d\u2019actions commun a eu lieu le samedi 9 mars 2024. C\u2019\u00e9tait au cours [&hellip;]","og_url":"https:\/\/www.amanien.info\/news\/defense-des-interets-des-populations-des-organisations-de-la-societe-civile-mettent-en-place-la-plateforme-agir-pour-le-peuple-agip\/","og_site_name":"Amanien| L&#039;actualit\u00e9 Ivoirienne et Internationale","article_published_time":"2024-03-10T18:53:47+00:00","og_image":[{"width":696,"height":437,"url":"https:\/\/www.amanien.info\/news\/wp-content\/uploads\/2024\/03\/WhatsApp-Image-2024-03-10-at-10_14_39-1.jpeg","type":"image\/jpeg"}],"author":"Germain Ndri","twitter_card":"summary_large_image","twitter_misc":{"\u00c9crit par":"Germain Ndri","Dur\u00e9e de lecture estim\u00e9e":"2 minutes"},"schema":{"@context":"https:\/\/schema.org","@graph":[{"@type":"Article","@id":"https:\/\/www.amanien.info\/news\/defense-des-interets-des-populations-des-organisations-de-la-societe-civile-mettent-en-place-la-plateforme-agir-pour-le-peuple-agip\/#article","isPartOf":{"@id":"https:\/\/www.amanien.info\/news\/defense-des-interets-des-populations-des-organisations-de-la-societe-civile-mettent-en-place-la-plateforme-agir-pour-le-peuple-agip\/"},"author":{"name":"Germain Ndri","@id":"https:\/\/www.amanien.info\/news\/#\/schema\/person\/b21093345753a1a98242d505bd894f42"},"headline":"D\u00e9fense des int\u00e9r\u00eats des populations : des Organisations de la soci\u00e9t\u00e9 civile mettent en place la plateforme \u00ab\u00a0Agir pour le peuple (AGIP)\u00a0\u00bb","datePublished":"2024-03-10T18:53:47+00:00","mainEntityOfPage":{"@id":"https:\/\/www.amanien.info\/news\/defense-des-interets-des-populations-des-organisations-de-la-societe-civile-mettent-en-place-la-plateforme-agir-pour-le-peuple-agip\/"},"wordCount":387,"image":{"@id":"https:\/\/www.amanien.info\/news\/defense-des-interets-des-populations-des-organisations-de-la-societe-civile-mettent-en-place-la-plateforme-agir-pour-le-peuple-agip\/#primaryimage"},"thumbnailUrl":"https:\/\/www.amanien.info\/news\/wp-content\/uploads\/2024\/03\/WhatsApp-Image-2024-03-10-at-10_14_39-1.jpeg","inLanguage":"fr-FR"},{"@type":"WebPage","@id":"https:\/\/www.amanien.info\/news\/defense-des-interets-des-populations-des-organisations-de-la-societe-civile-mettent-en-place-la-plateforme-agir-pour-le-peuple-agip\/","url":"https:\/\/www.amanien.info\/news\/defense-des-interets-des-populations-des-organisations-de-la-societe-civile-mettent-en-place-la-plateforme-agir-pour-le-peuple-agip\/","name":"D\u00e9fense des int\u00e9r\u00eats des populations : des Organisations de la soci\u00e9t\u00e9 civile mettent en place la plateforme \"Agir pour le peuple (AGIP)\" - Amanien| L&#039;actualit\u00e9 Ivoirienne et Internationale","isPartOf":{"@id":"https:\/\/www.amanien.info\/news\/#website"},"primaryImageOfPage":{"@id":"https:\/\/www.amanien.info\/news\/defense-des-interets-des-populations-des-organisations-de-la-societe-civile-mettent-en-place-la-plateforme-agir-pour-le-peuple-agip\/#primaryimage"},"image":{"@id":"https:\/\/www.amanien.info\/news\/defense-des-interets-des-populations-des-organisations-de-la-societe-civile-mettent-en-place-la-plateforme-agir-pour-le-peuple-agip\/#primaryimage"},"thumbnailUrl":"https:\/\/www.amanien.info\/news\/wp-content\/uploads\/2024\/03\/WhatsApp-Image-2024-03-10-at-10_14_39-1.jpeg","datePublished":"2024-03-10T18:53:47+00:00","author":{"@id":"https:\/\/www.amanien.info\/news\/#\/schema\/person\/b21093345753a1a98242d505bd894f42"},"breadcrumb":{"@id":"https:\/\/www.amanien.info\/news\/defense-des-interets-des-populations-des-organisations-de-la-societe-civile-mettent-en-place-la-plateforme-agir-pour-le-peuple-agip\/#breadcrumb"},"inLanguage":"fr-FR","potentialAction":[{"@type":"ReadAction","target":["https:\/\/www.amanien.info\/news\/defense-des-interets-des-populations-des-organisations-de-la-societe-civile-mettent-en-place-la-plateforme-agir-pour-le-peuple-agip\/"]}]},{"@type":"ImageObject","inLanguage":"fr-FR","@id":"https:\/\/www.amanien.info\/news\/defense-des-interets-des-populations-des-organisations-de-la-societe-civile-mettent-en-place-la-plateforme-agir-pour-le-peuple-agip\/#primaryimage","url":"https:\/\/www.amanien.info\/news\/wp-content\/uploads\/2024\/03\/WhatsApp-Image-2024-03-10-at-10_14_39-1.jpeg","contentUrl":"https:\/\/www.amanien.info\/news\/wp-content\/uploads\/2024\/03\/WhatsApp-Image-2024-03-10-at-10_14_39-1.jpeg","width":696,"height":437},{"@type":"BreadcrumbList","@id":"https:\/\/www.amanien.info\/news\/defense-des-interets-des-populations-des-organisations-de-la-societe-civile-mettent-en-place-la-plateforme-agir-pour-le-peuple-agip\/#breadcrumb","itemListElement":[{"@type":"ListItem","position":1,"name":"Accueil","item":"https:\/\/www.amanien.info\/news\/"},{"@type":"ListItem","position":2,"name":"D\u00e9fense des int\u00e9r\u00eats des populations : des Organisations de la soci\u00e9t\u00e9 civile mettent en place la plateforme \u00ab\u00a0Agir pour le peuple (AGIP)\u00a0\u00bb"}]},{"@type":"WebSite","@id":"https:\/\/www.amanien.info\/news\/#website","url":"https:\/\/www.amanien.info\/news\/","name":"Amanien| L&#039;actualit\u00e9 Ivoirienne et Internationale","description":"L&#039;actualit\u00e9 Ivoirienne et Internationale","potentialAction":[{"@type":"SearchAction","target":{"@type":"EntryPoint","urlTemplate":"https:\/\/www.amanien.info\/news\/?s={search_term_string}"},"query-input":{"@type":"PropertyValueSpecification","valueRequired":true,"valueName":"search_term_string"}}],"inLanguage":"fr-FR"},{"@type":"Person","@id":"https:\/\/www.amanien.info\/news\/#\/schema\/person\/b21093345753a1a98242d505bd894f42","name":"Germain Ndri","url":"https:\/\/www.amanien.info\/news\/author\/amanien-infos\/"}]}},"_links":{"self":[{"href":"https:\/\/www.amanien.info\/news\/wp-json\/wp\/v2\/posts\/5931","targetHints":{"allow":["GET"]}}],"collection":[{"href":"https:\/\/www.amanien.info\/news\/wp-json\/wp\/v2\/posts"}],"about":[{"href":"https:\/\/www.amanien.info\/news\/wp-json\/wp\/v2\/types\/post"}],"author":[{"embeddable":true,"href":"https:\/\/www.amanien.info\/news\/wp-json\/wp\/v2\/users\/2"}],"replies":[{"embeddable":true,"href":"https:\/\/www.amanien.info\/news\/wp-json\/wp\/v2\/comments?post=5931"}],"version-history":[{"count":1,"href":"https:\/\/www.amanien.info\/news\/wp-json\/wp\/v2\/posts\/5931\/revisions"}],"predecessor-version":[{"id":5934,"href":"https:\/\/www.amanien.info\/news\/wp-json\/wp\/v2\/posts\/5931\/revisions\/5934"}],"wp:featuredmedia":[{"embeddable":true,"href":"https:\/\/www.amanien.info\/news\/wp-json\/wp\/v2\/media\/5933"}],"wp:attachment":[{"href":"https:\/\/www.amanien.info\/news\/wp-json\/wp\/v2\/media?parent=5931"}],"wp:term":[{"taxonomy":"category","embeddable":true,"href":"https:\/\/www.amanien.info\/news\/wp-json\/wp\/v2\/categories?post=5931"},{"taxonomy":"post_tag","embeddable":true,"href":"https:\/\/www.amanien.info\/news\/wp-json\/wp\/v2\/tags?post=5931"}],"curies":[{"name":"wp","href":"https:\/\/api.w.org\/{rel}","templated":true}]}}