{"id":5926,"date":"2024-03-08T15:09:31","date_gmt":"2024-03-08T15:09:31","guid":{"rendered":"https:\/\/www.amanien.info\/news\/?p=5926"},"modified":"2024-03-08T15:09:31","modified_gmt":"2024-03-08T15:09:31","slug":"district-autonome-dabidjan-le-ministre-gouverneur-cisse-bacongo-annonce-de-tres-bonnes-nouvelles-a-la-chefferie-atchan","status":"publish","type":"post","link":"https:\/\/www.amanien.info\/news\/district-autonome-dabidjan-le-ministre-gouverneur-cisse-bacongo-annonce-de-tres-bonnes-nouvelles-a-la-chefferie-atchan\/","title":{"rendered":"District Autonome d&rsquo;Abidjan\/Le Ministre-Gouverneur, Ciss\u00e9 Bacongo annonce de tr\u00e8s bonnes nouvelles\u00a0 \u00e0 la Chefferie Atchan"},"content":{"rendered":"<div><span style=\"text-transform: initial;\">Le Ministre-gouverneur Ibrahim Ciss\u00e9 Bacongo a \u00e9chang\u00e9, le jeudi 07 mars 2024, \u00e0 l\u2019h\u00f4tel de ville du Plateau \u00e0 Abidjan, avec les Chefs Atchan du District\u00a0 d&rsquo;Abidjan.\u00a0<\/span><\/div>\n<div><\/div>\n<div><\/div>\n<div>A cette importante rencontre, Ibrahim Ciss\u00e9 Bacongo a annonc\u00e9 plusieurs bonnes nouvelles aux garants des us et coutumes Atchan. \u00ab\u00a0Le pr\u00e9sident de la R\u00e9publique, Alassane Ouattara a promis un v\u00e9hicule \u00e0 chacun des 60 chefs des villages Atchan d\u2019Abidjan\u00a0\u00bb, a annonc\u00e9 le ministre-gouverneur du District Autonome d\u2019Abidjan, Ibrahim Ciss\u00e9 Bacongo.<\/div>\n<div><\/div>\n<div><\/div>\n<div>Poursuivant, Ciss\u00e9 Bacongo a \u00e9galement annonc\u00e9 la construction d\u2019un si\u00e8ge g\u00e9n\u00e9ral \u00e0 la chefferie Atchan dans le district d\u2019Abidjan et a demand\u00e9 aux diff\u00e9rents chefs de trouver un site qui doit abriter cet \u00e9difice pour les rencontres et toutes les grandes c\u00e9r\u00e9monies de la chefferie atchan.<\/div>\n<div><\/div>\n<div>Il s\u2019est, par la suite, engag\u00e9 \u00e0 mettre \u00e0 la disposition de chacun des chefs un t\u00e9l\u00e9phone portable, une dotation mensuelle en carburant et une assurance maladie.<\/div>\n<div><\/div>\n<div>Le nouveau patron du District Autonome d&rsquo;Abidjan a assur\u00e9 sa volont\u00e9 de renforcer l\u2019assainissement dans le district d\u2019Abidjan et de \u00ab\u00a0lutter contre le d\u00e9sordre urbain\u00a0\u00bb. Nous ex\u00e9cutons les ordres du chef de l\u2019Etat avec le c\u0153ur et la raison, a-t-il confi\u00e9.<\/div>\n<div><\/div>\n<div>Avant de s\u2019engager \u00e0 poursuivre les grands chantiers laiss\u00e9s par son pr\u00e9d\u00e9cesseur , le Premier ministre et Chef du Gouvernement , Robert Beugr\u00e9 Mamb\u00e9 pour le bonheur de ses populations.<\/div>\n<div><\/div>\n<div>Au nom des Chefs Atchan, M. Alain Jean-Fran\u00e7ois D\u2019Assise a exprim\u00e9 sa joie et a r\u00e9it\u00e9r\u00e9 son soutien au chef de l\u2019Etat Alassane Ouattara ainsi qu\u2019au ministre gouverneur Ciss\u00e9 Bacongo pour les grands chantiers de modernisation du District d\u2019Abidjan.<\/div>\n<div><\/div>\n<div>A cette occasion, le Ministre gouverneur Ciss\u00e9 Bacongo a proc\u00e9d\u00e9 \u00e0 la\u00a0 nomination trois(03)\u00a0 membres de la chefferie Atchan en qualit\u00e9 de Conseillers sp\u00e9ciaux qui devront l&rsquo;assister dans sa mission.<\/div>\n<div><\/div>\n<div>Rappelons que M. Ibrahim Ciss\u00e9 Bacongo a \u00e9t\u00e9 nomm\u00e9 Ministre gouverneur du District Autonome d&rsquo;Abidjan, le 27 d\u00e9cembre dernier, par le Pr\u00e9sident de la R\u00e9publique, Alassane Ouattara.<\/div>\n<div><\/div>\n<div><\/div>\n<div><\/div>\n<div><b>S.A.\u00a0<\/b><\/div>\n<div><\/div>\n<div><\/div>\n","protected":false},"excerpt":{"rendered":"<p>Le Ministre-gouverneur Ibrahim Ciss\u00e9 Bacongo a \u00e9chang\u00e9, le jeudi 07 mars 2024, \u00e0 l\u2019h\u00f4tel de ville du Plateau \u00e0 Abidjan, avec les Chefs Atchan du District\u00a0 d&rsquo;Abidjan.\u00a0 A cette importante rencontre, Ibrahim Ciss\u00e9 Bacongo a annonc\u00e9 plusieurs bonnes nouvelles aux garants des us et coutumes Atchan. \u00ab\u00a0Le pr\u00e9sident de la R\u00e9publique, Alassane Ouattara a promis [&hellip;]<\/p>\n","protected":false},"author":2,"featured_media":5929,"comment_status":"closed","ping_status":"closed","sticky":false,"template":"","format":"standard","meta":{"_acf_changed":false,"footnotes":""},"categories":[],"tags":[],"class_list":["post-5926","post","type-post","status-publish","format-standard","has-post-thumbnail","hentry"],"acf":[],"yoast_head":"<!-- This site is optimized with the Yoast SEO plugin v27.5 - https:\/\/yoast.com\/product\/yoast-seo-wordpress\/ -->\n<title>District Autonome d&#039;Abidjan\/Le Ministre-Gouverneur, Ciss\u00e9 Bacongo annonce de tr\u00e8s bonnes nouvelles\u00a0 \u00e0 la Chefferie Atchan - Amanien| L&#039;actualit\u00e9 Ivoirienne et Internationale<\/title>\n<meta name=\"robots\" content=\"index, follow, max-snippet:-1, max-image-preview:large, max-video-preview:-1\" \/>\n<link rel=\"canonical\" href=\"https:\/\/www.amanien.info\/news\/district-autonome-dabidjan-le-ministre-gouverneur-cisse-bacongo-annonce-de-tres-bonnes-nouvelles-a-la-chefferie-atchan\/\" \/>\n<meta property=\"og:locale\" content=\"fr_FR\" \/>\n<meta property=\"og:type\" content=\"article\" \/>\n<meta property=\"og:title\" content=\"District Autonome d&#039;Abidjan\/Le Ministre-Gouverneur, Ciss\u00e9 Bacongo annonce de tr\u00e8s bonnes nouvelles\u00a0 \u00e0 la Chefferie Atchan - Amanien| L&#039;actualit\u00e9 Ivoirienne et Internationale\" \/>\n<meta property=\"og:description\" content=\"Le Ministre-gouverneur Ibrahim Ciss\u00e9 Bacongo a \u00e9chang\u00e9, le jeudi 07 mars 2024, \u00e0 l\u2019h\u00f4tel de ville du Plateau \u00e0 Abidjan, avec les Chefs Atchan du District\u00a0 d&rsquo;Abidjan.\u00a0 A cette importante rencontre, Ibrahim Ciss\u00e9 Bacongo a annonc\u00e9 plusieurs bonnes nouvelles aux garants des us et coutumes Atchan. \u00ab\u00a0Le pr\u00e9sident de la R\u00e9publique, Alassane Ouattara a promis [&hellip;]\" \/>\n<meta property=\"og:url\" content=\"https:\/\/www.amanien.info\/news\/district-autonome-dabidjan-le-ministre-gouverneur-cisse-bacongo-annonce-de-tres-bonnes-nouvelles-a-la-chefferie-atchan\/\" \/>\n<meta property=\"og:site_name\" content=\"Amanien| L&#039;actualit\u00e9 Ivoirienne et Internationale\" \/>\n<meta property=\"article:published_time\" content=\"2024-03-08T15:09:31+00:00\" \/>\n<meta property=\"og:image\" content=\"https:\/\/www.amanien.info\/news\/wp-content\/uploads\/2024\/03\/Bacongo-1024x620-2.jpg\" \/>\n\t<meta property=\"og:image:width\" content=\"1024\" \/>\n\t<meta property=\"og:image:height\" content=\"620\" \/>\n\t<meta property=\"og:image:type\" content=\"image\/jpeg\" \/>\n<meta name=\"author\" content=\"Germain Ndri\" \/>\n<meta name=\"twitter:card\" content=\"summary_large_image\" \/>\n<meta name=\"twitter:label1\" content=\"\u00c9crit par\" \/>\n\t<meta name=\"twitter:data1\" content=\"Germain Ndri\" \/>\n\t<meta name=\"twitter:label2\" content=\"Dur\u00e9e de lecture estim\u00e9e\" \/>\n\t<meta name=\"twitter:data2\" content=\"2 minutes\" \/>\n<script type=\"application\/ld+json\" class=\"yoast-schema-graph\">{\"@context\":\"https:\\\/\\\/schema.org\",\"@graph\":[{\"@type\":\"Article\",\"@id\":\"https:\\\/\\\/www.amanien.info\\\/news\\\/district-autonome-dabidjan-le-ministre-gouverneur-cisse-bacongo-annonce-de-tres-bonnes-nouvelles-a-la-chefferie-atchan\\\/#article\",\"isPartOf\":{\"@id\":\"https:\\\/\\\/www.amanien.info\\\/news\\\/district-autonome-dabidjan-le-ministre-gouverneur-cisse-bacongo-annonce-de-tres-bonnes-nouvelles-a-la-chefferie-atchan\\\/\"},\"author\":{\"name\":\"Germain Ndri\",\"@id\":\"https:\\\/\\\/www.amanien.info\\\/news\\\/#\\\/schema\\\/person\\\/b21093345753a1a98242d505bd894f42\"},\"headline\":\"District Autonome d&rsquo;Abidjan\\\/Le Ministre-Gouverneur, Ciss\u00e9 Bacongo annonce de tr\u00e8s bonnes nouvelles\u00a0 \u00e0 la Chefferie Atchan\",\"datePublished\":\"2024-03-08T15:09:31+00:00\",\"mainEntityOfPage\":{\"@id\":\"https:\\\/\\\/www.amanien.info\\\/news\\\/district-autonome-dabidjan-le-ministre-gouverneur-cisse-bacongo-annonce-de-tres-bonnes-nouvelles-a-la-chefferie-atchan\\\/\"},\"wordCount\":366,\"image\":{\"@id\":\"https:\\\/\\\/www.amanien.info\\\/news\\\/district-autonome-dabidjan-le-ministre-gouverneur-cisse-bacongo-annonce-de-tres-bonnes-nouvelles-a-la-chefferie-atchan\\\/#primaryimage\"},\"thumbnailUrl\":\"https:\\\/\\\/www.amanien.info\\\/news\\\/wp-content\\\/uploads\\\/2024\\\/03\\\/Bacongo-1024x620-2.jpg\",\"inLanguage\":\"fr-FR\"},{\"@type\":\"WebPage\",\"@id\":\"https:\\\/\\\/www.amanien.info\\\/news\\\/district-autonome-dabidjan-le-ministre-gouverneur-cisse-bacongo-annonce-de-tres-bonnes-nouvelles-a-la-chefferie-atchan\\\/\",\"url\":\"https:\\\/\\\/www.amanien.info\\\/news\\\/district-autonome-dabidjan-le-ministre-gouverneur-cisse-bacongo-annonce-de-tres-bonnes-nouvelles-a-la-chefferie-atchan\\\/\",\"name\":\"District Autonome d'Abidjan\\\/Le Ministre-Gouverneur, Ciss\u00e9 Bacongo annonce de tr\u00e8s bonnes nouvelles\u00a0 \u00e0 la Chefferie Atchan - Amanien| L&#039;actualit\u00e9 Ivoirienne et Internationale\",\"isPartOf\":{\"@id\":\"https:\\\/\\\/www.amanien.info\\\/news\\\/#website\"},\"primaryImageOfPage\":{\"@id\":\"https:\\\/\\\/www.amanien.info\\\/news\\\/district-autonome-dabidjan-le-ministre-gouverneur-cisse-bacongo-annonce-de-tres-bonnes-nouvelles-a-la-chefferie-atchan\\\/#primaryimage\"},\"image\":{\"@id\":\"https:\\\/\\\/www.amanien.info\\\/news\\\/district-autonome-dabidjan-le-ministre-gouverneur-cisse-bacongo-annonce-de-tres-bonnes-nouvelles-a-la-chefferie-atchan\\\/#primaryimage\"},\"thumbnailUrl\":\"https:\\\/\\\/www.amanien.info\\\/news\\\/wp-content\\\/uploads\\\/2024\\\/03\\\/Bacongo-1024x620-2.jpg\",\"datePublished\":\"2024-03-08T15:09:31+00:00\",\"author\":{\"@id\":\"https:\\\/\\\/www.amanien.info\\\/news\\\/#\\\/schema\\\/person\\\/b21093345753a1a98242d505bd894f42\"},\"breadcrumb\":{\"@id\":\"https:\\\/\\\/www.amanien.info\\\/news\\\/district-autonome-dabidjan-le-ministre-gouverneur-cisse-bacongo-annonce-de-tres-bonnes-nouvelles-a-la-chefferie-atchan\\\/#breadcrumb\"},\"inLanguage\":\"fr-FR\",\"potentialAction\":[{\"@type\":\"ReadAction\",\"target\":[\"https:\\\/\\\/www.amanien.info\\\/news\\\/district-autonome-dabidjan-le-ministre-gouverneur-cisse-bacongo-annonce-de-tres-bonnes-nouvelles-a-la-chefferie-atchan\\\/\"]}]},{\"@type\":\"ImageObject\",\"inLanguage\":\"fr-FR\",\"@id\":\"https:\\\/\\\/www.amanien.info\\\/news\\\/district-autonome-dabidjan-le-ministre-gouverneur-cisse-bacongo-annonce-de-tres-bonnes-nouvelles-a-la-chefferie-atchan\\\/#primaryimage\",\"url\":\"https:\\\/\\\/www.amanien.info\\\/news\\\/wp-content\\\/uploads\\\/2024\\\/03\\\/Bacongo-1024x620-2.jpg\",\"contentUrl\":\"https:\\\/\\\/www.amanien.info\\\/news\\\/wp-content\\\/uploads\\\/2024\\\/03\\\/Bacongo-1024x620-2.jpg\",\"width\":1024,\"height\":620},{\"@type\":\"BreadcrumbList\",\"@id\":\"https:\\\/\\\/www.amanien.info\\\/news\\\/district-autonome-dabidjan-le-ministre-gouverneur-cisse-bacongo-annonce-de-tres-bonnes-nouvelles-a-la-chefferie-atchan\\\/#breadcrumb\",\"itemListElement\":[{\"@type\":\"ListItem\",\"position\":1,\"name\":\"Accueil\",\"item\":\"https:\\\/\\\/www.amanien.info\\\/news\\\/\"},{\"@type\":\"ListItem\",\"position\":2,\"name\":\"District Autonome d&rsquo;Abidjan\\\/Le Ministre-Gouverneur, Ciss\u00e9 Bacongo annonce de tr\u00e8s bonnes nouvelles\u00a0 \u00e0 la Chefferie Atchan\"}]},{\"@type\":\"WebSite\",\"@id\":\"https:\\\/\\\/www.amanien.info\\\/news\\\/#website\",\"url\":\"https:\\\/\\\/www.amanien.info\\\/news\\\/\",\"name\":\"Amanien| L&#039;actualit\u00e9 Ivoirienne et Internationale\",\"description\":\"L&#039;actualit\u00e9 Ivoirienne et Internationale\",\"potentialAction\":[{\"@type\":\"SearchAction\",\"target\":{\"@type\":\"EntryPoint\",\"urlTemplate\":\"https:\\\/\\\/www.amanien.info\\\/news\\\/?s={search_term_string}\"},\"query-input\":{\"@type\":\"PropertyValueSpecification\",\"valueRequired\":true,\"valueName\":\"search_term_string\"}}],\"inLanguage\":\"fr-FR\"},{\"@type\":\"Person\",\"@id\":\"https:\\\/\\\/www.amanien.info\\\/news\\\/#\\\/schema\\\/person\\\/b21093345753a1a98242d505bd894f42\",\"name\":\"Germain Ndri\",\"url\":\"https:\\\/\\\/www.amanien.info\\\/news\\\/author\\\/amanien-infos\\\/\"}]}<\/script>\n<!-- \/ Yoast SEO plugin. -->","yoast_head_json":{"title":"District Autonome d'Abidjan\/Le Ministre-Gouverneur, Ciss\u00e9 Bacongo annonce de tr\u00e8s bonnes nouvelles\u00a0 \u00e0 la Chefferie Atchan - Amanien| L&#039;actualit\u00e9 Ivoirienne et Internationale","robots":{"index":"index","follow":"follow","max-snippet":"max-snippet:-1","max-image-preview":"max-image-preview:large","max-video-preview":"max-video-preview:-1"},"canonical":"https:\/\/www.amanien.info\/news\/district-autonome-dabidjan-le-ministre-gouverneur-cisse-bacongo-annonce-de-tres-bonnes-nouvelles-a-la-chefferie-atchan\/","og_locale":"fr_FR","og_type":"article","og_title":"District Autonome d'Abidjan\/Le Ministre-Gouverneur, Ciss\u00e9 Bacongo annonce de tr\u00e8s bonnes nouvelles\u00a0 \u00e0 la Chefferie Atchan - Amanien| L&#039;actualit\u00e9 Ivoirienne et Internationale","og_description":"Le Ministre-gouverneur Ibrahim Ciss\u00e9 Bacongo a \u00e9chang\u00e9, le jeudi 07 mars 2024, \u00e0 l\u2019h\u00f4tel de ville du Plateau \u00e0 Abidjan, avec les Chefs Atchan du District\u00a0 d&rsquo;Abidjan.\u00a0 A cette importante rencontre, Ibrahim Ciss\u00e9 Bacongo a annonc\u00e9 plusieurs bonnes nouvelles aux garants des us et coutumes Atchan. \u00ab\u00a0Le pr\u00e9sident de la R\u00e9publique, Alassane Ouattara a promis [&hellip;]","og_url":"https:\/\/www.amanien.info\/news\/district-autonome-dabidjan-le-ministre-gouverneur-cisse-bacongo-annonce-de-tres-bonnes-nouvelles-a-la-chefferie-atchan\/","og_site_name":"Amanien| L&#039;actualit\u00e9 Ivoirienne et Internationale","article_published_time":"2024-03-08T15:09:31+00:00","og_image":[{"width":1024,"height":620,"url":"https:\/\/www.amanien.info\/news\/wp-content\/uploads\/2024\/03\/Bacongo-1024x620-2.jpg","type":"image\/jpeg"}],"author":"Germain Ndri","twitter_card":"summary_large_image","twitter_misc":{"\u00c9crit par":"Germain Ndri","Dur\u00e9e de lecture estim\u00e9e":"2 minutes"},"schema":{"@context":"https:\/\/schema.org","@graph":[{"@type":"Article","@id":"https:\/\/www.amanien.info\/news\/district-autonome-dabidjan-le-ministre-gouverneur-cisse-bacongo-annonce-de-tres-bonnes-nouvelles-a-la-chefferie-atchan\/#article","isPartOf":{"@id":"https:\/\/www.amanien.info\/news\/district-autonome-dabidjan-le-ministre-gouverneur-cisse-bacongo-annonce-de-tres-bonnes-nouvelles-a-la-chefferie-atchan\/"},"author":{"name":"Germain Ndri","@id":"https:\/\/www.amanien.info\/news\/#\/schema\/person\/b21093345753a1a98242d505bd894f42"},"headline":"District Autonome d&rsquo;Abidjan\/Le Ministre-Gouverneur, Ciss\u00e9 Bacongo annonce de tr\u00e8s bonnes nouvelles\u00a0 \u00e0 la Chefferie Atchan","datePublished":"2024-03-08T15:09:31+00:00","mainEntityOfPage":{"@id":"https:\/\/www.amanien.info\/news\/district-autonome-dabidjan-le-ministre-gouverneur-cisse-bacongo-annonce-de-tres-bonnes-nouvelles-a-la-chefferie-atchan\/"},"wordCount":366,"image":{"@id":"https:\/\/www.amanien.info\/news\/district-autonome-dabidjan-le-ministre-gouverneur-cisse-bacongo-annonce-de-tres-bonnes-nouvelles-a-la-chefferie-atchan\/#primaryimage"},"thumbnailUrl":"https:\/\/www.amanien.info\/news\/wp-content\/uploads\/2024\/03\/Bacongo-1024x620-2.jpg","inLanguage":"fr-FR"},{"@type":"WebPage","@id":"https:\/\/www.amanien.info\/news\/district-autonome-dabidjan-le-ministre-gouverneur-cisse-bacongo-annonce-de-tres-bonnes-nouvelles-a-la-chefferie-atchan\/","url":"https:\/\/www.amanien.info\/news\/district-autonome-dabidjan-le-ministre-gouverneur-cisse-bacongo-annonce-de-tres-bonnes-nouvelles-a-la-chefferie-atchan\/","name":"District Autonome d'Abidjan\/Le Ministre-Gouverneur, Ciss\u00e9 Bacongo annonce de tr\u00e8s bonnes nouvelles\u00a0 \u00e0 la Chefferie Atchan - Amanien| L&#039;actualit\u00e9 Ivoirienne et Internationale","isPartOf":{"@id":"https:\/\/www.amanien.info\/news\/#website"},"primaryImageOfPage":{"@id":"https:\/\/www.amanien.info\/news\/district-autonome-dabidjan-le-ministre-gouverneur-cisse-bacongo-annonce-de-tres-bonnes-nouvelles-a-la-chefferie-atchan\/#primaryimage"},"image":{"@id":"https:\/\/www.amanien.info\/news\/district-autonome-dabidjan-le-ministre-gouverneur-cisse-bacongo-annonce-de-tres-bonnes-nouvelles-a-la-chefferie-atchan\/#primaryimage"},"thumbnailUrl":"https:\/\/www.amanien.info\/news\/wp-content\/uploads\/2024\/03\/Bacongo-1024x620-2.jpg","datePublished":"2024-03-08T15:09:31+00:00","author":{"@id":"https:\/\/www.amanien.info\/news\/#\/schema\/person\/b21093345753a1a98242d505bd894f42"},"breadcrumb":{"@id":"https:\/\/www.amanien.info\/news\/district-autonome-dabidjan-le-ministre-gouverneur-cisse-bacongo-annonce-de-tres-bonnes-nouvelles-a-la-chefferie-atchan\/#breadcrumb"},"inLanguage":"fr-FR","potentialAction":[{"@type":"ReadAction","target":["https:\/\/www.amanien.info\/news\/district-autonome-dabidjan-le-ministre-gouverneur-cisse-bacongo-annonce-de-tres-bonnes-nouvelles-a-la-chefferie-atchan\/"]}]},{"@type":"ImageObject","inLanguage":"fr-FR","@id":"https:\/\/www.amanien.info\/news\/district-autonome-dabidjan-le-ministre-gouverneur-cisse-bacongo-annonce-de-tres-bonnes-nouvelles-a-la-chefferie-atchan\/#primaryimage","url":"https:\/\/www.amanien.info\/news\/wp-content\/uploads\/2024\/03\/Bacongo-1024x620-2.jpg","contentUrl":"https:\/\/www.amanien.info\/news\/wp-content\/uploads\/2024\/03\/Bacongo-1024x620-2.jpg","width":1024,"height":620},{"@type":"BreadcrumbList","@id":"https:\/\/www.amanien.info\/news\/district-autonome-dabidjan-le-ministre-gouverneur-cisse-bacongo-annonce-de-tres-bonnes-nouvelles-a-la-chefferie-atchan\/#breadcrumb","itemListElement":[{"@type":"ListItem","position":1,"name":"Accueil","item":"https:\/\/www.amanien.info\/news\/"},{"@type":"ListItem","position":2,"name":"District Autonome d&rsquo;Abidjan\/Le Ministre-Gouverneur, Ciss\u00e9 Bacongo annonce de tr\u00e8s bonnes nouvelles\u00a0 \u00e0 la Chefferie Atchan"}]},{"@type":"WebSite","@id":"https:\/\/www.amanien.info\/news\/#website","url":"https:\/\/www.amanien.info\/news\/","name":"Amanien| L&#039;actualit\u00e9 Ivoirienne et Internationale","description":"L&#039;actualit\u00e9 Ivoirienne et Internationale","potentialAction":[{"@type":"SearchAction","target":{"@type":"EntryPoint","urlTemplate":"https:\/\/www.amanien.info\/news\/?s={search_term_string}"},"query-input":{"@type":"PropertyValueSpecification","valueRequired":true,"valueName":"search_term_string"}}],"inLanguage":"fr-FR"},{"@type":"Person","@id":"https:\/\/www.amanien.info\/news\/#\/schema\/person\/b21093345753a1a98242d505bd894f42","name":"Germain Ndri","url":"https:\/\/www.amanien.info\/news\/author\/amanien-infos\/"}]}},"_links":{"self":[{"href":"https:\/\/www.amanien.info\/news\/wp-json\/wp\/v2\/posts\/5926","targetHints":{"allow":["GET"]}}],"collection":[{"href":"https:\/\/www.amanien.info\/news\/wp-json\/wp\/v2\/posts"}],"about":[{"href":"https:\/\/www.amanien.info\/news\/wp-json\/wp\/v2\/types\/post"}],"author":[{"embeddable":true,"href":"https:\/\/www.amanien.info\/news\/wp-json\/wp\/v2\/users\/2"}],"replies":[{"embeddable":true,"href":"https:\/\/www.amanien.info\/news\/wp-json\/wp\/v2\/comments?post=5926"}],"version-history":[{"count":1,"href":"https:\/\/www.amanien.info\/news\/wp-json\/wp\/v2\/posts\/5926\/revisions"}],"predecessor-version":[{"id":5930,"href":"https:\/\/www.amanien.info\/news\/wp-json\/wp\/v2\/posts\/5926\/revisions\/5930"}],"wp:featuredmedia":[{"embeddable":true,"href":"https:\/\/www.amanien.info\/news\/wp-json\/wp\/v2\/media\/5929"}],"wp:attachment":[{"href":"https:\/\/www.amanien.info\/news\/wp-json\/wp\/v2\/media?parent=5926"}],"wp:term":[{"taxonomy":"category","embeddable":true,"href":"https:\/\/www.amanien.info\/news\/wp-json\/wp\/v2\/categories?post=5926"},{"taxonomy":"post_tag","embeddable":true,"href":"https:\/\/www.amanien.info\/news\/wp-json\/wp\/v2\/tags?post=5926"}],"curies":[{"name":"wp","href":"https:\/\/api.w.org\/{rel}","templated":true}]}}