{"id":5921,"date":"2024-03-08T10:07:46","date_gmt":"2024-03-08T10:07:46","guid":{"rendered":"https:\/\/www.amanien.info\/news\/?p=5921"},"modified":"2024-03-08T10:07:46","modified_gmt":"2024-03-08T10:07:46","slug":"secretariat-executif-du-pdci-rda-guikahue-passe-la-main-a-son-successeur-emmou-sylvestre-et-lui-prodigue-des-conseils","status":"publish","type":"post","link":"https:\/\/www.amanien.info\/news\/secretariat-executif-du-pdci-rda-guikahue-passe-la-main-a-son-successeur-emmou-sylvestre-et-lui-prodigue-des-conseils\/","title":{"rendered":"Secr\u00e9tariat Ex\u00e9cutif du PDCI-RDA : Guikahu\u00e9 passe la main \u00e0 son successeur, Emmou Sylvestre et lui prodigue des conseils\u00a0"},"content":{"rendered":"<div><span style=\"text-transform: initial;\">La passation de charges entre le secr\u00e9taire ex\u00e9cutif en chef sortant du PDCI-RDA, Pr Maurice Kakou Guikahu\u00e9 et le secr\u00e9taire ex\u00e9cutif en chef entrant dudit parti, Dr Emmou Aka Georges Sylvestre a eu lieu le jeudi 07 mars 2024 \u00e0 la maison du parti, sise \u00e0 Cocody.<\/span><\/div>\n<div>\n<div><\/div>\n<div>C&rsquo;\u00e9tait au cours d&rsquo;une c\u00e9r\u00e9monie, pr\u00e9sid\u00e9e par Emmanuel Niamien N&rsquo;goran, coordonnateur de l&rsquo;inspection du parti.<\/div>\n<div><\/div>\n<div><\/div>\n<div><\/div>\n<div>A cette importante rencontre, le secr\u00e9taire ex\u00e9cutif en chef sortant du Pdci-Rda, Pr Maurice Kakou Guikahu\u00e9 a dit passer la main \u00e0 son successeur, Dr Emmou Sylvestre.<\/div>\n<div><\/div>\n<div>\u00ab\u00a0Je pars sans amertume, ni acrimonie. Je pars statisfait pour trois raisons&#8230; La nomination de Emmou Sylvestre honore la m\u00e9moire du pr\u00e9sident Bedi\u00e9 qui \u00e9tait d&rsquo;accord avec nous pour le rajeunissement du secr\u00e9tariat ex\u00e9cutif \u00ab\u00a0, a affirm\u00e9 M. Guikahu\u00e9 dans un discours se r\u00e9jouissant de la nomination du Dr Emmou Sylvestre,\u00a0 car, soutient-il, il a d\u00e9montr\u00e9 sa combativit\u00e9.<\/div>\n<div><\/div>\n<div><\/div>\n<div>Pour lui, le Pr\u00e9sident du PDCI-RDA, Tidjane Thiam a \u00ab\u00a0fait le bon choix\u00a0\u00bb.<\/div>\n<div><\/div>\n<div><\/div>\n<div>L&rsquo;ancien secr\u00e9taire ex\u00e9cutif du parti septuag\u00e9naire a \u00e9galement prodigu\u00e9 des conseils \u00e0 son successeur, en l&rsquo;occurrence, Dr Emmou Sylvestre. \u00ab\u00a0Sachez que votre esprit de sacrifice devra \u00eatre tr\u00e8s \u00e9lev\u00e9. Soyez focus sur cet objectif en ayant pour boussole la loyaut\u00e9. Bon vent \u00e0 l&rsquo;\u00e9quipe du Dr Emmou. Que Dieu b\u00e9nisse votre mandat\u00a0\u00bb, a-t-il souhait\u00e9.<\/div>\n<div><\/div>\n<div><\/div>\n<div><\/div>\n<div>Exprimant sa reconnaissance et sa gratitude \u00e0 son pr\u00e9d\u00e9cesseur, Dr Emmou Aka Georges Sylvestre, nouveau secr\u00e9taire ex\u00e9cutif en chef du Pdci-Rda, a salu\u00e9 la disponibilit\u00e9 et la qualit\u00e9 du travail accompli par le Professeur Maurice Kakou GUIKAHUE. \u00ab\u00a0Je mesure la haute responsabilit\u00e9 qui est d\u00e9sormais la mienne. Je ne me g\u00eanerai point pour recourir \u00e0 vous afin de b\u00e9n\u00e9ficier de vos conseils\u00a0\u00bb, a-t-il d\u00e9clar\u00e9.<\/div>\n<div><\/div>\n<div><\/div>\n<div><\/div>\n<div>La premi\u00e8re r\u00e9union du secr\u00e9tariat ex\u00e9cutif du parti, note-t-on, est pr\u00e9vue le 12 mars prochain.<\/div>\n<div><\/div>\n<div><\/div>\n<div><\/div>\n<div>Pour rappel, le Dr Emmou Aka Georges Sylvestre, D\u00e9put\u00e9-maire de Port-Bo\u00fcet, a \u00e9t\u00e9 nomm\u00e9, le mardi 05 mars 2024,\u00a0 secr\u00e9taire ex\u00e9cutif en chef du PDCI-RDA par le Pr\u00e9sident Tidjane Thiam.<\/div>\n<div><\/div>\n<div><\/div>\n<div><b>S.A.<\/b><\/div>\n<\/div>\n<div><\/div>\n<div><\/div>\n","protected":false},"excerpt":{"rendered":"<p>La passation de charges entre le secr\u00e9taire ex\u00e9cutif en chef sortant du PDCI-RDA, Pr Maurice Kakou Guikahu\u00e9 et le secr\u00e9taire ex\u00e9cutif en chef entrant dudit parti, Dr Emmou Aka Georges Sylvestre a eu lieu le jeudi 07 mars 2024 \u00e0 la maison du parti, sise \u00e0 Cocody. C&rsquo;\u00e9tait au cours d&rsquo;une c\u00e9r\u00e9monie, pr\u00e9sid\u00e9e par Emmanuel [&hellip;]<\/p>\n","protected":false},"author":2,"featured_media":5924,"comment_status":"closed","ping_status":"closed","sticky":false,"template":"","format":"standard","meta":{"_acf_changed":false,"footnotes":""},"categories":[],"tags":[],"class_list":["post-5921","post","type-post","status-publish","format-standard","has-post-thumbnail","hentry"],"acf":[],"yoast_head":"<!-- This site is optimized with the Yoast SEO plugin v27.5 - https:\/\/yoast.com\/product\/yoast-seo-wordpress\/ -->\n<title>Secr\u00e9tariat Ex\u00e9cutif du PDCI-RDA : Guikahu\u00e9 passe la main \u00e0 son successeur, Emmou Sylvestre et lui prodigue des conseils\u00a0 - Amanien| L&#039;actualit\u00e9 Ivoirienne et Internationale<\/title>\n<meta name=\"robots\" content=\"index, follow, max-snippet:-1, max-image-preview:large, max-video-preview:-1\" \/>\n<link rel=\"canonical\" href=\"https:\/\/www.amanien.info\/news\/secretariat-executif-du-pdci-rda-guikahue-passe-la-main-a-son-successeur-emmou-sylvestre-et-lui-prodigue-des-conseils\/\" \/>\n<meta property=\"og:locale\" content=\"fr_FR\" \/>\n<meta property=\"og:type\" content=\"article\" \/>\n<meta property=\"og:title\" content=\"Secr\u00e9tariat Ex\u00e9cutif du PDCI-RDA : Guikahu\u00e9 passe la main \u00e0 son successeur, Emmou Sylvestre et lui prodigue des conseils\u00a0 - Amanien| L&#039;actualit\u00e9 Ivoirienne et Internationale\" \/>\n<meta property=\"og:description\" content=\"La passation de charges entre le secr\u00e9taire ex\u00e9cutif en chef sortant du PDCI-RDA, Pr Maurice Kakou Guikahu\u00e9 et le secr\u00e9taire ex\u00e9cutif en chef entrant dudit parti, Dr Emmou Aka Georges Sylvestre a eu lieu le jeudi 07 mars 2024 \u00e0 la maison du parti, sise \u00e0 Cocody. C&rsquo;\u00e9tait au cours d&rsquo;une c\u00e9r\u00e9monie, pr\u00e9sid\u00e9e par Emmanuel [&hellip;]\" \/>\n<meta property=\"og:url\" content=\"https:\/\/www.amanien.info\/news\/secretariat-executif-du-pdci-rda-guikahue-passe-la-main-a-son-successeur-emmou-sylvestre-et-lui-prodigue-des-conseils\/\" \/>\n<meta property=\"og:site_name\" content=\"Amanien| L&#039;actualit\u00e9 Ivoirienne et Internationale\" \/>\n<meta property=\"article:published_time\" content=\"2024-03-08T10:07:46+00:00\" \/>\n<meta property=\"og:image\" content=\"https:\/\/www.amanien.info\/news\/wp-content\/uploads\/2024\/03\/pdci-rda-ceremonie-de-passation-de-charges-entre-maurice-kacou-guikahue-et-_zl0iggqt58.jpg\" \/>\n\t<meta property=\"og:image:width\" content=\"900\" \/>\n\t<meta property=\"og:image:height\" content=\"600\" \/>\n\t<meta property=\"og:image:type\" content=\"image\/jpeg\" \/>\n<meta name=\"author\" content=\"Germain Ndri\" \/>\n<meta name=\"twitter:card\" content=\"summary_large_image\" \/>\n<meta name=\"twitter:label1\" content=\"\u00c9crit par\" \/>\n\t<meta name=\"twitter:data1\" content=\"Germain Ndri\" \/>\n\t<meta name=\"twitter:label2\" content=\"Dur\u00e9e de lecture estim\u00e9e\" \/>\n\t<meta name=\"twitter:data2\" content=\"2 minutes\" \/>\n<script type=\"application\/ld+json\" class=\"yoast-schema-graph\">{\"@context\":\"https:\\\/\\\/schema.org\",\"@graph\":[{\"@type\":\"Article\",\"@id\":\"https:\\\/\\\/www.amanien.info\\\/news\\\/secretariat-executif-du-pdci-rda-guikahue-passe-la-main-a-son-successeur-emmou-sylvestre-et-lui-prodigue-des-conseils\\\/#article\",\"isPartOf\":{\"@id\":\"https:\\\/\\\/www.amanien.info\\\/news\\\/secretariat-executif-du-pdci-rda-guikahue-passe-la-main-a-son-successeur-emmou-sylvestre-et-lui-prodigue-des-conseils\\\/\"},\"author\":{\"name\":\"Germain Ndri\",\"@id\":\"https:\\\/\\\/www.amanien.info\\\/news\\\/#\\\/schema\\\/person\\\/b21093345753a1a98242d505bd894f42\"},\"headline\":\"Secr\u00e9tariat Ex\u00e9cutif du PDCI-RDA : Guikahu\u00e9 passe la main \u00e0 son successeur, Emmou Sylvestre et lui prodigue des conseils\u00a0\",\"datePublished\":\"2024-03-08T10:07:46+00:00\",\"mainEntityOfPage\":{\"@id\":\"https:\\\/\\\/www.amanien.info\\\/news\\\/secretariat-executif-du-pdci-rda-guikahue-passe-la-main-a-son-successeur-emmou-sylvestre-et-lui-prodigue-des-conseils\\\/\"},\"wordCount\":381,\"image\":{\"@id\":\"https:\\\/\\\/www.amanien.info\\\/news\\\/secretariat-executif-du-pdci-rda-guikahue-passe-la-main-a-son-successeur-emmou-sylvestre-et-lui-prodigue-des-conseils\\\/#primaryimage\"},\"thumbnailUrl\":\"https:\\\/\\\/www.amanien.info\\\/news\\\/wp-content\\\/uploads\\\/2024\\\/03\\\/pdci-rda-ceremonie-de-passation-de-charges-entre-maurice-kacou-guikahue-et-_zl0iggqt58.jpg\",\"inLanguage\":\"fr-FR\"},{\"@type\":\"WebPage\",\"@id\":\"https:\\\/\\\/www.amanien.info\\\/news\\\/secretariat-executif-du-pdci-rda-guikahue-passe-la-main-a-son-successeur-emmou-sylvestre-et-lui-prodigue-des-conseils\\\/\",\"url\":\"https:\\\/\\\/www.amanien.info\\\/news\\\/secretariat-executif-du-pdci-rda-guikahue-passe-la-main-a-son-successeur-emmou-sylvestre-et-lui-prodigue-des-conseils\\\/\",\"name\":\"Secr\u00e9tariat Ex\u00e9cutif du PDCI-RDA : Guikahu\u00e9 passe la main \u00e0 son successeur, Emmou Sylvestre et lui prodigue des conseils\u00a0 - Amanien| L&#039;actualit\u00e9 Ivoirienne et Internationale\",\"isPartOf\":{\"@id\":\"https:\\\/\\\/www.amanien.info\\\/news\\\/#website\"},\"primaryImageOfPage\":{\"@id\":\"https:\\\/\\\/www.amanien.info\\\/news\\\/secretariat-executif-du-pdci-rda-guikahue-passe-la-main-a-son-successeur-emmou-sylvestre-et-lui-prodigue-des-conseils\\\/#primaryimage\"},\"image\":{\"@id\":\"https:\\\/\\\/www.amanien.info\\\/news\\\/secretariat-executif-du-pdci-rda-guikahue-passe-la-main-a-son-successeur-emmou-sylvestre-et-lui-prodigue-des-conseils\\\/#primaryimage\"},\"thumbnailUrl\":\"https:\\\/\\\/www.amanien.info\\\/news\\\/wp-content\\\/uploads\\\/2024\\\/03\\\/pdci-rda-ceremonie-de-passation-de-charges-entre-maurice-kacou-guikahue-et-_zl0iggqt58.jpg\",\"datePublished\":\"2024-03-08T10:07:46+00:00\",\"author\":{\"@id\":\"https:\\\/\\\/www.amanien.info\\\/news\\\/#\\\/schema\\\/person\\\/b21093345753a1a98242d505bd894f42\"},\"breadcrumb\":{\"@id\":\"https:\\\/\\\/www.amanien.info\\\/news\\\/secretariat-executif-du-pdci-rda-guikahue-passe-la-main-a-son-successeur-emmou-sylvestre-et-lui-prodigue-des-conseils\\\/#breadcrumb\"},\"inLanguage\":\"fr-FR\",\"potentialAction\":[{\"@type\":\"ReadAction\",\"target\":[\"https:\\\/\\\/www.amanien.info\\\/news\\\/secretariat-executif-du-pdci-rda-guikahue-passe-la-main-a-son-successeur-emmou-sylvestre-et-lui-prodigue-des-conseils\\\/\"]}]},{\"@type\":\"ImageObject\",\"inLanguage\":\"fr-FR\",\"@id\":\"https:\\\/\\\/www.amanien.info\\\/news\\\/secretariat-executif-du-pdci-rda-guikahue-passe-la-main-a-son-successeur-emmou-sylvestre-et-lui-prodigue-des-conseils\\\/#primaryimage\",\"url\":\"https:\\\/\\\/www.amanien.info\\\/news\\\/wp-content\\\/uploads\\\/2024\\\/03\\\/pdci-rda-ceremonie-de-passation-de-charges-entre-maurice-kacou-guikahue-et-_zl0iggqt58.jpg\",\"contentUrl\":\"https:\\\/\\\/www.amanien.info\\\/news\\\/wp-content\\\/uploads\\\/2024\\\/03\\\/pdci-rda-ceremonie-de-passation-de-charges-entre-maurice-kacou-guikahue-et-_zl0iggqt58.jpg\",\"width\":900,\"height\":600},{\"@type\":\"BreadcrumbList\",\"@id\":\"https:\\\/\\\/www.amanien.info\\\/news\\\/secretariat-executif-du-pdci-rda-guikahue-passe-la-main-a-son-successeur-emmou-sylvestre-et-lui-prodigue-des-conseils\\\/#breadcrumb\",\"itemListElement\":[{\"@type\":\"ListItem\",\"position\":1,\"name\":\"Accueil\",\"item\":\"https:\\\/\\\/www.amanien.info\\\/news\\\/\"},{\"@type\":\"ListItem\",\"position\":2,\"name\":\"Secr\u00e9tariat Ex\u00e9cutif du PDCI-RDA : Guikahu\u00e9 passe la main \u00e0 son successeur, Emmou Sylvestre et lui prodigue des conseils\u00a0\"}]},{\"@type\":\"WebSite\",\"@id\":\"https:\\\/\\\/www.amanien.info\\\/news\\\/#website\",\"url\":\"https:\\\/\\\/www.amanien.info\\\/news\\\/\",\"name\":\"Amanien| L&#039;actualit\u00e9 Ivoirienne et Internationale\",\"description\":\"L&#039;actualit\u00e9 Ivoirienne et Internationale\",\"potentialAction\":[{\"@type\":\"SearchAction\",\"target\":{\"@type\":\"EntryPoint\",\"urlTemplate\":\"https:\\\/\\\/www.amanien.info\\\/news\\\/?s={search_term_string}\"},\"query-input\":{\"@type\":\"PropertyValueSpecification\",\"valueRequired\":true,\"valueName\":\"search_term_string\"}}],\"inLanguage\":\"fr-FR\"},{\"@type\":\"Person\",\"@id\":\"https:\\\/\\\/www.amanien.info\\\/news\\\/#\\\/schema\\\/person\\\/b21093345753a1a98242d505bd894f42\",\"name\":\"Germain Ndri\",\"url\":\"https:\\\/\\\/www.amanien.info\\\/news\\\/author\\\/amanien-infos\\\/\"}]}<\/script>\n<!-- \/ Yoast SEO plugin. -->","yoast_head_json":{"title":"Secr\u00e9tariat Ex\u00e9cutif du PDCI-RDA : Guikahu\u00e9 passe la main \u00e0 son successeur, Emmou Sylvestre et lui prodigue des conseils\u00a0 - Amanien| L&#039;actualit\u00e9 Ivoirienne et Internationale","robots":{"index":"index","follow":"follow","max-snippet":"max-snippet:-1","max-image-preview":"max-image-preview:large","max-video-preview":"max-video-preview:-1"},"canonical":"https:\/\/www.amanien.info\/news\/secretariat-executif-du-pdci-rda-guikahue-passe-la-main-a-son-successeur-emmou-sylvestre-et-lui-prodigue-des-conseils\/","og_locale":"fr_FR","og_type":"article","og_title":"Secr\u00e9tariat Ex\u00e9cutif du PDCI-RDA : Guikahu\u00e9 passe la main \u00e0 son successeur, Emmou Sylvestre et lui prodigue des conseils\u00a0 - Amanien| L&#039;actualit\u00e9 Ivoirienne et Internationale","og_description":"La passation de charges entre le secr\u00e9taire ex\u00e9cutif en chef sortant du PDCI-RDA, Pr Maurice Kakou Guikahu\u00e9 et le secr\u00e9taire ex\u00e9cutif en chef entrant dudit parti, Dr Emmou Aka Georges Sylvestre a eu lieu le jeudi 07 mars 2024 \u00e0 la maison du parti, sise \u00e0 Cocody. C&rsquo;\u00e9tait au cours d&rsquo;une c\u00e9r\u00e9monie, pr\u00e9sid\u00e9e par Emmanuel [&hellip;]","og_url":"https:\/\/www.amanien.info\/news\/secretariat-executif-du-pdci-rda-guikahue-passe-la-main-a-son-successeur-emmou-sylvestre-et-lui-prodigue-des-conseils\/","og_site_name":"Amanien| L&#039;actualit\u00e9 Ivoirienne et Internationale","article_published_time":"2024-03-08T10:07:46+00:00","og_image":[{"width":900,"height":600,"url":"https:\/\/www.amanien.info\/news\/wp-content\/uploads\/2024\/03\/pdci-rda-ceremonie-de-passation-de-charges-entre-maurice-kacou-guikahue-et-_zl0iggqt58.jpg","type":"image\/jpeg"}],"author":"Germain Ndri","twitter_card":"summary_large_image","twitter_misc":{"\u00c9crit par":"Germain Ndri","Dur\u00e9e de lecture estim\u00e9e":"2 minutes"},"schema":{"@context":"https:\/\/schema.org","@graph":[{"@type":"Article","@id":"https:\/\/www.amanien.info\/news\/secretariat-executif-du-pdci-rda-guikahue-passe-la-main-a-son-successeur-emmou-sylvestre-et-lui-prodigue-des-conseils\/#article","isPartOf":{"@id":"https:\/\/www.amanien.info\/news\/secretariat-executif-du-pdci-rda-guikahue-passe-la-main-a-son-successeur-emmou-sylvestre-et-lui-prodigue-des-conseils\/"},"author":{"name":"Germain Ndri","@id":"https:\/\/www.amanien.info\/news\/#\/schema\/person\/b21093345753a1a98242d505bd894f42"},"headline":"Secr\u00e9tariat Ex\u00e9cutif du PDCI-RDA : Guikahu\u00e9 passe la main \u00e0 son successeur, Emmou Sylvestre et lui prodigue des conseils\u00a0","datePublished":"2024-03-08T10:07:46+00:00","mainEntityOfPage":{"@id":"https:\/\/www.amanien.info\/news\/secretariat-executif-du-pdci-rda-guikahue-passe-la-main-a-son-successeur-emmou-sylvestre-et-lui-prodigue-des-conseils\/"},"wordCount":381,"image":{"@id":"https:\/\/www.amanien.info\/news\/secretariat-executif-du-pdci-rda-guikahue-passe-la-main-a-son-successeur-emmou-sylvestre-et-lui-prodigue-des-conseils\/#primaryimage"},"thumbnailUrl":"https:\/\/www.amanien.info\/news\/wp-content\/uploads\/2024\/03\/pdci-rda-ceremonie-de-passation-de-charges-entre-maurice-kacou-guikahue-et-_zl0iggqt58.jpg","inLanguage":"fr-FR"},{"@type":"WebPage","@id":"https:\/\/www.amanien.info\/news\/secretariat-executif-du-pdci-rda-guikahue-passe-la-main-a-son-successeur-emmou-sylvestre-et-lui-prodigue-des-conseils\/","url":"https:\/\/www.amanien.info\/news\/secretariat-executif-du-pdci-rda-guikahue-passe-la-main-a-son-successeur-emmou-sylvestre-et-lui-prodigue-des-conseils\/","name":"Secr\u00e9tariat Ex\u00e9cutif du PDCI-RDA : Guikahu\u00e9 passe la main \u00e0 son successeur, Emmou Sylvestre et lui prodigue des conseils\u00a0 - Amanien| L&#039;actualit\u00e9 Ivoirienne et Internationale","isPartOf":{"@id":"https:\/\/www.amanien.info\/news\/#website"},"primaryImageOfPage":{"@id":"https:\/\/www.amanien.info\/news\/secretariat-executif-du-pdci-rda-guikahue-passe-la-main-a-son-successeur-emmou-sylvestre-et-lui-prodigue-des-conseils\/#primaryimage"},"image":{"@id":"https:\/\/www.amanien.info\/news\/secretariat-executif-du-pdci-rda-guikahue-passe-la-main-a-son-successeur-emmou-sylvestre-et-lui-prodigue-des-conseils\/#primaryimage"},"thumbnailUrl":"https:\/\/www.amanien.info\/news\/wp-content\/uploads\/2024\/03\/pdci-rda-ceremonie-de-passation-de-charges-entre-maurice-kacou-guikahue-et-_zl0iggqt58.jpg","datePublished":"2024-03-08T10:07:46+00:00","author":{"@id":"https:\/\/www.amanien.info\/news\/#\/schema\/person\/b21093345753a1a98242d505bd894f42"},"breadcrumb":{"@id":"https:\/\/www.amanien.info\/news\/secretariat-executif-du-pdci-rda-guikahue-passe-la-main-a-son-successeur-emmou-sylvestre-et-lui-prodigue-des-conseils\/#breadcrumb"},"inLanguage":"fr-FR","potentialAction":[{"@type":"ReadAction","target":["https:\/\/www.amanien.info\/news\/secretariat-executif-du-pdci-rda-guikahue-passe-la-main-a-son-successeur-emmou-sylvestre-et-lui-prodigue-des-conseils\/"]}]},{"@type":"ImageObject","inLanguage":"fr-FR","@id":"https:\/\/www.amanien.info\/news\/secretariat-executif-du-pdci-rda-guikahue-passe-la-main-a-son-successeur-emmou-sylvestre-et-lui-prodigue-des-conseils\/#primaryimage","url":"https:\/\/www.amanien.info\/news\/wp-content\/uploads\/2024\/03\/pdci-rda-ceremonie-de-passation-de-charges-entre-maurice-kacou-guikahue-et-_zl0iggqt58.jpg","contentUrl":"https:\/\/www.amanien.info\/news\/wp-content\/uploads\/2024\/03\/pdci-rda-ceremonie-de-passation-de-charges-entre-maurice-kacou-guikahue-et-_zl0iggqt58.jpg","width":900,"height":600},{"@type":"BreadcrumbList","@id":"https:\/\/www.amanien.info\/news\/secretariat-executif-du-pdci-rda-guikahue-passe-la-main-a-son-successeur-emmou-sylvestre-et-lui-prodigue-des-conseils\/#breadcrumb","itemListElement":[{"@type":"ListItem","position":1,"name":"Accueil","item":"https:\/\/www.amanien.info\/news\/"},{"@type":"ListItem","position":2,"name":"Secr\u00e9tariat Ex\u00e9cutif du PDCI-RDA : Guikahu\u00e9 passe la main \u00e0 son successeur, Emmou Sylvestre et lui prodigue des conseils\u00a0"}]},{"@type":"WebSite","@id":"https:\/\/www.amanien.info\/news\/#website","url":"https:\/\/www.amanien.info\/news\/","name":"Amanien| L&#039;actualit\u00e9 Ivoirienne et Internationale","description":"L&#039;actualit\u00e9 Ivoirienne et Internationale","potentialAction":[{"@type":"SearchAction","target":{"@type":"EntryPoint","urlTemplate":"https:\/\/www.amanien.info\/news\/?s={search_term_string}"},"query-input":{"@type":"PropertyValueSpecification","valueRequired":true,"valueName":"search_term_string"}}],"inLanguage":"fr-FR"},{"@type":"Person","@id":"https:\/\/www.amanien.info\/news\/#\/schema\/person\/b21093345753a1a98242d505bd894f42","name":"Germain Ndri","url":"https:\/\/www.amanien.info\/news\/author\/amanien-infos\/"}]}},"_links":{"self":[{"href":"https:\/\/www.amanien.info\/news\/wp-json\/wp\/v2\/posts\/5921","targetHints":{"allow":["GET"]}}],"collection":[{"href":"https:\/\/www.amanien.info\/news\/wp-json\/wp\/v2\/posts"}],"about":[{"href":"https:\/\/www.amanien.info\/news\/wp-json\/wp\/v2\/types\/post"}],"author":[{"embeddable":true,"href":"https:\/\/www.amanien.info\/news\/wp-json\/wp\/v2\/users\/2"}],"replies":[{"embeddable":true,"href":"https:\/\/www.amanien.info\/news\/wp-json\/wp\/v2\/comments?post=5921"}],"version-history":[{"count":1,"href":"https:\/\/www.amanien.info\/news\/wp-json\/wp\/v2\/posts\/5921\/revisions"}],"predecessor-version":[{"id":5925,"href":"https:\/\/www.amanien.info\/news\/wp-json\/wp\/v2\/posts\/5921\/revisions\/5925"}],"wp:featuredmedia":[{"embeddable":true,"href":"https:\/\/www.amanien.info\/news\/wp-json\/wp\/v2\/media\/5924"}],"wp:attachment":[{"href":"https:\/\/www.amanien.info\/news\/wp-json\/wp\/v2\/media?parent=5921"}],"wp:term":[{"taxonomy":"category","embeddable":true,"href":"https:\/\/www.amanien.info\/news\/wp-json\/wp\/v2\/categories?post=5921"},{"taxonomy":"post_tag","embeddable":true,"href":"https:\/\/www.amanien.info\/news\/wp-json\/wp\/v2\/tags?post=5921"}],"curies":[{"name":"wp","href":"https:\/\/api.w.org\/{rel}","templated":true}]}}