{"id":5916,"date":"2024-03-08T06:55:50","date_gmt":"2024-03-08T06:55:50","guid":{"rendered":"https:\/\/www.amanien.info\/news\/?p=5916"},"modified":"2024-03-08T06:55:50","modified_gmt":"2024-03-08T06:55:50","slug":"le-president-de-la-sivus-pr-kouame-n-a-louverture-des-jiemnous-invitons-tous-ceux-qui-veulent-faire-de-lechographie-a-se-former","status":"publish","type":"post","link":"https:\/\/www.amanien.info\/news\/le-president-de-la-sivus-pr-kouame-n-a-louverture-des-jiemnous-invitons-tous-ceux-qui-veulent-faire-de-lechographie-a-se-former\/","title":{"rendered":"Le Pr\u00e9sident de la SIVUS, Pr Kouam\u00e9 N. \u00e0 l&rsquo;ouverture des JIEM:\u00a0\u00bbNous invitons tous ceux qui veulent faire de l&rsquo;\u00e9chographie \u00e0 se former\u00a0\u00bb"},"content":{"rendered":"<p>&nbsp;<\/p>\n<div><b style=\"text-transform: initial;\">\u00ab\u00a0\u00c9chographie et d\u00e9fis de l&rsquo;acc\u00e8s aux soins dans nos r\u00e9gions\u00a0\u00bb<\/b><span style=\"text-transform: initial;\">. Tel est le th\u00e8me principal des 3\u00e8mes Journ\u00e9es ivoiriennes d&rsquo;\u00e9chographie multidisciplinaire (JIEM 2024), ouvertes, ce jeudi, \u00e0 l&rsquo;h\u00f4tel Palm club d&rsquo;Abidjan-Cocody, en pr\u00e9sence de plusieurs professionnels de la sant\u00e9 et sp\u00e9cialistes.\u00a0<\/span><\/div>\n<div>\n<div><\/div>\n<div><\/div>\n<div>Organis\u00e9e par la Soci\u00e9t\u00e9 Ivoirienne d&rsquo;Ultrasonographie(SIVUS), en collaboration avec la Soci\u00e9t\u00e9 M\u00e9diterran\u00e9enne et Africaine d&rsquo;Ultrasons(MASU) et la Soci\u00e9t\u00e9 Mondiale d&rsquo;Ultrasonographie), les Journ\u00e9es ivoiriennes d&rsquo;\u00e9chographie multidisciplinaire \u00ab\u00a0se veulent un moyen de sensibilisation des professionnels de la sant\u00e9 sur l&rsquo;utilisation efficiente de l&rsquo;outil \u00e9chographique afin de r\u00e9duire les disparit\u00e9s dans l&rsquo;acc\u00e8s aux soins pour tous\u00a0\u00bb, a indiqu\u00e9 Pr N&rsquo;GORAN Kouam\u00e9 Philippe, Pr\u00e9sident de la SIVUS. Mieux, l&rsquo;objectif de ces Journ\u00e9es est de \u00ab\u00a0former les \u00e9chographistes, l&rsquo;ensemble des praticiens, afin de vulgariser l&rsquo;\u00e9chographie, qui est un outil performant en imagerie mais aussi \u00e0 moindre co\u00fbt et permettre aux populations d&rsquo;en b\u00e9n\u00e9ficier\u00a0\u00bb, a-t-il expliqu\u00e9.<\/div>\n<div><\/div>\n<div>Avant de pr\u00e9ciser que les personnes habilit\u00e9es \u00e0 faire l&rsquo;\u00e9chographie en C\u00f4te d&rsquo;Ivoire sont les m\u00e9decins radiologues, les cardiologues, les gyn\u00e9cologues, etc.<\/div>\n<div><\/div>\n<div>Il a \u00e9galement invit\u00e9 tous ceux qui veulent faire l&rsquo;\u00e9chographie \u00e0 se former \u00e0 la SIVUS.<\/div>\n<div><\/div>\n<div>Le Professeur Kouam\u00e9 N&rsquo;Goran a, par ailleurs, appel\u00e9 le Minist\u00e8re de la sant\u00e9, de l&rsquo;hygi\u00e8ne publique et de la couverture maladie universelle et le Gouvernement \u00e0 aider la SIVUS \u00e0 promouvoir la sant\u00e9 des populations dans toutes les r\u00e9gions de la C\u00f4te d&rsquo;Ivoire en appuyant la formation en \u00e9chographie et la pratique de la t\u00e9l\u00e9-\u00e9chographie \u00e0 travers la SIVUS. Car, soutient-il, chez nous (\u00e0 la SIVUS), la cl\u00e9 c&rsquo;est la formation et la r\u00e9glementation autour de la pratique de l&rsquo;\u00e9chographie\u00a0\u00bb, a-t-il dit, soulignant que l&rsquo;\u00e9chographie pr\u00e9sente de nombreux avantages. \u00ab\u00a0Elle est non seulement l&rsquo;imagerie la moins co\u00fbteuse tant au niveau de l&rsquo;acquisition du mat\u00e9riel qu&rsquo;au niveau du co\u00fbt de sa r\u00e9alisation\u00a0\u00bb.<\/div>\n<div><\/div>\n<div><\/div>\n<div><\/div>\n<div>Abondant dans le m\u00eame sens, la conseill\u00e8re et Repr\u00e9sentante du Ministre de l&rsquo;enseignement sup\u00e9rieur et de la recherche scientifique, Pr GNAGNE Koffi Yolande, a indiqu\u00e9 que l&rsquo;\u00e9chographie est aujourd&rsquo;hui \u00ab\u00a0un outil diagnostic incontournable. Elle est accessible \u00e0 moindre co\u00fbt et surtout s\u00fbre du fait de son innocuit\u00e9 \u00ab\u00a0, a fait savoir Pr GNAGNE.<\/div>\n<div><\/div>\n<div>Les recherches et les innovations doivent, selon elle, \u00eatre encourag\u00e9es.<\/div>\n<div><\/div>\n<div><\/div>\n<div>La Conseill\u00e8re du Ministre de l&rsquo;enseignement sup\u00e9rieur et de la recherche scientifique n&rsquo;a pas manqu\u00e9 de saluer l&rsquo;initiative de la SIVUS, qui est de promouvoir la recherche, la formation et la pratique en \u00e9chographie en C\u00f4te d&rsquo;Ivoire afin de la vulgariser et la rendre accessible \u00e0 tous les professionnels de la sant\u00e9.<\/div>\n<div><\/div>\n<div><\/div>\n<div>Ces JIEM, qui se tiennent durant deux jours (07 et 08 mars), seront meubl\u00e9es par un panel portant sur la r\u00e9glementation de l&rsquo;\u00e9chographie en C\u00f4te d&rsquo;Ivoire et plusieurs communications orales et ateliers sur des th\u00e8mes tr\u00e8s \u00e9difiants dont la t\u00e9l\u00e9m\u00e9decine, la t\u00e9l\u00e9-\u00e9chographie, etc.<\/div>\n<div><\/div>\n<div>Une r\u00e9glementation sera mise en place et une loi sera \u00e9galement propos\u00e9e \u00e0 l&rsquo;issue de ces journ\u00e9es afin d&rsquo;\u00e9viter le d\u00e9sordre dans ce domaine.<\/div>\n<div><\/div>\n<div><\/div>\n<div><\/div>\n<div>Pour rappel, la SIVUS est une soci\u00e9t\u00e9 savante multidisciplinaire inclusive qui s&rsquo;adresse \u00e0 tous les professionnels de la sant\u00e9 utilisant l&rsquo;outil \u00e9chographique comme moyen diagnostic. Son objectif \u00e9pouse celui de la WFUMB et de la MASU, qui est de vulgariser l&rsquo;\u00e9chographie par la formation de tous les professionnels de la sant\u00e9 afin que celle-ci soit le prolongement de l&rsquo;examen clinique.<\/div>\n<div><\/div>\n<div><b>S.A.\u00a0<\/b><\/div>\n<\/div>\n","protected":false},"excerpt":{"rendered":"<p>&nbsp; \u00ab\u00a0\u00c9chographie et d\u00e9fis de l&rsquo;acc\u00e8s aux soins dans nos r\u00e9gions\u00a0\u00bb. Tel est le th\u00e8me principal des 3\u00e8mes Journ\u00e9es ivoiriennes d&rsquo;\u00e9chographie multidisciplinaire (JIEM 2024), ouvertes, ce jeudi, \u00e0 l&rsquo;h\u00f4tel Palm club d&rsquo;Abidjan-Cocody, en pr\u00e9sence de plusieurs professionnels de la sant\u00e9 et sp\u00e9cialistes.\u00a0 Organis\u00e9e par la Soci\u00e9t\u00e9 Ivoirienne d&rsquo;Ultrasonographie(SIVUS), en collaboration avec la Soci\u00e9t\u00e9 M\u00e9diterran\u00e9enne et [&hellip;]<\/p>\n","protected":false},"author":2,"featured_media":5919,"comment_status":"closed","ping_status":"closed","sticky":false,"template":"","format":"standard","meta":{"_acf_changed":false,"footnotes":""},"categories":[],"tags":[],"class_list":["post-5916","post","type-post","status-publish","format-standard","has-post-thumbnail","hentry"],"acf":[],"yoast_head":"<!-- This site is optimized with the Yoast SEO plugin v27.5 - https:\/\/yoast.com\/product\/yoast-seo-wordpress\/ -->\n<title>Le Pr\u00e9sident de la SIVUS, Pr Kouam\u00e9 N. \u00e0 l&#039;ouverture des JIEM:&quot;Nous invitons tous ceux qui veulent faire de l&#039;\u00e9chographie \u00e0 se former&quot; - Amanien| L&#039;actualit\u00e9 Ivoirienne et Internationale<\/title>\n<meta name=\"robots\" content=\"index, follow, max-snippet:-1, max-image-preview:large, max-video-preview:-1\" \/>\n<link rel=\"canonical\" href=\"https:\/\/www.amanien.info\/news\/le-president-de-la-sivus-pr-kouame-n-a-louverture-des-jiemnous-invitons-tous-ceux-qui-veulent-faire-de-lechographie-a-se-former\/\" \/>\n<meta property=\"og:locale\" content=\"fr_FR\" \/>\n<meta property=\"og:type\" content=\"article\" \/>\n<meta property=\"og:title\" content=\"Le Pr\u00e9sident de la SIVUS, Pr Kouam\u00e9 N. \u00e0 l&#039;ouverture des JIEM:&quot;Nous invitons tous ceux qui veulent faire de l&#039;\u00e9chographie \u00e0 se former&quot; - Amanien| L&#039;actualit\u00e9 Ivoirienne et Internationale\" \/>\n<meta property=\"og:description\" content=\"&nbsp; \u00ab\u00a0\u00c9chographie et d\u00e9fis de l&rsquo;acc\u00e8s aux soins dans nos r\u00e9gions\u00a0\u00bb. Tel est le th\u00e8me principal des 3\u00e8mes Journ\u00e9es ivoiriennes d&rsquo;\u00e9chographie multidisciplinaire (JIEM 2024), ouvertes, ce jeudi, \u00e0 l&rsquo;h\u00f4tel Palm club d&rsquo;Abidjan-Cocody, en pr\u00e9sence de plusieurs professionnels de la sant\u00e9 et sp\u00e9cialistes.\u00a0 Organis\u00e9e par la Soci\u00e9t\u00e9 Ivoirienne d&rsquo;Ultrasonographie(SIVUS), en collaboration avec la Soci\u00e9t\u00e9 M\u00e9diterran\u00e9enne et [&hellip;]\" \/>\n<meta property=\"og:url\" content=\"https:\/\/www.amanien.info\/news\/le-president-de-la-sivus-pr-kouame-n-a-louverture-des-jiemnous-invitons-tous-ceux-qui-veulent-faire-de-lechographie-a-se-former\/\" \/>\n<meta property=\"og:site_name\" content=\"Amanien| L&#039;actualit\u00e9 Ivoirienne et Internationale\" \/>\n<meta property=\"article:published_time\" content=\"2024-03-08T06:55:50+00:00\" \/>\n<meta property=\"og:image\" content=\"https:\/\/www.amanien.info\/news\/wp-content\/uploads\/2024\/03\/IMG_20240307_132113_602-1-scaled.jpg\" \/>\n\t<meta property=\"og:image:width\" content=\"2560\" \/>\n\t<meta property=\"og:image:height\" content=\"1920\" \/>\n\t<meta property=\"og:image:type\" content=\"image\/jpeg\" \/>\n<meta name=\"author\" content=\"Germain Ndri\" \/>\n<meta name=\"twitter:card\" content=\"summary_large_image\" \/>\n<meta name=\"twitter:label1\" content=\"\u00c9crit par\" \/>\n\t<meta name=\"twitter:data1\" content=\"Germain Ndri\" \/>\n\t<meta name=\"twitter:label2\" content=\"Dur\u00e9e de lecture estim\u00e9e\" \/>\n\t<meta name=\"twitter:data2\" content=\"3 minutes\" \/>\n<script type=\"application\/ld+json\" class=\"yoast-schema-graph\">{\"@context\":\"https:\\\/\\\/schema.org\",\"@graph\":[{\"@type\":\"Article\",\"@id\":\"https:\\\/\\\/www.amanien.info\\\/news\\\/le-president-de-la-sivus-pr-kouame-n-a-louverture-des-jiemnous-invitons-tous-ceux-qui-veulent-faire-de-lechographie-a-se-former\\\/#article\",\"isPartOf\":{\"@id\":\"https:\\\/\\\/www.amanien.info\\\/news\\\/le-president-de-la-sivus-pr-kouame-n-a-louverture-des-jiemnous-invitons-tous-ceux-qui-veulent-faire-de-lechographie-a-se-former\\\/\"},\"author\":{\"name\":\"Germain Ndri\",\"@id\":\"https:\\\/\\\/www.amanien.info\\\/news\\\/#\\\/schema\\\/person\\\/b21093345753a1a98242d505bd894f42\"},\"headline\":\"Le Pr\u00e9sident de la SIVUS, Pr Kouam\u00e9 N. \u00e0 l&rsquo;ouverture des JIEM:\u00a0\u00bbNous invitons tous ceux qui veulent faire de l&rsquo;\u00e9chographie \u00e0 se former\u00a0\u00bb\",\"datePublished\":\"2024-03-08T06:55:50+00:00\",\"mainEntityOfPage\":{\"@id\":\"https:\\\/\\\/www.amanien.info\\\/news\\\/le-president-de-la-sivus-pr-kouame-n-a-louverture-des-jiemnous-invitons-tous-ceux-qui-veulent-faire-de-lechographie-a-se-former\\\/\"},\"wordCount\":655,\"image\":{\"@id\":\"https:\\\/\\\/www.amanien.info\\\/news\\\/le-president-de-la-sivus-pr-kouame-n-a-louverture-des-jiemnous-invitons-tous-ceux-qui-veulent-faire-de-lechographie-a-se-former\\\/#primaryimage\"},\"thumbnailUrl\":\"https:\\\/\\\/www.amanien.info\\\/news\\\/wp-content\\\/uploads\\\/2024\\\/03\\\/IMG_20240307_132113_602-1-scaled.jpg\",\"inLanguage\":\"fr-FR\"},{\"@type\":\"WebPage\",\"@id\":\"https:\\\/\\\/www.amanien.info\\\/news\\\/le-president-de-la-sivus-pr-kouame-n-a-louverture-des-jiemnous-invitons-tous-ceux-qui-veulent-faire-de-lechographie-a-se-former\\\/\",\"url\":\"https:\\\/\\\/www.amanien.info\\\/news\\\/le-president-de-la-sivus-pr-kouame-n-a-louverture-des-jiemnous-invitons-tous-ceux-qui-veulent-faire-de-lechographie-a-se-former\\\/\",\"name\":\"Le Pr\u00e9sident de la SIVUS, Pr Kouam\u00e9 N. \u00e0 l'ouverture des JIEM:\\\"Nous invitons tous ceux qui veulent faire de l'\u00e9chographie \u00e0 se former\\\" - Amanien| L&#039;actualit\u00e9 Ivoirienne et Internationale\",\"isPartOf\":{\"@id\":\"https:\\\/\\\/www.amanien.info\\\/news\\\/#website\"},\"primaryImageOfPage\":{\"@id\":\"https:\\\/\\\/www.amanien.info\\\/news\\\/le-president-de-la-sivus-pr-kouame-n-a-louverture-des-jiemnous-invitons-tous-ceux-qui-veulent-faire-de-lechographie-a-se-former\\\/#primaryimage\"},\"image\":{\"@id\":\"https:\\\/\\\/www.amanien.info\\\/news\\\/le-president-de-la-sivus-pr-kouame-n-a-louverture-des-jiemnous-invitons-tous-ceux-qui-veulent-faire-de-lechographie-a-se-former\\\/#primaryimage\"},\"thumbnailUrl\":\"https:\\\/\\\/www.amanien.info\\\/news\\\/wp-content\\\/uploads\\\/2024\\\/03\\\/IMG_20240307_132113_602-1-scaled.jpg\",\"datePublished\":\"2024-03-08T06:55:50+00:00\",\"author\":{\"@id\":\"https:\\\/\\\/www.amanien.info\\\/news\\\/#\\\/schema\\\/person\\\/b21093345753a1a98242d505bd894f42\"},\"breadcrumb\":{\"@id\":\"https:\\\/\\\/www.amanien.info\\\/news\\\/le-president-de-la-sivus-pr-kouame-n-a-louverture-des-jiemnous-invitons-tous-ceux-qui-veulent-faire-de-lechographie-a-se-former\\\/#breadcrumb\"},\"inLanguage\":\"fr-FR\",\"potentialAction\":[{\"@type\":\"ReadAction\",\"target\":[\"https:\\\/\\\/www.amanien.info\\\/news\\\/le-president-de-la-sivus-pr-kouame-n-a-louverture-des-jiemnous-invitons-tous-ceux-qui-veulent-faire-de-lechographie-a-se-former\\\/\"]}]},{\"@type\":\"ImageObject\",\"inLanguage\":\"fr-FR\",\"@id\":\"https:\\\/\\\/www.amanien.info\\\/news\\\/le-president-de-la-sivus-pr-kouame-n-a-louverture-des-jiemnous-invitons-tous-ceux-qui-veulent-faire-de-lechographie-a-se-former\\\/#primaryimage\",\"url\":\"https:\\\/\\\/www.amanien.info\\\/news\\\/wp-content\\\/uploads\\\/2024\\\/03\\\/IMG_20240307_132113_602-1-scaled.jpg\",\"contentUrl\":\"https:\\\/\\\/www.amanien.info\\\/news\\\/wp-content\\\/uploads\\\/2024\\\/03\\\/IMG_20240307_132113_602-1-scaled.jpg\",\"width\":2560,\"height\":1920},{\"@type\":\"BreadcrumbList\",\"@id\":\"https:\\\/\\\/www.amanien.info\\\/news\\\/le-president-de-la-sivus-pr-kouame-n-a-louverture-des-jiemnous-invitons-tous-ceux-qui-veulent-faire-de-lechographie-a-se-former\\\/#breadcrumb\",\"itemListElement\":[{\"@type\":\"ListItem\",\"position\":1,\"name\":\"Accueil\",\"item\":\"https:\\\/\\\/www.amanien.info\\\/news\\\/\"},{\"@type\":\"ListItem\",\"position\":2,\"name\":\"Le Pr\u00e9sident de la SIVUS, Pr Kouam\u00e9 N. \u00e0 l&rsquo;ouverture des JIEM:\u00a0\u00bbNous invitons tous ceux qui veulent faire de l&rsquo;\u00e9chographie \u00e0 se former\u00a0\u00bb\"}]},{\"@type\":\"WebSite\",\"@id\":\"https:\\\/\\\/www.amanien.info\\\/news\\\/#website\",\"url\":\"https:\\\/\\\/www.amanien.info\\\/news\\\/\",\"name\":\"Amanien| L&#039;actualit\u00e9 Ivoirienne et Internationale\",\"description\":\"L&#039;actualit\u00e9 Ivoirienne et Internationale\",\"potentialAction\":[{\"@type\":\"SearchAction\",\"target\":{\"@type\":\"EntryPoint\",\"urlTemplate\":\"https:\\\/\\\/www.amanien.info\\\/news\\\/?s={search_term_string}\"},\"query-input\":{\"@type\":\"PropertyValueSpecification\",\"valueRequired\":true,\"valueName\":\"search_term_string\"}}],\"inLanguage\":\"fr-FR\"},{\"@type\":\"Person\",\"@id\":\"https:\\\/\\\/www.amanien.info\\\/news\\\/#\\\/schema\\\/person\\\/b21093345753a1a98242d505bd894f42\",\"name\":\"Germain Ndri\",\"url\":\"https:\\\/\\\/www.amanien.info\\\/news\\\/author\\\/amanien-infos\\\/\"}]}<\/script>\n<!-- \/ Yoast SEO plugin. -->","yoast_head_json":{"title":"Le Pr\u00e9sident de la SIVUS, Pr Kouam\u00e9 N. \u00e0 l'ouverture des JIEM:\"Nous invitons tous ceux qui veulent faire de l'\u00e9chographie \u00e0 se former\" - Amanien| L&#039;actualit\u00e9 Ivoirienne et Internationale","robots":{"index":"index","follow":"follow","max-snippet":"max-snippet:-1","max-image-preview":"max-image-preview:large","max-video-preview":"max-video-preview:-1"},"canonical":"https:\/\/www.amanien.info\/news\/le-president-de-la-sivus-pr-kouame-n-a-louverture-des-jiemnous-invitons-tous-ceux-qui-veulent-faire-de-lechographie-a-se-former\/","og_locale":"fr_FR","og_type":"article","og_title":"Le Pr\u00e9sident de la SIVUS, Pr Kouam\u00e9 N. \u00e0 l'ouverture des JIEM:\"Nous invitons tous ceux qui veulent faire de l'\u00e9chographie \u00e0 se former\" - Amanien| L&#039;actualit\u00e9 Ivoirienne et Internationale","og_description":"&nbsp; \u00ab\u00a0\u00c9chographie et d\u00e9fis de l&rsquo;acc\u00e8s aux soins dans nos r\u00e9gions\u00a0\u00bb. Tel est le th\u00e8me principal des 3\u00e8mes Journ\u00e9es ivoiriennes d&rsquo;\u00e9chographie multidisciplinaire (JIEM 2024), ouvertes, ce jeudi, \u00e0 l&rsquo;h\u00f4tel Palm club d&rsquo;Abidjan-Cocody, en pr\u00e9sence de plusieurs professionnels de la sant\u00e9 et sp\u00e9cialistes.\u00a0 Organis\u00e9e par la Soci\u00e9t\u00e9 Ivoirienne d&rsquo;Ultrasonographie(SIVUS), en collaboration avec la Soci\u00e9t\u00e9 M\u00e9diterran\u00e9enne et [&hellip;]","og_url":"https:\/\/www.amanien.info\/news\/le-president-de-la-sivus-pr-kouame-n-a-louverture-des-jiemnous-invitons-tous-ceux-qui-veulent-faire-de-lechographie-a-se-former\/","og_site_name":"Amanien| L&#039;actualit\u00e9 Ivoirienne et Internationale","article_published_time":"2024-03-08T06:55:50+00:00","og_image":[{"width":2560,"height":1920,"url":"https:\/\/www.amanien.info\/news\/wp-content\/uploads\/2024\/03\/IMG_20240307_132113_602-1-scaled.jpg","type":"image\/jpeg"}],"author":"Germain Ndri","twitter_card":"summary_large_image","twitter_misc":{"\u00c9crit par":"Germain Ndri","Dur\u00e9e de lecture estim\u00e9e":"3 minutes"},"schema":{"@context":"https:\/\/schema.org","@graph":[{"@type":"Article","@id":"https:\/\/www.amanien.info\/news\/le-president-de-la-sivus-pr-kouame-n-a-louverture-des-jiemnous-invitons-tous-ceux-qui-veulent-faire-de-lechographie-a-se-former\/#article","isPartOf":{"@id":"https:\/\/www.amanien.info\/news\/le-president-de-la-sivus-pr-kouame-n-a-louverture-des-jiemnous-invitons-tous-ceux-qui-veulent-faire-de-lechographie-a-se-former\/"},"author":{"name":"Germain Ndri","@id":"https:\/\/www.amanien.info\/news\/#\/schema\/person\/b21093345753a1a98242d505bd894f42"},"headline":"Le Pr\u00e9sident de la SIVUS, Pr Kouam\u00e9 N. \u00e0 l&rsquo;ouverture des JIEM:\u00a0\u00bbNous invitons tous ceux qui veulent faire de l&rsquo;\u00e9chographie \u00e0 se former\u00a0\u00bb","datePublished":"2024-03-08T06:55:50+00:00","mainEntityOfPage":{"@id":"https:\/\/www.amanien.info\/news\/le-president-de-la-sivus-pr-kouame-n-a-louverture-des-jiemnous-invitons-tous-ceux-qui-veulent-faire-de-lechographie-a-se-former\/"},"wordCount":655,"image":{"@id":"https:\/\/www.amanien.info\/news\/le-president-de-la-sivus-pr-kouame-n-a-louverture-des-jiemnous-invitons-tous-ceux-qui-veulent-faire-de-lechographie-a-se-former\/#primaryimage"},"thumbnailUrl":"https:\/\/www.amanien.info\/news\/wp-content\/uploads\/2024\/03\/IMG_20240307_132113_602-1-scaled.jpg","inLanguage":"fr-FR"},{"@type":"WebPage","@id":"https:\/\/www.amanien.info\/news\/le-president-de-la-sivus-pr-kouame-n-a-louverture-des-jiemnous-invitons-tous-ceux-qui-veulent-faire-de-lechographie-a-se-former\/","url":"https:\/\/www.amanien.info\/news\/le-president-de-la-sivus-pr-kouame-n-a-louverture-des-jiemnous-invitons-tous-ceux-qui-veulent-faire-de-lechographie-a-se-former\/","name":"Le Pr\u00e9sident de la SIVUS, Pr Kouam\u00e9 N. \u00e0 l'ouverture des JIEM:\"Nous invitons tous ceux qui veulent faire de l'\u00e9chographie \u00e0 se former\" - Amanien| L&#039;actualit\u00e9 Ivoirienne et Internationale","isPartOf":{"@id":"https:\/\/www.amanien.info\/news\/#website"},"primaryImageOfPage":{"@id":"https:\/\/www.amanien.info\/news\/le-president-de-la-sivus-pr-kouame-n-a-louverture-des-jiemnous-invitons-tous-ceux-qui-veulent-faire-de-lechographie-a-se-former\/#primaryimage"},"image":{"@id":"https:\/\/www.amanien.info\/news\/le-president-de-la-sivus-pr-kouame-n-a-louverture-des-jiemnous-invitons-tous-ceux-qui-veulent-faire-de-lechographie-a-se-former\/#primaryimage"},"thumbnailUrl":"https:\/\/www.amanien.info\/news\/wp-content\/uploads\/2024\/03\/IMG_20240307_132113_602-1-scaled.jpg","datePublished":"2024-03-08T06:55:50+00:00","author":{"@id":"https:\/\/www.amanien.info\/news\/#\/schema\/person\/b21093345753a1a98242d505bd894f42"},"breadcrumb":{"@id":"https:\/\/www.amanien.info\/news\/le-president-de-la-sivus-pr-kouame-n-a-louverture-des-jiemnous-invitons-tous-ceux-qui-veulent-faire-de-lechographie-a-se-former\/#breadcrumb"},"inLanguage":"fr-FR","potentialAction":[{"@type":"ReadAction","target":["https:\/\/www.amanien.info\/news\/le-president-de-la-sivus-pr-kouame-n-a-louverture-des-jiemnous-invitons-tous-ceux-qui-veulent-faire-de-lechographie-a-se-former\/"]}]},{"@type":"ImageObject","inLanguage":"fr-FR","@id":"https:\/\/www.amanien.info\/news\/le-president-de-la-sivus-pr-kouame-n-a-louverture-des-jiemnous-invitons-tous-ceux-qui-veulent-faire-de-lechographie-a-se-former\/#primaryimage","url":"https:\/\/www.amanien.info\/news\/wp-content\/uploads\/2024\/03\/IMG_20240307_132113_602-1-scaled.jpg","contentUrl":"https:\/\/www.amanien.info\/news\/wp-content\/uploads\/2024\/03\/IMG_20240307_132113_602-1-scaled.jpg","width":2560,"height":1920},{"@type":"BreadcrumbList","@id":"https:\/\/www.amanien.info\/news\/le-president-de-la-sivus-pr-kouame-n-a-louverture-des-jiemnous-invitons-tous-ceux-qui-veulent-faire-de-lechographie-a-se-former\/#breadcrumb","itemListElement":[{"@type":"ListItem","position":1,"name":"Accueil","item":"https:\/\/www.amanien.info\/news\/"},{"@type":"ListItem","position":2,"name":"Le Pr\u00e9sident de la SIVUS, Pr Kouam\u00e9 N. \u00e0 l&rsquo;ouverture des JIEM:\u00a0\u00bbNous invitons tous ceux qui veulent faire de l&rsquo;\u00e9chographie \u00e0 se former\u00a0\u00bb"}]},{"@type":"WebSite","@id":"https:\/\/www.amanien.info\/news\/#website","url":"https:\/\/www.amanien.info\/news\/","name":"Amanien| L&#039;actualit\u00e9 Ivoirienne et Internationale","description":"L&#039;actualit\u00e9 Ivoirienne et Internationale","potentialAction":[{"@type":"SearchAction","target":{"@type":"EntryPoint","urlTemplate":"https:\/\/www.amanien.info\/news\/?s={search_term_string}"},"query-input":{"@type":"PropertyValueSpecification","valueRequired":true,"valueName":"search_term_string"}}],"inLanguage":"fr-FR"},{"@type":"Person","@id":"https:\/\/www.amanien.info\/news\/#\/schema\/person\/b21093345753a1a98242d505bd894f42","name":"Germain Ndri","url":"https:\/\/www.amanien.info\/news\/author\/amanien-infos\/"}]}},"_links":{"self":[{"href":"https:\/\/www.amanien.info\/news\/wp-json\/wp\/v2\/posts\/5916","targetHints":{"allow":["GET"]}}],"collection":[{"href":"https:\/\/www.amanien.info\/news\/wp-json\/wp\/v2\/posts"}],"about":[{"href":"https:\/\/www.amanien.info\/news\/wp-json\/wp\/v2\/types\/post"}],"author":[{"embeddable":true,"href":"https:\/\/www.amanien.info\/news\/wp-json\/wp\/v2\/users\/2"}],"replies":[{"embeddable":true,"href":"https:\/\/www.amanien.info\/news\/wp-json\/wp\/v2\/comments?post=5916"}],"version-history":[{"count":1,"href":"https:\/\/www.amanien.info\/news\/wp-json\/wp\/v2\/posts\/5916\/revisions"}],"predecessor-version":[{"id":5920,"href":"https:\/\/www.amanien.info\/news\/wp-json\/wp\/v2\/posts\/5916\/revisions\/5920"}],"wp:featuredmedia":[{"embeddable":true,"href":"https:\/\/www.amanien.info\/news\/wp-json\/wp\/v2\/media\/5919"}],"wp:attachment":[{"href":"https:\/\/www.amanien.info\/news\/wp-json\/wp\/v2\/media?parent=5916"}],"wp:term":[{"taxonomy":"category","embeddable":true,"href":"https:\/\/www.amanien.info\/news\/wp-json\/wp\/v2\/categories?post=5916"},{"taxonomy":"post_tag","embeddable":true,"href":"https:\/\/www.amanien.info\/news\/wp-json\/wp\/v2\/tags?post=5916"}],"curies":[{"name":"wp","href":"https:\/\/api.w.org\/{rel}","templated":true}]}}