{"id":5908,"date":"2024-03-06T10:46:44","date_gmt":"2024-03-06T10:46:44","guid":{"rendered":"https:\/\/www.amanien.info\/news\/?p=5908"},"modified":"2024-03-06T10:46:44","modified_gmt":"2024-03-06T10:46:44","slug":"pdci-rda-dr-emmou-sylvestre-nomme-secretaire-executif-en-chef","status":"publish","type":"post","link":"https:\/\/www.amanien.info\/news\/pdci-rda-dr-emmou-sylvestre-nomme-secretaire-executif-en-chef\/","title":{"rendered":"PDCI-RDA : Dr Emmou Sylvestre nomm\u00e9 Secr\u00e9taire Ex\u00e9cutif en Chef\u00a0"},"content":{"rendered":"<div><span style=\"text-transform: initial;\">Le Pr\u00e9sident du PDCI-RDA, Tidjane Thiam a d\u00e9voil\u00e9 la liste des instances dirigeantes du parti septuag\u00e9naire, ce mardi 05 mars 2024 au si\u00e8ge du parti \u00e0 Abidjan Cocody, au cours d&rsquo;un point presse, qui a enregistr\u00e9 la pr\u00e9sence de plusieurs cadres et militants du PDCI.\u00a0<\/span><\/div>\n<div><\/div>\n<div><\/div>\n<div><\/div>\n<div>A cette occasion, le Pr\u00e9sident Tidjane Thiam a proc\u00e9d\u00e9 \u00e0 la nomination du D\u00e9put\u00e9-maire de Port-Bou\u00ebt, Dr Emmou Sylvestre au poste de Secr\u00e9taire Ex\u00e9cutif en Chef. Un poste longtemps occup\u00e9 par le Professeur Maurice Kakou GUIKAHUE.<\/div>\n<div><\/div>\n<div><\/div>\n<div>Ce Secr\u00e9tariat Ex\u00e9cutif est compos\u00e9 de 25 membres et pilot\u00e9 par Dr Emmou Sylvestre, qui sera aid\u00e9 dans sa t\u00e2che par un adjoint, Charg\u00e9 de l\u2019animation et de la vie du Parti, Dr Vei Bernard, un Secr\u00e9taire Ex\u00e9cutif, Adjoint au Chef du Secr\u00e9tariat Ex\u00e9cutif, Charg\u00e9 de l\u2019Economie et du Social, Mme Manouan G\u00e9n\u00e9vi\u00e8ve et un Secr\u00e9taire Ex\u00e9cutif Adjoint au Chef du Secr\u00e9tariat Ex\u00e9cutif, Charg\u00e9 de la Communication et du Porte-parolat, Dr Bredoumy Kouassi Souma\u00efla.<\/div>\n<div><\/div>\n<div><\/div>\n<div>Aussi le Pr\u00e9sident du PDCI-RDA, Tidjane Thiam a-t-il nomm\u00e9 plusieurs membres des Groupes de Travail d\u00e9di\u00e9s au Projet de Soci\u00e9t\u00e9 du PDCI-RDA avec pour Coordonnateur G\u00e9n\u00e9ral des Groupes de Travail,\u00a0 No\u00ebl Akossi Bendjo.<\/div>\n<div><\/div>\n<div><\/div>\n<div><\/div>\n<div>Outre ces importantes nominations, on peut ajouter celle de M. Emile Constant Bombet, Vice -Pr\u00e9sident du PDCI-RDA, en qualit\u00e9 de Coordonnateur des activit\u00e9s des Vice-Pr\u00e9sidents du PDCI-RDA.<\/div>\n<div><\/div>\n<div>Ces nominations s&rsquo;inscrivent dans le cadre du \u00ab\u00a0d\u00e9veloppement du PDCI-RDA et de l\u2019accroissement de son rayonnement sur l\u2019ensemble du territoire national dans la perspective de l&rsquo;\u00e9lection pr\u00e9sidentielle pr\u00e9vue en 2025\u00a0\u00bb, a pr\u00e9cis\u00e9 le Pr\u00e9sident Thiam.<\/div>\n<div><\/div>\n<div><\/div>\n<div><\/div>\n<div>De m\u00eame , le patron du parti septuag\u00e9naire a proc\u00e9d\u00e9 \u00e0 la nomination de quinze(15) Hauts Repr\u00e9sentants du Pr\u00e9sident du PDCI-RDA pour les Districts dont 1 en charge de la Diaspora.<\/div>\n<div><\/div>\n<div><\/div>\n<div>Ils sont charg\u00e9s de repr\u00e9senter le pr\u00e9sident du parti, jusqu\u2019\u00e0 l\u2019\u00e9lection pr\u00e9sidentielle d&rsquo;octobre 2025, sur le territoire de leur comp\u00e9tence.<\/div>\n<div><\/div>\n<div>\u00a0Il a, par ailleurs, indiqu\u00e9 qu&rsquo;un accent sera particuli\u00e8rement mis, dans sa gouvernance, sur les districts et r\u00e9gions de la C\u00f4te d&rsquo;Ivoire.<\/div>\n<div><\/div>\n<div>\u00c9voquant le lancement de la Caravane d&rsquo;adh\u00e9sion au PDCI, initi\u00e9e le 16 janvier dernier \u00e0 Abidjan, Tidjane Thiam a r\u00e9v\u00e9l\u00e9 que plus de 8000 nouveaux militants ont adh\u00e9r\u00e9 au parti. Cette caravane va, selon lui, se poursuivre \u00e0 l&rsquo;int\u00e9rieur du pays au cours de l&rsquo;ann\u00e9e. \u00ab\u00a0C&rsquo;est un apport significatif de nouveaux militants et de ressources financi\u00e8res pour le Parti\u00a0\u00bb, a-t-il soutenu.<\/div>\n<div><\/div>\n<div>Ces op\u00e9rations, note-t-on , seront pilot\u00e9es par le vice-Pr\u00e9sident Georges Philippe Ezaley avec l&rsquo;appui du Secr\u00e9taire ex\u00e9cutif Kouam\u00e9 Yao S\u00e9raphin.<\/div>\n<div><\/div>\n<div>Pour rappel, le Pr\u00e9sident Tidjane Thiam, a \u00e9t\u00e9 \u00e9lu le 22 d\u00e9cembre 2023.<\/div>\n<div><\/div>\n<div><\/div>\n<div><\/div>\n<div><b>S.A.<\/b><\/div>\n<div><\/div>\n","protected":false},"excerpt":{"rendered":"<p>Le Pr\u00e9sident du PDCI-RDA, Tidjane Thiam a d\u00e9voil\u00e9 la liste des instances dirigeantes du parti septuag\u00e9naire, ce mardi 05 mars 2024 au si\u00e8ge du parti \u00e0 Abidjan Cocody, au cours d&rsquo;un point presse, qui a enregistr\u00e9 la pr\u00e9sence de plusieurs cadres et militants du PDCI.\u00a0 A cette occasion, le Pr\u00e9sident Tidjane Thiam a proc\u00e9d\u00e9 \u00e0 [&hellip;]<\/p>\n","protected":false},"author":2,"featured_media":5914,"comment_status":"closed","ping_status":"closed","sticky":false,"template":"","format":"standard","meta":{"_acf_changed":false,"footnotes":""},"categories":[],"tags":[],"class_list":["post-5908","post","type-post","status-publish","format-standard","has-post-thumbnail","hentry"],"acf":[],"yoast_head":"<!-- This site is optimized with the Yoast SEO plugin v27.5 - https:\/\/yoast.com\/product\/yoast-seo-wordpress\/ -->\n<title>PDCI-RDA : Dr Emmou Sylvestre nomm\u00e9 Secr\u00e9taire Ex\u00e9cutif en Chef\u00a0 - Amanien| L&#039;actualit\u00e9 Ivoirienne et Internationale<\/title>\n<meta name=\"robots\" content=\"index, follow, max-snippet:-1, max-image-preview:large, max-video-preview:-1\" \/>\n<link rel=\"canonical\" href=\"https:\/\/www.amanien.info\/news\/pdci-rda-dr-emmou-sylvestre-nomme-secretaire-executif-en-chef\/\" \/>\n<meta property=\"og:locale\" content=\"fr_FR\" \/>\n<meta property=\"og:type\" content=\"article\" \/>\n<meta property=\"og:title\" content=\"PDCI-RDA : Dr Emmou Sylvestre nomm\u00e9 Secr\u00e9taire Ex\u00e9cutif en Chef\u00a0 - Amanien| L&#039;actualit\u00e9 Ivoirienne et Internationale\" \/>\n<meta property=\"og:description\" content=\"Le Pr\u00e9sident du PDCI-RDA, Tidjane Thiam a d\u00e9voil\u00e9 la liste des instances dirigeantes du parti septuag\u00e9naire, ce mardi 05 mars 2024 au si\u00e8ge du parti \u00e0 Abidjan Cocody, au cours d&rsquo;un point presse, qui a enregistr\u00e9 la pr\u00e9sence de plusieurs cadres et militants du PDCI.\u00a0 A cette occasion, le Pr\u00e9sident Tidjane Thiam a proc\u00e9d\u00e9 \u00e0 [&hellip;]\" \/>\n<meta property=\"og:url\" content=\"https:\/\/www.amanien.info\/news\/pdci-rda-dr-emmou-sylvestre-nomme-secretaire-executif-en-chef\/\" \/>\n<meta property=\"og:site_name\" content=\"Amanien| L&#039;actualit\u00e9 Ivoirienne et Internationale\" \/>\n<meta property=\"article:published_time\" content=\"2024-03-06T10:46:44+00:00\" \/>\n<meta property=\"og:image\" content=\"https:\/\/www.amanien.info\/news\/wp-content\/uploads\/2024\/03\/politique-conference-de-presse-du-president-du-pdci-rda-tidjane-thiam_7zzm6w3fj0t.jpg\" \/>\n\t<meta property=\"og:image:width\" content=\"900\" \/>\n\t<meta property=\"og:image:height\" content=\"600\" \/>\n\t<meta property=\"og:image:type\" content=\"image\/jpeg\" \/>\n<meta name=\"author\" content=\"Germain Ndri\" \/>\n<meta name=\"twitter:card\" content=\"summary_large_image\" \/>\n<meta name=\"twitter:label1\" content=\"\u00c9crit par\" \/>\n\t<meta name=\"twitter:data1\" content=\"Germain Ndri\" \/>\n\t<meta name=\"twitter:label2\" content=\"Dur\u00e9e de lecture estim\u00e9e\" \/>\n\t<meta name=\"twitter:data2\" content=\"3 minutes\" \/>\n<script type=\"application\/ld+json\" class=\"yoast-schema-graph\">{\"@context\":\"https:\\\/\\\/schema.org\",\"@graph\":[{\"@type\":\"Article\",\"@id\":\"https:\\\/\\\/www.amanien.info\\\/news\\\/pdci-rda-dr-emmou-sylvestre-nomme-secretaire-executif-en-chef\\\/#article\",\"isPartOf\":{\"@id\":\"https:\\\/\\\/www.amanien.info\\\/news\\\/pdci-rda-dr-emmou-sylvestre-nomme-secretaire-executif-en-chef\\\/\"},\"author\":{\"name\":\"Germain Ndri\",\"@id\":\"https:\\\/\\\/www.amanien.info\\\/news\\\/#\\\/schema\\\/person\\\/b21093345753a1a98242d505bd894f42\"},\"headline\":\"PDCI-RDA : Dr Emmou Sylvestre nomm\u00e9 Secr\u00e9taire Ex\u00e9cutif en Chef\u00a0\",\"datePublished\":\"2024-03-06T10:46:44+00:00\",\"mainEntityOfPage\":{\"@id\":\"https:\\\/\\\/www.amanien.info\\\/news\\\/pdci-rda-dr-emmou-sylvestre-nomme-secretaire-executif-en-chef\\\/\"},\"wordCount\":500,\"image\":{\"@id\":\"https:\\\/\\\/www.amanien.info\\\/news\\\/pdci-rda-dr-emmou-sylvestre-nomme-secretaire-executif-en-chef\\\/#primaryimage\"},\"thumbnailUrl\":\"https:\\\/\\\/www.amanien.info\\\/news\\\/wp-content\\\/uploads\\\/2024\\\/03\\\/politique-conference-de-presse-du-president-du-pdci-rda-tidjane-thiam_7zzm6w3fj0t.jpg\",\"inLanguage\":\"fr-FR\"},{\"@type\":\"WebPage\",\"@id\":\"https:\\\/\\\/www.amanien.info\\\/news\\\/pdci-rda-dr-emmou-sylvestre-nomme-secretaire-executif-en-chef\\\/\",\"url\":\"https:\\\/\\\/www.amanien.info\\\/news\\\/pdci-rda-dr-emmou-sylvestre-nomme-secretaire-executif-en-chef\\\/\",\"name\":\"PDCI-RDA : Dr Emmou Sylvestre nomm\u00e9 Secr\u00e9taire Ex\u00e9cutif en Chef\u00a0 - Amanien| L&#039;actualit\u00e9 Ivoirienne et Internationale\",\"isPartOf\":{\"@id\":\"https:\\\/\\\/www.amanien.info\\\/news\\\/#website\"},\"primaryImageOfPage\":{\"@id\":\"https:\\\/\\\/www.amanien.info\\\/news\\\/pdci-rda-dr-emmou-sylvestre-nomme-secretaire-executif-en-chef\\\/#primaryimage\"},\"image\":{\"@id\":\"https:\\\/\\\/www.amanien.info\\\/news\\\/pdci-rda-dr-emmou-sylvestre-nomme-secretaire-executif-en-chef\\\/#primaryimage\"},\"thumbnailUrl\":\"https:\\\/\\\/www.amanien.info\\\/news\\\/wp-content\\\/uploads\\\/2024\\\/03\\\/politique-conference-de-presse-du-president-du-pdci-rda-tidjane-thiam_7zzm6w3fj0t.jpg\",\"datePublished\":\"2024-03-06T10:46:44+00:00\",\"author\":{\"@id\":\"https:\\\/\\\/www.amanien.info\\\/news\\\/#\\\/schema\\\/person\\\/b21093345753a1a98242d505bd894f42\"},\"breadcrumb\":{\"@id\":\"https:\\\/\\\/www.amanien.info\\\/news\\\/pdci-rda-dr-emmou-sylvestre-nomme-secretaire-executif-en-chef\\\/#breadcrumb\"},\"inLanguage\":\"fr-FR\",\"potentialAction\":[{\"@type\":\"ReadAction\",\"target\":[\"https:\\\/\\\/www.amanien.info\\\/news\\\/pdci-rda-dr-emmou-sylvestre-nomme-secretaire-executif-en-chef\\\/\"]}]},{\"@type\":\"ImageObject\",\"inLanguage\":\"fr-FR\",\"@id\":\"https:\\\/\\\/www.amanien.info\\\/news\\\/pdci-rda-dr-emmou-sylvestre-nomme-secretaire-executif-en-chef\\\/#primaryimage\",\"url\":\"https:\\\/\\\/www.amanien.info\\\/news\\\/wp-content\\\/uploads\\\/2024\\\/03\\\/politique-conference-de-presse-du-president-du-pdci-rda-tidjane-thiam_7zzm6w3fj0t.jpg\",\"contentUrl\":\"https:\\\/\\\/www.amanien.info\\\/news\\\/wp-content\\\/uploads\\\/2024\\\/03\\\/politique-conference-de-presse-du-president-du-pdci-rda-tidjane-thiam_7zzm6w3fj0t.jpg\",\"width\":900,\"height\":600},{\"@type\":\"BreadcrumbList\",\"@id\":\"https:\\\/\\\/www.amanien.info\\\/news\\\/pdci-rda-dr-emmou-sylvestre-nomme-secretaire-executif-en-chef\\\/#breadcrumb\",\"itemListElement\":[{\"@type\":\"ListItem\",\"position\":1,\"name\":\"Accueil\",\"item\":\"https:\\\/\\\/www.amanien.info\\\/news\\\/\"},{\"@type\":\"ListItem\",\"position\":2,\"name\":\"PDCI-RDA : Dr Emmou Sylvestre nomm\u00e9 Secr\u00e9taire Ex\u00e9cutif en Chef\u00a0\"}]},{\"@type\":\"WebSite\",\"@id\":\"https:\\\/\\\/www.amanien.info\\\/news\\\/#website\",\"url\":\"https:\\\/\\\/www.amanien.info\\\/news\\\/\",\"name\":\"Amanien| L&#039;actualit\u00e9 Ivoirienne et Internationale\",\"description\":\"L&#039;actualit\u00e9 Ivoirienne et Internationale\",\"potentialAction\":[{\"@type\":\"SearchAction\",\"target\":{\"@type\":\"EntryPoint\",\"urlTemplate\":\"https:\\\/\\\/www.amanien.info\\\/news\\\/?s={search_term_string}\"},\"query-input\":{\"@type\":\"PropertyValueSpecification\",\"valueRequired\":true,\"valueName\":\"search_term_string\"}}],\"inLanguage\":\"fr-FR\"},{\"@type\":\"Person\",\"@id\":\"https:\\\/\\\/www.amanien.info\\\/news\\\/#\\\/schema\\\/person\\\/b21093345753a1a98242d505bd894f42\",\"name\":\"Germain Ndri\",\"url\":\"https:\\\/\\\/www.amanien.info\\\/news\\\/author\\\/amanien-infos\\\/\"}]}<\/script>\n<!-- \/ Yoast SEO plugin. -->","yoast_head_json":{"title":"PDCI-RDA : Dr Emmou Sylvestre nomm\u00e9 Secr\u00e9taire Ex\u00e9cutif en Chef\u00a0 - Amanien| L&#039;actualit\u00e9 Ivoirienne et Internationale","robots":{"index":"index","follow":"follow","max-snippet":"max-snippet:-1","max-image-preview":"max-image-preview:large","max-video-preview":"max-video-preview:-1"},"canonical":"https:\/\/www.amanien.info\/news\/pdci-rda-dr-emmou-sylvestre-nomme-secretaire-executif-en-chef\/","og_locale":"fr_FR","og_type":"article","og_title":"PDCI-RDA : Dr Emmou Sylvestre nomm\u00e9 Secr\u00e9taire Ex\u00e9cutif en Chef\u00a0 - Amanien| L&#039;actualit\u00e9 Ivoirienne et Internationale","og_description":"Le Pr\u00e9sident du PDCI-RDA, Tidjane Thiam a d\u00e9voil\u00e9 la liste des instances dirigeantes du parti septuag\u00e9naire, ce mardi 05 mars 2024 au si\u00e8ge du parti \u00e0 Abidjan Cocody, au cours d&rsquo;un point presse, qui a enregistr\u00e9 la pr\u00e9sence de plusieurs cadres et militants du PDCI.\u00a0 A cette occasion, le Pr\u00e9sident Tidjane Thiam a proc\u00e9d\u00e9 \u00e0 [&hellip;]","og_url":"https:\/\/www.amanien.info\/news\/pdci-rda-dr-emmou-sylvestre-nomme-secretaire-executif-en-chef\/","og_site_name":"Amanien| L&#039;actualit\u00e9 Ivoirienne et Internationale","article_published_time":"2024-03-06T10:46:44+00:00","og_image":[{"width":900,"height":600,"url":"https:\/\/www.amanien.info\/news\/wp-content\/uploads\/2024\/03\/politique-conference-de-presse-du-president-du-pdci-rda-tidjane-thiam_7zzm6w3fj0t.jpg","type":"image\/jpeg"}],"author":"Germain Ndri","twitter_card":"summary_large_image","twitter_misc":{"\u00c9crit par":"Germain Ndri","Dur\u00e9e de lecture estim\u00e9e":"3 minutes"},"schema":{"@context":"https:\/\/schema.org","@graph":[{"@type":"Article","@id":"https:\/\/www.amanien.info\/news\/pdci-rda-dr-emmou-sylvestre-nomme-secretaire-executif-en-chef\/#article","isPartOf":{"@id":"https:\/\/www.amanien.info\/news\/pdci-rda-dr-emmou-sylvestre-nomme-secretaire-executif-en-chef\/"},"author":{"name":"Germain Ndri","@id":"https:\/\/www.amanien.info\/news\/#\/schema\/person\/b21093345753a1a98242d505bd894f42"},"headline":"PDCI-RDA : Dr Emmou Sylvestre nomm\u00e9 Secr\u00e9taire Ex\u00e9cutif en Chef\u00a0","datePublished":"2024-03-06T10:46:44+00:00","mainEntityOfPage":{"@id":"https:\/\/www.amanien.info\/news\/pdci-rda-dr-emmou-sylvestre-nomme-secretaire-executif-en-chef\/"},"wordCount":500,"image":{"@id":"https:\/\/www.amanien.info\/news\/pdci-rda-dr-emmou-sylvestre-nomme-secretaire-executif-en-chef\/#primaryimage"},"thumbnailUrl":"https:\/\/www.amanien.info\/news\/wp-content\/uploads\/2024\/03\/politique-conference-de-presse-du-president-du-pdci-rda-tidjane-thiam_7zzm6w3fj0t.jpg","inLanguage":"fr-FR"},{"@type":"WebPage","@id":"https:\/\/www.amanien.info\/news\/pdci-rda-dr-emmou-sylvestre-nomme-secretaire-executif-en-chef\/","url":"https:\/\/www.amanien.info\/news\/pdci-rda-dr-emmou-sylvestre-nomme-secretaire-executif-en-chef\/","name":"PDCI-RDA : Dr Emmou Sylvestre nomm\u00e9 Secr\u00e9taire Ex\u00e9cutif en Chef\u00a0 - Amanien| L&#039;actualit\u00e9 Ivoirienne et Internationale","isPartOf":{"@id":"https:\/\/www.amanien.info\/news\/#website"},"primaryImageOfPage":{"@id":"https:\/\/www.amanien.info\/news\/pdci-rda-dr-emmou-sylvestre-nomme-secretaire-executif-en-chef\/#primaryimage"},"image":{"@id":"https:\/\/www.amanien.info\/news\/pdci-rda-dr-emmou-sylvestre-nomme-secretaire-executif-en-chef\/#primaryimage"},"thumbnailUrl":"https:\/\/www.amanien.info\/news\/wp-content\/uploads\/2024\/03\/politique-conference-de-presse-du-president-du-pdci-rda-tidjane-thiam_7zzm6w3fj0t.jpg","datePublished":"2024-03-06T10:46:44+00:00","author":{"@id":"https:\/\/www.amanien.info\/news\/#\/schema\/person\/b21093345753a1a98242d505bd894f42"},"breadcrumb":{"@id":"https:\/\/www.amanien.info\/news\/pdci-rda-dr-emmou-sylvestre-nomme-secretaire-executif-en-chef\/#breadcrumb"},"inLanguage":"fr-FR","potentialAction":[{"@type":"ReadAction","target":["https:\/\/www.amanien.info\/news\/pdci-rda-dr-emmou-sylvestre-nomme-secretaire-executif-en-chef\/"]}]},{"@type":"ImageObject","inLanguage":"fr-FR","@id":"https:\/\/www.amanien.info\/news\/pdci-rda-dr-emmou-sylvestre-nomme-secretaire-executif-en-chef\/#primaryimage","url":"https:\/\/www.amanien.info\/news\/wp-content\/uploads\/2024\/03\/politique-conference-de-presse-du-president-du-pdci-rda-tidjane-thiam_7zzm6w3fj0t.jpg","contentUrl":"https:\/\/www.amanien.info\/news\/wp-content\/uploads\/2024\/03\/politique-conference-de-presse-du-president-du-pdci-rda-tidjane-thiam_7zzm6w3fj0t.jpg","width":900,"height":600},{"@type":"BreadcrumbList","@id":"https:\/\/www.amanien.info\/news\/pdci-rda-dr-emmou-sylvestre-nomme-secretaire-executif-en-chef\/#breadcrumb","itemListElement":[{"@type":"ListItem","position":1,"name":"Accueil","item":"https:\/\/www.amanien.info\/news\/"},{"@type":"ListItem","position":2,"name":"PDCI-RDA : Dr Emmou Sylvestre nomm\u00e9 Secr\u00e9taire Ex\u00e9cutif en Chef\u00a0"}]},{"@type":"WebSite","@id":"https:\/\/www.amanien.info\/news\/#website","url":"https:\/\/www.amanien.info\/news\/","name":"Amanien| L&#039;actualit\u00e9 Ivoirienne et Internationale","description":"L&#039;actualit\u00e9 Ivoirienne et Internationale","potentialAction":[{"@type":"SearchAction","target":{"@type":"EntryPoint","urlTemplate":"https:\/\/www.amanien.info\/news\/?s={search_term_string}"},"query-input":{"@type":"PropertyValueSpecification","valueRequired":true,"valueName":"search_term_string"}}],"inLanguage":"fr-FR"},{"@type":"Person","@id":"https:\/\/www.amanien.info\/news\/#\/schema\/person\/b21093345753a1a98242d505bd894f42","name":"Germain Ndri","url":"https:\/\/www.amanien.info\/news\/author\/amanien-infos\/"}]}},"_links":{"self":[{"href":"https:\/\/www.amanien.info\/news\/wp-json\/wp\/v2\/posts\/5908","targetHints":{"allow":["GET"]}}],"collection":[{"href":"https:\/\/www.amanien.info\/news\/wp-json\/wp\/v2\/posts"}],"about":[{"href":"https:\/\/www.amanien.info\/news\/wp-json\/wp\/v2\/types\/post"}],"author":[{"embeddable":true,"href":"https:\/\/www.amanien.info\/news\/wp-json\/wp\/v2\/users\/2"}],"replies":[{"embeddable":true,"href":"https:\/\/www.amanien.info\/news\/wp-json\/wp\/v2\/comments?post=5908"}],"version-history":[{"count":1,"href":"https:\/\/www.amanien.info\/news\/wp-json\/wp\/v2\/posts\/5908\/revisions"}],"predecessor-version":[{"id":5915,"href":"https:\/\/www.amanien.info\/news\/wp-json\/wp\/v2\/posts\/5908\/revisions\/5915"}],"wp:featuredmedia":[{"embeddable":true,"href":"https:\/\/www.amanien.info\/news\/wp-json\/wp\/v2\/media\/5914"}],"wp:attachment":[{"href":"https:\/\/www.amanien.info\/news\/wp-json\/wp\/v2\/media?parent=5908"}],"wp:term":[{"taxonomy":"category","embeddable":true,"href":"https:\/\/www.amanien.info\/news\/wp-json\/wp\/v2\/categories?post=5908"},{"taxonomy":"post_tag","embeddable":true,"href":"https:\/\/www.amanien.info\/news\/wp-json\/wp\/v2\/tags?post=5908"}],"curies":[{"name":"wp","href":"https:\/\/api.w.org\/{rel}","templated":true}]}}