{"id":5898,"date":"2024-03-02T16:27:19","date_gmt":"2024-03-02T16:27:19","guid":{"rendered":"https:\/\/www.amanien.info\/news\/?p=5898"},"modified":"2024-03-02T16:27:19","modified_gmt":"2024-03-02T16:27:19","slug":"casse-a-abidjan-a-bromakote-on-dort-comme-on-peut","status":"publish","type":"post","link":"https:\/\/www.amanien.info\/news\/casse-a-abidjan-a-bromakote-on-dort-comme-on-peut\/","title":{"rendered":"Casse \u00e0 Abidjan. A Bromakot\u00e9, on dort comme on peut"},"content":{"rendered":"<p>U<span style=\"text-transform: initial;\">ne semaine apr\u00e8s le d\u00e9but des op\u00e9rations de d\u00e9molition des sites jug\u00e9s\u00a0 anarchiques dans le district d&rsquo;Abidjan, nous nous sommes rendus \u00e0 Bromakote, dans la commune d&rsquo;Att\u00e9coub\u00e9.<\/span><\/p>\n<div><\/div>\n<div>A notre arriv\u00e9e sur les lieux le vendredi 1er mars 2024, il y r\u00e9gnait un calme plat. Toutes les habitations situ\u00e9es dans cette zone \u00e0 100 m\u00e8tres de part et d&rsquo;autre de la voie, ont \u00e9t\u00e9 compl\u00e8tement ras\u00e9 par les bulldozers du district lors de leur passage. Des ouvriers se faufilent dans les d\u00e9combres des maisons en forme de montagne, \u00e0 la recherche d&rsquo;objets. Quelques enfants s&rsquo;amusent \u00e0 monter sur les gravas qui jonchent le sol.<\/div>\n<div><\/div>\n<div>Non loin de la mosqu\u00e9e d\u00e9truite, nous croisons Fatim Kant\u00e9, une jeune fille dont la maison familiale a \u00e9t\u00e9 d\u00e9molie. \u00a0\u00bb Actuellement, nous sommes dispers\u00e9s \u00e0 travers la ville. Certains sont partis \u00e0 Adjam\u00e9 d&rsquo;autres se sont dirig\u00e9s \u00e0 Abobo\u00a0\u00bb, confie-t-elle.<\/div>\n<div><\/div>\n<div>Comme les Kant\u00e9, de nombreuses familles sont d\u00e9j\u00e0 partis de Bromakot\u00e9. Mais, ce n&rsquo;est pas le cas pour d&rsquo;autres, qui sont encore sur les lieux. Certains d&rsquo;entre-elles ont construit des tantes sur le site en ruine. D&rsquo;autres ont trouv\u00e9 refuge dans des b\u00e2timents notamment au foyer des jeunes d&rsquo;Att\u00e9coub\u00e9 et \u00e0 la base maritime, situ\u00e9e en bordure de la lagune. Il y en a m\u00eame parmis ces d\u00e9guerpis qui dorment \u00e0 la belle \u00e9toile<\/div>\n<div><\/div>\n<div>\u00a0\u00bb Faute d&rsquo;habitation, nous vivons pour l&rsquo;instant sous ces tantes. C&rsquo;est ici que nous passons \u00e9galement la nuit\u00a0\u00bb, nous dit Mohamed Dicko.<\/div>\n<div><\/div>\n<div>Assise dans la cour de la base maritime le regard pensif, Awa Sawadogo fait la cuisine pour ses enfants. \u00a0\u00bb Nous sommes dans la d\u00e9tresse. La vie est devenu dur et voil\u00e0 que nous\u00a0 n&rsquo;avons plus de maison. Qu&rsquo;Allah nous aide \u00e0 sortir de cette situation\u00a0\u00bb, implore-t-elle de toutes ses forces.<\/div>\n<div><\/div>\n<div>Vieux Kabore, ses \u00e9pouses et enfants font partis des nombreuses personnes qui ont \u00e9lu domicile sous le 4e pont d&rsquo;Abidjan qui passe sur le site d\u00e9moli de Bromakote. Matelas, v\u00eatements, fourneaux, ustensiles de cuisine.. tra\u00eenent un peu partout. On se croirait dans un camp de r\u00e9fugi\u00e9s. \u00a0\u00bb Nous sommes ici pour l&rsquo;instant en attendant d&rsquo;avoir un autre toit\u00a0\u00bb dit-il d\u00e9sesp\u00e9r\u00e9ment.<\/div>\n<div><\/div>\n<div>Boubakar Barry<\/div>\n<div><\/div>\n","protected":false},"excerpt":{"rendered":"<p>Une semaine apr\u00e8s le d\u00e9but des op\u00e9rations de d\u00e9molition des sites jug\u00e9s\u00a0 anarchiques dans le district d&rsquo;Abidjan, nous nous sommes rendus \u00e0 Bromakote, dans la commune d&rsquo;Att\u00e9coub\u00e9. A notre arriv\u00e9e sur les lieux le vendredi 1er mars 2024, il y r\u00e9gnait un calme plat. Toutes les habitations situ\u00e9es dans cette zone \u00e0 100 m\u00e8tres de [&hellip;]<\/p>\n","protected":false},"author":2,"featured_media":5899,"comment_status":"closed","ping_status":"closed","sticky":false,"template":"","format":"standard","meta":{"_acf_changed":false,"footnotes":""},"categories":[],"tags":[],"class_list":["post-5898","post","type-post","status-publish","format-standard","has-post-thumbnail","hentry"],"acf":[],"yoast_head":"<!-- This site is optimized with the Yoast SEO plugin v27.5 - https:\/\/yoast.com\/product\/yoast-seo-wordpress\/ -->\n<title>Casse \u00e0 Abidjan. A Bromakot\u00e9, on dort comme on peut - Amanien| L&#039;actualit\u00e9 Ivoirienne et Internationale<\/title>\n<meta name=\"robots\" content=\"index, follow, max-snippet:-1, max-image-preview:large, max-video-preview:-1\" \/>\n<link rel=\"canonical\" href=\"https:\/\/www.amanien.info\/news\/casse-a-abidjan-a-bromakote-on-dort-comme-on-peut\/\" \/>\n<meta property=\"og:locale\" content=\"fr_FR\" \/>\n<meta property=\"og:type\" content=\"article\" \/>\n<meta property=\"og:title\" content=\"Casse \u00e0 Abidjan. A Bromakot\u00e9, on dort comme on peut - Amanien| L&#039;actualit\u00e9 Ivoirienne et Internationale\" \/>\n<meta property=\"og:description\" content=\"Une semaine apr\u00e8s le d\u00e9but des op\u00e9rations de d\u00e9molition des sites jug\u00e9s\u00a0 anarchiques dans le district d&rsquo;Abidjan, nous nous sommes rendus \u00e0 Bromakote, dans la commune d&rsquo;Att\u00e9coub\u00e9. A notre arriv\u00e9e sur les lieux le vendredi 1er mars 2024, il y r\u00e9gnait un calme plat. Toutes les habitations situ\u00e9es dans cette zone \u00e0 100 m\u00e8tres de [&hellip;]\" \/>\n<meta property=\"og:url\" content=\"https:\/\/www.amanien.info\/news\/casse-a-abidjan-a-bromakote-on-dort-comme-on-peut\/\" \/>\n<meta property=\"og:site_name\" content=\"Amanien| L&#039;actualit\u00e9 Ivoirienne et Internationale\" \/>\n<meta property=\"article:published_time\" content=\"2024-03-02T16:27:19+00:00\" \/>\n<meta property=\"og:image\" content=\"https:\/\/www.amanien.info\/news\/wp-content\/uploads\/2024\/03\/IMG_20240301_140113_363.jpg\" \/>\n\t<meta property=\"og:image:width\" content=\"1920\" \/>\n\t<meta property=\"og:image:height\" content=\"2560\" \/>\n\t<meta property=\"og:image:type\" content=\"image\/jpeg\" \/>\n<meta name=\"author\" content=\"Germain Ndri\" \/>\n<meta name=\"twitter:card\" content=\"summary_large_image\" \/>\n<meta name=\"twitter:label1\" content=\"\u00c9crit par\" \/>\n\t<meta name=\"twitter:data1\" content=\"Germain Ndri\" \/>\n\t<meta name=\"twitter:label2\" content=\"Dur\u00e9e de lecture estim\u00e9e\" \/>\n\t<meta name=\"twitter:data2\" content=\"2 minutes\" \/>\n<script type=\"application\/ld+json\" class=\"yoast-schema-graph\">{\"@context\":\"https:\\\/\\\/schema.org\",\"@graph\":[{\"@type\":\"Article\",\"@id\":\"https:\\\/\\\/www.amanien.info\\\/news\\\/casse-a-abidjan-a-bromakote-on-dort-comme-on-peut\\\/#article\",\"isPartOf\":{\"@id\":\"https:\\\/\\\/www.amanien.info\\\/news\\\/casse-a-abidjan-a-bromakote-on-dort-comme-on-peut\\\/\"},\"author\":{\"name\":\"Germain Ndri\",\"@id\":\"https:\\\/\\\/www.amanien.info\\\/news\\\/#\\\/schema\\\/person\\\/b21093345753a1a98242d505bd894f42\"},\"headline\":\"Casse \u00e0 Abidjan. A Bromakot\u00e9, on dort comme on peut\",\"datePublished\":\"2024-03-02T16:27:19+00:00\",\"mainEntityOfPage\":{\"@id\":\"https:\\\/\\\/www.amanien.info\\\/news\\\/casse-a-abidjan-a-bromakote-on-dort-comme-on-peut\\\/\"},\"wordCount\":397,\"image\":{\"@id\":\"https:\\\/\\\/www.amanien.info\\\/news\\\/casse-a-abidjan-a-bromakote-on-dort-comme-on-peut\\\/#primaryimage\"},\"thumbnailUrl\":\"https:\\\/\\\/www.amanien.info\\\/news\\\/wp-content\\\/uploads\\\/2024\\\/03\\\/IMG_20240301_140113_363.jpg\",\"inLanguage\":\"fr-FR\"},{\"@type\":\"WebPage\",\"@id\":\"https:\\\/\\\/www.amanien.info\\\/news\\\/casse-a-abidjan-a-bromakote-on-dort-comme-on-peut\\\/\",\"url\":\"https:\\\/\\\/www.amanien.info\\\/news\\\/casse-a-abidjan-a-bromakote-on-dort-comme-on-peut\\\/\",\"name\":\"Casse \u00e0 Abidjan. A Bromakot\u00e9, on dort comme on peut - Amanien| L&#039;actualit\u00e9 Ivoirienne et Internationale\",\"isPartOf\":{\"@id\":\"https:\\\/\\\/www.amanien.info\\\/news\\\/#website\"},\"primaryImageOfPage\":{\"@id\":\"https:\\\/\\\/www.amanien.info\\\/news\\\/casse-a-abidjan-a-bromakote-on-dort-comme-on-peut\\\/#primaryimage\"},\"image\":{\"@id\":\"https:\\\/\\\/www.amanien.info\\\/news\\\/casse-a-abidjan-a-bromakote-on-dort-comme-on-peut\\\/#primaryimage\"},\"thumbnailUrl\":\"https:\\\/\\\/www.amanien.info\\\/news\\\/wp-content\\\/uploads\\\/2024\\\/03\\\/IMG_20240301_140113_363.jpg\",\"datePublished\":\"2024-03-02T16:27:19+00:00\",\"author\":{\"@id\":\"https:\\\/\\\/www.amanien.info\\\/news\\\/#\\\/schema\\\/person\\\/b21093345753a1a98242d505bd894f42\"},\"breadcrumb\":{\"@id\":\"https:\\\/\\\/www.amanien.info\\\/news\\\/casse-a-abidjan-a-bromakote-on-dort-comme-on-peut\\\/#breadcrumb\"},\"inLanguage\":\"fr-FR\",\"potentialAction\":[{\"@type\":\"ReadAction\",\"target\":[\"https:\\\/\\\/www.amanien.info\\\/news\\\/casse-a-abidjan-a-bromakote-on-dort-comme-on-peut\\\/\"]}]},{\"@type\":\"ImageObject\",\"inLanguage\":\"fr-FR\",\"@id\":\"https:\\\/\\\/www.amanien.info\\\/news\\\/casse-a-abidjan-a-bromakote-on-dort-comme-on-peut\\\/#primaryimage\",\"url\":\"https:\\\/\\\/www.amanien.info\\\/news\\\/wp-content\\\/uploads\\\/2024\\\/03\\\/IMG_20240301_140113_363.jpg\",\"contentUrl\":\"https:\\\/\\\/www.amanien.info\\\/news\\\/wp-content\\\/uploads\\\/2024\\\/03\\\/IMG_20240301_140113_363.jpg\",\"width\":1920,\"height\":2560},{\"@type\":\"BreadcrumbList\",\"@id\":\"https:\\\/\\\/www.amanien.info\\\/news\\\/casse-a-abidjan-a-bromakote-on-dort-comme-on-peut\\\/#breadcrumb\",\"itemListElement\":[{\"@type\":\"ListItem\",\"position\":1,\"name\":\"Accueil\",\"item\":\"https:\\\/\\\/www.amanien.info\\\/news\\\/\"},{\"@type\":\"ListItem\",\"position\":2,\"name\":\"Casse \u00e0 Abidjan. A Bromakot\u00e9, on dort comme on peut\"}]},{\"@type\":\"WebSite\",\"@id\":\"https:\\\/\\\/www.amanien.info\\\/news\\\/#website\",\"url\":\"https:\\\/\\\/www.amanien.info\\\/news\\\/\",\"name\":\"Amanien| L&#039;actualit\u00e9 Ivoirienne et Internationale\",\"description\":\"L&#039;actualit\u00e9 Ivoirienne et Internationale\",\"potentialAction\":[{\"@type\":\"SearchAction\",\"target\":{\"@type\":\"EntryPoint\",\"urlTemplate\":\"https:\\\/\\\/www.amanien.info\\\/news\\\/?s={search_term_string}\"},\"query-input\":{\"@type\":\"PropertyValueSpecification\",\"valueRequired\":true,\"valueName\":\"search_term_string\"}}],\"inLanguage\":\"fr-FR\"},{\"@type\":\"Person\",\"@id\":\"https:\\\/\\\/www.amanien.info\\\/news\\\/#\\\/schema\\\/person\\\/b21093345753a1a98242d505bd894f42\",\"name\":\"Germain Ndri\",\"url\":\"https:\\\/\\\/www.amanien.info\\\/news\\\/author\\\/amanien-infos\\\/\"}]}<\/script>\n<!-- \/ Yoast SEO plugin. -->","yoast_head_json":{"title":"Casse \u00e0 Abidjan. A Bromakot\u00e9, on dort comme on peut - Amanien| L&#039;actualit\u00e9 Ivoirienne et Internationale","robots":{"index":"index","follow":"follow","max-snippet":"max-snippet:-1","max-image-preview":"max-image-preview:large","max-video-preview":"max-video-preview:-1"},"canonical":"https:\/\/www.amanien.info\/news\/casse-a-abidjan-a-bromakote-on-dort-comme-on-peut\/","og_locale":"fr_FR","og_type":"article","og_title":"Casse \u00e0 Abidjan. A Bromakot\u00e9, on dort comme on peut - Amanien| L&#039;actualit\u00e9 Ivoirienne et Internationale","og_description":"Une semaine apr\u00e8s le d\u00e9but des op\u00e9rations de d\u00e9molition des sites jug\u00e9s\u00a0 anarchiques dans le district d&rsquo;Abidjan, nous nous sommes rendus \u00e0 Bromakote, dans la commune d&rsquo;Att\u00e9coub\u00e9. A notre arriv\u00e9e sur les lieux le vendredi 1er mars 2024, il y r\u00e9gnait un calme plat. Toutes les habitations situ\u00e9es dans cette zone \u00e0 100 m\u00e8tres de [&hellip;]","og_url":"https:\/\/www.amanien.info\/news\/casse-a-abidjan-a-bromakote-on-dort-comme-on-peut\/","og_site_name":"Amanien| L&#039;actualit\u00e9 Ivoirienne et Internationale","article_published_time":"2024-03-02T16:27:19+00:00","og_image":[{"width":1920,"height":2560,"url":"https:\/\/www.amanien.info\/news\/wp-content\/uploads\/2024\/03\/IMG_20240301_140113_363.jpg","type":"image\/jpeg"}],"author":"Germain Ndri","twitter_card":"summary_large_image","twitter_misc":{"\u00c9crit par":"Germain Ndri","Dur\u00e9e de lecture estim\u00e9e":"2 minutes"},"schema":{"@context":"https:\/\/schema.org","@graph":[{"@type":"Article","@id":"https:\/\/www.amanien.info\/news\/casse-a-abidjan-a-bromakote-on-dort-comme-on-peut\/#article","isPartOf":{"@id":"https:\/\/www.amanien.info\/news\/casse-a-abidjan-a-bromakote-on-dort-comme-on-peut\/"},"author":{"name":"Germain Ndri","@id":"https:\/\/www.amanien.info\/news\/#\/schema\/person\/b21093345753a1a98242d505bd894f42"},"headline":"Casse \u00e0 Abidjan. A Bromakot\u00e9, on dort comme on peut","datePublished":"2024-03-02T16:27:19+00:00","mainEntityOfPage":{"@id":"https:\/\/www.amanien.info\/news\/casse-a-abidjan-a-bromakote-on-dort-comme-on-peut\/"},"wordCount":397,"image":{"@id":"https:\/\/www.amanien.info\/news\/casse-a-abidjan-a-bromakote-on-dort-comme-on-peut\/#primaryimage"},"thumbnailUrl":"https:\/\/www.amanien.info\/news\/wp-content\/uploads\/2024\/03\/IMG_20240301_140113_363.jpg","inLanguage":"fr-FR"},{"@type":"WebPage","@id":"https:\/\/www.amanien.info\/news\/casse-a-abidjan-a-bromakote-on-dort-comme-on-peut\/","url":"https:\/\/www.amanien.info\/news\/casse-a-abidjan-a-bromakote-on-dort-comme-on-peut\/","name":"Casse \u00e0 Abidjan. A Bromakot\u00e9, on dort comme on peut - Amanien| L&#039;actualit\u00e9 Ivoirienne et Internationale","isPartOf":{"@id":"https:\/\/www.amanien.info\/news\/#website"},"primaryImageOfPage":{"@id":"https:\/\/www.amanien.info\/news\/casse-a-abidjan-a-bromakote-on-dort-comme-on-peut\/#primaryimage"},"image":{"@id":"https:\/\/www.amanien.info\/news\/casse-a-abidjan-a-bromakote-on-dort-comme-on-peut\/#primaryimage"},"thumbnailUrl":"https:\/\/www.amanien.info\/news\/wp-content\/uploads\/2024\/03\/IMG_20240301_140113_363.jpg","datePublished":"2024-03-02T16:27:19+00:00","author":{"@id":"https:\/\/www.amanien.info\/news\/#\/schema\/person\/b21093345753a1a98242d505bd894f42"},"breadcrumb":{"@id":"https:\/\/www.amanien.info\/news\/casse-a-abidjan-a-bromakote-on-dort-comme-on-peut\/#breadcrumb"},"inLanguage":"fr-FR","potentialAction":[{"@type":"ReadAction","target":["https:\/\/www.amanien.info\/news\/casse-a-abidjan-a-bromakote-on-dort-comme-on-peut\/"]}]},{"@type":"ImageObject","inLanguage":"fr-FR","@id":"https:\/\/www.amanien.info\/news\/casse-a-abidjan-a-bromakote-on-dort-comme-on-peut\/#primaryimage","url":"https:\/\/www.amanien.info\/news\/wp-content\/uploads\/2024\/03\/IMG_20240301_140113_363.jpg","contentUrl":"https:\/\/www.amanien.info\/news\/wp-content\/uploads\/2024\/03\/IMG_20240301_140113_363.jpg","width":1920,"height":2560},{"@type":"BreadcrumbList","@id":"https:\/\/www.amanien.info\/news\/casse-a-abidjan-a-bromakote-on-dort-comme-on-peut\/#breadcrumb","itemListElement":[{"@type":"ListItem","position":1,"name":"Accueil","item":"https:\/\/www.amanien.info\/news\/"},{"@type":"ListItem","position":2,"name":"Casse \u00e0 Abidjan. A Bromakot\u00e9, on dort comme on peut"}]},{"@type":"WebSite","@id":"https:\/\/www.amanien.info\/news\/#website","url":"https:\/\/www.amanien.info\/news\/","name":"Amanien| L&#039;actualit\u00e9 Ivoirienne et Internationale","description":"L&#039;actualit\u00e9 Ivoirienne et Internationale","potentialAction":[{"@type":"SearchAction","target":{"@type":"EntryPoint","urlTemplate":"https:\/\/www.amanien.info\/news\/?s={search_term_string}"},"query-input":{"@type":"PropertyValueSpecification","valueRequired":true,"valueName":"search_term_string"}}],"inLanguage":"fr-FR"},{"@type":"Person","@id":"https:\/\/www.amanien.info\/news\/#\/schema\/person\/b21093345753a1a98242d505bd894f42","name":"Germain Ndri","url":"https:\/\/www.amanien.info\/news\/author\/amanien-infos\/"}]}},"_links":{"self":[{"href":"https:\/\/www.amanien.info\/news\/wp-json\/wp\/v2\/posts\/5898","targetHints":{"allow":["GET"]}}],"collection":[{"href":"https:\/\/www.amanien.info\/news\/wp-json\/wp\/v2\/posts"}],"about":[{"href":"https:\/\/www.amanien.info\/news\/wp-json\/wp\/v2\/types\/post"}],"author":[{"embeddable":true,"href":"https:\/\/www.amanien.info\/news\/wp-json\/wp\/v2\/users\/2"}],"replies":[{"embeddable":true,"href":"https:\/\/www.amanien.info\/news\/wp-json\/wp\/v2\/comments?post=5898"}],"version-history":[{"count":1,"href":"https:\/\/www.amanien.info\/news\/wp-json\/wp\/v2\/posts\/5898\/revisions"}],"predecessor-version":[{"id":5900,"href":"https:\/\/www.amanien.info\/news\/wp-json\/wp\/v2\/posts\/5898\/revisions\/5900"}],"wp:featuredmedia":[{"embeddable":true,"href":"https:\/\/www.amanien.info\/news\/wp-json\/wp\/v2\/media\/5899"}],"wp:attachment":[{"href":"https:\/\/www.amanien.info\/news\/wp-json\/wp\/v2\/media?parent=5898"}],"wp:term":[{"taxonomy":"category","embeddable":true,"href":"https:\/\/www.amanien.info\/news\/wp-json\/wp\/v2\/categories?post=5898"},{"taxonomy":"post_tag","embeddable":true,"href":"https:\/\/www.amanien.info\/news\/wp-json\/wp\/v2\/tags?post=5898"}],"curies":[{"name":"wp","href":"https:\/\/api.w.org\/{rel}","templated":true}]}}