{"id":5873,"date":"2024-02-23T16:40:48","date_gmt":"2024-02-23T16:40:48","guid":{"rendered":"https:\/\/www.amanien.info\/news\/?p=5873"},"modified":"2024-02-23T16:41:39","modified_gmt":"2024-02-23T16:41:39","slug":"la-ministre-detat-anne-desiree-ouloto-lance-la-campagne-de-promotion-et-de-vulgarisation-du-nouveau-statut-general-de-la-fonction-publique","status":"publish","type":"post","link":"https:\/\/www.amanien.info\/news\/la-ministre-detat-anne-desiree-ouloto-lance-la-campagne-de-promotion-et-de-vulgarisation-du-nouveau-statut-general-de-la-fonction-publique\/","title":{"rendered":"La Ministre d&rsquo;\u00c9tat Anne D\u00e9sir\u00e9e Ouloto lance la campagne de promotion et de vulgarisation du nouveau Statut G\u00e9n\u00e9ral de la Fonction Publique\u00a0"},"content":{"rendered":"<div><span style=\"text-transform: initial;\">Pr\u00e9senter la loi dans ses nouvelles dispositions et le nouveau paradigme de gestion du service public, mobiliser toutes les parties prenantes autour de la loi et susciter l&rsquo;accompagnement des m\u00e9dias dans la promotion de la loi. Tels sont les objectifs de la vaste caravane nationale de promotion et de\u00a0 vulgarisation du Nouveau Statut g\u00e9n\u00e9ral de la Fonction publique adopt\u00e9 et promulgu\u00e9 le 23 novembre 2023.\u00a0<\/span><\/div>\n<div><\/div>\n<div>La Ministre d&rsquo;\u00c9tat, ministre de la Fonction publique et de la Modernisation de l&rsquo;Administration, Anne D\u00e9sir\u00e9e Ouloto, a proc\u00e9d\u00e9, ce jeudi 22 f\u00e9vrier 2024, au Palais de la Culture d&rsquo;Abidjan-Treichville, au lancement officiel de cette importante campagne, en pr\u00e9sence de plusieurs personnalit\u00e9s.<\/div>\n<div><\/div>\n<div><\/div>\n<div>Dans sa brillante intervention, la Ministre d&rsquo;\u00c9tat Anne D\u00e9sir\u00e9e Ouloto a exhort\u00e9 les organisations syndicales du secteur public \u00e0 \u00ab\u00a0s&rsquo;impliquer, de fa\u00e7on effective, dans cette vaste campagne de sensibilisation et de vulgarisation, qui se d\u00e9roulera \u00e0 Abidjan et partout sur l&rsquo;ensemble du territoire national dans les services publics pour que tous les fonctionnaires prennent connaissance de ce nouveau dispositif.\u00a0 Pour la bonne tenue et du plein succ\u00e8s de cette campagne qui s\u2019ouvre aujourd&rsquo;hui, a-t-elle annonc\u00e9.<\/div>\n<div><\/div>\n<div><\/div>\n<div>A l&rsquo;en croire, \u00ab\u00a0la promulgation par le Pr\u00e9sident de la R\u00e9publique, Alassane Ouattara, de cette nouvelle loi reste la parfaite expression de la volont\u00e9 affirm\u00e9e du gouvernement d&rsquo;agir avec conscience \u00e0 am\u00e9liorer le cadre g\u00e9n\u00e9ral de vie et de travail des fonctionnaires en leur assurant l&rsquo;\u00e9panouissement personnel et professionnel\u00a0\u00bb, a-t-elle soutenu.<\/div>\n<div><\/div>\n<div>\u00ab J\u2019invite tous les fonctionnaires \u00e0 la mobilisation \u00e0 l\u2019effet de la bonne compr\u00e9hension de cette loi qui leur permettra d\u2019\u00eatre des acteurs de premier plan dans la gestion de leur propre carri\u00e8re. Ils pourront ainsi profiter des avantages pertinents qu\u2019offre le nouveau Statut pour se former et renforcer leurs\u00a0 capacit\u00e9s, pour b\u00e2tir leur\u00a0 promotion et pour vivre une carri\u00e8re professionnelle plus \u00e9panouie et plus sereine\u00a0\u00bb, dira la Ministre d&rsquo;\u00c9tat Anne D\u00e9sir\u00e9e Ouloto.<\/div>\n<div><\/div>\n<div>Selon elle, ce nouveau Statut, \u00ab\u00a0garantit aux fonctionnaires la protection de leurs droits et de leurs int\u00e9r\u00eats en m\u00eame temps qu&rsquo;il impulse dans les pratiques professionnelles les valeurs constitutionnelles, \u00e9thiques et d\u00e9ontologiques\u00a0\u00bb.<\/div>\n<div><\/div>\n<div>L\u2019\u00e9laboration, la validation et l\u2019adoption par le gouvernement des d\u00e9crets d\u2019application suivront en vue de la mise en application de cette nouvelle loi portant Statut qui enregistre des avanc\u00e9es notables, \u00e0 en croire Anne Ouloto.<\/div>\n<div><\/div>\n<div>Bien avant , le porte-parole des centrales syndicales, Soro Mamadou, a, quant \u00e0 lui, affirm\u00e9 que ce nouveau Statut sera pour eux \u00ab\u00a0le ciment de la paix sociale\u00a0\u00bb.<\/div>\n<div><\/div>\n<div>Notons que les membres du gouvernement et repr\u00e9sentants des Pr\u00e9sidents des institutions, qui \u00e9taient pr\u00e9sents \u00e0 cette importante c\u00e9r\u00e9monie, ont re\u00e7u des kits dudit Statut.<\/div>\n<div><\/div>\n<div>Le nouveau Statut G\u00e9n\u00e9ral de la Fonction Publique est compos\u00e9 de deux titres, 14 chapitres et 115 articles.<\/div>\n<div><\/div>\n<div><\/div>\n<div><\/div>\n<div><b>Sunday Alain<\/b><\/div>\n<div><\/div>\n","protected":false},"excerpt":{"rendered":"<p>Pr\u00e9senter la loi dans ses nouvelles dispositions et le nouveau paradigme de gestion du service public, mobiliser toutes les parties prenantes autour de la loi et susciter l&rsquo;accompagnement des m\u00e9dias dans la promotion de la loi. Tels sont les objectifs de la vaste caravane nationale de promotion et de\u00a0 vulgarisation du Nouveau Statut g\u00e9n\u00e9ral de [&hellip;]<\/p>\n","protected":false},"author":2,"featured_media":5875,"comment_status":"closed","ping_status":"closed","sticky":false,"template":"","format":"standard","meta":{"_acf_changed":false,"footnotes":""},"categories":[],"tags":[12],"class_list":["post-5873","post","type-post","status-publish","format-standard","has-post-thumbnail","hentry","tag-societe"],"acf":[],"yoast_head":"<!-- This site is optimized with the Yoast SEO plugin v27.5 - https:\/\/yoast.com\/product\/yoast-seo-wordpress\/ -->\n<title>La Ministre d&#039;\u00c9tat Anne D\u00e9sir\u00e9e Ouloto lance la campagne de promotion et de vulgarisation du nouveau Statut G\u00e9n\u00e9ral de la Fonction Publique\u00a0 - Amanien| L&#039;actualit\u00e9 Ivoirienne et Internationale<\/title>\n<meta name=\"robots\" content=\"index, follow, max-snippet:-1, max-image-preview:large, max-video-preview:-1\" \/>\n<link rel=\"canonical\" href=\"https:\/\/www.amanien.info\/news\/la-ministre-detat-anne-desiree-ouloto-lance-la-campagne-de-promotion-et-de-vulgarisation-du-nouveau-statut-general-de-la-fonction-publique\/\" \/>\n<meta property=\"og:locale\" content=\"fr_FR\" \/>\n<meta property=\"og:type\" content=\"article\" \/>\n<meta property=\"og:title\" content=\"La Ministre d&#039;\u00c9tat Anne D\u00e9sir\u00e9e Ouloto lance la campagne de promotion et de vulgarisation du nouveau Statut G\u00e9n\u00e9ral de la Fonction Publique\u00a0 - Amanien| L&#039;actualit\u00e9 Ivoirienne et Internationale\" \/>\n<meta property=\"og:description\" content=\"Pr\u00e9senter la loi dans ses nouvelles dispositions et le nouveau paradigme de gestion du service public, mobiliser toutes les parties prenantes autour de la loi et susciter l&rsquo;accompagnement des m\u00e9dias dans la promotion de la loi. Tels sont les objectifs de la vaste caravane nationale de promotion et de\u00a0 vulgarisation du Nouveau Statut g\u00e9n\u00e9ral de [&hellip;]\" \/>\n<meta property=\"og:url\" content=\"https:\/\/www.amanien.info\/news\/la-ministre-detat-anne-desiree-ouloto-lance-la-campagne-de-promotion-et-de-vulgarisation-du-nouveau-statut-general-de-la-fonction-publique\/\" \/>\n<meta property=\"og:site_name\" content=\"Amanien| L&#039;actualit\u00e9 Ivoirienne et Internationale\" \/>\n<meta property=\"article:published_time\" content=\"2024-02-23T16:40:48+00:00\" \/>\n<meta property=\"article:modified_time\" content=\"2024-02-23T16:41:39+00:00\" \/>\n<meta property=\"og:image\" content=\"https:\/\/www.amanien.info\/news\/wp-content\/uploads\/2024\/02\/Outlook-5fqrufjp.jpg\" \/>\n\t<meta property=\"og:image:width\" content=\"1732\" \/>\n\t<meta property=\"og:image:height\" content=\"1154\" \/>\n\t<meta property=\"og:image:type\" content=\"image\/jpeg\" \/>\n<meta name=\"author\" content=\"Germain Ndri\" \/>\n<meta name=\"twitter:card\" content=\"summary_large_image\" \/>\n<meta name=\"twitter:label1\" content=\"\u00c9crit par\" \/>\n\t<meta name=\"twitter:data1\" content=\"Germain Ndri\" \/>\n\t<meta name=\"twitter:label2\" content=\"Dur\u00e9e de lecture estim\u00e9e\" \/>\n\t<meta name=\"twitter:data2\" content=\"3 minutes\" \/>\n<script type=\"application\/ld+json\" class=\"yoast-schema-graph\">{\"@context\":\"https:\\\/\\\/schema.org\",\"@graph\":[{\"@type\":\"Article\",\"@id\":\"https:\\\/\\\/www.amanien.info\\\/news\\\/la-ministre-detat-anne-desiree-ouloto-lance-la-campagne-de-promotion-et-de-vulgarisation-du-nouveau-statut-general-de-la-fonction-publique\\\/#article\",\"isPartOf\":{\"@id\":\"https:\\\/\\\/www.amanien.info\\\/news\\\/la-ministre-detat-anne-desiree-ouloto-lance-la-campagne-de-promotion-et-de-vulgarisation-du-nouveau-statut-general-de-la-fonction-publique\\\/\"},\"author\":{\"name\":\"Germain Ndri\",\"@id\":\"https:\\\/\\\/www.amanien.info\\\/news\\\/#\\\/schema\\\/person\\\/b21093345753a1a98242d505bd894f42\"},\"headline\":\"La Ministre d&rsquo;\u00c9tat Anne D\u00e9sir\u00e9e Ouloto lance la campagne de promotion et de vulgarisation du nouveau Statut G\u00e9n\u00e9ral de la Fonction Publique\u00a0\",\"datePublished\":\"2024-02-23T16:40:48+00:00\",\"dateModified\":\"2024-02-23T16:41:39+00:00\",\"mainEntityOfPage\":{\"@id\":\"https:\\\/\\\/www.amanien.info\\\/news\\\/la-ministre-detat-anne-desiree-ouloto-lance-la-campagne-de-promotion-et-de-vulgarisation-du-nouveau-statut-general-de-la-fonction-publique\\\/\"},\"wordCount\":520,\"image\":{\"@id\":\"https:\\\/\\\/www.amanien.info\\\/news\\\/la-ministre-detat-anne-desiree-ouloto-lance-la-campagne-de-promotion-et-de-vulgarisation-du-nouveau-statut-general-de-la-fonction-publique\\\/#primaryimage\"},\"thumbnailUrl\":\"https:\\\/\\\/www.amanien.info\\\/news\\\/wp-content\\\/uploads\\\/2024\\\/02\\\/Outlook-5fqrufjp.jpg\",\"keywords\":[\"Soci\u00e9t\u00e9\"],\"inLanguage\":\"fr-FR\"},{\"@type\":\"WebPage\",\"@id\":\"https:\\\/\\\/www.amanien.info\\\/news\\\/la-ministre-detat-anne-desiree-ouloto-lance-la-campagne-de-promotion-et-de-vulgarisation-du-nouveau-statut-general-de-la-fonction-publique\\\/\",\"url\":\"https:\\\/\\\/www.amanien.info\\\/news\\\/la-ministre-detat-anne-desiree-ouloto-lance-la-campagne-de-promotion-et-de-vulgarisation-du-nouveau-statut-general-de-la-fonction-publique\\\/\",\"name\":\"La Ministre d'\u00c9tat Anne D\u00e9sir\u00e9e Ouloto lance la campagne de promotion et de vulgarisation du nouveau Statut G\u00e9n\u00e9ral de la Fonction Publique\u00a0 - Amanien| L&#039;actualit\u00e9 Ivoirienne et Internationale\",\"isPartOf\":{\"@id\":\"https:\\\/\\\/www.amanien.info\\\/news\\\/#website\"},\"primaryImageOfPage\":{\"@id\":\"https:\\\/\\\/www.amanien.info\\\/news\\\/la-ministre-detat-anne-desiree-ouloto-lance-la-campagne-de-promotion-et-de-vulgarisation-du-nouveau-statut-general-de-la-fonction-publique\\\/#primaryimage\"},\"image\":{\"@id\":\"https:\\\/\\\/www.amanien.info\\\/news\\\/la-ministre-detat-anne-desiree-ouloto-lance-la-campagne-de-promotion-et-de-vulgarisation-du-nouveau-statut-general-de-la-fonction-publique\\\/#primaryimage\"},\"thumbnailUrl\":\"https:\\\/\\\/www.amanien.info\\\/news\\\/wp-content\\\/uploads\\\/2024\\\/02\\\/Outlook-5fqrufjp.jpg\",\"datePublished\":\"2024-02-23T16:40:48+00:00\",\"dateModified\":\"2024-02-23T16:41:39+00:00\",\"author\":{\"@id\":\"https:\\\/\\\/www.amanien.info\\\/news\\\/#\\\/schema\\\/person\\\/b21093345753a1a98242d505bd894f42\"},\"breadcrumb\":{\"@id\":\"https:\\\/\\\/www.amanien.info\\\/news\\\/la-ministre-detat-anne-desiree-ouloto-lance-la-campagne-de-promotion-et-de-vulgarisation-du-nouveau-statut-general-de-la-fonction-publique\\\/#breadcrumb\"},\"inLanguage\":\"fr-FR\",\"potentialAction\":[{\"@type\":\"ReadAction\",\"target\":[\"https:\\\/\\\/www.amanien.info\\\/news\\\/la-ministre-detat-anne-desiree-ouloto-lance-la-campagne-de-promotion-et-de-vulgarisation-du-nouveau-statut-general-de-la-fonction-publique\\\/\"]}]},{\"@type\":\"ImageObject\",\"inLanguage\":\"fr-FR\",\"@id\":\"https:\\\/\\\/www.amanien.info\\\/news\\\/la-ministre-detat-anne-desiree-ouloto-lance-la-campagne-de-promotion-et-de-vulgarisation-du-nouveau-statut-general-de-la-fonction-publique\\\/#primaryimage\",\"url\":\"https:\\\/\\\/www.amanien.info\\\/news\\\/wp-content\\\/uploads\\\/2024\\\/02\\\/Outlook-5fqrufjp.jpg\",\"contentUrl\":\"https:\\\/\\\/www.amanien.info\\\/news\\\/wp-content\\\/uploads\\\/2024\\\/02\\\/Outlook-5fqrufjp.jpg\",\"width\":1732,\"height\":1154},{\"@type\":\"BreadcrumbList\",\"@id\":\"https:\\\/\\\/www.amanien.info\\\/news\\\/la-ministre-detat-anne-desiree-ouloto-lance-la-campagne-de-promotion-et-de-vulgarisation-du-nouveau-statut-general-de-la-fonction-publique\\\/#breadcrumb\",\"itemListElement\":[{\"@type\":\"ListItem\",\"position\":1,\"name\":\"Accueil\",\"item\":\"https:\\\/\\\/www.amanien.info\\\/news\\\/\"},{\"@type\":\"ListItem\",\"position\":2,\"name\":\"La Ministre d&rsquo;\u00c9tat Anne D\u00e9sir\u00e9e Ouloto lance la campagne de promotion et de vulgarisation du nouveau Statut G\u00e9n\u00e9ral de la Fonction Publique\u00a0\"}]},{\"@type\":\"WebSite\",\"@id\":\"https:\\\/\\\/www.amanien.info\\\/news\\\/#website\",\"url\":\"https:\\\/\\\/www.amanien.info\\\/news\\\/\",\"name\":\"Amanien| L&#039;actualit\u00e9 Ivoirienne et Internationale\",\"description\":\"L&#039;actualit\u00e9 Ivoirienne et Internationale\",\"potentialAction\":[{\"@type\":\"SearchAction\",\"target\":{\"@type\":\"EntryPoint\",\"urlTemplate\":\"https:\\\/\\\/www.amanien.info\\\/news\\\/?s={search_term_string}\"},\"query-input\":{\"@type\":\"PropertyValueSpecification\",\"valueRequired\":true,\"valueName\":\"search_term_string\"}}],\"inLanguage\":\"fr-FR\"},{\"@type\":\"Person\",\"@id\":\"https:\\\/\\\/www.amanien.info\\\/news\\\/#\\\/schema\\\/person\\\/b21093345753a1a98242d505bd894f42\",\"name\":\"Germain Ndri\",\"url\":\"https:\\\/\\\/www.amanien.info\\\/news\\\/author\\\/amanien-infos\\\/\"}]}<\/script>\n<!-- \/ Yoast SEO plugin. -->","yoast_head_json":{"title":"La Ministre d'\u00c9tat Anne D\u00e9sir\u00e9e Ouloto lance la campagne de promotion et de vulgarisation du nouveau Statut G\u00e9n\u00e9ral de la Fonction Publique\u00a0 - Amanien| L&#039;actualit\u00e9 Ivoirienne et Internationale","robots":{"index":"index","follow":"follow","max-snippet":"max-snippet:-1","max-image-preview":"max-image-preview:large","max-video-preview":"max-video-preview:-1"},"canonical":"https:\/\/www.amanien.info\/news\/la-ministre-detat-anne-desiree-ouloto-lance-la-campagne-de-promotion-et-de-vulgarisation-du-nouveau-statut-general-de-la-fonction-publique\/","og_locale":"fr_FR","og_type":"article","og_title":"La Ministre d'\u00c9tat Anne D\u00e9sir\u00e9e Ouloto lance la campagne de promotion et de vulgarisation du nouveau Statut G\u00e9n\u00e9ral de la Fonction Publique\u00a0 - Amanien| L&#039;actualit\u00e9 Ivoirienne et Internationale","og_description":"Pr\u00e9senter la loi dans ses nouvelles dispositions et le nouveau paradigme de gestion du service public, mobiliser toutes les parties prenantes autour de la loi et susciter l&rsquo;accompagnement des m\u00e9dias dans la promotion de la loi. Tels sont les objectifs de la vaste caravane nationale de promotion et de\u00a0 vulgarisation du Nouveau Statut g\u00e9n\u00e9ral de [&hellip;]","og_url":"https:\/\/www.amanien.info\/news\/la-ministre-detat-anne-desiree-ouloto-lance-la-campagne-de-promotion-et-de-vulgarisation-du-nouveau-statut-general-de-la-fonction-publique\/","og_site_name":"Amanien| L&#039;actualit\u00e9 Ivoirienne et Internationale","article_published_time":"2024-02-23T16:40:48+00:00","article_modified_time":"2024-02-23T16:41:39+00:00","og_image":[{"width":1732,"height":1154,"url":"https:\/\/www.amanien.info\/news\/wp-content\/uploads\/2024\/02\/Outlook-5fqrufjp.jpg","type":"image\/jpeg"}],"author":"Germain Ndri","twitter_card":"summary_large_image","twitter_misc":{"\u00c9crit par":"Germain Ndri","Dur\u00e9e de lecture estim\u00e9e":"3 minutes"},"schema":{"@context":"https:\/\/schema.org","@graph":[{"@type":"Article","@id":"https:\/\/www.amanien.info\/news\/la-ministre-detat-anne-desiree-ouloto-lance-la-campagne-de-promotion-et-de-vulgarisation-du-nouveau-statut-general-de-la-fonction-publique\/#article","isPartOf":{"@id":"https:\/\/www.amanien.info\/news\/la-ministre-detat-anne-desiree-ouloto-lance-la-campagne-de-promotion-et-de-vulgarisation-du-nouveau-statut-general-de-la-fonction-publique\/"},"author":{"name":"Germain Ndri","@id":"https:\/\/www.amanien.info\/news\/#\/schema\/person\/b21093345753a1a98242d505bd894f42"},"headline":"La Ministre d&rsquo;\u00c9tat Anne D\u00e9sir\u00e9e Ouloto lance la campagne de promotion et de vulgarisation du nouveau Statut G\u00e9n\u00e9ral de la Fonction Publique\u00a0","datePublished":"2024-02-23T16:40:48+00:00","dateModified":"2024-02-23T16:41:39+00:00","mainEntityOfPage":{"@id":"https:\/\/www.amanien.info\/news\/la-ministre-detat-anne-desiree-ouloto-lance-la-campagne-de-promotion-et-de-vulgarisation-du-nouveau-statut-general-de-la-fonction-publique\/"},"wordCount":520,"image":{"@id":"https:\/\/www.amanien.info\/news\/la-ministre-detat-anne-desiree-ouloto-lance-la-campagne-de-promotion-et-de-vulgarisation-du-nouveau-statut-general-de-la-fonction-publique\/#primaryimage"},"thumbnailUrl":"https:\/\/www.amanien.info\/news\/wp-content\/uploads\/2024\/02\/Outlook-5fqrufjp.jpg","keywords":["Soci\u00e9t\u00e9"],"inLanguage":"fr-FR"},{"@type":"WebPage","@id":"https:\/\/www.amanien.info\/news\/la-ministre-detat-anne-desiree-ouloto-lance-la-campagne-de-promotion-et-de-vulgarisation-du-nouveau-statut-general-de-la-fonction-publique\/","url":"https:\/\/www.amanien.info\/news\/la-ministre-detat-anne-desiree-ouloto-lance-la-campagne-de-promotion-et-de-vulgarisation-du-nouveau-statut-general-de-la-fonction-publique\/","name":"La Ministre d'\u00c9tat Anne D\u00e9sir\u00e9e Ouloto lance la campagne de promotion et de vulgarisation du nouveau Statut G\u00e9n\u00e9ral de la Fonction Publique\u00a0 - Amanien| L&#039;actualit\u00e9 Ivoirienne et Internationale","isPartOf":{"@id":"https:\/\/www.amanien.info\/news\/#website"},"primaryImageOfPage":{"@id":"https:\/\/www.amanien.info\/news\/la-ministre-detat-anne-desiree-ouloto-lance-la-campagne-de-promotion-et-de-vulgarisation-du-nouveau-statut-general-de-la-fonction-publique\/#primaryimage"},"image":{"@id":"https:\/\/www.amanien.info\/news\/la-ministre-detat-anne-desiree-ouloto-lance-la-campagne-de-promotion-et-de-vulgarisation-du-nouveau-statut-general-de-la-fonction-publique\/#primaryimage"},"thumbnailUrl":"https:\/\/www.amanien.info\/news\/wp-content\/uploads\/2024\/02\/Outlook-5fqrufjp.jpg","datePublished":"2024-02-23T16:40:48+00:00","dateModified":"2024-02-23T16:41:39+00:00","author":{"@id":"https:\/\/www.amanien.info\/news\/#\/schema\/person\/b21093345753a1a98242d505bd894f42"},"breadcrumb":{"@id":"https:\/\/www.amanien.info\/news\/la-ministre-detat-anne-desiree-ouloto-lance-la-campagne-de-promotion-et-de-vulgarisation-du-nouveau-statut-general-de-la-fonction-publique\/#breadcrumb"},"inLanguage":"fr-FR","potentialAction":[{"@type":"ReadAction","target":["https:\/\/www.amanien.info\/news\/la-ministre-detat-anne-desiree-ouloto-lance-la-campagne-de-promotion-et-de-vulgarisation-du-nouveau-statut-general-de-la-fonction-publique\/"]}]},{"@type":"ImageObject","inLanguage":"fr-FR","@id":"https:\/\/www.amanien.info\/news\/la-ministre-detat-anne-desiree-ouloto-lance-la-campagne-de-promotion-et-de-vulgarisation-du-nouveau-statut-general-de-la-fonction-publique\/#primaryimage","url":"https:\/\/www.amanien.info\/news\/wp-content\/uploads\/2024\/02\/Outlook-5fqrufjp.jpg","contentUrl":"https:\/\/www.amanien.info\/news\/wp-content\/uploads\/2024\/02\/Outlook-5fqrufjp.jpg","width":1732,"height":1154},{"@type":"BreadcrumbList","@id":"https:\/\/www.amanien.info\/news\/la-ministre-detat-anne-desiree-ouloto-lance-la-campagne-de-promotion-et-de-vulgarisation-du-nouveau-statut-general-de-la-fonction-publique\/#breadcrumb","itemListElement":[{"@type":"ListItem","position":1,"name":"Accueil","item":"https:\/\/www.amanien.info\/news\/"},{"@type":"ListItem","position":2,"name":"La Ministre d&rsquo;\u00c9tat Anne D\u00e9sir\u00e9e Ouloto lance la campagne de promotion et de vulgarisation du nouveau Statut G\u00e9n\u00e9ral de la Fonction Publique\u00a0"}]},{"@type":"WebSite","@id":"https:\/\/www.amanien.info\/news\/#website","url":"https:\/\/www.amanien.info\/news\/","name":"Amanien| L&#039;actualit\u00e9 Ivoirienne et Internationale","description":"L&#039;actualit\u00e9 Ivoirienne et Internationale","potentialAction":[{"@type":"SearchAction","target":{"@type":"EntryPoint","urlTemplate":"https:\/\/www.amanien.info\/news\/?s={search_term_string}"},"query-input":{"@type":"PropertyValueSpecification","valueRequired":true,"valueName":"search_term_string"}}],"inLanguage":"fr-FR"},{"@type":"Person","@id":"https:\/\/www.amanien.info\/news\/#\/schema\/person\/b21093345753a1a98242d505bd894f42","name":"Germain Ndri","url":"https:\/\/www.amanien.info\/news\/author\/amanien-infos\/"}]}},"_links":{"self":[{"href":"https:\/\/www.amanien.info\/news\/wp-json\/wp\/v2\/posts\/5873","targetHints":{"allow":["GET"]}}],"collection":[{"href":"https:\/\/www.amanien.info\/news\/wp-json\/wp\/v2\/posts"}],"about":[{"href":"https:\/\/www.amanien.info\/news\/wp-json\/wp\/v2\/types\/post"}],"author":[{"embeddable":true,"href":"https:\/\/www.amanien.info\/news\/wp-json\/wp\/v2\/users\/2"}],"replies":[{"embeddable":true,"href":"https:\/\/www.amanien.info\/news\/wp-json\/wp\/v2\/comments?post=5873"}],"version-history":[{"count":1,"href":"https:\/\/www.amanien.info\/news\/wp-json\/wp\/v2\/posts\/5873\/revisions"}],"predecessor-version":[{"id":5876,"href":"https:\/\/www.amanien.info\/news\/wp-json\/wp\/v2\/posts\/5873\/revisions\/5876"}],"wp:featuredmedia":[{"embeddable":true,"href":"https:\/\/www.amanien.info\/news\/wp-json\/wp\/v2\/media\/5875"}],"wp:attachment":[{"href":"https:\/\/www.amanien.info\/news\/wp-json\/wp\/v2\/media?parent=5873"}],"wp:term":[{"taxonomy":"category","embeddable":true,"href":"https:\/\/www.amanien.info\/news\/wp-json\/wp\/v2\/categories?post=5873"},{"taxonomy":"post_tag","embeddable":true,"href":"https:\/\/www.amanien.info\/news\/wp-json\/wp\/v2\/tags?post=5873"}],"curies":[{"name":"wp","href":"https:\/\/api.w.org\/{rel}","templated":true}]}}