{"id":5797,"date":"2024-01-26T16:33:22","date_gmt":"2024-01-26T16:33:22","guid":{"rendered":"https:\/\/www.amanien.info\/news\/?p=5797"},"modified":"2024-01-26T16:33:22","modified_gmt":"2024-01-26T16:33:22","slug":"promotion-de-la-culture-we-lartiste-we-perroquet-de-louest-en-concert-live-le-11-mai-prochain-au-palais-de-la-culture","status":"publish","type":"post","link":"https:\/\/www.amanien.info\/news\/promotion-de-la-culture-we-lartiste-we-perroquet-de-louest-en-concert-live-le-11-mai-prochain-au-palais-de-la-culture\/","title":{"rendered":"Promotion de la culture W\u00ea : L&rsquo;artiste W\u00ea \u00ab\u00a0Perroquet De l&rsquo;Ouest\u00a0\u00bb en concert live le 11 mai prochain au palais de la culture"},"content":{"rendered":"<p>&nbsp;<\/p>\n<div><span style=\"text-transform: initial;\">L&rsquo;artiste W\u00ea, TEHE Boha Aubin alias \u00ab\u00a0Perroquet de l&rsquo;Ouest\u00a0\u00bb, sera en concert live le 11 mai 2024 \u00e0 15h GMT \u00e0 la salle Anoumabo du Palais de la Culture d&rsquo;Abidjan-Treichville.<\/span><\/div>\n<div><\/div>\n<div><\/div>\n<div>L&rsquo;annonce a \u00e9t\u00e9 faite par la structure \u00e9v\u00e9nementielle, QUINO L EVENT, avec \u00e0 sa t\u00eate M. Y\u00e9bou\u00e9 Kimu Ano, au cours d&rsquo;une conf\u00e9rence de presse tenue le jeudi 25 janvier 2024, \u00e0 Yopougon (Abidjan).<\/div>\n<div><\/div>\n<div><\/div>\n<div>Les objectifs de ce concert live in\u00e9dit sont, entre autres, la promotion de la culture W\u00ea et ses acteurs culturels, la valorisation de la musique W\u00ea. Permettre \u00e9galement aux artistes W\u00ea de vivre de leur art, c\u00e9l\u00e9brer les valeurs musicales de leur vivant, promouvoir le brassage culturel et les langues maternelles, consolider la paix et la coh\u00e9sion entre les peuples vivant en C\u00f4te d&rsquo;Ivoire et positionner QUINO L EVENT comme la structure par excellence de promotion de nos valeurs musicales et culturelles.<\/div>\n<div><\/div>\n<div><\/div>\n<div>A travers cette conf\u00e9rence de presse, le peuple W\u00ea, sera, indique le le Directeur G\u00e9n\u00e9ral Adjoint en charge de la strat\u00e9gie et de l&rsquo;implantation de QUINO L EVENT, Kondou Kouassi Julien, \u00ab\u00a0mobilis\u00e9 et nous comptons sur la presse W\u00ea et nationale pour informer toute la population ivoirienne \u00e0 venir \u00e0 ce spectacle le 11 mai \u00e0 partir de 15h\u00a0\u00bb, a-t-il invit\u00e9.<\/div>\n<div><\/div>\n<div>Avant de donner les couleurs de cet \u00e9v\u00e9nement culturel qui comprendra deux parties.<\/div>\n<div><\/div>\n<div>A l&rsquo;en croire, la premi\u00e8re partie concernera les prestations des alli\u00e9s W\u00ea, l&rsquo;intervention des partenaires et sponsors ainsi que la pr\u00e9sentation du comit\u00e9 d&rsquo;organisation.<\/div>\n<div><\/div>\n<div>Quant \u00e0 la seconde partie, elle concernera le spectacle de l&rsquo;artiste. Aux dires de M. Kondou, l&rsquo;artiste Perroquet de l&rsquo;Ouest sera sur sc\u00e8ne pendant 1h30.\u00a0\u00a0<i>\u00ab\u00a0Nous avons s\u00e9lectionn\u00e9 les meilleurs titres pour pouvoir satisfaire les fans de l&rsquo;artiste. Le spectacle est en live\u00a0\u00bb<\/i>, a-t-il annonc\u00e9.<\/div>\n<div><\/div>\n<div><\/div>\n<div>Selon les organisateurs, 4 000 personnes sont attendues au palais de la culture \u00e0 ce grand concert, afin de \u00ab\u00a0communier\u00a0\u00bb avec l&rsquo;artiste.<\/div>\n<div>Notons que les tickets sont en vente dans les points de vente habituels aux prix de 10 000 FCFA pour le Grand Public et 20 000 FCFA pour les VIP.<\/div>\n<div><\/div>\n<div>Pour sa part, l&rsquo;artiste Perroquet de l&rsquo;Ouest a invit\u00e9 les artistes W\u00ea \u00e0 venir le soutenir et les populations \u00e0 venir prendre part massivement \u00e0 ce concert d\u00e9nomm\u00e9 \u00ab\u00a0<b>Concert W\u00ea AMANGNONLOUE\u00a0\u00bb<\/b>, qui signifie l&rsquo;Union fait la force \u00ab\u00a0.<\/div>\n<div><\/div>\n<div>N\u00e9 \u00e0 DIEHIBA, village situ\u00e9 dans le d\u00e9partement de DUEKOUE, TEHE Boha Aubin, est un jeune artiste W\u00ea talentueux qui a d\u00e9but\u00e9 sa carri\u00e8re musicale en 2016 avec le titre \u00ab\u00a0<b>SONSSENIEMON SIEHI<\/b>\u00ab\u00a0. Aujourd&rsquo;hui, il a une carri\u00e8re musicale tr\u00e8s riche. En effet, sa discographie comprend plusieurs singles, \u00e0 savoir,\u00a0<b>\u00ab\u00a0Humilit\u00e9\u00a0\u00bb, \u00ab\u00a0GLOGNION FORUM WE\u00a0\u00bb, \u00ab\u00a0AGBEGLOUBO\u00a0\u00bb, \u00ab\u00a0ZAHONWONBO\u00a0\u00bb, \u00ab\u00a0WAIDOU\u00a0\u00bb, \u00ab\u00a0LA GLOIRE\u00a0\u00bb<\/b>\u00a0et\u00a0<b>\u00ab\u00a0ZOWA GNIGNIN\u00a0\u00bb.\u00a0<\/b><\/div>\n<div><b>\u00a0<\/b><\/div>\n<div>De m\u00eame, il a re\u00e7u plusieurs distinctions dont le Prix du Meilleur Espoir Artiste W\u00ea(2019), le Prix du Meilleur Ambassadeur des Artistes W\u00ea(2020), le Prix du Meilleur Artiste W\u00ea aux Awards de la Musique W\u00ea(2022).<\/div>\n<div><\/div>\n<div>Pour rappel, QUINO L EVENT est une structure sp\u00e9cialis\u00e9e dans la vente, la location de mat\u00e9riels d&rsquo;\u00e9v\u00e9nements, d&rsquo;impl\u00e9mentation \u00e9v\u00e9nementielle. Elle comprend, en son sein, deux p\u00f4les strat\u00e9giques(la gestion logistique et la production artistique).<\/div>\n<div><\/div>\n<div><\/div>\n<div><b>Sunday Alain<\/b><\/div>\n","protected":false},"excerpt":{"rendered":"<p>&nbsp; L&rsquo;artiste W\u00ea, TEHE Boha Aubin alias \u00ab\u00a0Perroquet de l&rsquo;Ouest\u00a0\u00bb, sera en concert live le 11 mai 2024 \u00e0 15h GMT \u00e0 la salle Anoumabo du Palais de la Culture d&rsquo;Abidjan-Treichville. L&rsquo;annonce a \u00e9t\u00e9 faite par la structure \u00e9v\u00e9nementielle, QUINO L EVENT, avec \u00e0 sa t\u00eate M. Y\u00e9bou\u00e9 Kimu Ano, au cours d&rsquo;une conf\u00e9rence de [&hellip;]<\/p>\n","protected":false},"author":2,"featured_media":5799,"comment_status":"closed","ping_status":"closed","sticky":false,"template":"","format":"standard","meta":{"_acf_changed":false,"footnotes":""},"categories":[3],"tags":[],"class_list":["post-5797","post","type-post","status-publish","format-standard","has-post-thumbnail","hentry","category-culture"],"acf":[],"yoast_head":"<!-- This site is optimized with the Yoast SEO plugin v27.5 - https:\/\/yoast.com\/product\/yoast-seo-wordpress\/ -->\n<title>Promotion de la culture W\u00ea : L&#039;artiste W\u00ea &quot;Perroquet De l&#039;Ouest&quot; en concert live le 11 mai prochain au palais de la culture - Amanien| L&#039;actualit\u00e9 Ivoirienne et Internationale<\/title>\n<meta name=\"robots\" content=\"index, follow, max-snippet:-1, max-image-preview:large, max-video-preview:-1\" \/>\n<link rel=\"canonical\" href=\"https:\/\/www.amanien.info\/news\/promotion-de-la-culture-we-lartiste-we-perroquet-de-louest-en-concert-live-le-11-mai-prochain-au-palais-de-la-culture\/\" \/>\n<meta property=\"og:locale\" content=\"fr_FR\" \/>\n<meta property=\"og:type\" content=\"article\" \/>\n<meta property=\"og:title\" content=\"Promotion de la culture W\u00ea : L&#039;artiste W\u00ea &quot;Perroquet De l&#039;Ouest&quot; en concert live le 11 mai prochain au palais de la culture - Amanien| L&#039;actualit\u00e9 Ivoirienne et Internationale\" \/>\n<meta property=\"og:description\" content=\"&nbsp; L&rsquo;artiste W\u00ea, TEHE Boha Aubin alias \u00ab\u00a0Perroquet de l&rsquo;Ouest\u00a0\u00bb, sera en concert live le 11 mai 2024 \u00e0 15h GMT \u00e0 la salle Anoumabo du Palais de la Culture d&rsquo;Abidjan-Treichville. L&rsquo;annonce a \u00e9t\u00e9 faite par la structure \u00e9v\u00e9nementielle, QUINO L EVENT, avec \u00e0 sa t\u00eate M. Y\u00e9bou\u00e9 Kimu Ano, au cours d&rsquo;une conf\u00e9rence de [&hellip;]\" \/>\n<meta property=\"og:url\" content=\"https:\/\/www.amanien.info\/news\/promotion-de-la-culture-we-lartiste-we-perroquet-de-louest-en-concert-live-le-11-mai-prochain-au-palais-de-la-culture\/\" \/>\n<meta property=\"og:site_name\" content=\"Amanien| L&#039;actualit\u00e9 Ivoirienne et Internationale\" \/>\n<meta property=\"article:published_time\" content=\"2024-01-26T16:33:22+00:00\" \/>\n<meta property=\"og:image\" content=\"https:\/\/www.amanien.info\/news\/wp-content\/uploads\/2024\/01\/IMG-20240125-WA0069-1.jpg\" \/>\n\t<meta property=\"og:image:width\" content=\"1040\" \/>\n\t<meta property=\"og:image:height\" content=\"780\" \/>\n\t<meta property=\"og:image:type\" content=\"image\/jpeg\" \/>\n<meta name=\"author\" content=\"Germain Ndri\" \/>\n<meta name=\"twitter:card\" content=\"summary_large_image\" \/>\n<meta name=\"twitter:label1\" content=\"\u00c9crit par\" \/>\n\t<meta name=\"twitter:data1\" content=\"Germain Ndri\" \/>\n\t<meta name=\"twitter:label2\" content=\"Dur\u00e9e de lecture estim\u00e9e\" \/>\n\t<meta name=\"twitter:data2\" content=\"3 minutes\" \/>\n<script type=\"application\/ld+json\" class=\"yoast-schema-graph\">{\"@context\":\"https:\\\/\\\/schema.org\",\"@graph\":[{\"@type\":\"Article\",\"@id\":\"https:\\\/\\\/www.amanien.info\\\/news\\\/promotion-de-la-culture-we-lartiste-we-perroquet-de-louest-en-concert-live-le-11-mai-prochain-au-palais-de-la-culture\\\/#article\",\"isPartOf\":{\"@id\":\"https:\\\/\\\/www.amanien.info\\\/news\\\/promotion-de-la-culture-we-lartiste-we-perroquet-de-louest-en-concert-live-le-11-mai-prochain-au-palais-de-la-culture\\\/\"},\"author\":{\"name\":\"Germain Ndri\",\"@id\":\"https:\\\/\\\/www.amanien.info\\\/news\\\/#\\\/schema\\\/person\\\/b21093345753a1a98242d505bd894f42\"},\"headline\":\"Promotion de la culture W\u00ea : L&rsquo;artiste W\u00ea \u00ab\u00a0Perroquet De l&rsquo;Ouest\u00a0\u00bb en concert live le 11 mai prochain au palais de la culture\",\"datePublished\":\"2024-01-26T16:33:22+00:00\",\"mainEntityOfPage\":{\"@id\":\"https:\\\/\\\/www.amanien.info\\\/news\\\/promotion-de-la-culture-we-lartiste-we-perroquet-de-louest-en-concert-live-le-11-mai-prochain-au-palais-de-la-culture\\\/\"},\"wordCount\":564,\"image\":{\"@id\":\"https:\\\/\\\/www.amanien.info\\\/news\\\/promotion-de-la-culture-we-lartiste-we-perroquet-de-louest-en-concert-live-le-11-mai-prochain-au-palais-de-la-culture\\\/#primaryimage\"},\"thumbnailUrl\":\"https:\\\/\\\/www.amanien.info\\\/news\\\/wp-content\\\/uploads\\\/2024\\\/01\\\/IMG-20240125-WA0069-1.jpg\",\"articleSection\":[\"Culture\"],\"inLanguage\":\"fr-FR\"},{\"@type\":\"WebPage\",\"@id\":\"https:\\\/\\\/www.amanien.info\\\/news\\\/promotion-de-la-culture-we-lartiste-we-perroquet-de-louest-en-concert-live-le-11-mai-prochain-au-palais-de-la-culture\\\/\",\"url\":\"https:\\\/\\\/www.amanien.info\\\/news\\\/promotion-de-la-culture-we-lartiste-we-perroquet-de-louest-en-concert-live-le-11-mai-prochain-au-palais-de-la-culture\\\/\",\"name\":\"Promotion de la culture W\u00ea : L'artiste W\u00ea \\\"Perroquet De l'Ouest\\\" en concert live le 11 mai prochain au palais de la culture - Amanien| L&#039;actualit\u00e9 Ivoirienne et Internationale\",\"isPartOf\":{\"@id\":\"https:\\\/\\\/www.amanien.info\\\/news\\\/#website\"},\"primaryImageOfPage\":{\"@id\":\"https:\\\/\\\/www.amanien.info\\\/news\\\/promotion-de-la-culture-we-lartiste-we-perroquet-de-louest-en-concert-live-le-11-mai-prochain-au-palais-de-la-culture\\\/#primaryimage\"},\"image\":{\"@id\":\"https:\\\/\\\/www.amanien.info\\\/news\\\/promotion-de-la-culture-we-lartiste-we-perroquet-de-louest-en-concert-live-le-11-mai-prochain-au-palais-de-la-culture\\\/#primaryimage\"},\"thumbnailUrl\":\"https:\\\/\\\/www.amanien.info\\\/news\\\/wp-content\\\/uploads\\\/2024\\\/01\\\/IMG-20240125-WA0069-1.jpg\",\"datePublished\":\"2024-01-26T16:33:22+00:00\",\"author\":{\"@id\":\"https:\\\/\\\/www.amanien.info\\\/news\\\/#\\\/schema\\\/person\\\/b21093345753a1a98242d505bd894f42\"},\"breadcrumb\":{\"@id\":\"https:\\\/\\\/www.amanien.info\\\/news\\\/promotion-de-la-culture-we-lartiste-we-perroquet-de-louest-en-concert-live-le-11-mai-prochain-au-palais-de-la-culture\\\/#breadcrumb\"},\"inLanguage\":\"fr-FR\",\"potentialAction\":[{\"@type\":\"ReadAction\",\"target\":[\"https:\\\/\\\/www.amanien.info\\\/news\\\/promotion-de-la-culture-we-lartiste-we-perroquet-de-louest-en-concert-live-le-11-mai-prochain-au-palais-de-la-culture\\\/\"]}]},{\"@type\":\"ImageObject\",\"inLanguage\":\"fr-FR\",\"@id\":\"https:\\\/\\\/www.amanien.info\\\/news\\\/promotion-de-la-culture-we-lartiste-we-perroquet-de-louest-en-concert-live-le-11-mai-prochain-au-palais-de-la-culture\\\/#primaryimage\",\"url\":\"https:\\\/\\\/www.amanien.info\\\/news\\\/wp-content\\\/uploads\\\/2024\\\/01\\\/IMG-20240125-WA0069-1.jpg\",\"contentUrl\":\"https:\\\/\\\/www.amanien.info\\\/news\\\/wp-content\\\/uploads\\\/2024\\\/01\\\/IMG-20240125-WA0069-1.jpg\",\"width\":1040,\"height\":780},{\"@type\":\"BreadcrumbList\",\"@id\":\"https:\\\/\\\/www.amanien.info\\\/news\\\/promotion-de-la-culture-we-lartiste-we-perroquet-de-louest-en-concert-live-le-11-mai-prochain-au-palais-de-la-culture\\\/#breadcrumb\",\"itemListElement\":[{\"@type\":\"ListItem\",\"position\":1,\"name\":\"Accueil\",\"item\":\"https:\\\/\\\/www.amanien.info\\\/news\\\/\"},{\"@type\":\"ListItem\",\"position\":2,\"name\":\"Promotion de la culture W\u00ea : L&rsquo;artiste W\u00ea \u00ab\u00a0Perroquet De l&rsquo;Ouest\u00a0\u00bb en concert live le 11 mai prochain au palais de la culture\"}]},{\"@type\":\"WebSite\",\"@id\":\"https:\\\/\\\/www.amanien.info\\\/news\\\/#website\",\"url\":\"https:\\\/\\\/www.amanien.info\\\/news\\\/\",\"name\":\"Amanien| L&#039;actualit\u00e9 Ivoirienne et Internationale\",\"description\":\"L&#039;actualit\u00e9 Ivoirienne et Internationale\",\"potentialAction\":[{\"@type\":\"SearchAction\",\"target\":{\"@type\":\"EntryPoint\",\"urlTemplate\":\"https:\\\/\\\/www.amanien.info\\\/news\\\/?s={search_term_string}\"},\"query-input\":{\"@type\":\"PropertyValueSpecification\",\"valueRequired\":true,\"valueName\":\"search_term_string\"}}],\"inLanguage\":\"fr-FR\"},{\"@type\":\"Person\",\"@id\":\"https:\\\/\\\/www.amanien.info\\\/news\\\/#\\\/schema\\\/person\\\/b21093345753a1a98242d505bd894f42\",\"name\":\"Germain Ndri\",\"url\":\"https:\\\/\\\/www.amanien.info\\\/news\\\/author\\\/amanien-infos\\\/\"}]}<\/script>\n<!-- \/ Yoast SEO plugin. -->","yoast_head_json":{"title":"Promotion de la culture W\u00ea : L'artiste W\u00ea \"Perroquet De l'Ouest\" en concert live le 11 mai prochain au palais de la culture - Amanien| L&#039;actualit\u00e9 Ivoirienne et Internationale","robots":{"index":"index","follow":"follow","max-snippet":"max-snippet:-1","max-image-preview":"max-image-preview:large","max-video-preview":"max-video-preview:-1"},"canonical":"https:\/\/www.amanien.info\/news\/promotion-de-la-culture-we-lartiste-we-perroquet-de-louest-en-concert-live-le-11-mai-prochain-au-palais-de-la-culture\/","og_locale":"fr_FR","og_type":"article","og_title":"Promotion de la culture W\u00ea : L'artiste W\u00ea \"Perroquet De l'Ouest\" en concert live le 11 mai prochain au palais de la culture - Amanien| L&#039;actualit\u00e9 Ivoirienne et Internationale","og_description":"&nbsp; L&rsquo;artiste W\u00ea, TEHE Boha Aubin alias \u00ab\u00a0Perroquet de l&rsquo;Ouest\u00a0\u00bb, sera en concert live le 11 mai 2024 \u00e0 15h GMT \u00e0 la salle Anoumabo du Palais de la Culture d&rsquo;Abidjan-Treichville. L&rsquo;annonce a \u00e9t\u00e9 faite par la structure \u00e9v\u00e9nementielle, QUINO L EVENT, avec \u00e0 sa t\u00eate M. Y\u00e9bou\u00e9 Kimu Ano, au cours d&rsquo;une conf\u00e9rence de [&hellip;]","og_url":"https:\/\/www.amanien.info\/news\/promotion-de-la-culture-we-lartiste-we-perroquet-de-louest-en-concert-live-le-11-mai-prochain-au-palais-de-la-culture\/","og_site_name":"Amanien| L&#039;actualit\u00e9 Ivoirienne et Internationale","article_published_time":"2024-01-26T16:33:22+00:00","og_image":[{"width":1040,"height":780,"url":"https:\/\/www.amanien.info\/news\/wp-content\/uploads\/2024\/01\/IMG-20240125-WA0069-1.jpg","type":"image\/jpeg"}],"author":"Germain Ndri","twitter_card":"summary_large_image","twitter_misc":{"\u00c9crit par":"Germain Ndri","Dur\u00e9e de lecture estim\u00e9e":"3 minutes"},"schema":{"@context":"https:\/\/schema.org","@graph":[{"@type":"Article","@id":"https:\/\/www.amanien.info\/news\/promotion-de-la-culture-we-lartiste-we-perroquet-de-louest-en-concert-live-le-11-mai-prochain-au-palais-de-la-culture\/#article","isPartOf":{"@id":"https:\/\/www.amanien.info\/news\/promotion-de-la-culture-we-lartiste-we-perroquet-de-louest-en-concert-live-le-11-mai-prochain-au-palais-de-la-culture\/"},"author":{"name":"Germain Ndri","@id":"https:\/\/www.amanien.info\/news\/#\/schema\/person\/b21093345753a1a98242d505bd894f42"},"headline":"Promotion de la culture W\u00ea : L&rsquo;artiste W\u00ea \u00ab\u00a0Perroquet De l&rsquo;Ouest\u00a0\u00bb en concert live le 11 mai prochain au palais de la culture","datePublished":"2024-01-26T16:33:22+00:00","mainEntityOfPage":{"@id":"https:\/\/www.amanien.info\/news\/promotion-de-la-culture-we-lartiste-we-perroquet-de-louest-en-concert-live-le-11-mai-prochain-au-palais-de-la-culture\/"},"wordCount":564,"image":{"@id":"https:\/\/www.amanien.info\/news\/promotion-de-la-culture-we-lartiste-we-perroquet-de-louest-en-concert-live-le-11-mai-prochain-au-palais-de-la-culture\/#primaryimage"},"thumbnailUrl":"https:\/\/www.amanien.info\/news\/wp-content\/uploads\/2024\/01\/IMG-20240125-WA0069-1.jpg","articleSection":["Culture"],"inLanguage":"fr-FR"},{"@type":"WebPage","@id":"https:\/\/www.amanien.info\/news\/promotion-de-la-culture-we-lartiste-we-perroquet-de-louest-en-concert-live-le-11-mai-prochain-au-palais-de-la-culture\/","url":"https:\/\/www.amanien.info\/news\/promotion-de-la-culture-we-lartiste-we-perroquet-de-louest-en-concert-live-le-11-mai-prochain-au-palais-de-la-culture\/","name":"Promotion de la culture W\u00ea : L'artiste W\u00ea \"Perroquet De l'Ouest\" en concert live le 11 mai prochain au palais de la culture - Amanien| L&#039;actualit\u00e9 Ivoirienne et Internationale","isPartOf":{"@id":"https:\/\/www.amanien.info\/news\/#website"},"primaryImageOfPage":{"@id":"https:\/\/www.amanien.info\/news\/promotion-de-la-culture-we-lartiste-we-perroquet-de-louest-en-concert-live-le-11-mai-prochain-au-palais-de-la-culture\/#primaryimage"},"image":{"@id":"https:\/\/www.amanien.info\/news\/promotion-de-la-culture-we-lartiste-we-perroquet-de-louest-en-concert-live-le-11-mai-prochain-au-palais-de-la-culture\/#primaryimage"},"thumbnailUrl":"https:\/\/www.amanien.info\/news\/wp-content\/uploads\/2024\/01\/IMG-20240125-WA0069-1.jpg","datePublished":"2024-01-26T16:33:22+00:00","author":{"@id":"https:\/\/www.amanien.info\/news\/#\/schema\/person\/b21093345753a1a98242d505bd894f42"},"breadcrumb":{"@id":"https:\/\/www.amanien.info\/news\/promotion-de-la-culture-we-lartiste-we-perroquet-de-louest-en-concert-live-le-11-mai-prochain-au-palais-de-la-culture\/#breadcrumb"},"inLanguage":"fr-FR","potentialAction":[{"@type":"ReadAction","target":["https:\/\/www.amanien.info\/news\/promotion-de-la-culture-we-lartiste-we-perroquet-de-louest-en-concert-live-le-11-mai-prochain-au-palais-de-la-culture\/"]}]},{"@type":"ImageObject","inLanguage":"fr-FR","@id":"https:\/\/www.amanien.info\/news\/promotion-de-la-culture-we-lartiste-we-perroquet-de-louest-en-concert-live-le-11-mai-prochain-au-palais-de-la-culture\/#primaryimage","url":"https:\/\/www.amanien.info\/news\/wp-content\/uploads\/2024\/01\/IMG-20240125-WA0069-1.jpg","contentUrl":"https:\/\/www.amanien.info\/news\/wp-content\/uploads\/2024\/01\/IMG-20240125-WA0069-1.jpg","width":1040,"height":780},{"@type":"BreadcrumbList","@id":"https:\/\/www.amanien.info\/news\/promotion-de-la-culture-we-lartiste-we-perroquet-de-louest-en-concert-live-le-11-mai-prochain-au-palais-de-la-culture\/#breadcrumb","itemListElement":[{"@type":"ListItem","position":1,"name":"Accueil","item":"https:\/\/www.amanien.info\/news\/"},{"@type":"ListItem","position":2,"name":"Promotion de la culture W\u00ea : L&rsquo;artiste W\u00ea \u00ab\u00a0Perroquet De l&rsquo;Ouest\u00a0\u00bb en concert live le 11 mai prochain au palais de la culture"}]},{"@type":"WebSite","@id":"https:\/\/www.amanien.info\/news\/#website","url":"https:\/\/www.amanien.info\/news\/","name":"Amanien| L&#039;actualit\u00e9 Ivoirienne et Internationale","description":"L&#039;actualit\u00e9 Ivoirienne et Internationale","potentialAction":[{"@type":"SearchAction","target":{"@type":"EntryPoint","urlTemplate":"https:\/\/www.amanien.info\/news\/?s={search_term_string}"},"query-input":{"@type":"PropertyValueSpecification","valueRequired":true,"valueName":"search_term_string"}}],"inLanguage":"fr-FR"},{"@type":"Person","@id":"https:\/\/www.amanien.info\/news\/#\/schema\/person\/b21093345753a1a98242d505bd894f42","name":"Germain Ndri","url":"https:\/\/www.amanien.info\/news\/author\/amanien-infos\/"}]}},"_links":{"self":[{"href":"https:\/\/www.amanien.info\/news\/wp-json\/wp\/v2\/posts\/5797","targetHints":{"allow":["GET"]}}],"collection":[{"href":"https:\/\/www.amanien.info\/news\/wp-json\/wp\/v2\/posts"}],"about":[{"href":"https:\/\/www.amanien.info\/news\/wp-json\/wp\/v2\/types\/post"}],"author":[{"embeddable":true,"href":"https:\/\/www.amanien.info\/news\/wp-json\/wp\/v2\/users\/2"}],"replies":[{"embeddable":true,"href":"https:\/\/www.amanien.info\/news\/wp-json\/wp\/v2\/comments?post=5797"}],"version-history":[{"count":1,"href":"https:\/\/www.amanien.info\/news\/wp-json\/wp\/v2\/posts\/5797\/revisions"}],"predecessor-version":[{"id":5800,"href":"https:\/\/www.amanien.info\/news\/wp-json\/wp\/v2\/posts\/5797\/revisions\/5800"}],"wp:featuredmedia":[{"embeddable":true,"href":"https:\/\/www.amanien.info\/news\/wp-json\/wp\/v2\/media\/5799"}],"wp:attachment":[{"href":"https:\/\/www.amanien.info\/news\/wp-json\/wp\/v2\/media?parent=5797"}],"wp:term":[{"taxonomy":"category","embeddable":true,"href":"https:\/\/www.amanien.info\/news\/wp-json\/wp\/v2\/categories?post=5797"},{"taxonomy":"post_tag","embeddable":true,"href":"https:\/\/www.amanien.info\/news\/wp-json\/wp\/v2\/tags?post=5797"}],"curies":[{"name":"wp","href":"https:\/\/api.w.org\/{rel}","templated":true}]}}