{"id":5761,"date":"2024-01-11T07:03:39","date_gmt":"2024-01-11T07:03:39","guid":{"rendered":"https:\/\/www.amanien.info\/news\/?p=5761"},"modified":"2024-01-11T07:03:39","modified_gmt":"2024-01-11T07:03:39","slug":"toutes-les-dispositions-sont-prises-pour-que-la-can-se-deroule-bien-assure-francois-amichia","status":"publish","type":"post","link":"https:\/\/www.amanien.info\/news\/toutes-les-dispositions-sont-prises-pour-que-la-can-se-deroule-bien-assure-francois-amichia\/","title":{"rendered":"Toutes les dispositions sont prises pour que la CAN se d\u00e9roule bien\u00a0\u00bb, assure Fran\u00e7ois Amichia"},"content":{"rendered":"<p>\u00ab\u00a0Toutes les dispositions sont prises pour que la CAN se d\u00e9roule bien\u00a0\u00bb, assure Fran\u00e7ois Amichia<\/p>\n<div><\/div>\n<div><\/div>\n<div><\/div>\n<div>Le Pr\u00e9sident du Comit\u00e9 d&rsquo;organisation de la Coupe d&rsquo;Afrique des nations (COCAN), Fran\u00e7ois Amichia, a assur\u00e9, mercredi 10 janvier 2024, lors de l&rsquo;ultime conf\u00e9rence de presse d&rsquo;avant CAN, que toutes les dispositions sont prises pour le bon d\u00e9roulement de la comp\u00e9tition.\u00a0\u00ab\u00a0<i>A ce jour, nous pouvons affirmer que gr\u00e2ce aux efforts consentis par le Gouvernement, toutes les infrastructures sportives sont pr\u00eates et ont fait l&rsquo;objet de tests \u00e0 l&rsquo;occasion de matchs amicaux ou internationaux \u00ab\u00a0<\/i>, a rassur\u00e9 le Pr\u00e9sident du COCAN, Fran\u00e7ois Amichia.<\/div>\n<div><\/div>\n<div>A l&rsquo;en croire, le COCAN est \u00ab\u00a0pr\u00eat \u00e0 relever les d\u00e9fis qui se pr\u00e9sentent et \u00e0 surmonter les obstacles avec r\u00e9silience, cr\u00e9ativit\u00e9, calme et ma\u00eetrise de soi\u00a0\u00bb, a-t-il dit.<\/div>\n<div><\/div>\n<div>Aussi a-t-il ajout\u00e9 que les cit\u00e9s CAN de Bouak\u00e9, San Pedro et Korhogo et de l&rsquo;h\u00f4tel CAN de Korhogo ont \u00e9t\u00e9 test\u00e9s pendant la comp\u00e9tition f\u00e9minine d\u00e9nomm\u00e9e \u00ab\u00a0Women&rsquo;s Champions league par le Secr\u00e9taire G\u00e9n\u00e9ral de la Conf\u00e9d\u00e9ration Africaine de Football (CAF) lors des visites d&rsquo;inspection.<\/div>\n<div><\/div>\n<div>S&rsquo;agissant de la mascotte et l&rsquo;hymne de la CAN, le Maire de la Cit\u00e9 N&rsquo;Zassa, Treichville, a assur\u00e9 que la mascotte et l&rsquo;hymne de la CAN \u00ab\u00a0se portent bien et allient sur leur passage, les populations d&rsquo;ici et d&rsquo;ailleurs\u00a0\u00bb.<\/div>\n<div><\/div>\n<div>Poursuivant, le Premier responsable du COCAN a soulign\u00e9 que la s\u00e9curit\u00e9 \u00ab\u00a0sera assur\u00e9e \u00e0 tous les niveaux (gr\u00e2ce aux \u00e9l\u00e9ments du GSP, de la police, etc).<\/div>\n<div><\/div>\n<div><\/div>\n<div>Fran\u00e7ois Amichia a, par ailleurs, appel\u00e9 tous au rassemblement, \u00e0 l&rsquo;unit\u00e9 ainsi qu&rsquo;\u00e0 la coh\u00e9sion autour de ce prestigieux \u00e9v\u00e9nement.<\/div>\n<div><\/div>\n<div><\/div>\n<div>Pr\u00e9vue ce samedi 13 janvier, note-t-on, la c\u00e9r\u00e9monie d&rsquo;ouverture de la\u00a0\u00bbCAN de l&rsquo;hospitalit\u00e9\u00a0\u00bb aura lieu \u00e0 18h15, heure locale, et va durer 30 minutes. Quant au coup d&rsquo;envoi du premier match de la comp\u00e9tition, qui mettra aux prises la C\u00f4te d&rsquo;Ivoire( pays h\u00f4te) \u00e0 la Guin\u00e9e Bissau, il sera donn\u00e9 \u00e0 20h00 au Stade Alassane Ouattara d&rsquo;Ebimp\u00e9.<\/div>\n<div><\/div>\n<div><\/div>\n<div><b>Sunday Alain<\/b><\/div>\n","protected":false},"excerpt":{"rendered":"<p>\u00ab\u00a0Toutes les dispositions sont prises pour que la CAN se d\u00e9roule bien\u00a0\u00bb, assure Fran\u00e7ois Amichia Le Pr\u00e9sident du Comit\u00e9 d&rsquo;organisation de la Coupe d&rsquo;Afrique des nations (COCAN), Fran\u00e7ois Amichia, a assur\u00e9, mercredi 10 janvier 2024, lors de l&rsquo;ultime conf\u00e9rence de presse d&rsquo;avant CAN, que toutes les dispositions sont prises pour le bon d\u00e9roulement de la [&hellip;]<\/p>\n","protected":false},"author":2,"featured_media":5763,"comment_status":"closed","ping_status":"closed","sticky":false,"template":"","format":"standard","meta":{"_acf_changed":false,"footnotes":""},"categories":[4],"tags":[],"class_list":["post-5761","post","type-post","status-publish","format-standard","has-post-thumbnail","hentry","category-sport"],"acf":[],"yoast_head":"<!-- This site is optimized with the Yoast SEO plugin v27.5 - https:\/\/yoast.com\/product\/yoast-seo-wordpress\/ -->\n<title>Toutes les dispositions sont prises pour que la CAN se d\u00e9roule bien&quot;, assure Fran\u00e7ois Amichia - Amanien| L&#039;actualit\u00e9 Ivoirienne et Internationale<\/title>\n<meta name=\"robots\" content=\"index, follow, max-snippet:-1, max-image-preview:large, max-video-preview:-1\" \/>\n<link rel=\"canonical\" href=\"https:\/\/www.amanien.info\/news\/toutes-les-dispositions-sont-prises-pour-que-la-can-se-deroule-bien-assure-francois-amichia\/\" \/>\n<meta property=\"og:locale\" content=\"fr_FR\" \/>\n<meta property=\"og:type\" content=\"article\" \/>\n<meta property=\"og:title\" content=\"Toutes les dispositions sont prises pour que la CAN se d\u00e9roule bien&quot;, assure Fran\u00e7ois Amichia - Amanien| L&#039;actualit\u00e9 Ivoirienne et Internationale\" \/>\n<meta property=\"og:description\" content=\"\u00ab\u00a0Toutes les dispositions sont prises pour que la CAN se d\u00e9roule bien\u00a0\u00bb, assure Fran\u00e7ois Amichia Le Pr\u00e9sident du Comit\u00e9 d&rsquo;organisation de la Coupe d&rsquo;Afrique des nations (COCAN), Fran\u00e7ois Amichia, a assur\u00e9, mercredi 10 janvier 2024, lors de l&rsquo;ultime conf\u00e9rence de presse d&rsquo;avant CAN, que toutes les dispositions sont prises pour le bon d\u00e9roulement de la [&hellip;]\" \/>\n<meta property=\"og:url\" content=\"https:\/\/www.amanien.info\/news\/toutes-les-dispositions-sont-prises-pour-que-la-can-se-deroule-bien-assure-francois-amichia\/\" \/>\n<meta property=\"og:site_name\" content=\"Amanien| L&#039;actualit\u00e9 Ivoirienne et Internationale\" \/>\n<meta property=\"article:published_time\" content=\"2024-01-11T07:03:39+00:00\" \/>\n<meta property=\"og:image\" content=\"https:\/\/www.amanien.info\/news\/wp-content\/uploads\/2024\/01\/IMG-20240110-WA0103-1.jpg\" \/>\n\t<meta property=\"og:image:width\" content=\"1280\" \/>\n\t<meta property=\"og:image:height\" content=\"846\" \/>\n\t<meta property=\"og:image:type\" content=\"image\/jpeg\" \/>\n<meta name=\"author\" content=\"Germain Ndri\" \/>\n<meta name=\"twitter:card\" content=\"summary_large_image\" \/>\n<meta name=\"twitter:label1\" content=\"\u00c9crit par\" \/>\n\t<meta name=\"twitter:data1\" content=\"Germain Ndri\" \/>\n\t<meta name=\"twitter:label2\" content=\"Dur\u00e9e de lecture estim\u00e9e\" \/>\n\t<meta name=\"twitter:data2\" content=\"2 minutes\" \/>\n<script type=\"application\/ld+json\" class=\"yoast-schema-graph\">{\"@context\":\"https:\\\/\\\/schema.org\",\"@graph\":[{\"@type\":\"Article\",\"@id\":\"https:\\\/\\\/www.amanien.info\\\/news\\\/toutes-les-dispositions-sont-prises-pour-que-la-can-se-deroule-bien-assure-francois-amichia\\\/#article\",\"isPartOf\":{\"@id\":\"https:\\\/\\\/www.amanien.info\\\/news\\\/toutes-les-dispositions-sont-prises-pour-que-la-can-se-deroule-bien-assure-francois-amichia\\\/\"},\"author\":{\"name\":\"Germain Ndri\",\"@id\":\"https:\\\/\\\/www.amanien.info\\\/news\\\/#\\\/schema\\\/person\\\/b21093345753a1a98242d505bd894f42\"},\"headline\":\"Toutes les dispositions sont prises pour que la CAN se d\u00e9roule bien\u00a0\u00bb, assure Fran\u00e7ois Amichia\",\"datePublished\":\"2024-01-11T07:03:39+00:00\",\"mainEntityOfPage\":{\"@id\":\"https:\\\/\\\/www.amanien.info\\\/news\\\/toutes-les-dispositions-sont-prises-pour-que-la-can-se-deroule-bien-assure-francois-amichia\\\/\"},\"wordCount\":386,\"image\":{\"@id\":\"https:\\\/\\\/www.amanien.info\\\/news\\\/toutes-les-dispositions-sont-prises-pour-que-la-can-se-deroule-bien-assure-francois-amichia\\\/#primaryimage\"},\"thumbnailUrl\":\"https:\\\/\\\/www.amanien.info\\\/news\\\/wp-content\\\/uploads\\\/2024\\\/01\\\/IMG-20240110-WA0103-1.jpg\",\"articleSection\":[\"Sport\"],\"inLanguage\":\"fr-FR\"},{\"@type\":\"WebPage\",\"@id\":\"https:\\\/\\\/www.amanien.info\\\/news\\\/toutes-les-dispositions-sont-prises-pour-que-la-can-se-deroule-bien-assure-francois-amichia\\\/\",\"url\":\"https:\\\/\\\/www.amanien.info\\\/news\\\/toutes-les-dispositions-sont-prises-pour-que-la-can-se-deroule-bien-assure-francois-amichia\\\/\",\"name\":\"Toutes les dispositions sont prises pour que la CAN se d\u00e9roule bien\\\", assure Fran\u00e7ois Amichia - Amanien| L&#039;actualit\u00e9 Ivoirienne et Internationale\",\"isPartOf\":{\"@id\":\"https:\\\/\\\/www.amanien.info\\\/news\\\/#website\"},\"primaryImageOfPage\":{\"@id\":\"https:\\\/\\\/www.amanien.info\\\/news\\\/toutes-les-dispositions-sont-prises-pour-que-la-can-se-deroule-bien-assure-francois-amichia\\\/#primaryimage\"},\"image\":{\"@id\":\"https:\\\/\\\/www.amanien.info\\\/news\\\/toutes-les-dispositions-sont-prises-pour-que-la-can-se-deroule-bien-assure-francois-amichia\\\/#primaryimage\"},\"thumbnailUrl\":\"https:\\\/\\\/www.amanien.info\\\/news\\\/wp-content\\\/uploads\\\/2024\\\/01\\\/IMG-20240110-WA0103-1.jpg\",\"datePublished\":\"2024-01-11T07:03:39+00:00\",\"author\":{\"@id\":\"https:\\\/\\\/www.amanien.info\\\/news\\\/#\\\/schema\\\/person\\\/b21093345753a1a98242d505bd894f42\"},\"breadcrumb\":{\"@id\":\"https:\\\/\\\/www.amanien.info\\\/news\\\/toutes-les-dispositions-sont-prises-pour-que-la-can-se-deroule-bien-assure-francois-amichia\\\/#breadcrumb\"},\"inLanguage\":\"fr-FR\",\"potentialAction\":[{\"@type\":\"ReadAction\",\"target\":[\"https:\\\/\\\/www.amanien.info\\\/news\\\/toutes-les-dispositions-sont-prises-pour-que-la-can-se-deroule-bien-assure-francois-amichia\\\/\"]}]},{\"@type\":\"ImageObject\",\"inLanguage\":\"fr-FR\",\"@id\":\"https:\\\/\\\/www.amanien.info\\\/news\\\/toutes-les-dispositions-sont-prises-pour-que-la-can-se-deroule-bien-assure-francois-amichia\\\/#primaryimage\",\"url\":\"https:\\\/\\\/www.amanien.info\\\/news\\\/wp-content\\\/uploads\\\/2024\\\/01\\\/IMG-20240110-WA0103-1.jpg\",\"contentUrl\":\"https:\\\/\\\/www.amanien.info\\\/news\\\/wp-content\\\/uploads\\\/2024\\\/01\\\/IMG-20240110-WA0103-1.jpg\",\"width\":1280,\"height\":846},{\"@type\":\"BreadcrumbList\",\"@id\":\"https:\\\/\\\/www.amanien.info\\\/news\\\/toutes-les-dispositions-sont-prises-pour-que-la-can-se-deroule-bien-assure-francois-amichia\\\/#breadcrumb\",\"itemListElement\":[{\"@type\":\"ListItem\",\"position\":1,\"name\":\"Accueil\",\"item\":\"https:\\\/\\\/www.amanien.info\\\/news\\\/\"},{\"@type\":\"ListItem\",\"position\":2,\"name\":\"Toutes les dispositions sont prises pour que la CAN se d\u00e9roule bien\u00a0\u00bb, assure Fran\u00e7ois Amichia\"}]},{\"@type\":\"WebSite\",\"@id\":\"https:\\\/\\\/www.amanien.info\\\/news\\\/#website\",\"url\":\"https:\\\/\\\/www.amanien.info\\\/news\\\/\",\"name\":\"Amanien| L&#039;actualit\u00e9 Ivoirienne et Internationale\",\"description\":\"L&#039;actualit\u00e9 Ivoirienne et Internationale\",\"potentialAction\":[{\"@type\":\"SearchAction\",\"target\":{\"@type\":\"EntryPoint\",\"urlTemplate\":\"https:\\\/\\\/www.amanien.info\\\/news\\\/?s={search_term_string}\"},\"query-input\":{\"@type\":\"PropertyValueSpecification\",\"valueRequired\":true,\"valueName\":\"search_term_string\"}}],\"inLanguage\":\"fr-FR\"},{\"@type\":\"Person\",\"@id\":\"https:\\\/\\\/www.amanien.info\\\/news\\\/#\\\/schema\\\/person\\\/b21093345753a1a98242d505bd894f42\",\"name\":\"Germain Ndri\",\"url\":\"https:\\\/\\\/www.amanien.info\\\/news\\\/author\\\/amanien-infos\\\/\"}]}<\/script>\n<!-- \/ Yoast SEO plugin. -->","yoast_head_json":{"title":"Toutes les dispositions sont prises pour que la CAN se d\u00e9roule bien\", assure Fran\u00e7ois Amichia - Amanien| L&#039;actualit\u00e9 Ivoirienne et Internationale","robots":{"index":"index","follow":"follow","max-snippet":"max-snippet:-1","max-image-preview":"max-image-preview:large","max-video-preview":"max-video-preview:-1"},"canonical":"https:\/\/www.amanien.info\/news\/toutes-les-dispositions-sont-prises-pour-que-la-can-se-deroule-bien-assure-francois-amichia\/","og_locale":"fr_FR","og_type":"article","og_title":"Toutes les dispositions sont prises pour que la CAN se d\u00e9roule bien\", assure Fran\u00e7ois Amichia - Amanien| L&#039;actualit\u00e9 Ivoirienne et Internationale","og_description":"\u00ab\u00a0Toutes les dispositions sont prises pour que la CAN se d\u00e9roule bien\u00a0\u00bb, assure Fran\u00e7ois Amichia Le Pr\u00e9sident du Comit\u00e9 d&rsquo;organisation de la Coupe d&rsquo;Afrique des nations (COCAN), Fran\u00e7ois Amichia, a assur\u00e9, mercredi 10 janvier 2024, lors de l&rsquo;ultime conf\u00e9rence de presse d&rsquo;avant CAN, que toutes les dispositions sont prises pour le bon d\u00e9roulement de la [&hellip;]","og_url":"https:\/\/www.amanien.info\/news\/toutes-les-dispositions-sont-prises-pour-que-la-can-se-deroule-bien-assure-francois-amichia\/","og_site_name":"Amanien| L&#039;actualit\u00e9 Ivoirienne et Internationale","article_published_time":"2024-01-11T07:03:39+00:00","og_image":[{"width":1280,"height":846,"url":"https:\/\/www.amanien.info\/news\/wp-content\/uploads\/2024\/01\/IMG-20240110-WA0103-1.jpg","type":"image\/jpeg"}],"author":"Germain Ndri","twitter_card":"summary_large_image","twitter_misc":{"\u00c9crit par":"Germain Ndri","Dur\u00e9e de lecture estim\u00e9e":"2 minutes"},"schema":{"@context":"https:\/\/schema.org","@graph":[{"@type":"Article","@id":"https:\/\/www.amanien.info\/news\/toutes-les-dispositions-sont-prises-pour-que-la-can-se-deroule-bien-assure-francois-amichia\/#article","isPartOf":{"@id":"https:\/\/www.amanien.info\/news\/toutes-les-dispositions-sont-prises-pour-que-la-can-se-deroule-bien-assure-francois-amichia\/"},"author":{"name":"Germain Ndri","@id":"https:\/\/www.amanien.info\/news\/#\/schema\/person\/b21093345753a1a98242d505bd894f42"},"headline":"Toutes les dispositions sont prises pour que la CAN se d\u00e9roule bien\u00a0\u00bb, assure Fran\u00e7ois Amichia","datePublished":"2024-01-11T07:03:39+00:00","mainEntityOfPage":{"@id":"https:\/\/www.amanien.info\/news\/toutes-les-dispositions-sont-prises-pour-que-la-can-se-deroule-bien-assure-francois-amichia\/"},"wordCount":386,"image":{"@id":"https:\/\/www.amanien.info\/news\/toutes-les-dispositions-sont-prises-pour-que-la-can-se-deroule-bien-assure-francois-amichia\/#primaryimage"},"thumbnailUrl":"https:\/\/www.amanien.info\/news\/wp-content\/uploads\/2024\/01\/IMG-20240110-WA0103-1.jpg","articleSection":["Sport"],"inLanguage":"fr-FR"},{"@type":"WebPage","@id":"https:\/\/www.amanien.info\/news\/toutes-les-dispositions-sont-prises-pour-que-la-can-se-deroule-bien-assure-francois-amichia\/","url":"https:\/\/www.amanien.info\/news\/toutes-les-dispositions-sont-prises-pour-que-la-can-se-deroule-bien-assure-francois-amichia\/","name":"Toutes les dispositions sont prises pour que la CAN se d\u00e9roule bien\", assure Fran\u00e7ois Amichia - Amanien| L&#039;actualit\u00e9 Ivoirienne et Internationale","isPartOf":{"@id":"https:\/\/www.amanien.info\/news\/#website"},"primaryImageOfPage":{"@id":"https:\/\/www.amanien.info\/news\/toutes-les-dispositions-sont-prises-pour-que-la-can-se-deroule-bien-assure-francois-amichia\/#primaryimage"},"image":{"@id":"https:\/\/www.amanien.info\/news\/toutes-les-dispositions-sont-prises-pour-que-la-can-se-deroule-bien-assure-francois-amichia\/#primaryimage"},"thumbnailUrl":"https:\/\/www.amanien.info\/news\/wp-content\/uploads\/2024\/01\/IMG-20240110-WA0103-1.jpg","datePublished":"2024-01-11T07:03:39+00:00","author":{"@id":"https:\/\/www.amanien.info\/news\/#\/schema\/person\/b21093345753a1a98242d505bd894f42"},"breadcrumb":{"@id":"https:\/\/www.amanien.info\/news\/toutes-les-dispositions-sont-prises-pour-que-la-can-se-deroule-bien-assure-francois-amichia\/#breadcrumb"},"inLanguage":"fr-FR","potentialAction":[{"@type":"ReadAction","target":["https:\/\/www.amanien.info\/news\/toutes-les-dispositions-sont-prises-pour-que-la-can-se-deroule-bien-assure-francois-amichia\/"]}]},{"@type":"ImageObject","inLanguage":"fr-FR","@id":"https:\/\/www.amanien.info\/news\/toutes-les-dispositions-sont-prises-pour-que-la-can-se-deroule-bien-assure-francois-amichia\/#primaryimage","url":"https:\/\/www.amanien.info\/news\/wp-content\/uploads\/2024\/01\/IMG-20240110-WA0103-1.jpg","contentUrl":"https:\/\/www.amanien.info\/news\/wp-content\/uploads\/2024\/01\/IMG-20240110-WA0103-1.jpg","width":1280,"height":846},{"@type":"BreadcrumbList","@id":"https:\/\/www.amanien.info\/news\/toutes-les-dispositions-sont-prises-pour-que-la-can-se-deroule-bien-assure-francois-amichia\/#breadcrumb","itemListElement":[{"@type":"ListItem","position":1,"name":"Accueil","item":"https:\/\/www.amanien.info\/news\/"},{"@type":"ListItem","position":2,"name":"Toutes les dispositions sont prises pour que la CAN se d\u00e9roule bien\u00a0\u00bb, assure Fran\u00e7ois Amichia"}]},{"@type":"WebSite","@id":"https:\/\/www.amanien.info\/news\/#website","url":"https:\/\/www.amanien.info\/news\/","name":"Amanien| L&#039;actualit\u00e9 Ivoirienne et Internationale","description":"L&#039;actualit\u00e9 Ivoirienne et Internationale","potentialAction":[{"@type":"SearchAction","target":{"@type":"EntryPoint","urlTemplate":"https:\/\/www.amanien.info\/news\/?s={search_term_string}"},"query-input":{"@type":"PropertyValueSpecification","valueRequired":true,"valueName":"search_term_string"}}],"inLanguage":"fr-FR"},{"@type":"Person","@id":"https:\/\/www.amanien.info\/news\/#\/schema\/person\/b21093345753a1a98242d505bd894f42","name":"Germain Ndri","url":"https:\/\/www.amanien.info\/news\/author\/amanien-infos\/"}]}},"_links":{"self":[{"href":"https:\/\/www.amanien.info\/news\/wp-json\/wp\/v2\/posts\/5761","targetHints":{"allow":["GET"]}}],"collection":[{"href":"https:\/\/www.amanien.info\/news\/wp-json\/wp\/v2\/posts"}],"about":[{"href":"https:\/\/www.amanien.info\/news\/wp-json\/wp\/v2\/types\/post"}],"author":[{"embeddable":true,"href":"https:\/\/www.amanien.info\/news\/wp-json\/wp\/v2\/users\/2"}],"replies":[{"embeddable":true,"href":"https:\/\/www.amanien.info\/news\/wp-json\/wp\/v2\/comments?post=5761"}],"version-history":[{"count":1,"href":"https:\/\/www.amanien.info\/news\/wp-json\/wp\/v2\/posts\/5761\/revisions"}],"predecessor-version":[{"id":5764,"href":"https:\/\/www.amanien.info\/news\/wp-json\/wp\/v2\/posts\/5761\/revisions\/5764"}],"wp:featuredmedia":[{"embeddable":true,"href":"https:\/\/www.amanien.info\/news\/wp-json\/wp\/v2\/media\/5763"}],"wp:attachment":[{"href":"https:\/\/www.amanien.info\/news\/wp-json\/wp\/v2\/media?parent=5761"}],"wp:term":[{"taxonomy":"category","embeddable":true,"href":"https:\/\/www.amanien.info\/news\/wp-json\/wp\/v2\/categories?post=5761"},{"taxonomy":"post_tag","embeddable":true,"href":"https:\/\/www.amanien.info\/news\/wp-json\/wp\/v2\/tags?post=5761"}],"curies":[{"name":"wp","href":"https:\/\/api.w.org\/{rel}","templated":true}]}}