{"id":5739,"date":"2024-01-08T13:21:54","date_gmt":"2024-01-08T13:21:54","guid":{"rendered":"https:\/\/www.amanien.info\/news\/?p=5739"},"modified":"2024-01-08T13:21:54","modified_gmt":"2024-01-08T13:21:54","slug":"gestion-des-ressources-humaines-et-de-projets-13-auditeurs-recoivent-leur-certificat-de-fin-de-formation","status":"publish","type":"post","link":"https:\/\/www.amanien.info\/news\/gestion-des-ressources-humaines-et-de-projets-13-auditeurs-recoivent-leur-certificat-de-fin-de-formation\/","title":{"rendered":"Gestion des Ressources Humaines et de Projets : 13 auditeurs re\u00e7oivent leur certificat de fin de formation\u00a0"},"content":{"rendered":"<div><span style=\"text-transform: initial;\">La c\u00e9r\u00e9monie de remise de dipl\u00f4me de la 9\u00e8 promotion en Gestion des Ressources Humaines et Gestion de projets s&rsquo;est tenue, le samedi 06 janvier 2023, \u00e0 Abidjan-Cocody.\u00a0<\/span><\/div>\n<div><\/div>\n<div>Au cours de cette importante c\u00e9r\u00e9monie, 13 auditeurs, dont 10 \u00e0 Abidjan et 03 venant de l&rsquo;int\u00e9rieur du pays, ont re\u00e7u leurs certificats et tableaux d&rsquo;honneur, \u00e0 l&rsquo;issue de 2 mois de formation en Gestion des Ressources Humaines et Gestion de projets.<\/div>\n<div><i>\u00a0\u00bb A l&rsquo;issue de cette formation, nous voulons que les participants puissent \u00eatre capables, eux-m\u00eames, de pouvoir int\u00e9grer les entreprises sur place. Ils seront pr\u00e9sent\u00e9s \u00e0 nos r\u00e9seaux d&rsquo;entreprise et nous allons faire un lobbying afin qu&rsquo;ils puissent int\u00e9grer les entreprises\u00a0\u00bb<\/i>, a expliqu\u00e9 le Responsable du Cabinet SAGES RH+(Soci\u00e9t\u00e9 Adventice de Gestion des Ressources Humaines et plus), M. Kouam\u00e9 Kouassi Anderson.<\/div>\n<div><\/div>\n<div>Pour participer \u00e0 cette formation, il faut, selon lui, avoir au minimum un BAC + 2 et \u00eatre disponible \u00e0 suivre cette formation dont les frais d&rsquo;inscription s&rsquo;\u00e9l\u00e8vent \u00e0 25 000 FCFA. Derri\u00e8re les 25 000 F, pr\u00e9cise-t-il, il y a un sous-financement.<\/div>\n<div>Ce sont, au total, 10 modules de formation pratique dispens\u00e9s dans tous les domaines des RH par des formateurs sp\u00e9cialistes\u00a0 en GRH et Gestion des projets.<\/div>\n<div><\/div>\n<div><\/div>\n<div>Kouam\u00e9 Kouassi Anderson a, \u00e0 la fin de la remise des certificats et dipl\u00f4mes, souhait\u00e9 bon vent aux laur\u00e9ats et les a exhort\u00e9s \u00e0 \u00ab\u00a0\u00eatre capables de r\u00e9pondre aux attentes des entreprises qui les employeront\u00a0\u00bb, a-t-il dit.<\/div>\n<div><\/div>\n<div>Donnant les perspectives, il a indiqu\u00e9 que la SAGES RH + entend accro\u00eetre sa notori\u00e9t\u00e9 parce qu&rsquo;elle \u00ab\u00a0veut se hisser parmi les meilleurs cabinets de formation en C\u00f4te d&rsquo;Ivoire et en Afrique et continuer \u00e0 former des auditeurs qui seront meilleurs dans notre soci\u00e9t\u00e9\u00a0\u00bb.<\/div>\n<div><\/div>\n<div><\/div>\n<div>Repr\u00e9sentant les r\u00e9cipiendaires, la Premi\u00e8re D\u00e9l\u00e9gu\u00e9e, Mlle ZECRE Laura<\/div>\n<div>\n<div>a exprim\u00e9 sa satisfaction et traduit sa reconnaissance et ses remerciements au Pr\u00e9sident de la structure pour la qualit\u00e9 des cours re\u00e7us. \u00ab\u00a0Cette c\u00e9r\u00e9monie marque la fin de notre formation. Nous repartons avec la participation d&rsquo;\u00eatre mieux \u00e9quip\u00e9s pour affronter les d\u00e9fis de notre m\u00e9tier \u00ab\u00a0, a-t-elle affirm\u00e9.<\/div>\n<div><\/div>\n<div><\/div>\n<div>Cr\u00e9\u00e9 depuis 2020 et agr\u00e9\u00e9 FDFP, le Cabinet SAGES RH+ est sp\u00e9cialis\u00e9 dans les formations en Gestion des Ressources Humaines, Gestion de projets et d\u00e9veloppement du personnel. Il forme \u00e9galement les auditeurs en Comptabilit\u00e9, finance, Secr\u00e9tariat&#8230;et a une vision d&rsquo;insertion du personnel.<\/div>\n<div><\/div>\n<div><\/div>\n<div><\/div>\n<div><b>S.A.\u00a0<\/b><\/div>\n<\/div>\n","protected":false},"excerpt":{"rendered":"<p>La c\u00e9r\u00e9monie de remise de dipl\u00f4me de la 9\u00e8 promotion en Gestion des Ressources Humaines et Gestion de projets s&rsquo;est tenue, le samedi 06 janvier 2023, \u00e0 Abidjan-Cocody.\u00a0 Au cours de cette importante c\u00e9r\u00e9monie, 13 auditeurs, dont 10 \u00e0 Abidjan et 03 venant de l&rsquo;int\u00e9rieur du pays, ont re\u00e7u leurs certificats et tableaux d&rsquo;honneur, \u00e0 [&hellip;]<\/p>\n","protected":false},"author":2,"featured_media":5747,"comment_status":"closed","ping_status":"closed","sticky":false,"template":"","format":"standard","meta":{"_acf_changed":false,"footnotes":""},"categories":[],"tags":[],"class_list":["post-5739","post","type-post","status-publish","format-standard","has-post-thumbnail","hentry"],"acf":[],"yoast_head":"<!-- This site is optimized with the Yoast SEO plugin v27.5 - https:\/\/yoast.com\/product\/yoast-seo-wordpress\/ -->\n<title>Gestion des Ressources Humaines et de Projets : 13 auditeurs re\u00e7oivent leur certificat de fin de formation\u00a0 - Amanien| L&#039;actualit\u00e9 Ivoirienne et Internationale<\/title>\n<meta name=\"robots\" content=\"index, follow, max-snippet:-1, max-image-preview:large, max-video-preview:-1\" \/>\n<link rel=\"canonical\" href=\"https:\/\/www.amanien.info\/news\/gestion-des-ressources-humaines-et-de-projets-13-auditeurs-recoivent-leur-certificat-de-fin-de-formation\/\" \/>\n<meta property=\"og:locale\" content=\"fr_FR\" \/>\n<meta property=\"og:type\" content=\"article\" \/>\n<meta property=\"og:title\" content=\"Gestion des Ressources Humaines et de Projets : 13 auditeurs re\u00e7oivent leur certificat de fin de formation\u00a0 - Amanien| L&#039;actualit\u00e9 Ivoirienne et Internationale\" \/>\n<meta property=\"og:description\" content=\"La c\u00e9r\u00e9monie de remise de dipl\u00f4me de la 9\u00e8 promotion en Gestion des Ressources Humaines et Gestion de projets s&rsquo;est tenue, le samedi 06 janvier 2023, \u00e0 Abidjan-Cocody.\u00a0 Au cours de cette importante c\u00e9r\u00e9monie, 13 auditeurs, dont 10 \u00e0 Abidjan et 03 venant de l&rsquo;int\u00e9rieur du pays, ont re\u00e7u leurs certificats et tableaux d&rsquo;honneur, \u00e0 [&hellip;]\" \/>\n<meta property=\"og:url\" content=\"https:\/\/www.amanien.info\/news\/gestion-des-ressources-humaines-et-de-projets-13-auditeurs-recoivent-leur-certificat-de-fin-de-formation\/\" \/>\n<meta property=\"og:site_name\" content=\"Amanien| L&#039;actualit\u00e9 Ivoirienne et Internationale\" \/>\n<meta property=\"article:published_time\" content=\"2024-01-08T13:21:54+00:00\" \/>\n<meta property=\"og:image\" content=\"https:\/\/www.amanien.info\/news\/wp-content\/uploads\/2024\/01\/IMG-20240108-WA0012-1.jpg\" \/>\n\t<meta property=\"og:image:width\" content=\"1080\" \/>\n\t<meta property=\"og:image:height\" content=\"719\" \/>\n\t<meta property=\"og:image:type\" content=\"image\/jpeg\" \/>\n<meta name=\"author\" content=\"Germain Ndri\" \/>\n<meta name=\"twitter:card\" content=\"summary_large_image\" \/>\n<meta name=\"twitter:label1\" content=\"\u00c9crit par\" \/>\n\t<meta name=\"twitter:data1\" content=\"Germain Ndri\" \/>\n\t<meta name=\"twitter:label2\" content=\"Dur\u00e9e de lecture estim\u00e9e\" \/>\n\t<meta name=\"twitter:data2\" content=\"3 minutes\" \/>\n<script type=\"application\/ld+json\" class=\"yoast-schema-graph\">{\"@context\":\"https:\\\/\\\/schema.org\",\"@graph\":[{\"@type\":\"Article\",\"@id\":\"https:\\\/\\\/www.amanien.info\\\/news\\\/gestion-des-ressources-humaines-et-de-projets-13-auditeurs-recoivent-leur-certificat-de-fin-de-formation\\\/#article\",\"isPartOf\":{\"@id\":\"https:\\\/\\\/www.amanien.info\\\/news\\\/gestion-des-ressources-humaines-et-de-projets-13-auditeurs-recoivent-leur-certificat-de-fin-de-formation\\\/\"},\"author\":{\"name\":\"Germain Ndri\",\"@id\":\"https:\\\/\\\/www.amanien.info\\\/news\\\/#\\\/schema\\\/person\\\/b21093345753a1a98242d505bd894f42\"},\"headline\":\"Gestion des Ressources Humaines et de Projets : 13 auditeurs re\u00e7oivent leur certificat de fin de formation\u00a0\",\"datePublished\":\"2024-01-08T13:21:54+00:00\",\"mainEntityOfPage\":{\"@id\":\"https:\\\/\\\/www.amanien.info\\\/news\\\/gestion-des-ressources-humaines-et-de-projets-13-auditeurs-recoivent-leur-certificat-de-fin-de-formation\\\/\"},\"wordCount\":428,\"image\":{\"@id\":\"https:\\\/\\\/www.amanien.info\\\/news\\\/gestion-des-ressources-humaines-et-de-projets-13-auditeurs-recoivent-leur-certificat-de-fin-de-formation\\\/#primaryimage\"},\"thumbnailUrl\":\"https:\\\/\\\/www.amanien.info\\\/news\\\/wp-content\\\/uploads\\\/2024\\\/01\\\/IMG-20240108-WA0012-1.jpg\",\"inLanguage\":\"fr-FR\"},{\"@type\":\"WebPage\",\"@id\":\"https:\\\/\\\/www.amanien.info\\\/news\\\/gestion-des-ressources-humaines-et-de-projets-13-auditeurs-recoivent-leur-certificat-de-fin-de-formation\\\/\",\"url\":\"https:\\\/\\\/www.amanien.info\\\/news\\\/gestion-des-ressources-humaines-et-de-projets-13-auditeurs-recoivent-leur-certificat-de-fin-de-formation\\\/\",\"name\":\"Gestion des Ressources Humaines et de Projets : 13 auditeurs re\u00e7oivent leur certificat de fin de formation\u00a0 - Amanien| L&#039;actualit\u00e9 Ivoirienne et Internationale\",\"isPartOf\":{\"@id\":\"https:\\\/\\\/www.amanien.info\\\/news\\\/#website\"},\"primaryImageOfPage\":{\"@id\":\"https:\\\/\\\/www.amanien.info\\\/news\\\/gestion-des-ressources-humaines-et-de-projets-13-auditeurs-recoivent-leur-certificat-de-fin-de-formation\\\/#primaryimage\"},\"image\":{\"@id\":\"https:\\\/\\\/www.amanien.info\\\/news\\\/gestion-des-ressources-humaines-et-de-projets-13-auditeurs-recoivent-leur-certificat-de-fin-de-formation\\\/#primaryimage\"},\"thumbnailUrl\":\"https:\\\/\\\/www.amanien.info\\\/news\\\/wp-content\\\/uploads\\\/2024\\\/01\\\/IMG-20240108-WA0012-1.jpg\",\"datePublished\":\"2024-01-08T13:21:54+00:00\",\"author\":{\"@id\":\"https:\\\/\\\/www.amanien.info\\\/news\\\/#\\\/schema\\\/person\\\/b21093345753a1a98242d505bd894f42\"},\"breadcrumb\":{\"@id\":\"https:\\\/\\\/www.amanien.info\\\/news\\\/gestion-des-ressources-humaines-et-de-projets-13-auditeurs-recoivent-leur-certificat-de-fin-de-formation\\\/#breadcrumb\"},\"inLanguage\":\"fr-FR\",\"potentialAction\":[{\"@type\":\"ReadAction\",\"target\":[\"https:\\\/\\\/www.amanien.info\\\/news\\\/gestion-des-ressources-humaines-et-de-projets-13-auditeurs-recoivent-leur-certificat-de-fin-de-formation\\\/\"]}]},{\"@type\":\"ImageObject\",\"inLanguage\":\"fr-FR\",\"@id\":\"https:\\\/\\\/www.amanien.info\\\/news\\\/gestion-des-ressources-humaines-et-de-projets-13-auditeurs-recoivent-leur-certificat-de-fin-de-formation\\\/#primaryimage\",\"url\":\"https:\\\/\\\/www.amanien.info\\\/news\\\/wp-content\\\/uploads\\\/2024\\\/01\\\/IMG-20240108-WA0012-1.jpg\",\"contentUrl\":\"https:\\\/\\\/www.amanien.info\\\/news\\\/wp-content\\\/uploads\\\/2024\\\/01\\\/IMG-20240108-WA0012-1.jpg\",\"width\":1080,\"height\":719},{\"@type\":\"BreadcrumbList\",\"@id\":\"https:\\\/\\\/www.amanien.info\\\/news\\\/gestion-des-ressources-humaines-et-de-projets-13-auditeurs-recoivent-leur-certificat-de-fin-de-formation\\\/#breadcrumb\",\"itemListElement\":[{\"@type\":\"ListItem\",\"position\":1,\"name\":\"Accueil\",\"item\":\"https:\\\/\\\/www.amanien.info\\\/news\\\/\"},{\"@type\":\"ListItem\",\"position\":2,\"name\":\"Gestion des Ressources Humaines et de Projets : 13 auditeurs re\u00e7oivent leur certificat de fin de formation\u00a0\"}]},{\"@type\":\"WebSite\",\"@id\":\"https:\\\/\\\/www.amanien.info\\\/news\\\/#website\",\"url\":\"https:\\\/\\\/www.amanien.info\\\/news\\\/\",\"name\":\"Amanien| L&#039;actualit\u00e9 Ivoirienne et Internationale\",\"description\":\"L&#039;actualit\u00e9 Ivoirienne et Internationale\",\"potentialAction\":[{\"@type\":\"SearchAction\",\"target\":{\"@type\":\"EntryPoint\",\"urlTemplate\":\"https:\\\/\\\/www.amanien.info\\\/news\\\/?s={search_term_string}\"},\"query-input\":{\"@type\":\"PropertyValueSpecification\",\"valueRequired\":true,\"valueName\":\"search_term_string\"}}],\"inLanguage\":\"fr-FR\"},{\"@type\":\"Person\",\"@id\":\"https:\\\/\\\/www.amanien.info\\\/news\\\/#\\\/schema\\\/person\\\/b21093345753a1a98242d505bd894f42\",\"name\":\"Germain Ndri\",\"url\":\"https:\\\/\\\/www.amanien.info\\\/news\\\/author\\\/amanien-infos\\\/\"}]}<\/script>\n<!-- \/ Yoast SEO plugin. -->","yoast_head_json":{"title":"Gestion des Ressources Humaines et de Projets : 13 auditeurs re\u00e7oivent leur certificat de fin de formation\u00a0 - Amanien| L&#039;actualit\u00e9 Ivoirienne et Internationale","robots":{"index":"index","follow":"follow","max-snippet":"max-snippet:-1","max-image-preview":"max-image-preview:large","max-video-preview":"max-video-preview:-1"},"canonical":"https:\/\/www.amanien.info\/news\/gestion-des-ressources-humaines-et-de-projets-13-auditeurs-recoivent-leur-certificat-de-fin-de-formation\/","og_locale":"fr_FR","og_type":"article","og_title":"Gestion des Ressources Humaines et de Projets : 13 auditeurs re\u00e7oivent leur certificat de fin de formation\u00a0 - Amanien| L&#039;actualit\u00e9 Ivoirienne et Internationale","og_description":"La c\u00e9r\u00e9monie de remise de dipl\u00f4me de la 9\u00e8 promotion en Gestion des Ressources Humaines et Gestion de projets s&rsquo;est tenue, le samedi 06 janvier 2023, \u00e0 Abidjan-Cocody.\u00a0 Au cours de cette importante c\u00e9r\u00e9monie, 13 auditeurs, dont 10 \u00e0 Abidjan et 03 venant de l&rsquo;int\u00e9rieur du pays, ont re\u00e7u leurs certificats et tableaux d&rsquo;honneur, \u00e0 [&hellip;]","og_url":"https:\/\/www.amanien.info\/news\/gestion-des-ressources-humaines-et-de-projets-13-auditeurs-recoivent-leur-certificat-de-fin-de-formation\/","og_site_name":"Amanien| L&#039;actualit\u00e9 Ivoirienne et Internationale","article_published_time":"2024-01-08T13:21:54+00:00","og_image":[{"width":1080,"height":719,"url":"https:\/\/www.amanien.info\/news\/wp-content\/uploads\/2024\/01\/IMG-20240108-WA0012-1.jpg","type":"image\/jpeg"}],"author":"Germain Ndri","twitter_card":"summary_large_image","twitter_misc":{"\u00c9crit par":"Germain Ndri","Dur\u00e9e de lecture estim\u00e9e":"3 minutes"},"schema":{"@context":"https:\/\/schema.org","@graph":[{"@type":"Article","@id":"https:\/\/www.amanien.info\/news\/gestion-des-ressources-humaines-et-de-projets-13-auditeurs-recoivent-leur-certificat-de-fin-de-formation\/#article","isPartOf":{"@id":"https:\/\/www.amanien.info\/news\/gestion-des-ressources-humaines-et-de-projets-13-auditeurs-recoivent-leur-certificat-de-fin-de-formation\/"},"author":{"name":"Germain Ndri","@id":"https:\/\/www.amanien.info\/news\/#\/schema\/person\/b21093345753a1a98242d505bd894f42"},"headline":"Gestion des Ressources Humaines et de Projets : 13 auditeurs re\u00e7oivent leur certificat de fin de formation\u00a0","datePublished":"2024-01-08T13:21:54+00:00","mainEntityOfPage":{"@id":"https:\/\/www.amanien.info\/news\/gestion-des-ressources-humaines-et-de-projets-13-auditeurs-recoivent-leur-certificat-de-fin-de-formation\/"},"wordCount":428,"image":{"@id":"https:\/\/www.amanien.info\/news\/gestion-des-ressources-humaines-et-de-projets-13-auditeurs-recoivent-leur-certificat-de-fin-de-formation\/#primaryimage"},"thumbnailUrl":"https:\/\/www.amanien.info\/news\/wp-content\/uploads\/2024\/01\/IMG-20240108-WA0012-1.jpg","inLanguage":"fr-FR"},{"@type":"WebPage","@id":"https:\/\/www.amanien.info\/news\/gestion-des-ressources-humaines-et-de-projets-13-auditeurs-recoivent-leur-certificat-de-fin-de-formation\/","url":"https:\/\/www.amanien.info\/news\/gestion-des-ressources-humaines-et-de-projets-13-auditeurs-recoivent-leur-certificat-de-fin-de-formation\/","name":"Gestion des Ressources Humaines et de Projets : 13 auditeurs re\u00e7oivent leur certificat de fin de formation\u00a0 - Amanien| L&#039;actualit\u00e9 Ivoirienne et Internationale","isPartOf":{"@id":"https:\/\/www.amanien.info\/news\/#website"},"primaryImageOfPage":{"@id":"https:\/\/www.amanien.info\/news\/gestion-des-ressources-humaines-et-de-projets-13-auditeurs-recoivent-leur-certificat-de-fin-de-formation\/#primaryimage"},"image":{"@id":"https:\/\/www.amanien.info\/news\/gestion-des-ressources-humaines-et-de-projets-13-auditeurs-recoivent-leur-certificat-de-fin-de-formation\/#primaryimage"},"thumbnailUrl":"https:\/\/www.amanien.info\/news\/wp-content\/uploads\/2024\/01\/IMG-20240108-WA0012-1.jpg","datePublished":"2024-01-08T13:21:54+00:00","author":{"@id":"https:\/\/www.amanien.info\/news\/#\/schema\/person\/b21093345753a1a98242d505bd894f42"},"breadcrumb":{"@id":"https:\/\/www.amanien.info\/news\/gestion-des-ressources-humaines-et-de-projets-13-auditeurs-recoivent-leur-certificat-de-fin-de-formation\/#breadcrumb"},"inLanguage":"fr-FR","potentialAction":[{"@type":"ReadAction","target":["https:\/\/www.amanien.info\/news\/gestion-des-ressources-humaines-et-de-projets-13-auditeurs-recoivent-leur-certificat-de-fin-de-formation\/"]}]},{"@type":"ImageObject","inLanguage":"fr-FR","@id":"https:\/\/www.amanien.info\/news\/gestion-des-ressources-humaines-et-de-projets-13-auditeurs-recoivent-leur-certificat-de-fin-de-formation\/#primaryimage","url":"https:\/\/www.amanien.info\/news\/wp-content\/uploads\/2024\/01\/IMG-20240108-WA0012-1.jpg","contentUrl":"https:\/\/www.amanien.info\/news\/wp-content\/uploads\/2024\/01\/IMG-20240108-WA0012-1.jpg","width":1080,"height":719},{"@type":"BreadcrumbList","@id":"https:\/\/www.amanien.info\/news\/gestion-des-ressources-humaines-et-de-projets-13-auditeurs-recoivent-leur-certificat-de-fin-de-formation\/#breadcrumb","itemListElement":[{"@type":"ListItem","position":1,"name":"Accueil","item":"https:\/\/www.amanien.info\/news\/"},{"@type":"ListItem","position":2,"name":"Gestion des Ressources Humaines et de Projets : 13 auditeurs re\u00e7oivent leur certificat de fin de formation\u00a0"}]},{"@type":"WebSite","@id":"https:\/\/www.amanien.info\/news\/#website","url":"https:\/\/www.amanien.info\/news\/","name":"Amanien| L&#039;actualit\u00e9 Ivoirienne et Internationale","description":"L&#039;actualit\u00e9 Ivoirienne et Internationale","potentialAction":[{"@type":"SearchAction","target":{"@type":"EntryPoint","urlTemplate":"https:\/\/www.amanien.info\/news\/?s={search_term_string}"},"query-input":{"@type":"PropertyValueSpecification","valueRequired":true,"valueName":"search_term_string"}}],"inLanguage":"fr-FR"},{"@type":"Person","@id":"https:\/\/www.amanien.info\/news\/#\/schema\/person\/b21093345753a1a98242d505bd894f42","name":"Germain Ndri","url":"https:\/\/www.amanien.info\/news\/author\/amanien-infos\/"}]}},"_links":{"self":[{"href":"https:\/\/www.amanien.info\/news\/wp-json\/wp\/v2\/posts\/5739","targetHints":{"allow":["GET"]}}],"collection":[{"href":"https:\/\/www.amanien.info\/news\/wp-json\/wp\/v2\/posts"}],"about":[{"href":"https:\/\/www.amanien.info\/news\/wp-json\/wp\/v2\/types\/post"}],"author":[{"embeddable":true,"href":"https:\/\/www.amanien.info\/news\/wp-json\/wp\/v2\/users\/2"}],"replies":[{"embeddable":true,"href":"https:\/\/www.amanien.info\/news\/wp-json\/wp\/v2\/comments?post=5739"}],"version-history":[{"count":1,"href":"https:\/\/www.amanien.info\/news\/wp-json\/wp\/v2\/posts\/5739\/revisions"}],"predecessor-version":[{"id":5748,"href":"https:\/\/www.amanien.info\/news\/wp-json\/wp\/v2\/posts\/5739\/revisions\/5748"}],"wp:featuredmedia":[{"embeddable":true,"href":"https:\/\/www.amanien.info\/news\/wp-json\/wp\/v2\/media\/5747"}],"wp:attachment":[{"href":"https:\/\/www.amanien.info\/news\/wp-json\/wp\/v2\/media?parent=5739"}],"wp:term":[{"taxonomy":"category","embeddable":true,"href":"https:\/\/www.amanien.info\/news\/wp-json\/wp\/v2\/categories?post=5739"},{"taxonomy":"post_tag","embeddable":true,"href":"https:\/\/www.amanien.info\/news\/wp-json\/wp\/v2\/tags?post=5739"}],"curies":[{"name":"wp","href":"https:\/\/api.w.org\/{rel}","templated":true}]}}